{"id":124939,"date":"2026-03-16T16:00:52","date_gmt":"2026-03-16T19:00:52","guid":{"rendered":"https:\/\/www.apucarana.pr.gov.br\/site\/?p=124939"},"modified":"2026-03-16T16:00:52","modified_gmt":"2026-03-16T19:00:52","slug":"rede-municipal-de-apucarana-concentra-quase-todos-os-medalhistas-do-parana-no-nivel-1-da-olimpiada-de-educacao-financeira","status":"publish","type":"post","link":"http:\/\/www.apucarana.pr.gov.br\/site\/rede-municipal-de-apucarana-concentra-quase-todos-os-medalhistas-do-parana-no-nivel-1-da-olimpiada-de-educacao-financeira\/","title":{"rendered":"Rede municipal de Apucarana concentra quase todos os medalhistas do Paran\u00e1 no N\u00edvel 1 da Olimp\u00edada de Educa\u00e7\u00e3o Financeira"},"content":{"rendered":"\n\t\t<!-- MasterSlider -->\n\t\t<div id=\"P_MS69f44a5a41946\" class=\"master-slider-parent master-slider-gallery   ms-parent-id-0\" style=\"\" >\n\n\t\t\t\n\t\t\t<!-- MasterSlider Main -->\n\t\t\t<div id=\"MS69f44a5a41946\" class=\"master-slider ms-skin-default\" >\n\t\t\t\t \t\t\t\t \n\t\t\t<div  class=\"ms-slide\" data-delay=\"3\"    >\n\t\t\t\t\t<img decoding=\"async\" src=\"http:\/\/www.apucarana.pr.gov.br\/site\/wp-content\/plugins\/masterslider\/public\/assets\/css\/blank.gif\" alt=\"2026-03-13_medalhas_ame_utfpr017\" title=\"2026-03-13_medalhas_ame_utfpr017\" data-src=\"http:\/\/www.apucarana.pr.gov.br\/site\/wp-content\/uploads\/2026\/03\/2026-03-13_medalhas_ame_utfpr017-1-scaled-e1773687485559-1024x722.jpg\" \/>\n\t<a href=\"http:\/\/www.apucarana.pr.gov.br\/site\/wp-content\/uploads\/2026\/03\/2026-03-13_medalhas_ame_utfpr017-1-scaled-e1773687485559-1024x722.jpg\" target=\"_self\"    >2026-03-13_medalhas_ame_utfpr017<\/a>\n\n\n\t<img decoding=\"async\" class=\"ms-thumb\" src=\"http:\/\/www.apucarana.pr.gov.br\/site\/wp-content\/uploads\/2026\/03\/2026-03-13_medalhas_ame_utfpr017-1-scaled-e1773687485559-1024x722-140x80.jpg\" alt=\"2026-03-13_medalhas_ame_utfpr017\" \/>\n\t\t\t\t<\/div>\n\t\t\t<div  class=\"ms-slide\" data-delay=\"3\"    >\n\t\t\t\t\t<img decoding=\"async\" src=\"http:\/\/www.apucarana.pr.gov.br\/site\/wp-content\/plugins\/masterslider\/public\/assets\/css\/blank.gif\" alt=\"2026-03-13_medalhas_ame_utfpr018\" title=\"2026-03-13_medalhas_ame_utfpr018\" data-src=\"http:\/\/www.apucarana.pr.gov.br\/site\/wp-content\/uploads\/2026\/03\/2026-03-13_medalhas_ame_utfpr018-1-scaled-e1773687515473-1024x765.jpg\" \/>\n\t<a href=\"http:\/\/www.apucarana.pr.gov.br\/site\/wp-content\/uploads\/2026\/03\/2026-03-13_medalhas_ame_utfpr018-1-scaled-e1773687515473-1024x765.jpg\" target=\"_self\"    >2026-03-13_medalhas_ame_utfpr018<\/a>\n\n\n\t<img decoding=\"async\" class=\"ms-thumb\" src=\"http:\/\/www.apucarana.pr.gov.br\/site\/wp-content\/uploads\/2026\/03\/2026-03-13_medalhas_ame_utfpr018-1-scaled-e1773687515473-1024x765-140x80.jpg\" alt=\"2026-03-13_medalhas_ame_utfpr018\" \/>\n\t\t\t\t<\/div>\n\t\t\t<div  class=\"ms-slide\" data-delay=\"3\"    >\n\t\t\t\t\t<img decoding=\"async\" src=\"http:\/\/www.apucarana.pr.gov.br\/site\/wp-content\/plugins\/masterslider\/public\/assets\/css\/blank.gif\" alt=\"2026-03-13_medalhas_ame_utfpr019\" title=\"2026-03-13_medalhas_ame_utfpr019\" data-src=\"http:\/\/www.apucarana.pr.gov.br\/site\/wp-content\/uploads\/2026\/03\/2026-03-13_medalhas_ame_utfpr019-1-scaled-e1773687542287-1024x619.jpg\" \/>\n\t<a href=\"http:\/\/www.apucarana.pr.gov.br\/site\/wp-content\/uploads\/2026\/03\/2026-03-13_medalhas_ame_utfpr019-1-scaled-e1773687542287-1024x619.jpg\" target=\"_self\"    >2026-03-13_medalhas_ame_utfpr019<\/a>\n\n\n\t<img decoding=\"async\" class=\"ms-thumb\" src=\"http:\/\/www.apucarana.pr.gov.br\/site\/wp-content\/uploads\/2026\/03\/2026-03-13_medalhas_ame_utfpr019-1-scaled-e1773687542287-1024x619-140x80.jpg\" alt=\"2026-03-13_medalhas_ame_utfpr019\" \/>\n\t\t\t\t<\/div>\n\t\t\t<div  class=\"ms-slide\" data-delay=\"3\"    >\n\t\t\t\t\t<img decoding=\"async\" src=\"http:\/\/www.apucarana.pr.gov.br\/site\/wp-content\/plugins\/masterslider\/public\/assets\/css\/blank.gif\" alt=\"2026-03-13_medalhas_ame_utfpr020\" title=\"2026-03-13_medalhas_ame_utfpr020\" data-src=\"http:\/\/www.apucarana.pr.gov.br\/site\/wp-content\/uploads\/2026\/03\/2026-03-13_medalhas_ame_utfpr020-1-scaled-e1773687563926-1024x642.jpg\" \/>\n\t<a href=\"http:\/\/www.apucarana.pr.gov.br\/site\/wp-content\/uploads\/2026\/03\/2026-03-13_medalhas_ame_utfpr020-1-scaled-e1773687563926-1024x642.jpg\" target=\"_self\"    >2026-03-13_medalhas_ame_utfpr020<\/a>\n\n\n\t<img decoding=\"async\" class=\"ms-thumb\" src=\"http:\/\/www.apucarana.pr.gov.br\/site\/wp-content\/uploads\/2026\/03\/2026-03-13_medalhas_ame_utfpr020-1-scaled-e1773687563926-1024x642-140x80.jpg\" alt=\"2026-03-13_medalhas_ame_utfpr020\" \/>\n\t\t\t\t<\/div>\n\t\t\t<div  class=\"ms-slide\" data-delay=\"3\"    >\n\t\t\t\t\t<img decoding=\"async\" src=\"http:\/\/www.apucarana.pr.gov.br\/site\/wp-content\/plugins\/masterslider\/public\/assets\/css\/blank.gif\" alt=\"2026-03-13_medalhas_ame_utfpr021\" title=\"2026-03-13_medalhas_ame_utfpr021\" data-src=\"http:\/\/www.apucarana.pr.gov.br\/site\/wp-content\/uploads\/2026\/03\/2026-03-13_medalhas_ame_utfpr021-1-scaled-e1773687590572-1024x776.jpg\" \/>\n\t<a href=\"http:\/\/www.apucarana.pr.gov.br\/site\/wp-content\/uploads\/2026\/03\/2026-03-13_medalhas_ame_utfpr021-1-scaled-e1773687590572-1024x776.jpg\" target=\"_self\"    >2026-03-13_medalhas_ame_utfpr021<\/a>\n\n\n\t<img decoding=\"async\" class=\"ms-thumb\" src=\"http:\/\/www.apucarana.pr.gov.br\/site\/wp-content\/uploads\/2026\/03\/2026-03-13_medalhas_ame_utfpr021-1-scaled-e1773687590572-1024x776-140x80.jpg\" alt=\"2026-03-13_medalhas_ame_utfpr021\" \/>\n\t\t\t\t<\/div>\n\n\t\t\t<\/div>\n\t\t\t<!-- END MasterSlider Main -->\n\n\t\t\t \n\t\t<\/div>\n\t\t<!-- END MasterSlider -->\n\n\t\t<script>\n\t\t( window.MSReady = window.MSReady || [] ).push( function( $ ) {\n\n\t\t\t\"use strict\";\n\t\t\tvar masterslider_1946 = new MasterSlider();\n\n\t\t\t\/\/ slider controls\n\t\t\tmasterslider_1946.control('arrows'     ,{ autohide:true, overVideo:true  });\n\t\t\tmasterslider_1946.control('thumblist'  ,{ autohide:false, overVideo:true, dir:'h', speed:17, inset:false, arrows:false, hover:false, customClass:'', align:'bottom',type:'thumbs', margin:2, width:140, height:80, space:2, fillMode:'fill'  });\n\t\t\t\/\/ slider setup\n\t\t\tmasterslider_1946.setup(\"MS69f44a5a41946\", {\n\t\t\t\twidth           : 960,\n\t\t\t\theight          : 540,\n\t\t\t\tminHeight       : 0,\n\t\t\t\tspace           : 0,\n\t\t\t\tstart           : 1,\n\t\t\t\tgrabCursor      : true,\n\t\t\t\tswipe           : true,\n\t\t\t\tmouse           : true,\n\t\t\t\tkeyboard        : false,\n\t\t\t\tlayout          : \"fillwidth\",\n\t\t\t\twheel           : false,\n\t\t\t\tautoplay        : true,\n                instantStartLayers:false,\n\t\t\t\tmobileBGVideo:false,\n\t\t\t\tloop            : true,\n\t\t\t\tshuffle         : false,\n\t\t\t\tpreload         : 3,\n\t\t\t\theightLimit     : false,\n\t\t\t\tautoHeight      : false,\n\t\t\t\tsmoothHeight    : true,\n\t\t\t\tendPause        : false,\n\t\t\t\toverPause       : false,\n\t\t\t\tfillMode        : \"fill\",\n\t\t\t\tcenterControls  : true,\n\t\t\t\tstartOnAppear   : false,\n\t\t\t\tlayersMode      : \"center\",\n\t\t\t\tautofillTarget  : \"\",\n\t\t\t\thideLayers      : false,\n\t\t\t\tfullscreenMargin: 0,\n\t\t\t\tspeed           : 17,\n\t\t\t\tdir             : \"h\",\n\t\t\t\tresponsive      : true,\n\t\t\t\ttabletWidth     : 768,\n\t\t\t\ttabletHeight    : null,\n\t\t\t\tphoneWidth      : 480,\n\t\t\t\tphoneHeight    : null,\n\t\t\t\tsizingReference : window,\n\t\t\t\tparallaxMode    : 'swipe',\n\t\t\t\tview            : \"basic\"\n\t\t\t});\n\n\t\t\t\n\t\t\twindow.masterslider_instances = window.masterslider_instances || [];\n\t\t\twindow.masterslider_instances.push( masterslider_1946 );\n\t\t});\n\t\t<\/script>\n\n\n<p>A rede municipal de ensino de Apucarana foi destaque estadual na Olimp\u00edada Brasileira de Educa\u00e7\u00e3o Financeira (OBEF) 2025. Dos 57 estudantes medalhistas do Paran\u00e1 no N\u00edvel 1 da competi\u00e7\u00e3o, 56 s\u00e3o alunos das escolas municipais de Apucarana, resultado que evidencia o trabalho desenvolvido pela rede de ensino do munic\u00edpio.<\/p>\n<p>A premia\u00e7\u00e3o integrou a programa\u00e7\u00e3o da OBEF 2025 e reuniu estudantes premiados na Universidade Tecnol\u00f3gica Federal do Paran\u00e1 (UTFPR), campus Apucarana. Ao todo, 179 alunos da rede municipal receberam medalhas na competi\u00e7\u00e3o nacional, envolvendo estudantes de 20 escolas municipais.<\/p>\n<p>O prefeito Rodolfo Mota destacou que o desempenho demonstra a qualidade do ensino oferecido nas escolas municipais e o comprometimento dos profissionais da educa\u00e7\u00e3o. \u201cEsse resultado mostra que estamos no caminho certo ao investir em educa\u00e7\u00e3o de qualidade. Quando ensinamos nossas crian\u00e7as a lidar com planejamento e consumo consciente, estamos ajudando a formar pessoas mais respons\u00e1veis e preparadas para a vida\u201d, afirmou.<\/p>\n<p>Promovida pela Universidade Federal da Para\u00edba (UFPB), a Olimp\u00edada Brasileira de Educa\u00e7\u00e3o Financeira tem como objetivo estimular o aprendizado sobre planejamento financeiro, consumo consciente e organiza\u00e7\u00e3o das finan\u00e7as pessoais desde os primeiros anos escolares. Em 2025, a competi\u00e7\u00e3o reuniu mais de 51 mil estudantes em todo o pa\u00eds, distribu\u00eddos em cinco n\u00edveis.<\/p>\n<p>A secret\u00e1ria municipal de Educa\u00e7\u00e3o, Ana Paula do Carmo Donato, ressaltou que o desempenho refor\u00e7a a import\u00e2ncia de incentivar a participa\u00e7\u00e3o dos estudantes em olimp\u00edadas educacionais. \u201cEssas competi\u00e7\u00f5es ampliam o aprendizado e estimulam o desenvolvimento de habilidades importantes, como racioc\u00ednio, planejamento e tomada de decis\u00f5es. O resultado alcan\u00e7ado pelos nossos alunos mostra o comprometimento das equipes pedag\u00f3gicas e o empenho dos estudantes\u201d, afirmou.<\/p>\n","protected":false},"excerpt":{"rendered":"<p>A rede municipal de ensino de Apucarana foi destaque estadual na Olimp&iacute;ada Brasileira de Educa&ccedil;&atilde;o Financeira (OBEF) 2025. Dos 57 estudantes medalhistas do Paran&aacute; no N&iacute;vel 1 da competi&ccedil;&atilde;o, 56 s&atilde;o alunos das escolas municipais de Apucarana, resultado que evidencia o trabalho desenvolvido pela rede de ensino do munic&iacute;pio. A premia&ccedil;&atilde;o integrou a programa&ccedil;&atilde;o da [&hellip;]<\/p>\n","protected":false},"author":8,"featured_media":124945,"comment_status":"closed","ping_status":"closed","sticky":false,"template":"","format":"standard","meta":{"footnotes":""},"categories":[24],"tags":[],"class_list":["post-124939","post","type-post","status-publish","format-standard","has-post-thumbnail","hentry","category-noticias"],"acf":[],"_links":{"self":[{"href":"http:\/\/www.apucarana.pr.gov.br\/site\/wp-json\/wp\/v2\/posts\/124939","targetHints":{"allow":["GET"]}}],"collection":[{"href":"http:\/\/www.apucarana.pr.gov.br\/site\/wp-json\/wp\/v2\/posts"}],"about":[{"href":"http:\/\/www.apucarana.pr.gov.br\/site\/wp-json\/wp\/v2\/types\/post"}],"author":[{"embeddable":true,"href":"http:\/\/www.apucarana.pr.gov.br\/site\/wp-json\/wp\/v2\/users\/8"}],"replies":[{"embeddable":true,"href":"http:\/\/www.apucarana.pr.gov.br\/site\/wp-json\/wp\/v2\/comments?post=124939"}],"version-history":[{"count":1,"href":"http:\/\/www.apucarana.pr.gov.br\/site\/wp-json\/wp\/v2\/posts\/124939\/revisions"}],"predecessor-version":[{"id":124946,"href":"http:\/\/www.apucarana.pr.gov.br\/site\/wp-json\/wp\/v2\/posts\/124939\/revisions\/124946"}],"wp:featuredmedia":[{"embeddable":true,"href":"http:\/\/www.apucarana.pr.gov.br\/site\/wp-json\/wp\/v2\/media\/124945"}],"wp:attachment":[{"href":"http:\/\/www.apucarana.pr.gov.br\/site\/wp-json\/wp\/v2\/media?parent=124939"}],"wp:term":[{"taxonomy":"category","embeddable":true,"href":"http:\/\/www.apucarana.pr.gov.br\/site\/wp-json\/wp\/v2\/categories?post=124939"},{"taxonomy":"post_tag","embeddable":true,"href":"http:\/\/www.apucarana.pr.gov.br\/site\/wp-json\/wp\/v2\/tags?post=124939"}],"curies":[{"name":"wp","href":"https:\/\/api.w.org\/{rel}","templated":true}]}}