{"id":124923,"date":"2026-03-16T12:37:25","date_gmt":"2026-03-16T15:37:25","guid":{"rendered":"https:\/\/www.apucarana.pr.gov.br\/site\/?p=124923"},"modified":"2026-03-16T12:37:25","modified_gmt":"2026-03-16T15:37:25","slug":"caminhada-rural-do-bilote-reune-mais-de-mil-participantes-e-valoriza-potencial-turistico-de-apucarana","status":"publish","type":"post","link":"http:\/\/www.apucarana.pr.gov.br\/site\/caminhada-rural-do-bilote-reune-mais-de-mil-participantes-e-valoriza-potencial-turistico-de-apucarana\/","title":{"rendered":"Caminhada Rural do Bilote re\u00fane mais de mil participantes e valoriza potencial tur\u00edstico de Apucarana"},"content":{"rendered":"\n\t\t<!-- MasterSlider -->\n\t\t<div id=\"P_MS69f4385c32de0\" class=\"master-slider-parent master-slider-gallery   ms-parent-id-0\" style=\"\" >\n\n\t\t\t\n\t\t\t<!-- MasterSlider Main -->\n\t\t\t<div id=\"MS69f4385c32de0\" class=\"master-slider ms-skin-default\" >\n\t\t\t\t \t\t\t\t \n\t\t\t<div  class=\"ms-slide\" data-delay=\"3\"    >\n\t\t\t\t\t<img decoding=\"async\" src=\"http:\/\/www.apucarana.pr.gov.br\/site\/wp-content\/plugins\/masterslider\/public\/assets\/css\/blank.gif\" alt=\"2026-03-15_caminhada-da-natureza002\" title=\"2026-03-15_caminhada-da-natureza002\" data-src=\"http:\/\/www.apucarana.pr.gov.br\/site\/wp-content\/uploads\/2026\/03\/2026-03-15_caminhada-da-natureza002-1024x768.jpg\" \/>\n\t<a href=\"http:\/\/www.apucarana.pr.gov.br\/site\/wp-content\/uploads\/2026\/03\/2026-03-15_caminhada-da-natureza002-1024x768.jpg\" target=\"_self\"    >2026-03-15_caminhada-da-natureza002<\/a>\n\n\n\t<img decoding=\"async\" class=\"ms-thumb\" src=\"http:\/\/www.apucarana.pr.gov.br\/site\/wp-content\/uploads\/2026\/03\/2026-03-15_caminhada-da-natureza002-1024x768-140x80.jpg\" alt=\"2026-03-15_caminhada-da-natureza002\" \/>\n\t\t\t\t<\/div>\n\t\t\t<div  class=\"ms-slide\" data-delay=\"3\"    >\n\t\t\t\t\t<img decoding=\"async\" src=\"http:\/\/www.apucarana.pr.gov.br\/site\/wp-content\/plugins\/masterslider\/public\/assets\/css\/blank.gif\" alt=\"2026-03-15_caminhada-da-natureza005\" title=\"2026-03-15_caminhada-da-natureza005\" data-src=\"http:\/\/www.apucarana.pr.gov.br\/site\/wp-content\/uploads\/2026\/03\/2026-03-15_caminhada-da-natureza005-1024x768.jpg\" \/>\n\t<a href=\"http:\/\/www.apucarana.pr.gov.br\/site\/wp-content\/uploads\/2026\/03\/2026-03-15_caminhada-da-natureza005-1024x768.jpg\" target=\"_self\"    >2026-03-15_caminhada-da-natureza005<\/a>\n\n\n\t<img decoding=\"async\" class=\"ms-thumb\" src=\"http:\/\/www.apucarana.pr.gov.br\/site\/wp-content\/uploads\/2026\/03\/2026-03-15_caminhada-da-natureza005-1024x768-140x80.jpg\" alt=\"2026-03-15_caminhada-da-natureza005\" \/>\n\t\t\t\t<\/div>\n\t\t\t<div  class=\"ms-slide\" data-delay=\"3\"    >\n\t\t\t\t\t<img decoding=\"async\" src=\"http:\/\/www.apucarana.pr.gov.br\/site\/wp-content\/plugins\/masterslider\/public\/assets\/css\/blank.gif\" alt=\"2026-03-15_caminhada-da-natureza006\" title=\"2026-03-15_caminhada-da-natureza006\" data-src=\"http:\/\/www.apucarana.pr.gov.br\/site\/wp-content\/uploads\/2026\/03\/2026-03-15_caminhada-da-natureza006-1024x768.jpg\" \/>\n\t<a href=\"http:\/\/www.apucarana.pr.gov.br\/site\/wp-content\/uploads\/2026\/03\/2026-03-15_caminhada-da-natureza006-1024x768.jpg\" target=\"_self\"    >2026-03-15_caminhada-da-natureza006<\/a>\n\n\n\t<img decoding=\"async\" class=\"ms-thumb\" src=\"http:\/\/www.apucarana.pr.gov.br\/site\/wp-content\/uploads\/2026\/03\/2026-03-15_caminhada-da-natureza006-1024x768-140x80.jpg\" alt=\"2026-03-15_caminhada-da-natureza006\" \/>\n\t\t\t\t<\/div>\n\t\t\t<div  class=\"ms-slide\" data-delay=\"3\"    >\n\t\t\t\t\t<img decoding=\"async\" src=\"http:\/\/www.apucarana.pr.gov.br\/site\/wp-content\/plugins\/masterslider\/public\/assets\/css\/blank.gif\" alt=\"2026-03-15_caminhada-da-natureza008\" title=\"2026-03-15_caminhada-da-natureza008\" data-src=\"http:\/\/www.apucarana.pr.gov.br\/site\/wp-content\/uploads\/2026\/03\/2026-03-15_caminhada-da-natureza008-1024x768.jpg\" \/>\n\t<a href=\"http:\/\/www.apucarana.pr.gov.br\/site\/wp-content\/uploads\/2026\/03\/2026-03-15_caminhada-da-natureza008-1024x768.jpg\" target=\"_self\"    >2026-03-15_caminhada-da-natureza008<\/a>\n\n\n\t<img decoding=\"async\" class=\"ms-thumb\" src=\"http:\/\/www.apucarana.pr.gov.br\/site\/wp-content\/uploads\/2026\/03\/2026-03-15_caminhada-da-natureza008-1024x768-140x80.jpg\" alt=\"2026-03-15_caminhada-da-natureza008\" \/>\n\t\t\t\t<\/div>\n\t\t\t<div  class=\"ms-slide\" data-delay=\"3\"    >\n\t\t\t\t\t<img decoding=\"async\" src=\"http:\/\/www.apucarana.pr.gov.br\/site\/wp-content\/plugins\/masterslider\/public\/assets\/css\/blank.gif\" alt=\"2026-03-15_caminhada-da-natureza014\" title=\"2026-03-15_caminhada-da-natureza014\" data-src=\"http:\/\/www.apucarana.pr.gov.br\/site\/wp-content\/uploads\/2026\/03\/2026-03-15_caminhada-da-natureza014-1024x768.jpg\" \/>\n\t<a href=\"http:\/\/www.apucarana.pr.gov.br\/site\/wp-content\/uploads\/2026\/03\/2026-03-15_caminhada-da-natureza014-1024x768.jpg\" target=\"_self\"    >2026-03-15_caminhada-da-natureza014<\/a>\n\n\n\t<img decoding=\"async\" class=\"ms-thumb\" src=\"http:\/\/www.apucarana.pr.gov.br\/site\/wp-content\/uploads\/2026\/03\/2026-03-15_caminhada-da-natureza014-1024x768-140x80.jpg\" alt=\"2026-03-15_caminhada-da-natureza014\" \/>\n\t\t\t\t<\/div>\n\t\t\t<div  class=\"ms-slide\" data-delay=\"3\"    >\n\t\t\t\t\t<img decoding=\"async\" src=\"http:\/\/www.apucarana.pr.gov.br\/site\/wp-content\/plugins\/masterslider\/public\/assets\/css\/blank.gif\" alt=\"2026-03-15_caminhada-da-natureza016\" title=\"2026-03-15_caminhada-da-natureza016\" data-src=\"http:\/\/www.apucarana.pr.gov.br\/site\/wp-content\/uploads\/2026\/03\/2026-03-15_caminhada-da-natureza016-1024x768.jpg\" \/>\n\t<a href=\"http:\/\/www.apucarana.pr.gov.br\/site\/wp-content\/uploads\/2026\/03\/2026-03-15_caminhada-da-natureza016-1024x768.jpg\" target=\"_self\"    >2026-03-15_caminhada-da-natureza016<\/a>\n\n\n\t<img decoding=\"async\" class=\"ms-thumb\" src=\"http:\/\/www.apucarana.pr.gov.br\/site\/wp-content\/uploads\/2026\/03\/2026-03-15_caminhada-da-natureza016-1024x768-140x80.jpg\" alt=\"2026-03-15_caminhada-da-natureza016\" \/>\n\t\t\t\t<\/div>\n\t\t\t<div  class=\"ms-slide\" data-delay=\"3\"    >\n\t\t\t\t\t<img decoding=\"async\" src=\"http:\/\/www.apucarana.pr.gov.br\/site\/wp-content\/plugins\/masterslider\/public\/assets\/css\/blank.gif\" alt=\"2026-03-15_caminhada-da-natureza018\" title=\"2026-03-15_caminhada-da-natureza018\" data-src=\"http:\/\/www.apucarana.pr.gov.br\/site\/wp-content\/uploads\/2026\/03\/2026-03-15_caminhada-da-natureza018-1024x768.jpg\" \/>\n\t<a href=\"http:\/\/www.apucarana.pr.gov.br\/site\/wp-content\/uploads\/2026\/03\/2026-03-15_caminhada-da-natureza018-1024x768.jpg\" target=\"_self\"    >2026-03-15_caminhada-da-natureza018<\/a>\n\n\n\t<img decoding=\"async\" class=\"ms-thumb\" src=\"http:\/\/www.apucarana.pr.gov.br\/site\/wp-content\/uploads\/2026\/03\/2026-03-15_caminhada-da-natureza018-1024x768-140x80.jpg\" alt=\"2026-03-15_caminhada-da-natureza018\" \/>\n\t\t\t\t<\/div>\n\t\t\t<div  class=\"ms-slide\" data-delay=\"3\"    >\n\t\t\t\t\t<img decoding=\"async\" src=\"http:\/\/www.apucarana.pr.gov.br\/site\/wp-content\/plugins\/masterslider\/public\/assets\/css\/blank.gif\" alt=\"2026-03-15_caminhada-da-natureza019\" title=\"2026-03-15_caminhada-da-natureza019\" data-src=\"http:\/\/www.apucarana.pr.gov.br\/site\/wp-content\/uploads\/2026\/03\/2026-03-15_caminhada-da-natureza019-1024x768.jpg\" \/>\n\t<a href=\"http:\/\/www.apucarana.pr.gov.br\/site\/wp-content\/uploads\/2026\/03\/2026-03-15_caminhada-da-natureza019-1024x768.jpg\" target=\"_self\"    >2026-03-15_caminhada-da-natureza019<\/a>\n\n\n\t<img decoding=\"async\" class=\"ms-thumb\" src=\"http:\/\/www.apucarana.pr.gov.br\/site\/wp-content\/uploads\/2026\/03\/2026-03-15_caminhada-da-natureza019-1024x768-140x80.jpg\" alt=\"2026-03-15_caminhada-da-natureza019\" \/>\n\t\t\t\t<\/div>\n\n\t\t\t<\/div>\n\t\t\t<!-- END MasterSlider Main -->\n\n\t\t\t \n\t\t<\/div>\n\t\t<!-- END MasterSlider -->\n\n\t\t<script>\n\t\t( window.MSReady = window.MSReady || [] ).push( function( $ ) {\n\n\t\t\t\"use strict\";\n\t\t\tvar masterslider_2de0 = new MasterSlider();\n\n\t\t\t\/\/ slider controls\n\t\t\tmasterslider_2de0.control('arrows'     ,{ autohide:true, overVideo:true  });\n\t\t\tmasterslider_2de0.control('thumblist'  ,{ autohide:false, overVideo:true, dir:'h', speed:17, inset:false, arrows:false, hover:false, customClass:'', align:'bottom',type:'thumbs', margin:2, width:140, height:80, space:2, fillMode:'fill'  });\n\t\t\t\/\/ slider setup\n\t\t\tmasterslider_2de0.setup(\"MS69f4385c32de0\", {\n\t\t\t\twidth           : 960,\n\t\t\t\theight          : 540,\n\t\t\t\tminHeight       : 0,\n\t\t\t\tspace           : 0,\n\t\t\t\tstart           : 1,\n\t\t\t\tgrabCursor      : true,\n\t\t\t\tswipe           : true,\n\t\t\t\tmouse           : true,\n\t\t\t\tkeyboard        : false,\n\t\t\t\tlayout          : \"fillwidth\",\n\t\t\t\twheel           : false,\n\t\t\t\tautoplay        : true,\n                instantStartLayers:false,\n\t\t\t\tmobileBGVideo:false,\n\t\t\t\tloop            : true,\n\t\t\t\tshuffle         : false,\n\t\t\t\tpreload         : 3,\n\t\t\t\theightLimit     : false,\n\t\t\t\tautoHeight      : false,\n\t\t\t\tsmoothHeight    : true,\n\t\t\t\tendPause        : false,\n\t\t\t\toverPause       : false,\n\t\t\t\tfillMode        : \"fill\",\n\t\t\t\tcenterControls  : true,\n\t\t\t\tstartOnAppear   : false,\n\t\t\t\tlayersMode      : \"center\",\n\t\t\t\tautofillTarget  : \"\",\n\t\t\t\thideLayers      : false,\n\t\t\t\tfullscreenMargin: 0,\n\t\t\t\tspeed           : 17,\n\t\t\t\tdir             : \"h\",\n\t\t\t\tresponsive      : true,\n\t\t\t\ttabletWidth     : 768,\n\t\t\t\ttabletHeight    : null,\n\t\t\t\tphoneWidth      : 480,\n\t\t\t\tphoneHeight    : null,\n\t\t\t\tsizingReference : window,\n\t\t\t\tparallaxMode    : 'swipe',\n\t\t\t\tview            : \"basic\"\n\t\t\t});\n\n\t\t\t\n\t\t\twindow.masterslider_instances = window.masterslider_instances || [];\n\t\t\twindow.masterslider_instances.push( masterslider_2de0 );\n\t\t});\n\t\t<\/script>\n\n\n<p>A Prefeitura de Apucarana, por meio da Secretaria Municipal de Cultura e Turismo, realizou neste domingo (15\/03) a primeira edi\u00e7\u00e3o de 2026 da Caminhada na Natureza, com destino \u00e0 Comunidade Rural do Bilote. A atividade reuniu mais de mil participantes, entre moradores da cidade e visitantes de diversos munic\u00edpios da regi\u00e3o.<\/p>\n<p>A sa\u00edda aconteceu \u00e0s 8 horas, na Est\u00e2ncia Kussmaul. Os caminhantes percorreram um trajeto circular de aproximadamente 14 quil\u00f4metros, retornando ao ponto de partida ap\u00f3s o percurso por estradas e paisagens naturais da zona rural de Apucarana.<\/p>\n<p>Antes da largada, os participantes puderam aproveitar um caf\u00e9 da manh\u00e3 nas barracas instaladas no local, com sandu\u00edches naturais, lanches, past\u00e9is, sucos e caldo de cana. O prefeito Rodolfo Mota, que tamb\u00e9m participou do caf\u00e9 da manh\u00e3, destacou a import\u00e2ncia da atividade para valorizar o interior do munic\u00edpio. \u201cEventos como a Caminhada na Natureza ajudam a divulgar nossas paisagens, movimentar a economia rural e aproximar as pessoas das comunidades do interior. \u00c9 uma forma de valorizar o que Apucarana tem de melhor\u201d, afirmou.<\/p>\n<p>O superintendente municipal de Cultura e Turismo, Rodrigo Almeida, destacou que a avalia\u00e7\u00e3o geral dos participantes foi bastante positiva. \u201cA caminhada transcorreu tranquilamente, em meio a belas paisagens naturais do munic\u00edpio. Os participantes tiveram suporte com carros de apoio, ambul\u00e2ncia e banheiros qu\u00edmicos instalados em tr\u00eas pontos do trajeto. A maior parte dos caminhantes aprovou o roteiro e a organiza\u00e7\u00e3o do evento\u201d, afirmou.<\/p>\n<p>Ele acrescentou que sugest\u00f5es apresentadas pelos participantes ser\u00e3o consideradas no planejamento das pr\u00f3ximas edi\u00e7\u00f5es. \u201cAlgumas contribui\u00e7\u00f5es dos caminhantes ser\u00e3o avaliadas para aprimorar as pr\u00f3ximas caminhadas, como a possibilidade de iniciar o percurso um pouco mais cedo para evitar o sol forte, incluir um trecho de trilha e tamb\u00e9m ajustar a dist\u00e2ncia para cerca de 9 quil\u00f4metros\u201d, explicou. Segundo Rodrigo Almeida, a Secretaria Municipal de Cultura e Turismo j\u00e1 iniciou a busca por um novo percurso, com previs\u00e3o de realizar a pr\u00f3xima edi\u00e7\u00e3o da caminhada entre setembro e outubro, quando os dias mais frios do inverno j\u00e1 tiverem passado\u201d, informou.<\/p>\n<p>O superintendente tamb\u00e9m agradeceu a acolhida da fam\u00edlia Kussmaul dona da propriedade onde ocorreu a concentra\u00e7\u00e3o e a chegada dos participantes. \u201cMuito obrigado \u00e0 dona Margareth e ao senhor Osvaldo por receberem os caminhantes com tanto carinho e aten\u00e7\u00e3o, com almo\u00e7o e toda a estrutura. Foi uma manh\u00e3 muito agrad\u00e1vel\u201d, concluiu.<\/p>\n","protected":false},"excerpt":{"rendered":"<p>A Prefeitura de Apucarana, por meio da Secretaria Municipal de Cultura e Turismo, realizou neste domingo (15\/03) a primeira edi&ccedil;&atilde;o de 2026 da Caminhada na Natureza, com destino &agrave; Comunidade Rural do Bilote. A atividade reuniu mais de mil participantes, entre moradores da cidade e visitantes de diversos munic&iacute;pios da regi&atilde;o. A sa&iacute;da aconteceu &agrave;s [&hellip;]<\/p>\n","protected":false},"author":8,"featured_media":124928,"comment_status":"closed","ping_status":"closed","sticky":false,"template":"","format":"standard","meta":{"footnotes":""},"categories":[24],"tags":[],"class_list":["post-124923","post","type-post","status-publish","format-standard","has-post-thumbnail","hentry","category-noticias"],"acf":[],"_links":{"self":[{"href":"http:\/\/www.apucarana.pr.gov.br\/site\/wp-json\/wp\/v2\/posts\/124923","targetHints":{"allow":["GET"]}}],"collection":[{"href":"http:\/\/www.apucarana.pr.gov.br\/site\/wp-json\/wp\/v2\/posts"}],"about":[{"href":"http:\/\/www.apucarana.pr.gov.br\/site\/wp-json\/wp\/v2\/types\/post"}],"author":[{"embeddable":true,"href":"http:\/\/www.apucarana.pr.gov.br\/site\/wp-json\/wp\/v2\/users\/8"}],"replies":[{"embeddable":true,"href":"http:\/\/www.apucarana.pr.gov.br\/site\/wp-json\/wp\/v2\/comments?post=124923"}],"version-history":[{"count":1,"href":"http:\/\/www.apucarana.pr.gov.br\/site\/wp-json\/wp\/v2\/posts\/124923\/revisions"}],"predecessor-version":[{"id":124932,"href":"http:\/\/www.apucarana.pr.gov.br\/site\/wp-json\/wp\/v2\/posts\/124923\/revisions\/124932"}],"wp:featuredmedia":[{"embeddable":true,"href":"http:\/\/www.apucarana.pr.gov.br\/site\/wp-json\/wp\/v2\/media\/124928"}],"wp:attachment":[{"href":"http:\/\/www.apucarana.pr.gov.br\/site\/wp-json\/wp\/v2\/media?parent=124923"}],"wp:term":[{"taxonomy":"category","embeddable":true,"href":"http:\/\/www.apucarana.pr.gov.br\/site\/wp-json\/wp\/v2\/categories?post=124923"},{"taxonomy":"post_tag","embeddable":true,"href":"http:\/\/www.apucarana.pr.gov.br\/site\/wp-json\/wp\/v2\/tags?post=124923"}],"curies":[{"name":"wp","href":"https:\/\/api.w.org\/{rel}","templated":true}]}}