{"id":124915,"date":"2026-03-16T12:24:35","date_gmt":"2026-03-16T15:24:35","guid":{"rendered":"https:\/\/www.apucarana.pr.gov.br\/site\/?p=124915"},"modified":"2026-03-16T12:24:35","modified_gmt":"2026-03-16T15:24:35","slug":"6a-corridown-reune-grande-publico-no-parque-jaboti-e-celebra-inclusao-em-apucarana","status":"publish","type":"post","link":"http:\/\/www.apucarana.pr.gov.br\/site\/6a-corridown-reune-grande-publico-no-parque-jaboti-e-celebra-inclusao-em-apucarana\/","title":{"rendered":"6\u00aa CorriDown re\u00fane grande p\u00fablico no Parque Jaboti e celebra inclus\u00e3o em Apucarana"},"content":{"rendered":"\n\t\t<!-- MasterSlider -->\n\t\t<div id=\"P_MS69f42ae8a8015\" class=\"master-slider-parent master-slider-gallery   ms-parent-id-0\" style=\"\" >\n\n\t\t\t\n\t\t\t<!-- MasterSlider Main -->\n\t\t\t<div id=\"MS69f42ae8a8015\" class=\"master-slider ms-skin-default\" >\n\t\t\t\t \t\t\t\t \n\t\t\t<div  class=\"ms-slide\" data-delay=\"3\"    >\n\t\t\t\t\t<img decoding=\"async\" src=\"http:\/\/www.apucarana.pr.gov.br\/site\/wp-content\/plugins\/masterslider\/public\/assets\/css\/blank.gif\" alt=\"2026-03-15_corre_dowm_001\" title=\"2026-03-15_corre_dowm_001\" data-src=\"http:\/\/www.apucarana.pr.gov.br\/site\/wp-content\/uploads\/2026\/03\/2026-03-15_corre_dowm_001-1024x768.jpg\" \/>\n\t<a href=\"http:\/\/www.apucarana.pr.gov.br\/site\/wp-content\/uploads\/2026\/03\/2026-03-15_corre_dowm_001-1024x768.jpg\" target=\"_self\"    >2026-03-15_corre_dowm_001<\/a>\n\n\n\t<img decoding=\"async\" class=\"ms-thumb\" src=\"http:\/\/www.apucarana.pr.gov.br\/site\/wp-content\/uploads\/2026\/03\/2026-03-15_corre_dowm_001-1024x768-140x80.jpg\" alt=\"2026-03-15_corre_dowm_001\" \/>\n\t\t\t\t<\/div>\n\t\t\t<div  class=\"ms-slide\" data-delay=\"3\"    >\n\t\t\t\t\t<img decoding=\"async\" src=\"http:\/\/www.apucarana.pr.gov.br\/site\/wp-content\/plugins\/masterslider\/public\/assets\/css\/blank.gif\" alt=\"2026-03-15_corre_dowm_002\" title=\"2026-03-15_corre_dowm_002\" data-src=\"http:\/\/www.apucarana.pr.gov.br\/site\/wp-content\/uploads\/2026\/03\/2026-03-15_corre_dowm_002-1024x768.jpg\" \/>\n\t<a href=\"http:\/\/www.apucarana.pr.gov.br\/site\/wp-content\/uploads\/2026\/03\/2026-03-15_corre_dowm_002-1024x768.jpg\" target=\"_self\"    >2026-03-15_corre_dowm_002<\/a>\n\n\n\t<img decoding=\"async\" class=\"ms-thumb\" src=\"http:\/\/www.apucarana.pr.gov.br\/site\/wp-content\/uploads\/2026\/03\/2026-03-15_corre_dowm_002-1024x768-140x80.jpg\" alt=\"2026-03-15_corre_dowm_002\" \/>\n\t\t\t\t<\/div>\n\t\t\t<div  class=\"ms-slide\" data-delay=\"3\"    >\n\t\t\t\t\t<img decoding=\"async\" src=\"http:\/\/www.apucarana.pr.gov.br\/site\/wp-content\/plugins\/masterslider\/public\/assets\/css\/blank.gif\" alt=\"2026-03-15_corre_dowm_005\" title=\"2026-03-15_corre_dowm_005\" data-src=\"http:\/\/www.apucarana.pr.gov.br\/site\/wp-content\/uploads\/2026\/03\/2026-03-15_corre_dowm_005-1024x768.jpg\" \/>\n\t<a href=\"http:\/\/www.apucarana.pr.gov.br\/site\/wp-content\/uploads\/2026\/03\/2026-03-15_corre_dowm_005-1024x768.jpg\" target=\"_self\"    >2026-03-15_corre_dowm_005<\/a>\n\n\n\t<img decoding=\"async\" class=\"ms-thumb\" src=\"http:\/\/www.apucarana.pr.gov.br\/site\/wp-content\/uploads\/2026\/03\/2026-03-15_corre_dowm_005-1024x768-140x80.jpg\" alt=\"2026-03-15_corre_dowm_005\" \/>\n\t\t\t\t<\/div>\n\t\t\t<div  class=\"ms-slide\" data-delay=\"3\"    >\n\t\t\t\t\t<img decoding=\"async\" src=\"http:\/\/www.apucarana.pr.gov.br\/site\/wp-content\/plugins\/masterslider\/public\/assets\/css\/blank.gif\" alt=\"2026-03-15_corre_dowm_007\" title=\"2026-03-15_corre_dowm_007\" data-src=\"http:\/\/www.apucarana.pr.gov.br\/site\/wp-content\/uploads\/2026\/03\/2026-03-15_corre_dowm_007-1024x768.jpg\" \/>\n\t<a href=\"http:\/\/www.apucarana.pr.gov.br\/site\/wp-content\/uploads\/2026\/03\/2026-03-15_corre_dowm_007-1024x768.jpg\" target=\"_self\"    >2026-03-15_corre_dowm_007<\/a>\n\n\n\t<img decoding=\"async\" class=\"ms-thumb\" src=\"http:\/\/www.apucarana.pr.gov.br\/site\/wp-content\/uploads\/2026\/03\/2026-03-15_corre_dowm_007-1024x768-140x80.jpg\" alt=\"2026-03-15_corre_dowm_007\" \/>\n\t\t\t\t<\/div>\n\t\t\t<div  class=\"ms-slide\" data-delay=\"3\"    >\n\t\t\t\t\t<img decoding=\"async\" src=\"http:\/\/www.apucarana.pr.gov.br\/site\/wp-content\/plugins\/masterslider\/public\/assets\/css\/blank.gif\" alt=\"2026-03-15_corre_dowm_009\" title=\"2026-03-15_corre_dowm_009\" data-src=\"http:\/\/www.apucarana.pr.gov.br\/site\/wp-content\/uploads\/2026\/03\/2026-03-15_corre_dowm_009-1024x768.jpg\" \/>\n\t<a href=\"http:\/\/www.apucarana.pr.gov.br\/site\/wp-content\/uploads\/2026\/03\/2026-03-15_corre_dowm_009-1024x768.jpg\" target=\"_self\"    >2026-03-15_corre_dowm_009<\/a>\n\n\n\t<img decoding=\"async\" class=\"ms-thumb\" src=\"http:\/\/www.apucarana.pr.gov.br\/site\/wp-content\/uploads\/2026\/03\/2026-03-15_corre_dowm_009-1024x768-140x80.jpg\" alt=\"2026-03-15_corre_dowm_009\" \/>\n\t\t\t\t<\/div>\n\t\t\t<div  class=\"ms-slide\" data-delay=\"3\"    >\n\t\t\t\t\t<img decoding=\"async\" src=\"http:\/\/www.apucarana.pr.gov.br\/site\/wp-content\/plugins\/masterslider\/public\/assets\/css\/blank.gif\" alt=\"2026-03-15_corre_dowm_010\" title=\"2026-03-15_corre_dowm_010\" data-src=\"http:\/\/www.apucarana.pr.gov.br\/site\/wp-content\/uploads\/2026\/03\/2026-03-15_corre_dowm_010-1024x768.jpg\" \/>\n\t<a href=\"http:\/\/www.apucarana.pr.gov.br\/site\/wp-content\/uploads\/2026\/03\/2026-03-15_corre_dowm_010-1024x768.jpg\" target=\"_self\"    >2026-03-15_corre_dowm_010<\/a>\n\n\n\t<img decoding=\"async\" class=\"ms-thumb\" src=\"http:\/\/www.apucarana.pr.gov.br\/site\/wp-content\/uploads\/2026\/03\/2026-03-15_corre_dowm_010-1024x768-140x80.jpg\" alt=\"2026-03-15_corre_dowm_010\" \/>\n\t\t\t\t<\/div>\n\n\t\t\t<\/div>\n\t\t\t<!-- END MasterSlider Main -->\n\n\t\t\t \n\t\t<\/div>\n\t\t<!-- END MasterSlider -->\n\n\t\t<script>\n\t\t( window.MSReady = window.MSReady || [] ).push( function( $ ) {\n\n\t\t\t\"use strict\";\n\t\t\tvar masterslider_8015 = new MasterSlider();\n\n\t\t\t\/\/ slider controls\n\t\t\tmasterslider_8015.control('arrows'     ,{ autohide:true, overVideo:true  });\n\t\t\tmasterslider_8015.control('thumblist'  ,{ autohide:false, overVideo:true, dir:'h', speed:17, inset:false, arrows:false, hover:false, customClass:'', align:'bottom',type:'thumbs', margin:2, width:140, height:80, space:2, fillMode:'fill'  });\n\t\t\t\/\/ slider setup\n\t\t\tmasterslider_8015.setup(\"MS69f42ae8a8015\", {\n\t\t\t\twidth           : 960,\n\t\t\t\theight          : 540,\n\t\t\t\tminHeight       : 0,\n\t\t\t\tspace           : 0,\n\t\t\t\tstart           : 1,\n\t\t\t\tgrabCursor      : true,\n\t\t\t\tswipe           : true,\n\t\t\t\tmouse           : true,\n\t\t\t\tkeyboard        : false,\n\t\t\t\tlayout          : \"fillwidth\",\n\t\t\t\twheel           : false,\n\t\t\t\tautoplay        : true,\n                instantStartLayers:false,\n\t\t\t\tmobileBGVideo:false,\n\t\t\t\tloop            : true,\n\t\t\t\tshuffle         : false,\n\t\t\t\tpreload         : 3,\n\t\t\t\theightLimit     : false,\n\t\t\t\tautoHeight      : false,\n\t\t\t\tsmoothHeight    : true,\n\t\t\t\tendPause        : false,\n\t\t\t\toverPause       : false,\n\t\t\t\tfillMode        : \"fill\",\n\t\t\t\tcenterControls  : true,\n\t\t\t\tstartOnAppear   : false,\n\t\t\t\tlayersMode      : \"center\",\n\t\t\t\tautofillTarget  : \"\",\n\t\t\t\thideLayers      : false,\n\t\t\t\tfullscreenMargin: 0,\n\t\t\t\tspeed           : 17,\n\t\t\t\tdir             : \"h\",\n\t\t\t\tresponsive      : true,\n\t\t\t\ttabletWidth     : 768,\n\t\t\t\ttabletHeight    : null,\n\t\t\t\tphoneWidth      : 480,\n\t\t\t\tphoneHeight    : null,\n\t\t\t\tsizingReference : window,\n\t\t\t\tparallaxMode    : 'swipe',\n\t\t\t\tview            : \"basic\"\n\t\t\t});\n\n\t\t\t\n\t\t\twindow.masterslider_instances = window.masterslider_instances || [];\n\t\t\twindow.masterslider_instances.push( masterslider_8015 );\n\t\t});\n\t\t<\/script>\n\n\n<p>O Parque Jaboti reuniu grande p\u00fablico na manh\u00e3 deste domingo (15\/03) durante a realiza\u00e7\u00e3o da 6\u00aa CorriDown \u2013 Festival da Inclus\u00e3o. Promovido pela Associa\u00e7\u00e3o DownLoad, com apoio da Prefeitura de Apucarana, o evento integra a programa\u00e7\u00e3o do Dia Internacional da S\u00edndrome de Down, celebrado em 21 de mar\u00e7o, e tem como objetivo conscientizar a popula\u00e7\u00e3o e fortalecer a inclus\u00e3o e a valoriza\u00e7\u00e3o das pessoas com essa condi\u00e7\u00e3o gen\u00e9tica.<\/p>\n<p>O prefeito Rodolfo Mota participou da atividade acompanhado de vereadores, secret\u00e1rios e servidores municipais. A iniciativa reuniu fam\u00edlias, atletas e apoiadores da causa em um momento de celebra\u00e7\u00e3o, conviv\u00eancia e mobiliza\u00e7\u00e3o social. \u201cParab\u00e9ns \u00e0 Associa\u00e7\u00e3o Download pela realiza\u00e7\u00e3o desse bel\u00edssimo festival. Eventos como a CorriDown s\u00e3o fundamentais para dar visibilidade \u00e0 causa e fortalecer a cultura da inclus\u00e3o, mostrando que Apucarana trabalha para ser uma cidade cada vez mais humana, acolhedora e com oportunidades para todos.\u201d, afirmou o chefe do executivo.<\/p>\n<p>Durante o evento, os participantes puderam escolher entre dois percursos de corrida: 3 quil\u00f4metros, com uma volta no Lago Jaboti, ou 6 quil\u00f4metros, com duas voltas no trajeto. Tamb\u00e9m foi realizada a caminhada da inclus\u00e3o, aberta \u00e0 participa\u00e7\u00e3o de pessoas de todas as idades.<\/p>\n<p>Para a presidente da Associa\u00e7\u00e3o DownLoad, Fl\u00e1via Sab\u00f3ia, o festival \u00e9 um momento especial de encontro entre fam\u00edlias e comunidade. \u201cA CorriDown nasceu para aproximar as fam\u00edlias e a comunidade, mostrando que a inclus\u00e3o acontece quando todos participam. Tivemos um domingo agrad\u00e1vel de celebra\u00e7\u00e3o, de acolhimento e de valoriza\u00e7\u00e3o das pessoas com s\u00edndrome de Down\u201d, disse.<\/p>\n<p>A s\u00edndrome de Down, tamb\u00e9m chamada de trissomia do cromossomo 21, \u00e9 uma altera\u00e7\u00e3o gen\u00e9tica causada por uma divis\u00e3o celular at\u00edpica durante a forma\u00e7\u00e3o embrion\u00e1ria. Nessa condi\u00e7\u00e3o, a pessoa possui tr\u00eas cromossomos no par 21, em vez de dois. No Brasil, estima-se que a cada 600 a 800 crian\u00e7as nascidas, uma tenha s\u00edndrome de Down, independentemente de etnia, g\u00eanero ou classe social. Com acompanhamento multidisciplinar adequado, as pessoas com s\u00edndrome de Down t\u00eam potencial para desenvolver autonomia, qualidade de vida e plena participa\u00e7\u00e3o na sociedade.<\/p>\n<p>Criada para acolher fam\u00edlias e promover a inclus\u00e3o social, a Associa\u00e7\u00e3o DownLoad re\u00fane atualmente cerca de 80 fam\u00edlias associadas. A entidade desenvolve projetos como palestras, capacita\u00e7\u00e3o para pais e profissionais, oficinas de artes e culin\u00e1ria, atividades educativas, al\u00e9m de atendimentos em psicologia e psicopedagogia.<\/p>\n<p>Neste ano, o Dia Internacional da S\u00edndrome de Down tem como tema \u201cJuntos contra a solid\u00e3o\u201d, refor\u00e7ando a import\u00e2ncia da conviv\u00eancia, do combate ao preconceito e da amplia\u00e7\u00e3o das oportunidades de inclus\u00e3o na sociedade.<\/p>\n","protected":false},"excerpt":{"rendered":"<p>O Parque Jaboti reuniu grande p&uacute;blico na manh&atilde; deste domingo (15\/03) durante a realiza&ccedil;&atilde;o da 6&ordf; CorriDown &ndash; Festival da Inclus&atilde;o. Promovido pela Associa&ccedil;&atilde;o DownLoad, com apoio da Prefeitura de Apucarana, o evento integra a programa&ccedil;&atilde;o do Dia Internacional da S&iacute;ndrome de Down, celebrado em 21 de mar&ccedil;o, e tem como objetivo conscientizar a popula&ccedil;&atilde;o [&hellip;]<\/p>\n","protected":false},"author":8,"featured_media":124919,"comment_status":"closed","ping_status":"closed","sticky":false,"template":"","format":"standard","meta":{"footnotes":""},"categories":[24],"tags":[],"class_list":["post-124915","post","type-post","status-publish","format-standard","has-post-thumbnail","hentry","category-noticias"],"acf":[],"_links":{"self":[{"href":"http:\/\/www.apucarana.pr.gov.br\/site\/wp-json\/wp\/v2\/posts\/124915","targetHints":{"allow":["GET"]}}],"collection":[{"href":"http:\/\/www.apucarana.pr.gov.br\/site\/wp-json\/wp\/v2\/posts"}],"about":[{"href":"http:\/\/www.apucarana.pr.gov.br\/site\/wp-json\/wp\/v2\/types\/post"}],"author":[{"embeddable":true,"href":"http:\/\/www.apucarana.pr.gov.br\/site\/wp-json\/wp\/v2\/users\/8"}],"replies":[{"embeddable":true,"href":"http:\/\/www.apucarana.pr.gov.br\/site\/wp-json\/wp\/v2\/comments?post=124915"}],"version-history":[{"count":1,"href":"http:\/\/www.apucarana.pr.gov.br\/site\/wp-json\/wp\/v2\/posts\/124915\/revisions"}],"predecessor-version":[{"id":124922,"href":"http:\/\/www.apucarana.pr.gov.br\/site\/wp-json\/wp\/v2\/posts\/124915\/revisions\/124922"}],"wp:featuredmedia":[{"embeddable":true,"href":"http:\/\/www.apucarana.pr.gov.br\/site\/wp-json\/wp\/v2\/media\/124919"}],"wp:attachment":[{"href":"http:\/\/www.apucarana.pr.gov.br\/site\/wp-json\/wp\/v2\/media?parent=124915"}],"wp:term":[{"taxonomy":"category","embeddable":true,"href":"http:\/\/www.apucarana.pr.gov.br\/site\/wp-json\/wp\/v2\/categories?post=124915"},{"taxonomy":"post_tag","embeddable":true,"href":"http:\/\/www.apucarana.pr.gov.br\/site\/wp-json\/wp\/v2\/tags?post=124915"}],"curies":[{"name":"wp","href":"https:\/\/api.w.org\/{rel}","templated":true}]}}