{"id":124680,"date":"2026-03-13T16:46:05","date_gmt":"2026-03-13T19:46:05","guid":{"rendered":"https:\/\/www.apucarana.pr.gov.br\/site\/?p=124680"},"modified":"2026-03-16T11:44:19","modified_gmt":"2026-03-16T14:44:19","slug":"prefeitura-moderniza-prodea-para-ampliar-seguranca-juridica-e-atrair-investimentos-em-apucarana","status":"publish","type":"post","link":"http:\/\/www.apucarana.pr.gov.br\/site\/prefeitura-moderniza-prodea-para-ampliar-seguranca-juridica-e-atrair-investimentos-em-apucarana\/","title":{"rendered":"Prefeitura moderniza PRODEA para ampliar seguran\u00e7a jur\u00eddica e atrair investimentos em Apucarana"},"content":{"rendered":"\n\t\t<!-- MasterSlider -->\n\t\t<div id=\"P_MS69f46d9e0e634\" class=\"master-slider-parent master-slider-gallery   ms-parent-id-0\" style=\"\" >\n\n\t\t\t\n\t\t\t<!-- MasterSlider Main -->\n\t\t\t<div id=\"MS69f46d9e0e634\" class=\"master-slider ms-skin-default\" >\n\t\t\t\t \t\t\t\t \n\t\t\t<div  class=\"ms-slide\" data-delay=\"3\"    >\n\t\t\t\t\t<img decoding=\"async\" src=\"http:\/\/www.apucarana.pr.gov.br\/site\/wp-content\/plugins\/masterslider\/public\/assets\/css\/blank.gif\" alt=\"reuniao-5\" title=\"reuniao-5\" data-src=\"http:\/\/www.apucarana.pr.gov.br\/site\/wp-content\/uploads\/2026\/03\/reuniao-5-1024x683.jpg\" \/>\n\t<a href=\"http:\/\/www.apucarana.pr.gov.br\/site\/wp-content\/uploads\/2026\/03\/reuniao-5-1024x683.jpg\" target=\"_self\"    >reuniao-5<\/a>\n\n\n\t<img decoding=\"async\" class=\"ms-thumb\" src=\"http:\/\/www.apucarana.pr.gov.br\/site\/wp-content\/uploads\/2026\/03\/reuniao-5-1024x683-140x80.jpg\" alt=\"reuniao-5\" \/>\n\t\t\t\t<\/div>\n\t\t\t<div  class=\"ms-slide\" data-delay=\"3\"    >\n\t\t\t\t\t<img decoding=\"async\" src=\"http:\/\/www.apucarana.pr.gov.br\/site\/wp-content\/plugins\/masterslider\/public\/assets\/css\/blank.gif\" alt=\"reuniao-7\" title=\"reuniao-7\" data-src=\"http:\/\/www.apucarana.pr.gov.br\/site\/wp-content\/uploads\/2026\/03\/reuniao-7-1024x683.jpg\" \/>\n\t<a href=\"http:\/\/www.apucarana.pr.gov.br\/site\/wp-content\/uploads\/2026\/03\/reuniao-7-1024x683.jpg\" target=\"_self\"    >reuniao-7<\/a>\n\n\n\t<img decoding=\"async\" class=\"ms-thumb\" src=\"http:\/\/www.apucarana.pr.gov.br\/site\/wp-content\/uploads\/2026\/03\/reuniao-7-1024x683-140x80.jpg\" alt=\"reuniao-7\" \/>\n\t\t\t\t<\/div>\n\t\t\t<div  class=\"ms-slide\" data-delay=\"3\"    >\n\t\t\t\t\t<img decoding=\"async\" src=\"http:\/\/www.apucarana.pr.gov.br\/site\/wp-content\/plugins\/masterslider\/public\/assets\/css\/blank.gif\" alt=\"reuniao-11\" title=\"reuniao-11\" data-src=\"http:\/\/www.apucarana.pr.gov.br\/site\/wp-content\/uploads\/2026\/03\/reuniao-11-1024x683.jpg\" \/>\n\t<a href=\"http:\/\/www.apucarana.pr.gov.br\/site\/wp-content\/uploads\/2026\/03\/reuniao-11-1024x683.jpg\" target=\"_self\"    >reuniao-11<\/a>\n\n\n\t<img decoding=\"async\" class=\"ms-thumb\" src=\"http:\/\/www.apucarana.pr.gov.br\/site\/wp-content\/uploads\/2026\/03\/reuniao-11-1024x683-140x80.jpg\" alt=\"reuniao-11\" \/>\n\t\t\t\t<\/div>\n\n\t\t\t<\/div>\n\t\t\t<!-- END MasterSlider Main -->\n\n\t\t\t \n\t\t<\/div>\n\t\t<!-- END MasterSlider -->\n\n\t\t<script>\n\t\t( window.MSReady = window.MSReady || [] ).push( function( $ ) {\n\n\t\t\t\"use strict\";\n\t\t\tvar masterslider_e634 = new MasterSlider();\n\n\t\t\t\/\/ slider controls\n\t\t\tmasterslider_e634.control('arrows'     ,{ autohide:true, overVideo:true  });\n\t\t\tmasterslider_e634.control('thumblist'  ,{ autohide:false, overVideo:true, dir:'h', speed:17, inset:false, arrows:false, hover:false, customClass:'', align:'bottom',type:'thumbs', margin:2, width:140, height:80, space:2, fillMode:'fill'  });\n\t\t\t\/\/ slider setup\n\t\t\tmasterslider_e634.setup(\"MS69f46d9e0e634\", {\n\t\t\t\twidth           : 960,\n\t\t\t\theight          : 540,\n\t\t\t\tminHeight       : 0,\n\t\t\t\tspace           : 0,\n\t\t\t\tstart           : 1,\n\t\t\t\tgrabCursor      : true,\n\t\t\t\tswipe           : true,\n\t\t\t\tmouse           : true,\n\t\t\t\tkeyboard        : false,\n\t\t\t\tlayout          : \"fillwidth\",\n\t\t\t\twheel           : false,\n\t\t\t\tautoplay        : true,\n                instantStartLayers:false,\n\t\t\t\tmobileBGVideo:false,\n\t\t\t\tloop            : true,\n\t\t\t\tshuffle         : false,\n\t\t\t\tpreload         : 3,\n\t\t\t\theightLimit     : false,\n\t\t\t\tautoHeight      : false,\n\t\t\t\tsmoothHeight    : true,\n\t\t\t\tendPause        : false,\n\t\t\t\toverPause       : false,\n\t\t\t\tfillMode        : \"fill\",\n\t\t\t\tcenterControls  : true,\n\t\t\t\tstartOnAppear   : false,\n\t\t\t\tlayersMode      : \"center\",\n\t\t\t\tautofillTarget  : \"\",\n\t\t\t\thideLayers      : false,\n\t\t\t\tfullscreenMargin: 0,\n\t\t\t\tspeed           : 17,\n\t\t\t\tdir             : \"h\",\n\t\t\t\tresponsive      : true,\n\t\t\t\ttabletWidth     : 768,\n\t\t\t\ttabletHeight    : null,\n\t\t\t\tphoneWidth      : 480,\n\t\t\t\tphoneHeight    : null,\n\t\t\t\tsizingReference : window,\n\t\t\t\tparallaxMode    : 'swipe',\n\t\t\t\tview            : \"basic\"\n\t\t\t});\n\n\t\t\t\n\t\t\twindow.masterslider_instances = window.masterslider_instances || [];\n\t\t\twindow.masterslider_instances.push( masterslider_e634 );\n\t\t});\n\t\t<\/script>\n\n\n<p>A Prefeitura de Apucarana iniciou a moderniza\u00e7\u00e3o do Programa de Desenvolvimento Econ\u00f4mico de Apucarana (PRODEA), medida que busca fortalecer o ambiente de neg\u00f3cios, ampliar a seguran\u00e7a jur\u00eddica e estimular novos investimentos no munic\u00edpio. A iniciativa foi oficializada pelo prefeito Rodolfo Mota com a assinatura do Decreto n\u00ba 90\/2026, nesta quinta-feira (12\/03), que estabelece prazo de 30 dias para a regulariza\u00e7\u00e3o de processos j\u00e1 protocolados por empresas interessadas em incentivos do programa. A iniciativa integra a estrat\u00e9gia da gest\u00e3o municipal de fortalecer o ambiente de neg\u00f3cios, garantindo mais transpar\u00eancia, organiza\u00e7\u00e3o e seguran\u00e7a jur\u00eddica na concess\u00e3o de incentivos voltados \u00e0 gera\u00e7\u00e3o de empregos e ao desenvolvimento econ\u00f4mico do munic\u00edpio.<\/p>\n<p>O decreto institui um per\u00edodo de organiza\u00e7\u00e3o e atualiza\u00e7\u00e3o do programa, regulamentado por legisla\u00e7\u00e3o municipal em vigor h\u00e1 mais de 24 anos. O objetivo \u00e9 adequar os procedimentos \u00e0s normas jur\u00eddicas atuais e tornar o PRODEA mais eficiente e alinhado \u00e0s demandas de crescimento econ\u00f4mico de Apucarana.<\/p>\n<p>Segundo o prefeito Rodolfo Mota, a medida representa um passo importante para ampliar a confian\u00e7a de investidores e fortalecer a pol\u00edtica municipal de desenvolvimento econ\u00f4mico. \u201cNosso objetivo \u00e9 fortalecer o PRODEA, tornando o programa mais moderno, transparente e eficiente. Queremos continuar incentivando empresas a investir em Apucarana, gerando emprego, renda e desenvolvimento para o munic\u00edpio\u201d, afirmou.<\/p>\n<p><strong>Moderniza\u00e7\u00e3o e seguran\u00e7a jur\u00eddica<\/strong><br \/>\nEntre os pontos centrais da moderniza\u00e7\u00e3o est\u00e1 a adequa\u00e7\u00e3o do programa \u00e0s normas atuais da administra\u00e7\u00e3o p\u00fablica, especialmente \u00e0 Nova Lei de Licita\u00e7\u00f5es e Contratos (Lei n\u00ba 14.133\/2021), al\u00e9m do fortalecimento das boas pr\u00e1ticas de governan\u00e7a.<\/p>\n<p><strong>Prazo para regulariza\u00e7\u00e3o de processos<\/strong><br \/>\nPara empresas que j\u00e1 possuem processos protocolados at\u00e9 a data de publica\u00e7\u00e3o do decreto (13\/3), o munic\u00edpio assegura que n\u00e3o haver\u00e1 preju\u00edzo, desde que a documenta\u00e7\u00e3o exigida seja regularizada dentro do prazo estabelecido.<\/p>\n<p>O decreto fixa prazo improrrog\u00e1vel de 30 dias para a apresenta\u00e7\u00e3o dos documentos necess\u00e1rios \u00e0 an\u00e1lise t\u00e9cnica, entre eles:<br \/>\n\u2022 estudo de viabilidade do projeto<br \/>\n\u2022 contrato social e suas altera\u00e7\u00f5es<br \/>\n\u2022 certid\u00f5es negativas de d\u00e9bitos<br \/>\n\u2022 projeto de viabilidade econ\u00f4mica<br \/>\n\u2022 anteprojeto assinado pelo requerente<br \/>\n\u2022 demais requisitos previstos na legisla\u00e7\u00e3o<\/p>\n<p>Caso a documenta\u00e7\u00e3o n\u00e3o seja regularizada dentro do per\u00edodo estipulado, o processo poder\u00e1 ser arquivado, permitindo que o interessado apresente um novo pedido posteriormente, j\u00e1 conforme as regras atualizadas do programa.<\/p>\n<p><strong>Atualiza\u00e7\u00e3o da legisla\u00e7\u00e3o<\/strong><br \/>\nA proposta de atualiza\u00e7\u00e3o do PRODEA est\u00e1 sendo elaborada por um grupo de trabalho da administra\u00e7\u00e3o municipal. De acordo com o procurador do munic\u00edpio, Rubens de Fran\u00e7a, a revis\u00e3o busca garantir maior seguran\u00e7a jur\u00eddica e estimular novos investimentos no munic\u00edpio. \u201cEstamos revisando a legisla\u00e7\u00e3o do PRODEA para adequ\u00e1-la \u00e0s normas atuais, especialmente \u00e0 nova Lei de Licita\u00e7\u00f5es. O objetivo \u00e9 assegurar transpar\u00eancia, legalidade e seguran\u00e7a jur\u00eddica tanto para o munic\u00edpio quanto para as empresas interessadas em investir e gerar empregos em Apucarana\u201d, afirmou.<\/p>\n<p>A comiss\u00e3o respons\u00e1vel pela elabora\u00e7\u00e3o da nova proposta re\u00fane o secret\u00e1rio de Ind\u00fastria e Com\u00e9rcio, Emerson Toledo; o procurador do munic\u00edpio, Rubens de Fran\u00e7a; o superintendente do Trabalho, Neno Leiroz; o secret\u00e1rio de Obras, Mateus Fernandes; o superintendente de Patrim\u00f4nio, Maurinei Nunes; e o assessor da Superintend\u00eancia de Planejamento (IDEPPLAN), Rafael Coutinho.<\/p>\n<p><strong>Atendimento aos empres\u00e1rios<\/strong><br \/>\nA Secretaria Municipal de Ind\u00fastria e Com\u00e9rcio ser\u00e1 respons\u00e1vel por coordenar as comunica\u00e7\u00f5es e acompanhar o cumprimento das novas regras. Ap\u00f3s o per\u00edodo de regulariza\u00e7\u00e3o, a Prefeitura publicar\u00e1 no Di\u00e1rio Oficial e no site do munic\u00edpio a lista final dos requerimentos aptos para an\u00e1lise. Segundo o secret\u00e1rio de Ind\u00fastria e Com\u00e9rcio, Emerson Toledo, a secretaria acompanhar\u00e1 de perto os processos durante esse per\u00edodo. \u201cDurante esses 30 dias, nossa equipe estar\u00e1 \u00e0 disposi\u00e7\u00e3o para orientar os empres\u00e1rios e acompanhar a an\u00e1lise da documenta\u00e7\u00e3o necess\u00e1ria. A proposta \u00e9 organizar os processos e fortalecer ainda mais o PRODEA como instrumento de desenvolvimento econ\u00f4mico e gera\u00e7\u00e3o de empregos em Apucarana\u201d, destacou.<\/p>\n<p>Empres\u00e1rios que tiverem d\u00favidas sobre a regulariza\u00e7\u00e3o de documentos ou sobre o decreto podem entrar em contato com a Secretaria de Ind\u00fastria e Com\u00e9rcio:<br \/>\nindustriaecomercio@apucarana.pr.gov.br<br \/>\nWhatsApp: (43) 3308-1410<\/p>\n","protected":false},"excerpt":{"rendered":"<p>A Prefeitura de Apucarana iniciou a moderniza&ccedil;&atilde;o do Programa de Desenvolvimento Econ&ocirc;mico de Apucarana (PRODEA), medida que busca fortalecer o ambiente de neg&oacute;cios, ampliar a seguran&ccedil;a jur&iacute;dica e estimular novos investimentos no munic&iacute;pio. A iniciativa foi oficializada pelo prefeito Rodolfo Mota com a assinatura do Decreto n&ordm; 90\/2026, nesta quinta-feira (12\/03), que estabelece prazo de [&hellip;]<\/p>\n","protected":false},"author":8,"featured_media":124681,"comment_status":"closed","ping_status":"closed","sticky":false,"template":"","format":"standard","meta":{"footnotes":""},"categories":[24],"tags":[],"class_list":["post-124680","post","type-post","status-publish","format-standard","has-post-thumbnail","hentry","category-noticias"],"acf":[],"_links":{"self":[{"href":"http:\/\/www.apucarana.pr.gov.br\/site\/wp-json\/wp\/v2\/posts\/124680","targetHints":{"allow":["GET"]}}],"collection":[{"href":"http:\/\/www.apucarana.pr.gov.br\/site\/wp-json\/wp\/v2\/posts"}],"about":[{"href":"http:\/\/www.apucarana.pr.gov.br\/site\/wp-json\/wp\/v2\/types\/post"}],"author":[{"embeddable":true,"href":"http:\/\/www.apucarana.pr.gov.br\/site\/wp-json\/wp\/v2\/users\/8"}],"replies":[{"embeddable":true,"href":"http:\/\/www.apucarana.pr.gov.br\/site\/wp-json\/wp\/v2\/comments?post=124680"}],"version-history":[{"count":1,"href":"http:\/\/www.apucarana.pr.gov.br\/site\/wp-json\/wp\/v2\/posts\/124680\/revisions"}],"predecessor-version":[{"id":124684,"href":"http:\/\/www.apucarana.pr.gov.br\/site\/wp-json\/wp\/v2\/posts\/124680\/revisions\/124684"}],"wp:featuredmedia":[{"embeddable":true,"href":"http:\/\/www.apucarana.pr.gov.br\/site\/wp-json\/wp\/v2\/media\/124681"}],"wp:attachment":[{"href":"http:\/\/www.apucarana.pr.gov.br\/site\/wp-json\/wp\/v2\/media?parent=124680"}],"wp:term":[{"taxonomy":"category","embeddable":true,"href":"http:\/\/www.apucarana.pr.gov.br\/site\/wp-json\/wp\/v2\/categories?post=124680"},{"taxonomy":"post_tag","embeddable":true,"href":"http:\/\/www.apucarana.pr.gov.br\/site\/wp-json\/wp\/v2\/tags?post=124680"}],"curies":[{"name":"wp","href":"https:\/\/api.w.org\/{rel}","templated":true}]}}