{"id":124675,"date":"2026-03-13T12:26:07","date_gmt":"2026-03-13T15:26:07","guid":{"rendered":"https:\/\/www.apucarana.pr.gov.br\/site\/?p=124675"},"modified":"2026-03-13T14:19:18","modified_gmt":"2026-03-13T17:19:18","slug":"apucarana-promove-programacao-especial-de-combate-ao-racismo-e-valorizacao-da-diversidade-cultural","status":"publish","type":"post","link":"http:\/\/www.apucarana.pr.gov.br\/site\/apucarana-promove-programacao-especial-de-combate-ao-racismo-e-valorizacao-da-diversidade-cultural\/","title":{"rendered":"Apucarana promove programa\u00e7\u00e3o especial de combate ao racismo e valoriza\u00e7\u00e3o da diversidade cultural"},"content":{"rendered":"<p>A Prefeitura de Apucarana, em parceria com o Movimento Diversidade Cultural Plural, promove uma s\u00e9rie de atividades em alus\u00e3o ao Dia Internacional para a Elimina\u00e7\u00e3o da Discrimina\u00e7\u00e3o Racial e ao Dia Nacional das Tradi\u00e7\u00f5es de Ra\u00edzes de Matrizes Africanas e Na\u00e7\u00f5es do Candombl\u00e9, celebrados em 21 de mar\u00e7o. A programa\u00e7\u00e3o teve in\u00edcio em fevereiro e segue at\u00e9 o final de maio, reunindo apresenta\u00e7\u00f5es culturais, palestras, encontros e debates que estimulam a reflex\u00e3o sobre respeito, diversidade e igualdade.<\/p>\n<p>O prefeito Rodolfo Mota destacou que Apucarana \u00e9 uma cidade constru\u00edda pela contribui\u00e7\u00e3o de diferentes povos e culturas. \u201cO nosso munic\u00edpio recebeu imigrantes ucranianos, japoneses, portugueses, italianos, libaneses e outros no seu per\u00edodo de coloniza\u00e7\u00e3o. Mais recentemente temos recebido muitos haitianos, venezuelanos e cubanos. Valorizar a diversidade \u00e9 reconhecer que a sociedade \u00e9 formada por diferentes hist\u00f3rias, culturas, cren\u00e7as e trajet\u00f3rias de vida. Promover o respeito entre essas diferen\u00e7as \u00e9 fundamental para fortalecer a conviv\u00eancia democr\u00e1tica e garantir dignidade e igualdade de oportunidades para todos\u201d, afirmou.<\/p>\n<p>De acordo com o coordenador do Movimento Diversidade Cultural Plural, Carlos Alberto Figueiredo, a agenda busca estimular o di\u00e1logo e ampliar a consci\u00eancia coletiva sobre a import\u00e2ncia da inclus\u00e3o e do respeito \u00e0s diferen\u00e7as. \u201cAs a\u00e7\u00f5es que n\u00f3s planejamos representam momentos importantes para reafirmar o nosso compromisso com o combate ao racismo e com o respeito \u00e0 liberdade religiosa. Ao mesmo tempo, as iniciativas ampliam o olhar sobre a diversidade em suas v\u00e1rias dimens\u00f5es \u2013 cultural, social, geracional e humana \u2013 reconhecendo a import\u00e2ncia da inclus\u00e3o, do di\u00e1logo e da valoriza\u00e7\u00e3o das diferentes experi\u00eancias que comp\u00f5em a vida em comunidade\u201d, ressaltou.<\/p>\n<p>O Movimento Diversidade Cultural Plural \u00e9 uma associa\u00e7\u00e3o civil sem fins lucrativos, com sede em Apucarana, criada para promover a justi\u00e7a social e fortalecer a luta contra o racismo e todas as formas de discrimina\u00e7\u00e3o e exclus\u00e3o social.<\/p>\n<p><strong>Programa\u00e7\u00e3o<\/strong><\/p>\n<p>\u2022 13 de mar\u00e7o, \u00e0s 20 horas \u2013 Programa Diversidade no Ar na R\u00e1dio \u00c1gua Viva (91,9 FM), com participa\u00e7\u00e3o da coordenadora do Programa Municipal de Resid\u00eancias em Sa\u00fade, Adriana Pal\u00fa, abordando o Dia Internacional da Mulher;<\/p>\n<p>\u2022 15 de mar\u00e7o, a partir das 8 horas \u2013 6\u00aa CorriDown, evento promovido pela Associa\u00e7\u00e3o Download com apoio da Prefeitura de Apucarana;<\/p>\n<p>\u2022 16 de mar\u00e7o, \u00e0s 19 horas \u2013 Participa\u00e7\u00e3o do coordenador do Movimento Diversidade Cultural Plural, Carlos Alberto Figueiredo, na C\u00e2mara Municipal de Apucarana, com fala sobre o Dia Internacional para a Elimina\u00e7\u00e3o da Discrimina\u00e7\u00e3o Racial;<\/p>\n<p>\u2022 19 de mar\u00e7o, \u00e0s 9 horas \u2013 Palestra na Ag\u00eancia dos Correios da Barra Funda, a convite da gerente Vivian Pereira Loch, com as psic\u00f3logas Mara Prates e J\u00e9ssica Rafael;<\/p>\n<p>\u2022 20 de mar\u00e7o, \u00e0s 20 horas \u2013 Programa Diversidade no Ar na R\u00e1dio \u00c1gua Viva (91,9 FM), com participa\u00e7\u00e3o de Miriam Hil\u00e1rio e Regiane Nogs, do Clube de Leitura BiblioClub;<\/p>\n<p>\u2022 21 de mar\u00e7o, no per\u00edodo da manh\u00e3 \u2013 A\u00e7\u00e3o cultural com apresenta\u00e7\u00e3o do Templo de Umbanda Caboclo Pena Dourada, Associa\u00e7\u00e3o de Capoeira I\u00ea Camarada, apresenta\u00e7\u00f5es dos artistas Marcos &amp; H\u00e9lio e panfletagem do Movimento Diversidade Cultural Plural, no plat\u00f4 da Pra\u00e7a Rui Barbosa;<\/p>\n<p>\u2022 27 de mar\u00e7o, \u00e0s 20 horas \u2013 Programa Diversidade no Ar na R\u00e1dio \u00c1gua Viva (91,9 FM), com participa\u00e7\u00e3o da jovem Yasmin Vict\u00f3ria da Silva e de sua m\u00e3e, V\u00e2nia Cristina dos Santos, refletindo sobre o Dia Internacional para a Elimina\u00e7\u00e3o da Discrimina\u00e7\u00e3o Racial;<\/p>\n<p>\u2022 10 de abril, \u00e0s 20 horas \u2013 Programa Diversidade no Ar na R\u00e1dio \u00c1gua Viva (91,9 FM), com participa\u00e7\u00e3o da presidente da subse\u00e7\u00e3o da Ordem dos Advogados do Brasil (OAB) de Apucarana, Dra. Daniela Pacheco;<\/p>\n<p>\u2022 17 de abril, \u00e0s 20 horas \u2013 Programa Diversidade no Ar na R\u00e1dio \u00c1gua Viva (91,9 FM), com participa\u00e7\u00e3o de Liana Lopes, da Associa\u00e7\u00e3o Download de Apoio \u00e0 S\u00edndrome de Down;<\/p>\n<p>\u2022 25 de maio, \u00e0s 8 horas \u2013 Encontro regional da Pastoral Afro-Brasileira da Diocese de Apucarana, na Par\u00f3quia Cristo Rei, com participa\u00e7\u00e3o do assessor da pastoral, padre Rui Fernando, e do coordenador Natal Batista;<\/p>\n<p>\u2022 Data a confirmar \u2013 Encontro com lideran\u00e7as dos movimentos sociais, populares e da Pastoral Afro-Brasileira da Diocese de Apucarana, na sede da Stivar (Travessa Carlos Krizanowski, 950 \u2013 Centro).<\/p>\n<p>A programa\u00e7\u00e3o \u00e9 aberta \u00e0 comunidade e busca fortalecer o di\u00e1logo, promover a igualdade e valorizar a diversidade cultural presente em Apucarana.<\/p>\n","protected":false},"excerpt":{"rendered":"<p>A Prefeitura de Apucarana, em parceria com o Movimento Diversidade Cultural Plural, promove uma s&eacute;rie de atividades em alus&atilde;o ao Dia Internacional para a Elimina&ccedil;&atilde;o da Discrimina&ccedil;&atilde;o Racial e ao Dia Nacional das Tradi&ccedil;&otilde;es de Ra&iacute;zes de Matrizes Africanas e Na&ccedil;&otilde;es do Candombl&eacute;, celebrados em 21 de mar&ccedil;o. A programa&ccedil;&atilde;o teve in&iacute;cio em fevereiro e [&hellip;]<\/p>\n","protected":false},"author":8,"featured_media":124676,"comment_status":"closed","ping_status":"closed","sticky":false,"template":"","format":"standard","meta":{"footnotes":""},"categories":[24],"tags":[],"class_list":["post-124675","post","type-post","status-publish","format-standard","has-post-thumbnail","hentry","category-noticias"],"acf":[],"_links":{"self":[{"href":"http:\/\/www.apucarana.pr.gov.br\/site\/wp-json\/wp\/v2\/posts\/124675","targetHints":{"allow":["GET"]}}],"collection":[{"href":"http:\/\/www.apucarana.pr.gov.br\/site\/wp-json\/wp\/v2\/posts"}],"about":[{"href":"http:\/\/www.apucarana.pr.gov.br\/site\/wp-json\/wp\/v2\/types\/post"}],"author":[{"embeddable":true,"href":"http:\/\/www.apucarana.pr.gov.br\/site\/wp-json\/wp\/v2\/users\/8"}],"replies":[{"embeddable":true,"href":"http:\/\/www.apucarana.pr.gov.br\/site\/wp-json\/wp\/v2\/comments?post=124675"}],"version-history":[{"count":3,"href":"http:\/\/www.apucarana.pr.gov.br\/site\/wp-json\/wp\/v2\/posts\/124675\/revisions"}],"predecessor-version":[{"id":124679,"href":"http:\/\/www.apucarana.pr.gov.br\/site\/wp-json\/wp\/v2\/posts\/124675\/revisions\/124679"}],"wp:featuredmedia":[{"embeddable":true,"href":"http:\/\/www.apucarana.pr.gov.br\/site\/wp-json\/wp\/v2\/media\/124676"}],"wp:attachment":[{"href":"http:\/\/www.apucarana.pr.gov.br\/site\/wp-json\/wp\/v2\/media?parent=124675"}],"wp:term":[{"taxonomy":"category","embeddable":true,"href":"http:\/\/www.apucarana.pr.gov.br\/site\/wp-json\/wp\/v2\/categories?post=124675"},{"taxonomy":"post_tag","embeddable":true,"href":"http:\/\/www.apucarana.pr.gov.br\/site\/wp-json\/wp\/v2\/tags?post=124675"}],"curies":[{"name":"wp","href":"https:\/\/api.w.org\/{rel}","templated":true}]}}