{"id":124665,"date":"2026-03-13T12:00:22","date_gmt":"2026-03-13T15:00:22","guid":{"rendered":"https:\/\/www.apucarana.pr.gov.br\/site\/?p=124665"},"modified":"2026-03-13T12:13:27","modified_gmt":"2026-03-13T15:13:27","slug":"gcm-de-apucarana-passa-por-capacitacao-em-tecnicas-nao-letais-para-reforcar-seguranca-da-populacao","status":"publish","type":"post","link":"http:\/\/www.apucarana.pr.gov.br\/site\/gcm-de-apucarana-passa-por-capacitacao-em-tecnicas-nao-letais-para-reforcar-seguranca-da-populacao\/","title":{"rendered":"GCM de Apucarana passa por capacita\u00e7\u00e3o em t\u00e9cnicas n\u00e3o letais para refor\u00e7ar seguran\u00e7a da popula\u00e7\u00e3o"},"content":{"rendered":"\n\t\t<!-- MasterSlider -->\n\t\t<div id=\"P_MS69f1439b755e1\" class=\"master-slider-parent master-slider-gallery   ms-parent-id-0\" style=\"\" >\n\n\t\t\t\n\t\t\t<!-- MasterSlider Main -->\n\t\t\t<div id=\"MS69f1439b755e1\" class=\"master-slider ms-skin-default\" >\n\t\t\t\t \t\t\t\t \n\t\t\t<div  class=\"ms-slide\" data-delay=\"3\"    >\n\t\t\t\t\t<img decoding=\"async\" src=\"http:\/\/www.apucarana.pr.gov.br\/site\/wp-content\/plugins\/masterslider\/public\/assets\/css\/blank.gif\" alt=\"WhatsApp Image 2026-03-13 at 11.51.38\" title=\"WhatsApp Image 2026-03-13 at 11.51.38\" data-src=\"http:\/\/www.apucarana.pr.gov.br\/site\/wp-content\/uploads\/2026\/03\/WhatsApp-Image-2026-03-13-at-11.51.38-1024x576.jpeg\" \/>\n\t<a href=\"http:\/\/www.apucarana.pr.gov.br\/site\/wp-content\/uploads\/2026\/03\/WhatsApp-Image-2026-03-13-at-11.51.38-1024x576.jpeg\" target=\"_self\"    >WhatsApp Image 2026-03-13 at 11.51.38<\/a>\n\n\n\t<img decoding=\"async\" class=\"ms-thumb\" src=\"http:\/\/www.apucarana.pr.gov.br\/site\/wp-content\/uploads\/2026\/03\/WhatsApp-Image-2026-03-13-at-11.51.38-1024x576-140x80.jpeg\" alt=\"WhatsApp Image 2026-03-13 at 11.51.38\" \/>\n\t\t\t\t<\/div>\n\t\t\t<div  class=\"ms-slide\" data-delay=\"3\"    >\n\t\t\t\t\t<img decoding=\"async\" src=\"http:\/\/www.apucarana.pr.gov.br\/site\/wp-content\/plugins\/masterslider\/public\/assets\/css\/blank.gif\" alt=\"WhatsApp Image 2026-03-13 at 11.50.41\" title=\"WhatsApp Image 2026-03-13 at 11.50.41\" data-src=\"http:\/\/www.apucarana.pr.gov.br\/site\/wp-content\/uploads\/2026\/03\/WhatsApp-Image-2026-03-13-at-11.50.41-1024x576.jpeg\" \/>\n\t<a href=\"http:\/\/www.apucarana.pr.gov.br\/site\/wp-content\/uploads\/2026\/03\/WhatsApp-Image-2026-03-13-at-11.50.41-1024x576.jpeg\" target=\"_self\"    >WhatsApp Image 2026-03-13 at 11.50.41<\/a>\n\n\n\t<img decoding=\"async\" class=\"ms-thumb\" src=\"http:\/\/www.apucarana.pr.gov.br\/site\/wp-content\/uploads\/2026\/03\/WhatsApp-Image-2026-03-13-at-11.50.41-1024x576-140x80.jpeg\" alt=\"WhatsApp Image 2026-03-13 at 11.50.41\" \/>\n\t\t\t\t<\/div>\n\t\t\t<div  class=\"ms-slide\" data-delay=\"3\"    >\n\t\t\t\t\t<img decoding=\"async\" src=\"http:\/\/www.apucarana.pr.gov.br\/site\/wp-content\/plugins\/masterslider\/public\/assets\/css\/blank.gif\" alt=\"2026-03-13_treinamento_guarda_municipal_04\" title=\"2026-03-13_treinamento_guarda_municipal_04\" data-src=\"http:\/\/www.apucarana.pr.gov.br\/site\/wp-content\/uploads\/2026\/03\/2026-03-13_treinamento_guarda_municipal_04-1024x576.jpeg\" \/>\n\t<a href=\"http:\/\/www.apucarana.pr.gov.br\/site\/wp-content\/uploads\/2026\/03\/2026-03-13_treinamento_guarda_municipal_04-1024x576.jpeg\" target=\"_self\"    >2026-03-13_treinamento_guarda_municipal_04<\/a>\n\n\n\t<img decoding=\"async\" class=\"ms-thumb\" src=\"http:\/\/www.apucarana.pr.gov.br\/site\/wp-content\/uploads\/2026\/03\/2026-03-13_treinamento_guarda_municipal_04-1024x576-140x80.jpeg\" alt=\"2026-03-13_treinamento_guarda_municipal_04\" \/>\n\t\t\t\t<\/div>\n\t\t\t<div  class=\"ms-slide\" data-delay=\"3\"    >\n\t\t\t\t\t<img decoding=\"async\" src=\"http:\/\/www.apucarana.pr.gov.br\/site\/wp-content\/plugins\/masterslider\/public\/assets\/css\/blank.gif\" alt=\"2026-03-13_treinamento_guarda_municipal_03\" title=\"2026-03-13_treinamento_guarda_municipal_03\" data-src=\"http:\/\/www.apucarana.pr.gov.br\/site\/wp-content\/uploads\/2026\/03\/2026-03-13_treinamento_guarda_municipal_03-1024x576.jpeg\" \/>\n\t<a href=\"http:\/\/www.apucarana.pr.gov.br\/site\/wp-content\/uploads\/2026\/03\/2026-03-13_treinamento_guarda_municipal_03-1024x576.jpeg\" target=\"_self\"    >2026-03-13_treinamento_guarda_municipal_03<\/a>\n\n\n\t<img decoding=\"async\" class=\"ms-thumb\" src=\"http:\/\/www.apucarana.pr.gov.br\/site\/wp-content\/uploads\/2026\/03\/2026-03-13_treinamento_guarda_municipal_03-1024x576-140x80.jpeg\" alt=\"2026-03-13_treinamento_guarda_municipal_03\" \/>\n\t\t\t\t<\/div>\n\t\t\t<div  class=\"ms-slide\" data-delay=\"3\"    >\n\t\t\t\t\t<img decoding=\"async\" src=\"http:\/\/www.apucarana.pr.gov.br\/site\/wp-content\/plugins\/masterslider\/public\/assets\/css\/blank.gif\" alt=\"2026-03-13_treinamento_guarda_municipal_02\" title=\"2026-03-13_treinamento_guarda_municipal_02\" data-src=\"http:\/\/www.apucarana.pr.gov.br\/site\/wp-content\/uploads\/2026\/03\/2026-03-13_treinamento_guarda_municipal_02-1024x576.jpeg\" \/>\n\t<a href=\"http:\/\/www.apucarana.pr.gov.br\/site\/wp-content\/uploads\/2026\/03\/2026-03-13_treinamento_guarda_municipal_02-1024x576.jpeg\" target=\"_self\"    >2026-03-13_treinamento_guarda_municipal_02<\/a>\n\n\n\t<img decoding=\"async\" class=\"ms-thumb\" src=\"http:\/\/www.apucarana.pr.gov.br\/site\/wp-content\/uploads\/2026\/03\/2026-03-13_treinamento_guarda_municipal_02-1024x576-140x80.jpeg\" alt=\"2026-03-13_treinamento_guarda_municipal_02\" \/>\n\t\t\t\t<\/div>\n\t\t\t<div  class=\"ms-slide\" data-delay=\"3\"    >\n\t\t\t\t\t<img decoding=\"async\" src=\"http:\/\/www.apucarana.pr.gov.br\/site\/wp-content\/plugins\/masterslider\/public\/assets\/css\/blank.gif\" alt=\"2026-03-13_treinamento_guarda_municipal_01\" title=\"2026-03-13_treinamento_guarda_municipal_01\" data-src=\"http:\/\/www.apucarana.pr.gov.br\/site\/wp-content\/uploads\/2026\/03\/2026-03-13_treinamento_guarda_municipal_01-1024x576.jpeg\" \/>\n\t<a href=\"http:\/\/www.apucarana.pr.gov.br\/site\/wp-content\/uploads\/2026\/03\/2026-03-13_treinamento_guarda_municipal_01-1024x576.jpeg\" target=\"_self\"    >2026-03-13_treinamento_guarda_municipal_01<\/a>\n\n\n\t<img decoding=\"async\" class=\"ms-thumb\" src=\"http:\/\/www.apucarana.pr.gov.br\/site\/wp-content\/uploads\/2026\/03\/2026-03-13_treinamento_guarda_municipal_01-1024x576-140x80.jpeg\" alt=\"2026-03-13_treinamento_guarda_municipal_01\" \/>\n\t\t\t\t<\/div>\n\t\t\t<div  class=\"ms-slide\" data-delay=\"3\"    >\n\t\t\t\t\t<img decoding=\"async\" src=\"http:\/\/www.apucarana.pr.gov.br\/site\/wp-content\/plugins\/masterslider\/public\/assets\/css\/blank.gif\" alt=\"2026-03-13_treinamento_guarda_municipal\" title=\"2026-03-13_treinamento_guarda_municipal\" data-src=\"http:\/\/www.apucarana.pr.gov.br\/site\/wp-content\/uploads\/2026\/03\/2026-03-13_treinamento_guarda_municipal-1024x473.jpeg\" \/>\n\t<a href=\"http:\/\/www.apucarana.pr.gov.br\/site\/wp-content\/uploads\/2026\/03\/2026-03-13_treinamento_guarda_municipal-1024x473.jpeg\" target=\"_self\"    >2026-03-13_treinamento_guarda_municipal<\/a>\n\n\n\t<img decoding=\"async\" class=\"ms-thumb\" src=\"http:\/\/www.apucarana.pr.gov.br\/site\/wp-content\/uploads\/2026\/03\/2026-03-13_treinamento_guarda_municipal-1024x473-140x80.jpeg\" alt=\"2026-03-13_treinamento_guarda_municipal\" \/>\n\t\t\t\t<\/div>\n\n\t\t\t<\/div>\n\t\t\t<!-- END MasterSlider Main -->\n\n\t\t\t \n\t\t<\/div>\n\t\t<!-- END MasterSlider -->\n\n\t\t<script>\n\t\t( window.MSReady = window.MSReady || [] ).push( function( $ ) {\n\n\t\t\t\"use strict\";\n\t\t\tvar masterslider_55e1 = new MasterSlider();\n\n\t\t\t\/\/ slider controls\n\t\t\tmasterslider_55e1.control('arrows'     ,{ autohide:true, overVideo:true  });\n\t\t\tmasterslider_55e1.control('thumblist'  ,{ autohide:false, overVideo:true, dir:'h', speed:17, inset:false, arrows:false, hover:false, customClass:'', align:'bottom',type:'thumbs', margin:2, width:140, height:80, space:2, fillMode:'fill'  });\n\t\t\t\/\/ slider setup\n\t\t\tmasterslider_55e1.setup(\"MS69f1439b755e1\", {\n\t\t\t\twidth           : 960,\n\t\t\t\theight          : 540,\n\t\t\t\tminHeight       : 0,\n\t\t\t\tspace           : 0,\n\t\t\t\tstart           : 1,\n\t\t\t\tgrabCursor      : true,\n\t\t\t\tswipe           : true,\n\t\t\t\tmouse           : true,\n\t\t\t\tkeyboard        : false,\n\t\t\t\tlayout          : \"fillwidth\",\n\t\t\t\twheel           : false,\n\t\t\t\tautoplay        : true,\n                instantStartLayers:false,\n\t\t\t\tmobileBGVideo:false,\n\t\t\t\tloop            : true,\n\t\t\t\tshuffle         : false,\n\t\t\t\tpreload         : 3,\n\t\t\t\theightLimit     : false,\n\t\t\t\tautoHeight      : false,\n\t\t\t\tsmoothHeight    : true,\n\t\t\t\tendPause        : false,\n\t\t\t\toverPause       : false,\n\t\t\t\tfillMode        : \"fill\",\n\t\t\t\tcenterControls  : true,\n\t\t\t\tstartOnAppear   : false,\n\t\t\t\tlayersMode      : \"center\",\n\t\t\t\tautofillTarget  : \"\",\n\t\t\t\thideLayers      : false,\n\t\t\t\tfullscreenMargin: 0,\n\t\t\t\tspeed           : 17,\n\t\t\t\tdir             : \"h\",\n\t\t\t\tresponsive      : true,\n\t\t\t\ttabletWidth     : 768,\n\t\t\t\ttabletHeight    : null,\n\t\t\t\tphoneWidth      : 480,\n\t\t\t\tphoneHeight    : null,\n\t\t\t\tsizingReference : window,\n\t\t\t\tparallaxMode    : 'swipe',\n\t\t\t\tview            : \"basic\"\n\t\t\t});\n\n\t\t\t\n\t\t\twindow.masterslider_instances = window.masterslider_instances || [];\n\t\t\twindow.masterslider_instances.push( masterslider_55e1 );\n\t\t});\n\t\t<\/script>\n\n\n<p>A Guarda Civil Municipal (GCM) de Apucarana conclui nesta sexta-feira (13\/03) a participa\u00e7\u00e3o de dois agentes em um treinamento voltado \u00e0 forma\u00e7\u00e3o de multiplicadores em T\u00e9cnicas N\u00e3o Letais (TNL). A iniciativa amplia o preparo da corpora\u00e7\u00e3o e fortalece a qualifica\u00e7\u00e3o dos agentes para o atendimento \u00e0 popula\u00e7\u00e3o. A capacita\u00e7\u00e3o permanente integra as a\u00e7\u00f5es da Prefeitura de Apucarana voltadas ao fortalecimento da seguran\u00e7a p\u00fablica no munic\u00edpio, com investimento em treinamento, atualiza\u00e7\u00e3o t\u00e9cnica e aprimoramento dos protocolos de atua\u00e7\u00e3o da Guarda Civil Municipal.<\/p>\n<p>O curso est\u00e1 sendo realizado em Maring\u00e1 e re\u00fane guardas municipais de 13 cidades do Paran\u00e1, al\u00e9m de representantes de Ouro Branco (MG) e Chapec\u00f3 (SC), promovendo integra\u00e7\u00e3o e troca de experi\u00eancias entre as corpora\u00e7\u00f5es. Ap\u00f3s a conclus\u00e3o do curso, os participantes da GCM de Apucarana estar\u00e3o aptos a atuar como multiplicadores, repassando o conhecimento adquirido aos demais integrantes da corpora\u00e7\u00e3o e ampliando o n\u00edvel de preparo da guarda municipal.<\/p>\n<p>O secret\u00e1rio municipal de Seguran\u00e7a, Transporte, Tr\u00e2nsito, Mobilidade Urbana e Defesa Civil (SEGTRAN), major Vilson Laurentino da Silva, destaca que a forma\u00e7\u00e3o de instrutores fortalece a qualifica\u00e7\u00e3o cont\u00ednua da corpora\u00e7\u00e3o. \u201c\u00c9 um curso importante porque estamos formando instrutores que poder\u00e3o capacitar os agentes que j\u00e1 est\u00e3o na ativa e tamb\u00e9m os que ingressarem futuramente. Isso amplia o n\u00edvel de preparo da guarda municipal e melhora o atendimento prestado \u00e0 popula\u00e7\u00e3o\u201d, afirma.<\/p>\n<p>Segundo ele, o treinamento tamb\u00e9m aborda aspectos t\u00e9cnicos e legais do uso de equipamentos de menor potencial ofensivo. \u201cOs agentes passam por instru\u00e7\u00f5es com recursos como granada de efeito moral, g\u00e1s lacrimog\u00eaneo e granada de luz e som, que s\u00e3o armamentos de baixa letalidade, aprendendo n\u00e3o apenas a utiliza\u00e7\u00e3o correta, mas tamb\u00e9m os limites legais e operacionais. Isso garante uma atua\u00e7\u00e3o precisa e dentro da lei, inclusive em situa\u00e7\u00f5es de tumulto ou controle de dist\u00farbios, evitando que pessoas que n\u00e3o estejam envolvidas na ocorr\u00eancia sejam atingidas\u201d, explica o major Vilson.<\/p>\n<p>A capacita\u00e7\u00e3o \u00e9 ministrada pelo coronel da reserva Soares, profissional reconhecido na \u00e1rea de seguran\u00e7a p\u00fablica e ex-comandante do BOPE do Rio de Janeiro. O curso tamb\u00e9m conta com os instrutores Alex, Machado e Suzano, com organiza\u00e7\u00e3o do coronel da reserva C\u00e9sar Vinicius Kogut. O treinamento conta ainda com a participa\u00e7\u00e3o da empresa brasileira Condor Tecnologias N\u00e3o Letais, refer\u00eancia internacional no desenvolvimento de equipamentos de menor potencial ofensivo utilizados por for\u00e7as de seguran\u00e7a.<\/p>\n<p>De acordo com o comandante da GCM de Apucarana, F\u00e1bio de Souza, o investimento do munic\u00edpio para a participa\u00e7\u00e3o dos agentes foi de aproximadamente R$ 6 mil, aplicado diretamente na qualifica\u00e7\u00e3o profissional da corpora\u00e7\u00e3o. \u201cA forma\u00e7\u00e3o de multiplicadores \u00e9 muito importante porque permite que esse conhecimento seja compartilhado com todo o efetivo. Isso fortalece a prepara\u00e7\u00e3o da nossa guarda municipal para diferentes tipos de ocorr\u00eancias e contribui para um atendimento cada vez mais qualificado e seguro \u00e0 popula\u00e7\u00e3o\u201d, destaca.<\/p>\n<p>A Prefeitura de Apucarana vem incentivando a capacita\u00e7\u00e3o cont\u00ednua da Guarda Civil Municipal como parte das a\u00e7\u00f5es voltadas ao fortalecimento da seguran\u00e7a e \u00e0 melhoria do atendimento \u00e0 popula\u00e7\u00e3o.<\/p>\n","protected":false},"excerpt":{"rendered":"<p>A Guarda Civil Municipal (GCM) de Apucarana conclui nesta sexta-feira (13\/03) a participa&ccedil;&atilde;o de dois agentes em um treinamento voltado &agrave; forma&ccedil;&atilde;o de multiplicadores em T&eacute;cnicas N&atilde;o Letais (TNL). A iniciativa amplia o preparo da corpora&ccedil;&atilde;o e fortalece a qualifica&ccedil;&atilde;o dos agentes para o atendimento &agrave; popula&ccedil;&atilde;o. A capacita&ccedil;&atilde;o permanente integra as a&ccedil;&otilde;es da Prefeitura [&hellip;]<\/p>\n","protected":false},"author":8,"featured_media":124666,"comment_status":"closed","ping_status":"closed","sticky":false,"template":"","format":"standard","meta":{"footnotes":""},"categories":[24],"tags":[],"class_list":["post-124665","post","type-post","status-publish","format-standard","has-post-thumbnail","hentry","category-noticias"],"acf":[],"_links":{"self":[{"href":"http:\/\/www.apucarana.pr.gov.br\/site\/wp-json\/wp\/v2\/posts\/124665","targetHints":{"allow":["GET"]}}],"collection":[{"href":"http:\/\/www.apucarana.pr.gov.br\/site\/wp-json\/wp\/v2\/posts"}],"about":[{"href":"http:\/\/www.apucarana.pr.gov.br\/site\/wp-json\/wp\/v2\/types\/post"}],"author":[{"embeddable":true,"href":"http:\/\/www.apucarana.pr.gov.br\/site\/wp-json\/wp\/v2\/users\/8"}],"replies":[{"embeddable":true,"href":"http:\/\/www.apucarana.pr.gov.br\/site\/wp-json\/wp\/v2\/comments?post=124665"}],"version-history":[{"count":2,"href":"http:\/\/www.apucarana.pr.gov.br\/site\/wp-json\/wp\/v2\/posts\/124665\/revisions"}],"predecessor-version":[{"id":124674,"href":"http:\/\/www.apucarana.pr.gov.br\/site\/wp-json\/wp\/v2\/posts\/124665\/revisions\/124674"}],"wp:featuredmedia":[{"embeddable":true,"href":"http:\/\/www.apucarana.pr.gov.br\/site\/wp-json\/wp\/v2\/media\/124666"}],"wp:attachment":[{"href":"http:\/\/www.apucarana.pr.gov.br\/site\/wp-json\/wp\/v2\/media?parent=124665"}],"wp:term":[{"taxonomy":"category","embeddable":true,"href":"http:\/\/www.apucarana.pr.gov.br\/site\/wp-json\/wp\/v2\/categories?post=124665"},{"taxonomy":"post_tag","embeddable":true,"href":"http:\/\/www.apucarana.pr.gov.br\/site\/wp-json\/wp\/v2\/tags?post=124665"}],"curies":[{"name":"wp","href":"https:\/\/api.w.org\/{rel}","templated":true}]}}