{"id":124648,"date":"2026-03-12T21:20:59","date_gmt":"2026-03-13T00:20:59","guid":{"rendered":"https:\/\/www.apucarana.pr.gov.br\/site\/?p=124648"},"modified":"2026-03-13T16:46:17","modified_gmt":"2026-03-13T19:46:17","slug":"apucarana-participa-de-seminario-internacional-sobre-politicas-de-cuidado-na-rede-mercocidades","status":"publish","type":"post","link":"http:\/\/www.apucarana.pr.gov.br\/site\/apucarana-participa-de-seminario-internacional-sobre-politicas-de-cuidado-na-rede-mercocidades\/","title":{"rendered":"Apucarana participa de semin\u00e1rio internacional sobre pol\u00edticas de cuidado na rede Mercocidades"},"content":{"rendered":"\n\t\t<!-- MasterSlider -->\n\t\t<div id=\"P_MS69f143a426d52\" class=\"master-slider-parent master-slider-gallery   ms-parent-id-0\" style=\"\" >\n\n\t\t\t\n\t\t\t<!-- MasterSlider Main -->\n\t\t\t<div id=\"MS69f143a426d52\" class=\"master-slider ms-skin-default\" >\n\t\t\t\t \t\t\t\t \n\t\t\t<div  class=\"ms-slide\" data-delay=\"3\"    >\n\t\t\t\t\t<img decoding=\"async\" src=\"http:\/\/www.apucarana.pr.gov.br\/site\/wp-content\/plugins\/masterslider\/public\/assets\/css\/blank.gif\" alt=\"Apucarana participa de semin\u00e1rio internacional sobre pol\u00edticas de cuidado na rede Mercocidades\" title=\"Apucarana participa de semin\u00e1rio internacional sobre pol\u00edticas de cuidado na rede Mercocidades\" data-src=\"http:\/\/www.apucarana.pr.gov.br\/site\/wp-content\/uploads\/2026\/03\/WhatsApp-Image-2026-03-12-at-20.30.52-1.jpeg\" \/>\n\t<a href=\"http:\/\/www.apucarana.pr.gov.br\/site\/apucarana-participa-de-seminario-internacional-sobre-politicas-de-cuidado-na-rede-mercocidades\/whatsapp-image-2026-03-12-at-20-30-52-1\/\" target=\"_self\"    >Apucarana participa de semin\u00e1rio internacional sobre pol\u00edticas de cuidado na rede Mercocidades<\/a>\n\n\t\t\t\t\t<div class=\"ms-info\">Apucarana participa de semin\u00e1rio internacional sobre pol\u00edticas de cuidado na rede Mercocidades<\/div>\n\n\n\t<img decoding=\"async\" class=\"ms-thumb\" src=\"http:\/\/www.apucarana.pr.gov.br\/site\/wp-content\/uploads\/2026\/03\/WhatsApp-Image-2026-03-12-at-20.30.52-1-140x80.jpeg\" alt=\"Apucarana participa de semin\u00e1rio internacional sobre pol\u00edticas de cuidado na rede Mercocidades\" \/>\n\t\t\t\t<\/div>\n\n\t\t\t<\/div>\n\t\t\t<!-- END MasterSlider Main -->\n\n\t\t\t \n\t\t<\/div>\n\t\t<!-- END MasterSlider -->\n\n\t\t<script>\n\t\t( window.MSReady = window.MSReady || [] ).push( function( $ ) {\n\n\t\t\t\"use strict\";\n\t\t\tvar masterslider_6d52 = new MasterSlider();\n\n\t\t\t\/\/ slider controls\n\t\t\tmasterslider_6d52.control('arrows'     ,{ autohide:true, overVideo:true  });\n\t\t\tmasterslider_6d52.control('thumblist'  ,{ autohide:false, overVideo:true, dir:'h', speed:17, inset:false, arrows:false, hover:false, customClass:'', align:'bottom',type:'thumbs', margin:2, width:140, height:80, space:2, fillMode:'fill'  });\n\t\t\tmasterslider_6d52.control('slideinfo'  ,{ autohide:true, overVideo:true, dir:'h', align:'bottom',inset:true , margin:80  , size:30 });\n\t\t\t\/\/ slider setup\n\t\t\tmasterslider_6d52.setup(\"MS69f143a426d52\", {\n\t\t\t\twidth           : 960,\n\t\t\t\theight          : 540,\n\t\t\t\tminHeight       : 0,\n\t\t\t\tspace           : 0,\n\t\t\t\tstart           : 1,\n\t\t\t\tgrabCursor      : true,\n\t\t\t\tswipe           : true,\n\t\t\t\tmouse           : true,\n\t\t\t\tkeyboard        : false,\n\t\t\t\tlayout          : \"fillwidth\",\n\t\t\t\twheel           : false,\n\t\t\t\tautoplay        : false,\n                instantStartLayers:false,\n\t\t\t\tmobileBGVideo:false,\n\t\t\t\tloop            : false,\n\t\t\t\tshuffle         : false,\n\t\t\t\tpreload         : 3,\n\t\t\t\theightLimit     : false,\n\t\t\t\tautoHeight      : false,\n\t\t\t\tsmoothHeight    : true,\n\t\t\t\tendPause        : false,\n\t\t\t\toverPause       : false,\n\t\t\t\tfillMode        : \"fill\",\n\t\t\t\tcenterControls  : true,\n\t\t\t\tstartOnAppear   : false,\n\t\t\t\tlayersMode      : \"center\",\n\t\t\t\tautofillTarget  : \"\",\n\t\t\t\thideLayers      : false,\n\t\t\t\tfullscreenMargin: 0,\n\t\t\t\tspeed           : 17,\n\t\t\t\tdir             : \"h\",\n\t\t\t\tresponsive      : true,\n\t\t\t\ttabletWidth     : 768,\n\t\t\t\ttabletHeight    : null,\n\t\t\t\tphoneWidth      : 480,\n\t\t\t\tphoneHeight    : null,\n\t\t\t\tsizingReference : window,\n\t\t\t\tparallaxMode    : 'swipe',\n\t\t\t\tview            : \"basic\"\n\t\t\t});\n\n\t\t\t\n\t\t\twindow.masterslider_instances = window.masterslider_instances || [];\n\t\t\twindow.masterslider_instances.push( masterslider_6d52 );\n\t\t});\n\t\t<\/script>\n\n\n<p>Apucarana, que integra a rede internacional Mercocidades desde o final do ano passado, participou do encontro anual de coordena\u00e7\u00e3o da entidade realizado entre os dias 10 e 12 de mar\u00e7o, em Montevid\u00e9u (Uruguai), quando foi definida a agenda de atividades da rede para o ano. O evento teve destaque para as discuss\u00f5es sobre pol\u00edticas de cuidado \u2014 tema alinhado ao lema da atual gest\u00e3o municipal, \u201cCuidando das pessoas. Construindo o futuro\u201d.\u00a0O prefeito Rodolfo Mota representou o munic\u00edpio nos debates e tamb\u00e9m contribuiu com os trabalhos do grupo de Ci\u00eancia e Tecnologia da rede, voltado \u00e0 inova\u00e7\u00e3o e ao desenvolvimento urbano.<\/p>\n<p>O semin\u00e1rio integrou a iniciativa \u201cCidades de Cuidados\u201d, promovida pela rede Mercocidades, que incentiva governos locais a assumirem compromissos com pol\u00edticas p\u00fablicas voltadas ao cuidado das pessoas. Durante os debates, cidades apresentaram experi\u00eancias e projetos relacionados \u00e0 prote\u00e7\u00e3o social, inclus\u00e3o e fortalecimento de redes de apoio comunit\u00e1rio.<\/p>\n<p>Para o prefeito Rodolfo Mota, a participa\u00e7\u00e3o de Apucarana em espa\u00e7os de coopera\u00e7\u00e3o internacional fortalece o interc\u00e2mbio de experi\u00eancias e contribui para o desenvolvimento de pol\u00edticas p\u00fablicas mais eficientes. \u201cA troca de experi\u00eancias entre cidades \u00e9 fundamental para avan\u00e7armos em solu\u00e7\u00f5es que realmente impactem a vida das pessoas, especialmente quando falamos de cuidado com crian\u00e7as, idosos e com quem mais precisa da aten\u00e7\u00e3o do poder p\u00fablico\u201d, afirmou.<\/p>\n<p>Apucarana passou a integrar a rede Mercocidades em dezembro de 2025, durante a XXX C\u00fapula da entidade realizada em Niter\u00f3i (RJ). A participa\u00e7\u00e3o no grupo de trabalho de Ci\u00eancia e Tecnologia amplia as oportunidades de coopera\u00e7\u00e3o e troca de experi\u00eancias entre cidades da Am\u00e9rica Latina, especialmente em iniciativas voltadas \u00e0 inova\u00e7\u00e3o e ao desenvolvimento urbano.<\/p>\n<p>O encontro contou ainda com a participa\u00e7\u00e3o de representantes de organismos e institui\u00e7\u00f5es internacionais, como o Banco de Desenvolvimento da Am\u00e9rica Latina e Caribe (CAF), a rede Governos Locais pela Sustentabilidade (ICLEI), o Instituto de Pol\u00edticas P\u00fablicas em Direitos Humanos do Mercosul (IPPDH), a Organiza\u00e7\u00e3o Internacional para as Migra\u00e7\u00f5es (OIM), o Fundo Andaluz de Munic\u00edpios para a Solidariedade Internacional (FAMSI), a Associa\u00e7\u00e3o de Universidades Grupo Montevid\u00e9u (AUGM), a Ag\u00eancia Uruguaia para Coopera\u00e7\u00e3o Internacional (AUCI), o Minist\u00e9rio das Rela\u00e7\u00f5es Exteriores do Uruguai, a Diputaci\u00f3n de Sevilla e o Centro de Forma\u00e7\u00e3o para a Integra\u00e7\u00e3o Regional (CEFIR).<\/p>\n<p>As discuss\u00f5es foram organizadas em quatro grandes eixos: integra\u00e7\u00e3o entre agendas globais e regionais, financiamento de projetos locais, cidades cuidadoras e de oportunidades e cultura como pilar do desenvolvimento e do bem-estar. As cidades participantes tamb\u00e9m apresentaram planos de trabalho e projetos coletivos nas mesas tem\u00e1ticas, priorizando temas como desenvolvimento sustent\u00e1vel, inclus\u00e3o social e seguran\u00e7a p\u00fablica.<\/p>\n","protected":false},"excerpt":{"rendered":"<p>Apucarana, que integra a rede internacional Mercocidades desde o final do ano passado, participou do encontro anual de coordena&ccedil;&atilde;o da entidade realizado entre os dias 10 e 12 de mar&ccedil;o, em Montevid&eacute;u (Uruguai), quando foi definida a agenda de atividades da rede para o ano. O evento teve destaque para as discuss&otilde;es sobre pol&iacute;ticas de [&hellip;]<\/p>\n","protected":false},"author":18,"featured_media":124649,"comment_status":"closed","ping_status":"closed","sticky":false,"template":"","format":"standard","meta":{"footnotes":""},"categories":[24],"tags":[],"class_list":["post-124648","post","type-post","status-publish","format-standard","has-post-thumbnail","hentry","category-noticias"],"acf":[],"_links":{"self":[{"href":"http:\/\/www.apucarana.pr.gov.br\/site\/wp-json\/wp\/v2\/posts\/124648","targetHints":{"allow":["GET"]}}],"collection":[{"href":"http:\/\/www.apucarana.pr.gov.br\/site\/wp-json\/wp\/v2\/posts"}],"about":[{"href":"http:\/\/www.apucarana.pr.gov.br\/site\/wp-json\/wp\/v2\/types\/post"}],"author":[{"embeddable":true,"href":"http:\/\/www.apucarana.pr.gov.br\/site\/wp-json\/wp\/v2\/users\/18"}],"replies":[{"embeddable":true,"href":"http:\/\/www.apucarana.pr.gov.br\/site\/wp-json\/wp\/v2\/comments?post=124648"}],"version-history":[{"count":3,"href":"http:\/\/www.apucarana.pr.gov.br\/site\/wp-json\/wp\/v2\/posts\/124648\/revisions"}],"predecessor-version":[{"id":124653,"href":"http:\/\/www.apucarana.pr.gov.br\/site\/wp-json\/wp\/v2\/posts\/124648\/revisions\/124653"}],"wp:featuredmedia":[{"embeddable":true,"href":"http:\/\/www.apucarana.pr.gov.br\/site\/wp-json\/wp\/v2\/media\/124649"}],"wp:attachment":[{"href":"http:\/\/www.apucarana.pr.gov.br\/site\/wp-json\/wp\/v2\/media?parent=124648"}],"wp:term":[{"taxonomy":"category","embeddable":true,"href":"http:\/\/www.apucarana.pr.gov.br\/site\/wp-json\/wp\/v2\/categories?post=124648"},{"taxonomy":"post_tag","embeddable":true,"href":"http:\/\/www.apucarana.pr.gov.br\/site\/wp-json\/wp\/v2\/tags?post=124648"}],"curies":[{"name":"wp","href":"https:\/\/api.w.org\/{rel}","templated":true}]}}