{"id":124630,"date":"2026-03-12T17:31:29","date_gmt":"2026-03-12T20:31:29","guid":{"rendered":"https:\/\/www.apucarana.pr.gov.br\/site\/?p=124630"},"modified":"2026-03-12T18:27:56","modified_gmt":"2026-03-12T21:27:56","slug":"prefeitura-realiza-operacao-conjunta-e-fiscaliza-pensionato-irregular-no-centro-de-apucarana","status":"publish","type":"post","link":"http:\/\/www.apucarana.pr.gov.br\/site\/prefeitura-realiza-operacao-conjunta-e-fiscaliza-pensionato-irregular-no-centro-de-apucarana\/","title":{"rendered":"Prefeitura realiza opera\u00e7\u00e3o conjunta e fiscaliza pensionato irregular no centro de Apucarana"},"content":{"rendered":"\n\t\t<!-- MasterSlider -->\n\t\t<div id=\"P_MS69f143dae1c5a\" class=\"master-slider-parent master-slider-gallery   ms-parent-id-0\" style=\"\" >\n\n\t\t\t\n\t\t\t<!-- MasterSlider Main -->\n\t\t\t<div id=\"MS69f143dae1c5a\" class=\"master-slider ms-skin-default\" >\n\t\t\t\t \t\t\t\t \n\t\t\t<div  class=\"ms-slide\" data-delay=\"3\"    >\n\t\t\t\t\t<img decoding=\"async\" src=\"http:\/\/www.apucarana.pr.gov.br\/site\/wp-content\/plugins\/masterslider\/public\/assets\/css\/blank.gif\" alt=\"2026-03-12_moco_pensao_fiscalizacao025\" title=\"2026-03-12_moco_pensao_fiscalizacao025\" data-src=\"http:\/\/www.apucarana.pr.gov.br\/site\/wp-content\/uploads\/2026\/03\/2026-03-12_moco_pensao_fiscalizacao025-1024x683.jpg\" \/>\n\t<a href=\"http:\/\/www.apucarana.pr.gov.br\/site\/wp-content\/uploads\/2026\/03\/2026-03-12_moco_pensao_fiscalizacao025-1024x683.jpg\" target=\"_self\"    >2026-03-12_moco_pensao_fiscalizacao025<\/a>\n\n\n\t<img decoding=\"async\" class=\"ms-thumb\" src=\"http:\/\/www.apucarana.pr.gov.br\/site\/wp-content\/uploads\/2026\/03\/2026-03-12_moco_pensao_fiscalizacao025-1024x683-140x80.jpg\" alt=\"2026-03-12_moco_pensao_fiscalizacao025\" \/>\n\t\t\t\t<\/div>\n\t\t\t<div  class=\"ms-slide\" data-delay=\"3\"    >\n\t\t\t\t\t<img decoding=\"async\" src=\"http:\/\/www.apucarana.pr.gov.br\/site\/wp-content\/plugins\/masterslider\/public\/assets\/css\/blank.gif\" alt=\"2026-03-12_moco_pensao_fiscalizacao003\" title=\"2026-03-12_moco_pensao_fiscalizacao003\" data-src=\"http:\/\/www.apucarana.pr.gov.br\/site\/wp-content\/uploads\/2026\/03\/2026-03-12_moco_pensao_fiscalizacao003-1024x683.jpg\" \/>\n\t<a href=\"http:\/\/www.apucarana.pr.gov.br\/site\/wp-content\/uploads\/2026\/03\/2026-03-12_moco_pensao_fiscalizacao003-1024x683.jpg\" target=\"_self\"    >2026-03-12_moco_pensao_fiscalizacao003<\/a>\n\n\n\t<img decoding=\"async\" class=\"ms-thumb\" src=\"http:\/\/www.apucarana.pr.gov.br\/site\/wp-content\/uploads\/2026\/03\/2026-03-12_moco_pensao_fiscalizacao003-1024x683-140x80.jpg\" alt=\"2026-03-12_moco_pensao_fiscalizacao003\" \/>\n\t\t\t\t<\/div>\n\t\t\t<div  class=\"ms-slide\" data-delay=\"3\"    >\n\t\t\t\t\t<img decoding=\"async\" src=\"http:\/\/www.apucarana.pr.gov.br\/site\/wp-content\/plugins\/masterslider\/public\/assets\/css\/blank.gif\" alt=\"2026-03-12_moco_pensao_fiscalizacao006\" title=\"2026-03-12_moco_pensao_fiscalizacao006\" data-src=\"http:\/\/www.apucarana.pr.gov.br\/site\/wp-content\/uploads\/2026\/03\/2026-03-12_moco_pensao_fiscalizacao006-1024x683.jpg\" \/>\n\t<a href=\"http:\/\/www.apucarana.pr.gov.br\/site\/wp-content\/uploads\/2026\/03\/2026-03-12_moco_pensao_fiscalizacao006-1024x683.jpg\" target=\"_self\"    >2026-03-12_moco_pensao_fiscalizacao006<\/a>\n\n\n\t<img decoding=\"async\" class=\"ms-thumb\" src=\"http:\/\/www.apucarana.pr.gov.br\/site\/wp-content\/uploads\/2026\/03\/2026-03-12_moco_pensao_fiscalizacao006-1024x683-140x80.jpg\" alt=\"2026-03-12_moco_pensao_fiscalizacao006\" \/>\n\t\t\t\t<\/div>\n\t\t\t<div  class=\"ms-slide\" data-delay=\"3\"    >\n\t\t\t\t\t<img decoding=\"async\" src=\"http:\/\/www.apucarana.pr.gov.br\/site\/wp-content\/plugins\/masterslider\/public\/assets\/css\/blank.gif\" alt=\"2026-03-12_moco_pensao_fiscalizacao010\" title=\"2026-03-12_moco_pensao_fiscalizacao010\" data-src=\"http:\/\/www.apucarana.pr.gov.br\/site\/wp-content\/uploads\/2026\/03\/2026-03-12_moco_pensao_fiscalizacao010-1024x683.jpg\" \/>\n\t<a href=\"http:\/\/www.apucarana.pr.gov.br\/site\/wp-content\/uploads\/2026\/03\/2026-03-12_moco_pensao_fiscalizacao010-1024x683.jpg\" target=\"_self\"    >2026-03-12_moco_pensao_fiscalizacao010<\/a>\n\n\n\t<img decoding=\"async\" class=\"ms-thumb\" src=\"http:\/\/www.apucarana.pr.gov.br\/site\/wp-content\/uploads\/2026\/03\/2026-03-12_moco_pensao_fiscalizacao010-1024x683-140x80.jpg\" alt=\"2026-03-12_moco_pensao_fiscalizacao010\" \/>\n\t\t\t\t<\/div>\n\t\t\t<div  class=\"ms-slide\" data-delay=\"3\"    >\n\t\t\t\t\t<img decoding=\"async\" src=\"http:\/\/www.apucarana.pr.gov.br\/site\/wp-content\/plugins\/masterslider\/public\/assets\/css\/blank.gif\" alt=\"2026-03-12_moco_pensao_fiscalizacao011\" title=\"2026-03-12_moco_pensao_fiscalizacao011\" data-src=\"http:\/\/www.apucarana.pr.gov.br\/site\/wp-content\/uploads\/2026\/03\/2026-03-12_moco_pensao_fiscalizacao011-1024x683.jpg\" \/>\n\t<a href=\"http:\/\/www.apucarana.pr.gov.br\/site\/wp-content\/uploads\/2026\/03\/2026-03-12_moco_pensao_fiscalizacao011-1024x683.jpg\" target=\"_self\"    >2026-03-12_moco_pensao_fiscalizacao011<\/a>\n\n\n\t<img decoding=\"async\" class=\"ms-thumb\" src=\"http:\/\/www.apucarana.pr.gov.br\/site\/wp-content\/uploads\/2026\/03\/2026-03-12_moco_pensao_fiscalizacao011-1024x683-140x80.jpg\" alt=\"2026-03-12_moco_pensao_fiscalizacao011\" \/>\n\t\t\t\t<\/div>\n\t\t\t<div  class=\"ms-slide\" data-delay=\"3\"    >\n\t\t\t\t\t<img decoding=\"async\" src=\"http:\/\/www.apucarana.pr.gov.br\/site\/wp-content\/plugins\/masterslider\/public\/assets\/css\/blank.gif\" alt=\"2026-03-12_moco_pensao_fiscalizacao013\" title=\"2026-03-12_moco_pensao_fiscalizacao013\" data-src=\"http:\/\/www.apucarana.pr.gov.br\/site\/wp-content\/uploads\/2026\/03\/2026-03-12_moco_pensao_fiscalizacao013-1024x683.jpg\" \/>\n\t<a href=\"http:\/\/www.apucarana.pr.gov.br\/site\/wp-content\/uploads\/2026\/03\/2026-03-12_moco_pensao_fiscalizacao013-1024x683.jpg\" target=\"_self\"    >2026-03-12_moco_pensao_fiscalizacao013<\/a>\n\n\n\t<img decoding=\"async\" class=\"ms-thumb\" src=\"http:\/\/www.apucarana.pr.gov.br\/site\/wp-content\/uploads\/2026\/03\/2026-03-12_moco_pensao_fiscalizacao013-1024x683-140x80.jpg\" alt=\"2026-03-12_moco_pensao_fiscalizacao013\" \/>\n\t\t\t\t<\/div>\n\t\t\t<div  class=\"ms-slide\" data-delay=\"3\"    >\n\t\t\t\t\t<img decoding=\"async\" src=\"http:\/\/www.apucarana.pr.gov.br\/site\/wp-content\/plugins\/masterslider\/public\/assets\/css\/blank.gif\" alt=\"2026-03-12_moco_pensao_fiscalizacao015\" title=\"2026-03-12_moco_pensao_fiscalizacao015\" data-src=\"http:\/\/www.apucarana.pr.gov.br\/site\/wp-content\/uploads\/2026\/03\/2026-03-12_moco_pensao_fiscalizacao015-1024x683.jpg\" \/>\n\t<a href=\"http:\/\/www.apucarana.pr.gov.br\/site\/wp-content\/uploads\/2026\/03\/2026-03-12_moco_pensao_fiscalizacao015-1024x683.jpg\" target=\"_self\"    >2026-03-12_moco_pensao_fiscalizacao015<\/a>\n\n\n\t<img decoding=\"async\" class=\"ms-thumb\" src=\"http:\/\/www.apucarana.pr.gov.br\/site\/wp-content\/uploads\/2026\/03\/2026-03-12_moco_pensao_fiscalizacao015-1024x683-140x80.jpg\" alt=\"2026-03-12_moco_pensao_fiscalizacao015\" \/>\n\t\t\t\t<\/div>\n\t\t\t<div  class=\"ms-slide\" data-delay=\"3\"    >\n\t\t\t\t\t<img decoding=\"async\" src=\"http:\/\/www.apucarana.pr.gov.br\/site\/wp-content\/plugins\/masterslider\/public\/assets\/css\/blank.gif\" alt=\"2026-03-12_moco_pensao_fiscalizacao018\" title=\"2026-03-12_moco_pensao_fiscalizacao018\" data-src=\"http:\/\/www.apucarana.pr.gov.br\/site\/wp-content\/uploads\/2026\/03\/2026-03-12_moco_pensao_fiscalizacao018-1024x683.jpg\" \/>\n\t<a href=\"http:\/\/www.apucarana.pr.gov.br\/site\/wp-content\/uploads\/2026\/03\/2026-03-12_moco_pensao_fiscalizacao018-1024x683.jpg\" target=\"_self\"    >2026-03-12_moco_pensao_fiscalizacao018<\/a>\n\n\n\t<img decoding=\"async\" class=\"ms-thumb\" src=\"http:\/\/www.apucarana.pr.gov.br\/site\/wp-content\/uploads\/2026\/03\/2026-03-12_moco_pensao_fiscalizacao018-1024x683-140x80.jpg\" alt=\"2026-03-12_moco_pensao_fiscalizacao018\" \/>\n\t\t\t\t<\/div>\n\t\t\t<div  class=\"ms-slide\" data-delay=\"3\"    >\n\t\t\t\t\t<img decoding=\"async\" src=\"http:\/\/www.apucarana.pr.gov.br\/site\/wp-content\/plugins\/masterslider\/public\/assets\/css\/blank.gif\" alt=\"2026-03-12_moco_pensao_fiscalizacao023\" title=\"2026-03-12_moco_pensao_fiscalizacao023\" data-src=\"http:\/\/www.apucarana.pr.gov.br\/site\/wp-content\/uploads\/2026\/03\/2026-03-12_moco_pensao_fiscalizacao023-1024x683.jpg\" \/>\n\t<a href=\"http:\/\/www.apucarana.pr.gov.br\/site\/wp-content\/uploads\/2026\/03\/2026-03-12_moco_pensao_fiscalizacao023-1024x683.jpg\" target=\"_self\"    >2026-03-12_moco_pensao_fiscalizacao023<\/a>\n\n\n\t<img decoding=\"async\" class=\"ms-thumb\" src=\"http:\/\/www.apucarana.pr.gov.br\/site\/wp-content\/uploads\/2026\/03\/2026-03-12_moco_pensao_fiscalizacao023-1024x683-140x80.jpg\" alt=\"2026-03-12_moco_pensao_fiscalizacao023\" \/>\n\t\t\t\t<\/div>\n\t\t\t<div  class=\"ms-slide\" data-delay=\"3\"    >\n\t\t\t\t\t<img decoding=\"async\" src=\"http:\/\/www.apucarana.pr.gov.br\/site\/wp-content\/plugins\/masterslider\/public\/assets\/css\/blank.gif\" alt=\"2026-03-12_moco_pensao_fiscalizacao024\" title=\"2026-03-12_moco_pensao_fiscalizacao024\" data-src=\"http:\/\/www.apucarana.pr.gov.br\/site\/wp-content\/uploads\/2026\/03\/2026-03-12_moco_pensao_fiscalizacao024-1024x683.jpg\" \/>\n\t<a href=\"http:\/\/www.apucarana.pr.gov.br\/site\/wp-content\/uploads\/2026\/03\/2026-03-12_moco_pensao_fiscalizacao024-1024x683.jpg\" target=\"_self\"    >2026-03-12_moco_pensao_fiscalizacao024<\/a>\n\n\n\t<img decoding=\"async\" class=\"ms-thumb\" src=\"http:\/\/www.apucarana.pr.gov.br\/site\/wp-content\/uploads\/2026\/03\/2026-03-12_moco_pensao_fiscalizacao024-1024x683-140x80.jpg\" alt=\"2026-03-12_moco_pensao_fiscalizacao024\" \/>\n\t\t\t\t<\/div>\n\n\t\t\t<\/div>\n\t\t\t<!-- END MasterSlider Main -->\n\n\t\t\t \n\t\t<\/div>\n\t\t<!-- END MasterSlider -->\n\n\t\t<script>\n\t\t( window.MSReady = window.MSReady || [] ).push( function( $ ) {\n\n\t\t\t\"use strict\";\n\t\t\tvar masterslider_1c5a = new MasterSlider();\n\n\t\t\t\/\/ slider controls\n\t\t\tmasterslider_1c5a.control('arrows'     ,{ autohide:true, overVideo:true  });\n\t\t\tmasterslider_1c5a.control('thumblist'  ,{ autohide:false, overVideo:true, dir:'h', speed:17, inset:false, arrows:false, hover:false, customClass:'', align:'bottom',type:'thumbs', margin:2, width:140, height:80, space:2, fillMode:'fill'  });\n\t\t\t\/\/ slider setup\n\t\t\tmasterslider_1c5a.setup(\"MS69f143dae1c5a\", {\n\t\t\t\twidth           : 960,\n\t\t\t\theight          : 540,\n\t\t\t\tminHeight       : 0,\n\t\t\t\tspace           : 0,\n\t\t\t\tstart           : 1,\n\t\t\t\tgrabCursor      : true,\n\t\t\t\tswipe           : true,\n\t\t\t\tmouse           : true,\n\t\t\t\tkeyboard        : false,\n\t\t\t\tlayout          : \"fillwidth\",\n\t\t\t\twheel           : false,\n\t\t\t\tautoplay        : true,\n                instantStartLayers:false,\n\t\t\t\tmobileBGVideo:false,\n\t\t\t\tloop            : true,\n\t\t\t\tshuffle         : false,\n\t\t\t\tpreload         : 3,\n\t\t\t\theightLimit     : false,\n\t\t\t\tautoHeight      : false,\n\t\t\t\tsmoothHeight    : true,\n\t\t\t\tendPause        : false,\n\t\t\t\toverPause       : false,\n\t\t\t\tfillMode        : \"fill\",\n\t\t\t\tcenterControls  : true,\n\t\t\t\tstartOnAppear   : false,\n\t\t\t\tlayersMode      : \"center\",\n\t\t\t\tautofillTarget  : \"\",\n\t\t\t\thideLayers      : false,\n\t\t\t\tfullscreenMargin: 0,\n\t\t\t\tspeed           : 17,\n\t\t\t\tdir             : \"h\",\n\t\t\t\tresponsive      : true,\n\t\t\t\ttabletWidth     : 768,\n\t\t\t\ttabletHeight    : null,\n\t\t\t\tphoneWidth      : 480,\n\t\t\t\tphoneHeight    : null,\n\t\t\t\tsizingReference : window,\n\t\t\t\tparallaxMode    : 'swipe',\n\t\t\t\tview            : \"basic\"\n\t\t\t});\n\n\t\t\t\n\t\t\twindow.masterslider_instances = window.masterslider_instances || [];\n\t\t\twindow.masterslider_instances.push( masterslider_1c5a );\n\t\t});\n\t\t<\/script>\n\n\n<p>A Prefeitura de Apucarana realizou, na tarde desta quinta-feira (12\/03), uma opera\u00e7\u00e3o de fiscaliza\u00e7\u00e3o em um pensionato conhecido como \u201cVila do Chaves e Carandiru\u201d, localizado na Rua Dr. Osvaldo Cruz, na regi\u00e3o central da cidade. A a\u00e7\u00e3o foi coordenada pela Secretaria Municipal de Seguran\u00e7a, Transporte, Tr\u00e2nsito, Mobilidade Urbana e Defesa Civil (Segtran) e contou com a participa\u00e7\u00e3o da Guarda Civil Municipal, da Secretaria de Meio Ambiente, al\u00e9m dos departamentos de Vigil\u00e2ncia Sanit\u00e1ria e de Fiscaliza\u00e7\u00e3o .<\/p>\n<p>A opera\u00e7\u00e3o tamb\u00e9m teve apoio da Pol\u00edcia Militar e do Corpo de Bombeiros, refor\u00e7ando o trabalho integrado entre as for\u00e7as de seguran\u00e7a e os \u00f3rg\u00e3os de fiscaliza\u00e7\u00e3o do munic\u00edpio.<\/p>\n<p>De acordo com o secret\u00e1rio da Segtran, major Vilson Laurentino da Silva, a a\u00e7\u00e3o foi motivada por diversas den\u00fancias relacionadas ao funcionamento do local. \u201cV\u00e1rias den\u00fancias apontavam que essa pens\u00e3o estaria sendo usada como ponto de tr\u00e1fico de drogas e tamb\u00e9m de recepta\u00e7\u00e3o de produtos advindos de furto. Em maio do ano passado, um assassinato tamb\u00e9m aconteceu no local, sendo que a v\u00edtima foi transportada em uma carriola e deixada com os p\u00e9s e m\u00e3os amarrados em outro terreno na mesma rua. Al\u00e9m disso, em novembro de 2025, um rapaz foi encontrado ferido e relatou ter sido agredido por outro homem na Vila do Chaves. Diante dessas informa\u00e7\u00f5es, solicitamos o apoio das for\u00e7as de seguran\u00e7a para fiscalizar o im\u00f3vel\u201d, explicou.<\/p>\n<p>Durante a vistoria, t\u00e9cnicos da Vigil\u00e2ncia Sanit\u00e1ria constataram que o im\u00f3vel n\u00e3o possui autoriza\u00e7\u00e3o para funcionar como pensionato e apresenta condi\u00e7\u00f5es inadequadas de higiene e seguran\u00e7a. \u201cO local n\u00e3o tem licen\u00e7a da Vigil\u00e2ncia Sanit\u00e1ria, do Corpo de Bombeiros nem alvar\u00e1 da Prefeitura. Al\u00e9m disso, apresenta fia\u00e7\u00e3o el\u00e9trica exposta, ac\u00famulo de entulho e lixo, o que caracteriza condi\u00e7\u00e3o insalubre. Para funcionar como pens\u00e3o, o local precisaria passar por uma reforma muito grande. Nas condi\u00e7\u00f5es atuais, n\u00e3o h\u00e1 possibilidade de funcionamento\u201d, afirmou o t\u00e9cnico Nelson Jorge Capelari.<\/p>\n<p>A agente fiscal da Secretaria Municipal da Fazenda, Neusa Faustino de Oliveira, informou que o propriet\u00e1rio do im\u00f3vel n\u00e3o foi localizado durante a opera\u00e7\u00e3o, mas j\u00e1 foi identificado. \u201cN\u00f3s iremos notific\u00e1-lo para que encerre as atividades realizadas no local, pois a pens\u00e3o n\u00e3o possui licen\u00e7a da Vigil\u00e2ncia Sanit\u00e1ria, do Corpo de Bombeiros nem da Prefeitura. Ele dever\u00e1 comparecer para tomar as provid\u00eancias necess\u00e1rias, inclusive para a retirada das pessoas e de seus pertences\u201d, explicou.<\/p>\n<p>Segundo informa\u00e7\u00f5es levantadas durante a fiscaliza\u00e7\u00e3o, o im\u00f3vel seria alugado pelo propriet\u00e1rio a uma pessoa que, por sua vez, sublocava quartos para terceiros, com valores que chegavam a R$ 30 por di\u00e1ria ou R$ 400 por m\u00eas.<\/p>\n<p>Apesar das den\u00fancias, nenhuma irregularidade criminal foi constatada no momento da a\u00e7\u00e3o. \u201cHavia cerca de dez pessoas que se diziam inquilinas no local. Consultamos os dados no sistema e n\u00e3o foi encontrado nenhum mandado de pris\u00e3o em aberto, nem produtos il\u00edcitos. A atua\u00e7\u00e3o da Pol\u00edcia Militar, em conjunto com a Guarda Municipal, foi garantir a seguran\u00e7a para o trabalho de fiscaliza\u00e7\u00e3o realizado pelos \u00f3rg\u00e3os da prefeitura\u201d, concluiu o tenente Rech, do 10\u00ba Batalh\u00e3o de Pol\u00edcia Militar.<\/p>\n<p>A Prefeitura tamb\u00e9m esclareceu que a Secretaria Municipal de Assist\u00eancia Social n\u00e3o participa de abordagens conjuntas com for\u00e7as de seguran\u00e7a durante opera\u00e7\u00f5es desse tipo. O papel da assist\u00eancia social \u00e9 voltado \u00e0 prote\u00e7\u00e3o social e ao atendimento de pessoas em situa\u00e7\u00e3o de vulnerabilidade, sendo acionada apenas quando h\u00e1 verifica\u00e7\u00e3o de poss\u00edvel viola\u00e7\u00e3o de direitos, para prestar o acompanhamento necess\u00e1rio.<\/p>\n","protected":false},"excerpt":{"rendered":"<p>A Prefeitura de Apucarana realizou, na tarde desta quinta-feira (12\/03), uma opera&ccedil;&atilde;o de fiscaliza&ccedil;&atilde;o em um pensionato conhecido como &ldquo;Vila do Chaves e Carandiru&rdquo;, localizado na Rua Dr. Osvaldo Cruz, na regi&atilde;o central da cidade. A a&ccedil;&atilde;o foi coordenada pela Secretaria Municipal de Seguran&ccedil;a, Transporte, Tr&acirc;nsito, Mobilidade Urbana e Defesa Civil (Segtran) e contou com [&hellip;]<\/p>\n","protected":false},"author":8,"featured_media":124639,"comment_status":"closed","ping_status":"closed","sticky":false,"template":"","format":"standard","meta":{"footnotes":""},"categories":[24],"tags":[],"class_list":["post-124630","post","type-post","status-publish","format-standard","has-post-thumbnail","hentry","category-noticias"],"acf":[],"_links":{"self":[{"href":"http:\/\/www.apucarana.pr.gov.br\/site\/wp-json\/wp\/v2\/posts\/124630","targetHints":{"allow":["GET"]}}],"collection":[{"href":"http:\/\/www.apucarana.pr.gov.br\/site\/wp-json\/wp\/v2\/posts"}],"about":[{"href":"http:\/\/www.apucarana.pr.gov.br\/site\/wp-json\/wp\/v2\/types\/post"}],"author":[{"embeddable":true,"href":"http:\/\/www.apucarana.pr.gov.br\/site\/wp-json\/wp\/v2\/users\/8"}],"replies":[{"embeddable":true,"href":"http:\/\/www.apucarana.pr.gov.br\/site\/wp-json\/wp\/v2\/comments?post=124630"}],"version-history":[{"count":5,"href":"http:\/\/www.apucarana.pr.gov.br\/site\/wp-json\/wp\/v2\/posts\/124630\/revisions"}],"predecessor-version":[{"id":124647,"href":"http:\/\/www.apucarana.pr.gov.br\/site\/wp-json\/wp\/v2\/posts\/124630\/revisions\/124647"}],"wp:featuredmedia":[{"embeddable":true,"href":"http:\/\/www.apucarana.pr.gov.br\/site\/wp-json\/wp\/v2\/media\/124639"}],"wp:attachment":[{"href":"http:\/\/www.apucarana.pr.gov.br\/site\/wp-json\/wp\/v2\/media?parent=124630"}],"wp:term":[{"taxonomy":"category","embeddable":true,"href":"http:\/\/www.apucarana.pr.gov.br\/site\/wp-json\/wp\/v2\/categories?post=124630"},{"taxonomy":"post_tag","embeddable":true,"href":"http:\/\/www.apucarana.pr.gov.br\/site\/wp-json\/wp\/v2\/tags?post=124630"}],"curies":[{"name":"wp","href":"https:\/\/api.w.org\/{rel}","templated":true}]}}