{"id":124601,"date":"2026-03-11T18:24:20","date_gmt":"2026-03-11T21:24:20","guid":{"rendered":"https:\/\/www.apucarana.pr.gov.br\/site\/?p=124601"},"modified":"2026-03-13T11:20:27","modified_gmt":"2026-03-13T14:20:27","slug":"prefeitura-de-apucarana-realiza-campanha-para-destinacao-solidaria-do-imposto-de-renda","status":"publish","type":"post","link":"http:\/\/www.apucarana.pr.gov.br\/site\/prefeitura-de-apucarana-realiza-campanha-para-destinacao-solidaria-do-imposto-de-renda\/","title":{"rendered":"Prefeitura de Apucarana incentiva campanha para destina\u00e7\u00e3o solid\u00e1ria do Imposto de Renda"},"content":{"rendered":"<p>Com a proximidade do per\u00edodo de entrega da Declara\u00e7\u00e3o do Imposto de Renda, a Secretaria Municipal de Assist\u00eancia Social convida os cidad\u00e3os e as empresas a destinarem parte do imposto devido aos Fundos Municipais da Crian\u00e7a e do Adolescente e da Pessoa Idosa. A iniciativa permite que o contribuinte escolha onde uma parcela do tributo ser\u00e1 aplicada, fortalecendo projetos sociais que atendem diretamente crian\u00e7as, adolescentes e idosos de Apucarana, sem qualquer custo adicional.<\/p>\n<p>O prefeito Rodolfo Mota destaca que a destina\u00e7\u00e3o \u00e9 uma forma simples e eficiente de contribuir com o desenvolvimento social da cidade. \u201cMuitas pessoas n\u00e3o sabem que podem decidir onde parte do imposto delas ser\u00e1 aplicada. Quando o contribuinte escolhe destinar para os fundos municipais, ele garante que esse recurso permane\u00e7a em Apucarana e seja investido em projetos que cuidam das nossas crian\u00e7as, adolescentes e idosos. \u00c9 uma atitude solid\u00e1ria que faz diferen\u00e7a na vida de muitas fam\u00edlias\u201d, afirma.<\/p>\n<p>A Receita Federal divulgar\u00e1 na pr\u00f3xima segunda-feira (16) as regras da Declara\u00e7\u00e3o do Imposto de Renda Pessoa F\u00edsica (IRPF) 2026. Embora o calend\u00e1rio oficial ainda n\u00e3o tenha sido anunciado, a expectativa \u00e9 que o prazo de entrega da declara\u00e7\u00e3o comece no dia 16 e se estenda at\u00e9 29 de maio, seguindo o padr\u00e3o dos anos anteriores. Nesse per\u00edodo, os contribuintes que utilizam o modelo completo da declara\u00e7\u00e3o poder\u00e3o fazer a destina\u00e7\u00e3o diretamente no sistema da Receita Federal.<\/p>\n<p>De acordo com a secret\u00e1ria municipal de Assist\u00eancia Social, Fab\u00edola Carrero, a iniciativa fortalece projetos que impactam diretamente a comunidade. \u201cEsses recursos s\u00e3o fundamentais para apoiar institui\u00e7\u00f5es e projetos sociais que atuam no atendimento e na prote\u00e7\u00e3o de crian\u00e7as, adolescentes e idosos. Ao destinar parte do imposto, o contribuinte ajuda a ampliar oportunidades, fortalecer o acolhimento e garantir mais dignidade para quem mais precisa\u201d, ressalta.<\/p>\n<p>As doa\u00e7\u00f5es podem ser realizadas de duas formas: diretamente na declara\u00e7\u00e3o do Imposto de Renda ou em qualquer per\u00edodo do ano, por meio de dep\u00f3sito banc\u00e1rio. No caso das pessoas f\u00edsicas, \u00e9 poss\u00edvel destinar at\u00e9 3% do imposto devido para o Fundo Municipal da Crian\u00e7a e do Adolescente e outros 3% para o Fundo Municipal da Pessoa Idosa, totalizando at\u00e9 6%. J\u00e1 as empresas podem direcionar at\u00e9 1% do imposto devido.<\/p>\n<p>Para fazer a doa\u00e7\u00e3o diretamente na declara\u00e7\u00e3o, o contribuinte deve acessar a op\u00e7\u00e3o \u201cDoa\u00e7\u00f5es Diretamente na Declara\u00e7\u00e3o\u201d no programa da Receita Federal. Em seguida, selecionar o fundo desejado \u2014 Crian\u00e7a e do Adolescente ou Pessoa Idosa \u2014 clicar em \u201cNovo\u201d e escolher as op\u00e7\u00f5es \u201cMunicipal\u201d e \u201cApucarana\u201d. O pr\u00f3prio sistema informar\u00e1 o valor m\u00e1ximo que pode ser destinado. Depois, basta gerar o Documento de Arrecada\u00e7\u00e3o de Receitas Federais (DARF) e realizar o pagamento. Esse procedimento \u00e9 v\u00e1lido para quem utiliza o modelo de declara\u00e7\u00e3o completa.<\/p>\n<p>Outra possibilidade \u00e9 realizar doa\u00e7\u00f5es ao longo do ano por meio de dep\u00f3sito banc\u00e1rio nas contas dos fundos municipais, recebendo o benef\u00edcio fiscal na declara\u00e7\u00e3o seguinte.<\/p>\n<p>Os dados para doa\u00e7\u00e3o ao Fundo Municipal da Crian\u00e7a e do Adolescente s\u00e3o: Banco do Brasil, ag\u00eancia 0355, conta corrente 71492-5, CNPJ 18.463.933\/0001-80. Para o Fundo Municipal da Pessoa Idosa, as doa\u00e7\u00f5es podem ser feitas ao Banco do Brasil, ag\u00eancia 0355, conta corrente 76777-8, CNPJ 21.600.645\/0001-35.<\/p>\n<p>Ap\u00f3s realizar a doa\u00e7\u00e3o, o contribuinte deve encaminhar o comprovante de dep\u00f3sito ou de pagamento do DARF para o e-mail conselhosapucarana@gmail.com, informando nome completo, endere\u00e7o e n\u00famero de CPF ou CNPJ. Caso deseje destinar a contribui\u00e7\u00e3o a um projeto espec\u00edfico, essa informa\u00e7\u00e3o tamb\u00e9m pode ser inclu\u00edda na mensagem.<\/p>\n<p>Para mais informa\u00e7\u00f5es, os interessados podem entrar em contato pelo e-mail conselhosapucarana@gmail.com ou pelo telefone da Secretaria Municipal de Assist\u00eancia Social: (43) 3308-1450.<\/p>\n","protected":false},"excerpt":{"rendered":"<p>Com a proximidade do per&iacute;odo de entrega da Declara&ccedil;&atilde;o do Imposto de Renda, a Secretaria Municipal de Assist&ecirc;ncia Social convida os cidad&atilde;os e as empresas a destinarem parte do imposto devido aos Fundos Municipais da Crian&ccedil;a e do Adolescente e da Pessoa Idosa. A iniciativa permite que o contribuinte escolha onde uma parcela do tributo [&hellip;]<\/p>\n","protected":false},"author":8,"featured_media":124602,"comment_status":"closed","ping_status":"closed","sticky":false,"template":"","format":"standard","meta":{"footnotes":""},"categories":[24],"tags":[],"class_list":["post-124601","post","type-post","status-publish","format-standard","has-post-thumbnail","hentry","category-noticias"],"acf":[],"_links":{"self":[{"href":"http:\/\/www.apucarana.pr.gov.br\/site\/wp-json\/wp\/v2\/posts\/124601","targetHints":{"allow":["GET"]}}],"collection":[{"href":"http:\/\/www.apucarana.pr.gov.br\/site\/wp-json\/wp\/v2\/posts"}],"about":[{"href":"http:\/\/www.apucarana.pr.gov.br\/site\/wp-json\/wp\/v2\/types\/post"}],"author":[{"embeddable":true,"href":"http:\/\/www.apucarana.pr.gov.br\/site\/wp-json\/wp\/v2\/users\/8"}],"replies":[{"embeddable":true,"href":"http:\/\/www.apucarana.pr.gov.br\/site\/wp-json\/wp\/v2\/comments?post=124601"}],"version-history":[{"count":5,"href":"http:\/\/www.apucarana.pr.gov.br\/site\/wp-json\/wp\/v2\/posts\/124601\/revisions"}],"predecessor-version":[{"id":124664,"href":"http:\/\/www.apucarana.pr.gov.br\/site\/wp-json\/wp\/v2\/posts\/124601\/revisions\/124664"}],"wp:featuredmedia":[{"embeddable":true,"href":"http:\/\/www.apucarana.pr.gov.br\/site\/wp-json\/wp\/v2\/media\/124602"}],"wp:attachment":[{"href":"http:\/\/www.apucarana.pr.gov.br\/site\/wp-json\/wp\/v2\/media?parent=124601"}],"wp:term":[{"taxonomy":"category","embeddable":true,"href":"http:\/\/www.apucarana.pr.gov.br\/site\/wp-json\/wp\/v2\/categories?post=124601"},{"taxonomy":"post_tag","embeddable":true,"href":"http:\/\/www.apucarana.pr.gov.br\/site\/wp-json\/wp\/v2\/tags?post=124601"}],"curies":[{"name":"wp","href":"https:\/\/api.w.org\/{rel}","templated":true}]}}