{"id":12382,"date":"2018-01-25T09:31:47","date_gmt":"2018-01-25T11:31:47","guid":{"rendered":"http:\/\/172.16.0.7\/site-antigo\/?p=12382"},"modified":"2024-10-08T09:16:26","modified_gmt":"2024-10-08T12:16:26","slug":"prefeitura-entrega-reforma-de-quadra-esportiva-no-michel-soni","status":"publish","type":"post","link":"http:\/\/www.apucarana.pr.gov.br\/site\/prefeitura-entrega-reforma-de-quadra-esportiva-no-michel-soni\/","title":{"rendered":"Prefeitura entrega reforma de quadra esportiva no \u2018Michel Soni\u2019"},"content":{"rendered":"<p>A Prefeitura de Apucarana entregou oficialmente ontem, \u00e0 comunidade do N\u00facleo Michel Soni, as obras de reforma executadas na quadra poliesportiva da Escola Municipal Jos\u00e9 Brazil Camargo. A inaugura\u00e7\u00e3o integra o calend\u00e1rio de obras, na programa\u00e7\u00e3o comemorativa ao anivers\u00e1rio de 74 anos de Apucarana.<br \/>\nEm novembro de 2016, fortes ventos atingiram a regi\u00e3o e destru\u00edram a cobertura e prote\u00e7\u00f5es laterais da quadra. A reforma englobou a troca do telhado met\u00e1lico, a revis\u00e3o das instala\u00e7\u00f5es el\u00e9tricas, o fechamento lateral com mureta e alambrado, o fechamento frontal e traseiro em alvenaria com elementos vazados, a constru\u00e7\u00e3o de rampas de acessibilidade e a pintura e a demarca\u00e7\u00e3o da quadra.<br \/>\nA obra vai beneficiar cerca de 230 crian\u00e7as, matriculadas na institui\u00e7\u00e3o para o ano letivo de 2018. Os recursos investidos na melhoria de 839,89 m\u00b2 somaram R$ 200 mil.<br \/>\nAl\u00e9m da quadra poliesportiva, o pr\u00e9dio da Escola Jos\u00e9 Brazil Camargo tamb\u00e9m passou por obras recentemente. Entre 2015 e 2016, a Prefeitura de Apucarana aplicou outros R$ 476,2 mil na reforma de 412,64 m<sup>2<\/sup> e na amplia\u00e7\u00e3o 76,6 m<sup>2<\/sup>.<br \/>\nO prefeito Beto Preto (PSD) destacou aos moradores do bairro e autoridades presentes que, em cinco anos, sua gest\u00e3o j\u00e1 investiu R$ 26,8 milh\u00f5es na reforma e amplia\u00e7\u00e3o de dezenas de escolas e CMEIs. \u201cOutros R$ 3,3 milh\u00f5es, para melhorias em mais tr\u00eas escolas est\u00e3o agora em processo de licita\u00e7\u00e3o\u201d, anunciou, acrescentando que nos pr\u00f3ximos dias mais obras ser\u00e3o autorizadas ou inauguradas.<br \/>\nA secret\u00e1ria de educa\u00e7\u00e3o, professora Marli Fernandes, lembrou que o um bom ambiente escolar tamb\u00e9m contribui para aprendizado das crian\u00e7as. \u201cToda a nossa rede de escolas e CMEIs est\u00e1 recebendo melhorias, para garantir mais conforto e seguran\u00e7a aos alunos e professores. Temos curr\u00edculo \u00fanico, material did\u00e1tico de qualidade, uniformes e materiais, uma merenda premiada e ambientes mais adequados para os nossos alunos\u201d, comentou a secret\u00e1ria.<br \/>\nA solenidade teve a presen\u00e7a do vice-prefeito Junior da Femac; do presidente da C\u00e2mara Municipal, Mauro Bertoli; vereadores e secret\u00e1rios municipais, al\u00e9m de pais de alunos e lideran\u00e7as do N\u00facleo Michel Soni.<\/p>\n","protected":false},"excerpt":{"rendered":"<p>Os alunos da Escola Municipal Jos\u00e9 Brazil Camargo s\u00e3o os benefici\u00e1rios da obra que absorveu investimentos da ordem de 200 mil reais (Fotos: Profeta)<\/p>\n","protected":false},"author":4,"featured_media":12385,"comment_status":"closed","ping_status":"open","sticky":false,"template":"","format":"standard","meta":{"footnotes":""},"categories":[24],"tags":[65,56,98,132],"class_list":["post-12382","post","type-post","status-publish","format-standard","has-post-thumbnail","hentry","category-noticias","tag-educacao-fisica","tag-educacao-integral","tag-escola-municipal","tag-reforma-de-quadra-esportiva"],"acf":[],"_links":{"self":[{"href":"http:\/\/www.apucarana.pr.gov.br\/site\/wp-json\/wp\/v2\/posts\/12382","targetHints":{"allow":["GET"]}}],"collection":[{"href":"http:\/\/www.apucarana.pr.gov.br\/site\/wp-json\/wp\/v2\/posts"}],"about":[{"href":"http:\/\/www.apucarana.pr.gov.br\/site\/wp-json\/wp\/v2\/types\/post"}],"author":[{"embeddable":true,"href":"http:\/\/www.apucarana.pr.gov.br\/site\/wp-json\/wp\/v2\/users\/4"}],"replies":[{"embeddable":true,"href":"http:\/\/www.apucarana.pr.gov.br\/site\/wp-json\/wp\/v2\/comments?post=12382"}],"version-history":[{"count":1,"href":"http:\/\/www.apucarana.pr.gov.br\/site\/wp-json\/wp\/v2\/posts\/12382\/revisions"}],"predecessor-version":[{"id":101713,"href":"http:\/\/www.apucarana.pr.gov.br\/site\/wp-json\/wp\/v2\/posts\/12382\/revisions\/101713"}],"wp:featuredmedia":[{"embeddable":true,"href":"http:\/\/www.apucarana.pr.gov.br\/site\/wp-json\/"}],"wp:attachment":[{"href":"http:\/\/www.apucarana.pr.gov.br\/site\/wp-json\/wp\/v2\/media?parent=12382"}],"wp:term":[{"taxonomy":"category","embeddable":true,"href":"http:\/\/www.apucarana.pr.gov.br\/site\/wp-json\/wp\/v2\/categories?post=12382"},{"taxonomy":"post_tag","embeddable":true,"href":"http:\/\/www.apucarana.pr.gov.br\/site\/wp-json\/wp\/v2\/tags?post=12382"}],"curies":[{"name":"wp","href":"https:\/\/api.w.org\/{rel}","templated":true}]}}