{"id":122872,"date":"2026-01-27T15:15:09","date_gmt":"2026-01-27T18:15:09","guid":{"rendered":"https:\/\/www.apucarana.pr.gov.br\/site\/?p=122872"},"modified":"2026-01-27T15:15:09","modified_gmt":"2026-01-27T18:15:09","slug":"cafe-serra-de-apucarana-conquista-selo-de-indicacao-geografica-e-amplia-oportunidades-para-os-produtores","status":"publish","type":"post","link":"http:\/\/www.apucarana.pr.gov.br\/site\/cafe-serra-de-apucarana-conquista-selo-de-indicacao-geografica-e-amplia-oportunidades-para-os-produtores\/","title":{"rendered":"Caf\u00e9 Serra de Apucarana conquista selo de indica\u00e7\u00e3o geogr\u00e1fica e amplia oportunidades para os produtores"},"content":{"rendered":"\n\t\t<!-- MasterSlider -->\n\t\t<div id=\"P_MS69f08554a2f98\" class=\"master-slider-parent master-slider-gallery   ms-parent-id-0\" style=\"\" >\n\n\t\t\t\n\t\t\t<!-- MasterSlider Main -->\n\t\t\t<div id=\"MS69f08554a2f98\" class=\"master-slider ms-skin-default\" >\n\t\t\t\t \t\t\t\t \n\t\t\t<div  class=\"ms-slide\" data-delay=\"3\"    >\n\t\t\t\t\t<img decoding=\"async\" src=\"http:\/\/www.apucarana.pr.gov.br\/site\/wp-content\/plugins\/masterslider\/public\/assets\/css\/blank.gif\" alt=\"colheita_de_cafe-52-\" title=\"colheita_de_cafe-52-\" data-src=\"http:\/\/www.apucarana.pr.gov.br\/site\/wp-content\/uploads\/2026\/01\/colheita_de_cafe-52--1024x683.jpg\" \/>\n\t<a href=\"http:\/\/www.apucarana.pr.gov.br\/site\/wp-content\/uploads\/2026\/01\/colheita_de_cafe-52--1024x683.jpg\" target=\"_self\"    >colheita_de_cafe-52-<\/a>\n\n\n\t<img decoding=\"async\" class=\"ms-thumb\" src=\"http:\/\/www.apucarana.pr.gov.br\/site\/wp-content\/uploads\/2026\/01\/colheita_de_cafe-52--1024x683-140x80.jpg\" alt=\"colheita_de_cafe-52-\" \/>\n\t\t\t\t<\/div>\n\n\t\t\t<\/div>\n\t\t\t<!-- END MasterSlider Main -->\n\n\t\t\t \n\t\t<\/div>\n\t\t<!-- END MasterSlider -->\n\n\t\t<script>\n\t\t( window.MSReady = window.MSReady || [] ).push( function( $ ) {\n\n\t\t\t\"use strict\";\n\t\t\tvar masterslider_2f98 = new MasterSlider();\n\n\t\t\t\/\/ slider controls\n\t\t\tmasterslider_2f98.control('arrows'     ,{ autohide:true, overVideo:true  });\n\t\t\tmasterslider_2f98.control('thumblist'  ,{ autohide:false, overVideo:true, dir:'h', speed:17, inset:false, arrows:false, hover:false, customClass:'', align:'bottom',type:'thumbs', margin:2, width:140, height:80, space:2, fillMode:'fill'  });\n\t\t\t\/\/ slider setup\n\t\t\tmasterslider_2f98.setup(\"MS69f08554a2f98\", {\n\t\t\t\twidth           : 960,\n\t\t\t\theight          : 540,\n\t\t\t\tminHeight       : 0,\n\t\t\t\tspace           : 0,\n\t\t\t\tstart           : 1,\n\t\t\t\tgrabCursor      : true,\n\t\t\t\tswipe           : true,\n\t\t\t\tmouse           : true,\n\t\t\t\tkeyboard        : false,\n\t\t\t\tlayout          : \"fillwidth\",\n\t\t\t\twheel           : false,\n\t\t\t\tautoplay        : true,\n                instantStartLayers:false,\n\t\t\t\tmobileBGVideo:false,\n\t\t\t\tloop            : true,\n\t\t\t\tshuffle         : false,\n\t\t\t\tpreload         : 3,\n\t\t\t\theightLimit     : false,\n\t\t\t\tautoHeight      : false,\n\t\t\t\tsmoothHeight    : true,\n\t\t\t\tendPause        : false,\n\t\t\t\toverPause       : false,\n\t\t\t\tfillMode        : \"fill\",\n\t\t\t\tcenterControls  : true,\n\t\t\t\tstartOnAppear   : false,\n\t\t\t\tlayersMode      : \"center\",\n\t\t\t\tautofillTarget  : \"\",\n\t\t\t\thideLayers      : false,\n\t\t\t\tfullscreenMargin: 0,\n\t\t\t\tspeed           : 17,\n\t\t\t\tdir             : \"h\",\n\t\t\t\tresponsive      : true,\n\t\t\t\ttabletWidth     : 768,\n\t\t\t\ttabletHeight    : null,\n\t\t\t\tphoneWidth      : 480,\n\t\t\t\tphoneHeight    : null,\n\t\t\t\tsizingReference : window,\n\t\t\t\tparallaxMode    : 'swipe',\n\t\t\t\tview            : \"basic\"\n\t\t\t});\n\n\t\t\t\n\t\t\twindow.masterslider_instances = window.masterslider_instances || [];\n\t\t\twindow.masterslider_instances.push( masterslider_2f98 );\n\t\t});\n\t\t<\/script>\n\n\n<p>O caf\u00e9 que \u00e9 cultivado na regi\u00e3o de Apucarana agora tem selo de origem, importante reconhecimento nacional que atesta a autenticidade, o sabor \u00fanico e a qualidade dos gr\u00e3os produzidos, tendo como requerente a Associa\u00e7\u00e3o dos Cafeicultores de Apucarana (ACAP). O Instituto Nacional da Propriedade Industrial (INPI) concedeu ao Caf\u00e9 Serra de Apucarana o registro de Indica\u00e7\u00e3o Geogr\u00e1fica (IG), reconhecendo oficialmente a qualidade superior do produto e as caracter\u00edsticas \u00fanicas, colocando o munic\u00edpio no mapa dos caf\u00e9s especiais do Brasil.<\/p>\n<p>O prefeito Rodolfo Mota celebrou a conquista, lembrando a liga\u00e7\u00e3o hist\u00f3rica da cidade com a cafeicultura. &#8220;A hist\u00f3ria de Apucarana est\u00e1 intrinsecamente ligada \u00e0 produ\u00e7\u00e3o de caf\u00e9. O selo \u00e9 uma conquista que beneficia todos, garantindo um padr\u00e3o de qualidade para o consumidor, gerando mais renda aos cafeicultores e um valor agregado&#8221;, pontuou.<\/p>\n<p>Segundo o prefeito, o reconhecimento chega em um momento simb\u00f3lico para o setor. \u201cLogo ap\u00f3s a regi\u00e3o alcan\u00e7ar o primeiro lugar na categoria Caf\u00e9 Natural do 23\u00ba Concurso Caf\u00e9 Qualidade Paran\u00e1 2025, essa nova conquista representa a abertura de novos mercados, dentro e fora do pa\u00eds, valorizando o trabalho e a resili\u00eancia dos nossos produtores\u201d, completou.<\/p>\n<p>O secret\u00e1rio municipal de Agricultura, Wendel Metta, ressaltou a import\u00e2ncia econ\u00f4mica da cafeicultura e da certifica\u00e7\u00e3o. \u201cO caf\u00e9 segue como uma atividade estrat\u00e9gica para Apucarana. A Indica\u00e7\u00e3o Geogr\u00e1fica fortalece ainda mais os produtores, que j\u00e1 entregam um produto premiado, reconhecido e com alto padr\u00e3o de qualidade\u201d, destacou.<\/p>\n<p>Tiago Cunha, consultor do Sebrae e respons\u00e1vel pelo escrit\u00f3rio de Apucarana, explicou que o processo foi um trabalho coletivo. &#8220;Foi um trabalho desenvolvido pelo Sebrae em parceria com a Prefeitura, o Instituto de Desenvolvimento Rural (IDR-PR) e a Associa\u00e7\u00e3o dos Cafeicultores de Apucarana. Criamos uma governan\u00e7a e elaboramos todo o caderno de especifica\u00e7\u00f5es t\u00e9cnicas necess\u00e1rias para o pedido&#8221;, detalhou.<\/p>\n<p>De acordo com Tiago Cunha, o Brasil possui atualmente 152 Indica\u00e7\u00f5es Geogr\u00e1ficas reconhecidas, sendo 31 Denomina\u00e7\u00f5es de Origem (DO) e 120 Indica\u00e7\u00f5es de Proced\u00eancia (IP). \u201cAgora Apucarana faz parte desse seleto grupo, com o Caf\u00e9 reconhecido como Denomina\u00e7\u00e3o de Origem \u2014 um reconhecimento que agrega valor e projeta o caf\u00e9 de Apucarana nacional e internacionalmente\u201d, avaliou.<\/p>\n<p>O consultor esclareceu como os produtores poder\u00e3o usar o selo. &#8220;A IG pode ser utilizada por todos os produtores da regi\u00e3o, desde que atendam a todas as exig\u00eancias do caderno de especifica\u00e7\u00f5es. O comit\u00ea gestor far\u00e1 a avalia\u00e7\u00e3o. O selo \u00e9 para o caf\u00e9 j\u00e1 processado, torrado e mo\u00eddo. O produtor segue as orienta\u00e7\u00f5es de manejo, preparo do caf\u00e9 e, ap\u00f3s avalia\u00e7\u00e3o do comit\u00ea, pode receber o selo&#8221;, explicou.<\/p>\n<p>O reconhecimento levou em conta um conjunto de fatores naturais e de manejo que tornam o caf\u00e9 da regi\u00e3o \u00fanico. Entre eles est\u00e3o o clima, a altitude e as caracter\u00edsticas do solo, que influenciam diretamente na qualidade do gr\u00e3o e no perfil da bebida.<\/p>\n<p>A concess\u00e3o da Indica\u00e7\u00e3o Geogr\u00e1fica do Caf\u00e9 Serra de Apucarana foi publicada na Revista da Propriedade Intelectual, editada pelo INPI. Al\u00e9m de Apucarana, o reconhecimento abrange tamb\u00e9m propriedades localizadas em Cambira e Arapongas, ampliando o alcance territorial da certifica\u00e7\u00e3o e fortalecendo uma identidade regional.<\/p>\n","protected":false},"excerpt":{"rendered":"<p>O caf&eacute; que &eacute; cultivado na regi&atilde;o de Apucarana agora tem selo de origem, importante reconhecimento nacional que atesta a autenticidade, o sabor &uacute;nico e a qualidade dos gr&atilde;os produzidos, tendo como requerente a Associa&ccedil;&atilde;o dos Cafeicultores de Apucarana (ACAP). O Instituto Nacional da Propriedade Industrial (INPI) concedeu ao Caf&eacute; Serra de Apucarana o registro [&hellip;]<\/p>\n","protected":false},"author":7,"featured_media":122873,"comment_status":"closed","ping_status":"closed","sticky":false,"template":"","format":"standard","meta":{"footnotes":""},"categories":[24],"tags":[],"class_list":["post-122872","post","type-post","status-publish","format-standard","has-post-thumbnail","hentry","category-noticias"],"acf":[],"_links":{"self":[{"href":"http:\/\/www.apucarana.pr.gov.br\/site\/wp-json\/wp\/v2\/posts\/122872","targetHints":{"allow":["GET"]}}],"collection":[{"href":"http:\/\/www.apucarana.pr.gov.br\/site\/wp-json\/wp\/v2\/posts"}],"about":[{"href":"http:\/\/www.apucarana.pr.gov.br\/site\/wp-json\/wp\/v2\/types\/post"}],"author":[{"embeddable":true,"href":"http:\/\/www.apucarana.pr.gov.br\/site\/wp-json\/wp\/v2\/users\/7"}],"replies":[{"embeddable":true,"href":"http:\/\/www.apucarana.pr.gov.br\/site\/wp-json\/wp\/v2\/comments?post=122872"}],"version-history":[{"count":1,"href":"http:\/\/www.apucarana.pr.gov.br\/site\/wp-json\/wp\/v2\/posts\/122872\/revisions"}],"predecessor-version":[{"id":122874,"href":"http:\/\/www.apucarana.pr.gov.br\/site\/wp-json\/wp\/v2\/posts\/122872\/revisions\/122874"}],"wp:featuredmedia":[{"embeddable":true,"href":"http:\/\/www.apucarana.pr.gov.br\/site\/wp-json\/wp\/v2\/media\/122873"}],"wp:attachment":[{"href":"http:\/\/www.apucarana.pr.gov.br\/site\/wp-json\/wp\/v2\/media?parent=122872"}],"wp:term":[{"taxonomy":"category","embeddable":true,"href":"http:\/\/www.apucarana.pr.gov.br\/site\/wp-json\/wp\/v2\/categories?post=122872"},{"taxonomy":"post_tag","embeddable":true,"href":"http:\/\/www.apucarana.pr.gov.br\/site\/wp-json\/wp\/v2\/tags?post=122872"}],"curies":[{"name":"wp","href":"https:\/\/api.w.org\/{rel}","templated":true}]}}