{"id":122868,"date":"2026-01-27T14:26:06","date_gmt":"2026-01-27T17:26:06","guid":{"rendered":"https:\/\/www.apucarana.pr.gov.br\/site\/?p=122868"},"modified":"2026-01-27T14:26:06","modified_gmt":"2026-01-27T17:26:06","slug":"unidade-poupatempo-parana-de-apucarana-inicia-capacitacao-da-equipe-para-inauguracao-em-fevereiro","status":"publish","type":"post","link":"http:\/\/www.apucarana.pr.gov.br\/site\/unidade-poupatempo-parana-de-apucarana-inicia-capacitacao-da-equipe-para-inauguracao-em-fevereiro\/","title":{"rendered":"Unidade Poupatempo Paran\u00e1 de Apucarana inicia capacita\u00e7\u00e3o da equipe para inaugura\u00e7\u00e3o em fevereiro"},"content":{"rendered":"\n\t\t<!-- MasterSlider -->\n\t\t<div id=\"P_MS69f07694d2055\" class=\"master-slider-parent master-slider-gallery   ms-parent-id-0\" style=\"\" >\n\n\t\t\t\n\t\t\t<!-- MasterSlider Main -->\n\t\t\t<div id=\"MS69f07694d2055\" class=\"master-slider ms-skin-default\" >\n\t\t\t\t \t\t\t\t \n\t\t\t<div  class=\"ms-slide\" data-delay=\"3\"    >\n\t\t\t\t\t<img decoding=\"async\" src=\"http:\/\/www.apucarana.pr.gov.br\/site\/wp-content\/plugins\/masterslider\/public\/assets\/css\/blank.gif\" alt=\"WhatsApp Image 2026-01-27 at 11.05.56\" title=\"WhatsApp Image 2026-01-27 at 11.05.56\" data-src=\"http:\/\/www.apucarana.pr.gov.br\/site\/wp-content\/uploads\/2026\/01\/WhatsApp-Image-2026-01-27-at-11.05.56-1024x576.jpeg\" \/>\n\t<a href=\"http:\/\/www.apucarana.pr.gov.br\/site\/wp-content\/uploads\/2026\/01\/WhatsApp-Image-2026-01-27-at-11.05.56-1024x576.jpeg\" target=\"_self\"    >WhatsApp Image 2026-01-27 at 11.05.56<\/a>\n\n\n\t<img decoding=\"async\" class=\"ms-thumb\" src=\"http:\/\/www.apucarana.pr.gov.br\/site\/wp-content\/uploads\/2026\/01\/WhatsApp-Image-2026-01-27-at-11.05.56-1024x576-140x80.jpeg\" alt=\"WhatsApp Image 2026-01-27 at 11.05.56\" \/>\n\t\t\t\t<\/div>\n\n\t\t\t<\/div>\n\t\t\t<!-- END MasterSlider Main -->\n\n\t\t\t \n\t\t<\/div>\n\t\t<!-- END MasterSlider -->\n\n\t\t<script>\n\t\t( window.MSReady = window.MSReady || [] ).push( function( $ ) {\n\n\t\t\t\"use strict\";\n\t\t\tvar masterslider_2055 = new MasterSlider();\n\n\t\t\t\/\/ slider controls\n\t\t\tmasterslider_2055.control('arrows'     ,{ autohide:true, overVideo:true  });\n\t\t\tmasterslider_2055.control('thumblist'  ,{ autohide:false, overVideo:true, dir:'h', speed:17, inset:false, arrows:false, hover:false, customClass:'', align:'bottom',type:'thumbs', margin:2, width:140, height:80, space:2, fillMode:'fill'  });\n\t\t\t\/\/ slider setup\n\t\t\tmasterslider_2055.setup(\"MS69f07694d2055\", {\n\t\t\t\twidth           : 960,\n\t\t\t\theight          : 540,\n\t\t\t\tminHeight       : 0,\n\t\t\t\tspace           : 0,\n\t\t\t\tstart           : 1,\n\t\t\t\tgrabCursor      : true,\n\t\t\t\tswipe           : true,\n\t\t\t\tmouse           : true,\n\t\t\t\tkeyboard        : false,\n\t\t\t\tlayout          : \"fillwidth\",\n\t\t\t\twheel           : false,\n\t\t\t\tautoplay        : true,\n                instantStartLayers:false,\n\t\t\t\tmobileBGVideo:false,\n\t\t\t\tloop            : true,\n\t\t\t\tshuffle         : false,\n\t\t\t\tpreload         : 3,\n\t\t\t\theightLimit     : false,\n\t\t\t\tautoHeight      : false,\n\t\t\t\tsmoothHeight    : true,\n\t\t\t\tendPause        : false,\n\t\t\t\toverPause       : false,\n\t\t\t\tfillMode        : \"fill\",\n\t\t\t\tcenterControls  : true,\n\t\t\t\tstartOnAppear   : false,\n\t\t\t\tlayersMode      : \"center\",\n\t\t\t\tautofillTarget  : \"\",\n\t\t\t\thideLayers      : false,\n\t\t\t\tfullscreenMargin: 0,\n\t\t\t\tspeed           : 17,\n\t\t\t\tdir             : \"h\",\n\t\t\t\tresponsive      : true,\n\t\t\t\ttabletWidth     : 768,\n\t\t\t\ttabletHeight    : null,\n\t\t\t\tphoneWidth      : 480,\n\t\t\t\tphoneHeight    : null,\n\t\t\t\tsizingReference : window,\n\t\t\t\tparallaxMode    : 'swipe',\n\t\t\t\tview            : \"basic\"\n\t\t\t});\n\n\t\t\t\n\t\t\twindow.masterslider_instances = window.masterslider_instances || [];\n\t\t\twindow.masterslider_instances.push( masterslider_2055 );\n\t\t});\n\t\t<\/script>\n\n\n<p>O prefeito Rodolfo Mota acompanhou nesta semana, nas depend\u00eancias da Ag\u00eancia do Trabalhador de Apucarana, o in\u00edcio do treinamento da equipe que vai atuar no atendimento da unidade Apucarana do Poupatempo Paran\u00e1. Ao todo, s\u00e3o 23 profissionais contratados atrav\u00e9s da ag\u00eancia para atuarem na linha de frente do programa estadual, que ser\u00e1 gerenciado localmente em parceria com a Prefeitura de Apucarana.<\/p>\n<p>Conquistada em outubro do ano passado, a unidade deve ser inaugurada no dia 23 de fevereiro em sede que est\u00e1 sendo constru\u00edda na Rua Nagib Daher, 450, \u00e1rea central. Ao conversar com a equipe em treinamento, o prefeito destacou que o Poupatempo Paran\u00e1 \u00e9 uma importante iniciativa do Governo Ratinho J\u00fanior, que re\u00fane em um s\u00f3 espa\u00e7o mais de 200 servi\u00e7os p\u00fablicos, incluindo a emiss\u00e3o da nova Carteira de Identidade, atendimentos do Detran-PR, Receita Estadual, servi\u00e7os da Copel e Sanepar, consultas da Cohapar, cadastro no Programa Casa F\u00e1cil Paran\u00e1 e encaminhamento de solicita\u00e7\u00f5es de seguro-desemprego e vagas de emprego das Ag\u00eancias do Trabalhador.<\/p>\n<p>\u201cA nossa ag\u00eancia \u00e9 a respons\u00e1vel pelo recrutamento e capacita\u00e7\u00e3o dos profissionais. Atrav\u00e9s do superintendente do Trabalho, Neno Leiroz, a prefeitura tem dado todo suporte na organiza\u00e7\u00e3o e prepara\u00e7\u00e3o da equipe, garantindo um servi\u00e7o \u00e1gil, eficiente e humanizado desde o in\u00edcio das atividades\u201d, afirma Rodolfo Mota.<\/p>\n<p>O superintendente Neno Leiroz explica que a equipe que ir\u00e1 atuar na unidade \u00e9 composta por 18 atendentes, um gerente, um supervisor, um administrativo, um profissional de Tecnologia da Informa\u00e7\u00e3o (TI) e um de recursos humanos. \u201cEssa prepara\u00e7\u00e3o t\u00e9cnica da equipe \u00e9 uma etapa importante para assegurar a qualidade dos servi\u00e7os prestados na nova unidade, um modelo de atendimento integrado do Governo do Paran\u00e1 que re\u00fane diversos servi\u00e7os p\u00fablicos em um \u00fanico local, facilitando o acesso da popula\u00e7\u00e3o, reduzindo o tempo de espera e centralizando atendimentos essenciais\u201d, refor\u00e7a Leiroz, pontuando que entre os servi\u00e7os previstos para a unidade est\u00e3o atendimentos ligados \u00e0 \u00e1rea do trabalho, como intermedia\u00e7\u00e3o de vagas de emprego e seguro-desemprego, al\u00e9m de orienta\u00e7\u00f5es ao cidad\u00e3o, emiss\u00e3o e regulariza\u00e7\u00e3o de documentos e servi\u00e7os de \u00f3rg\u00e3os p\u00fablicos parceiros. A unidade funcionar\u00e1 de segunda a sexta-feira, das 8 \u00e0s 17 horas, mediante atendimento agendado.<\/p>\n","protected":false},"excerpt":{"rendered":"<p>O prefeito Rodolfo Mota acompanhou nesta semana, nas depend&ecirc;ncias da Ag&ecirc;ncia do Trabalhador de Apucarana, o in&iacute;cio do treinamento da equipe que vai atuar no atendimento da unidade Apucarana do Poupatempo Paran&aacute;. Ao todo, s&atilde;o 23 profissionais contratados atrav&eacute;s da ag&ecirc;ncia para atuarem na linha de frente do programa estadual, que ser&aacute; gerenciado localmente em [&hellip;]<\/p>\n","protected":false},"author":7,"featured_media":122870,"comment_status":"closed","ping_status":"closed","sticky":false,"template":"","format":"standard","meta":{"footnotes":""},"categories":[24],"tags":[],"class_list":["post-122868","post","type-post","status-publish","format-standard","has-post-thumbnail","hentry","category-noticias"],"acf":[],"_links":{"self":[{"href":"http:\/\/www.apucarana.pr.gov.br\/site\/wp-json\/wp\/v2\/posts\/122868","targetHints":{"allow":["GET"]}}],"collection":[{"href":"http:\/\/www.apucarana.pr.gov.br\/site\/wp-json\/wp\/v2\/posts"}],"about":[{"href":"http:\/\/www.apucarana.pr.gov.br\/site\/wp-json\/wp\/v2\/types\/post"}],"author":[{"embeddable":true,"href":"http:\/\/www.apucarana.pr.gov.br\/site\/wp-json\/wp\/v2\/users\/7"}],"replies":[{"embeddable":true,"href":"http:\/\/www.apucarana.pr.gov.br\/site\/wp-json\/wp\/v2\/comments?post=122868"}],"version-history":[{"count":1,"href":"http:\/\/www.apucarana.pr.gov.br\/site\/wp-json\/wp\/v2\/posts\/122868\/revisions"}],"predecessor-version":[{"id":122871,"href":"http:\/\/www.apucarana.pr.gov.br\/site\/wp-json\/wp\/v2\/posts\/122868\/revisions\/122871"}],"wp:featuredmedia":[{"embeddable":true,"href":"http:\/\/www.apucarana.pr.gov.br\/site\/wp-json\/wp\/v2\/media\/122870"}],"wp:attachment":[{"href":"http:\/\/www.apucarana.pr.gov.br\/site\/wp-json\/wp\/v2\/media?parent=122868"}],"wp:term":[{"taxonomy":"category","embeddable":true,"href":"http:\/\/www.apucarana.pr.gov.br\/site\/wp-json\/wp\/v2\/categories?post=122868"},{"taxonomy":"post_tag","embeddable":true,"href":"http:\/\/www.apucarana.pr.gov.br\/site\/wp-json\/wp\/v2\/tags?post=122868"}],"curies":[{"name":"wp","href":"https:\/\/api.w.org\/{rel}","templated":true}]}}