{"id":122860,"date":"2026-01-27T12:16:26","date_gmt":"2026-01-27T15:16:26","guid":{"rendered":"https:\/\/www.apucarana.pr.gov.br\/site\/?p=122860"},"modified":"2026-01-27T12:16:26","modified_gmt":"2026-01-27T15:16:26","slug":"entrega-de-kits-da-63a-prova-pedestre-28-de-janeiro-comeca-nesta-terca-feira","status":"publish","type":"post","link":"http:\/\/www.apucarana.pr.gov.br\/site\/entrega-de-kits-da-63a-prova-pedestre-28-de-janeiro-comeca-nesta-terca-feira\/","title":{"rendered":"Entrega de kits da 63\u00aa Prova Pedestre 28 de Janeiro come\u00e7a nesta ter\u00e7a-feira"},"content":{"rendered":"\n\t\t<!-- MasterSlider -->\n\t\t<div id=\"P_MS69f0778bb1184\" class=\"master-slider-parent master-slider-gallery   ms-parent-id-0\" style=\"\" >\n\n\t\t\t\n\t\t\t<!-- MasterSlider Main -->\n\t\t\t<div id=\"MS69f0778bb1184\" class=\"master-slider ms-skin-default\" >\n\t\t\t\t \t\t\t\t \n\t\t\t<div  class=\"ms-slide\" data-delay=\"3\"    >\n\t\t\t\t\t<img decoding=\"async\" src=\"http:\/\/www.apucarana.pr.gov.br\/site\/wp-content\/plugins\/masterslider\/public\/assets\/css\/blank.gif\" alt=\"2026-01-27_entrega_kit_28-de-janeiro002\" title=\"2026-01-27_entrega_kit_28-de-janeiro002\" data-src=\"http:\/\/www.apucarana.pr.gov.br\/site\/wp-content\/uploads\/2026\/01\/2026-01-27_entrega_kit_28-de-janeiro002-1024x683.jpg\" \/>\n\t<a href=\"http:\/\/www.apucarana.pr.gov.br\/site\/wp-content\/uploads\/2026\/01\/2026-01-27_entrega_kit_28-de-janeiro002-1024x683.jpg\" target=\"_self\"    >2026-01-27_entrega_kit_28-de-janeiro002<\/a>\n\n\n\t<img decoding=\"async\" class=\"ms-thumb\" src=\"http:\/\/www.apucarana.pr.gov.br\/site\/wp-content\/uploads\/2026\/01\/2026-01-27_entrega_kit_28-de-janeiro002-1024x683-140x80.jpg\" alt=\"2026-01-27_entrega_kit_28-de-janeiro002\" \/>\n\t\t\t\t<\/div>\n\t\t\t<div  class=\"ms-slide\" data-delay=\"3\"    >\n\t\t\t\t\t<img decoding=\"async\" src=\"http:\/\/www.apucarana.pr.gov.br\/site\/wp-content\/plugins\/masterslider\/public\/assets\/css\/blank.gif\" alt=\"2026-01-27_entrega_kit_28-de-janeiro003\" title=\"2026-01-27_entrega_kit_28-de-janeiro003\" data-src=\"http:\/\/www.apucarana.pr.gov.br\/site\/wp-content\/uploads\/2026\/01\/2026-01-27_entrega_kit_28-de-janeiro003-1024x683.jpg\" \/>\n\t<a href=\"http:\/\/www.apucarana.pr.gov.br\/site\/wp-content\/uploads\/2026\/01\/2026-01-27_entrega_kit_28-de-janeiro003-1024x683.jpg\" target=\"_self\"    >2026-01-27_entrega_kit_28-de-janeiro003<\/a>\n\n\n\t<img decoding=\"async\" class=\"ms-thumb\" src=\"http:\/\/www.apucarana.pr.gov.br\/site\/wp-content\/uploads\/2026\/01\/2026-01-27_entrega_kit_28-de-janeiro003-1024x683-140x80.jpg\" alt=\"2026-01-27_entrega_kit_28-de-janeiro003\" \/>\n\t\t\t\t<\/div>\n\t\t\t<div  class=\"ms-slide\" data-delay=\"3\"    >\n\t\t\t\t\t<img decoding=\"async\" src=\"http:\/\/www.apucarana.pr.gov.br\/site\/wp-content\/plugins\/masterslider\/public\/assets\/css\/blank.gif\" alt=\"2026-01-27_entrega_kit_28-de-janeiro004\" title=\"2026-01-27_entrega_kit_28-de-janeiro004\" data-src=\"http:\/\/www.apucarana.pr.gov.br\/site\/wp-content\/uploads\/2026\/01\/2026-01-27_entrega_kit_28-de-janeiro004-1024x683.jpg\" \/>\n\t<a href=\"http:\/\/www.apucarana.pr.gov.br\/site\/wp-content\/uploads\/2026\/01\/2026-01-27_entrega_kit_28-de-janeiro004-1024x683.jpg\" target=\"_self\"    >2026-01-27_entrega_kit_28-de-janeiro004<\/a>\n\n\n\t<img decoding=\"async\" class=\"ms-thumb\" src=\"http:\/\/www.apucarana.pr.gov.br\/site\/wp-content\/uploads\/2026\/01\/2026-01-27_entrega_kit_28-de-janeiro004-1024x683-140x80.jpg\" alt=\"2026-01-27_entrega_kit_28-de-janeiro004\" \/>\n\t\t\t\t<\/div>\n\t\t\t<div  class=\"ms-slide\" data-delay=\"3\"    >\n\t\t\t\t\t<img decoding=\"async\" src=\"http:\/\/www.apucarana.pr.gov.br\/site\/wp-content\/plugins\/masterslider\/public\/assets\/css\/blank.gif\" alt=\"2026-01-27_entrega_kit_28-de-janeiro006\" title=\"2026-01-27_entrega_kit_28-de-janeiro006\" data-src=\"http:\/\/www.apucarana.pr.gov.br\/site\/wp-content\/uploads\/2026\/01\/2026-01-27_entrega_kit_28-de-janeiro006-1024x683.jpg\" \/>\n\t<a href=\"http:\/\/www.apucarana.pr.gov.br\/site\/wp-content\/uploads\/2026\/01\/2026-01-27_entrega_kit_28-de-janeiro006-1024x683.jpg\" target=\"_self\"    >2026-01-27_entrega_kit_28-de-janeiro006<\/a>\n\n\n\t<img decoding=\"async\" class=\"ms-thumb\" src=\"http:\/\/www.apucarana.pr.gov.br\/site\/wp-content\/uploads\/2026\/01\/2026-01-27_entrega_kit_28-de-janeiro006-1024x683-140x80.jpg\" alt=\"2026-01-27_entrega_kit_28-de-janeiro006\" \/>\n\t\t\t\t<\/div>\n\t\t\t<div  class=\"ms-slide\" data-delay=\"3\"    >\n\t\t\t\t\t<img decoding=\"async\" src=\"http:\/\/www.apucarana.pr.gov.br\/site\/wp-content\/plugins\/masterslider\/public\/assets\/css\/blank.gif\" alt=\"2026-01-27_entrega_kit_28-de-janeiro007\" title=\"2026-01-27_entrega_kit_28-de-janeiro007\" data-src=\"http:\/\/www.apucarana.pr.gov.br\/site\/wp-content\/uploads\/2026\/01\/2026-01-27_entrega_kit_28-de-janeiro007-1024x683.jpg\" \/>\n\t<a href=\"http:\/\/www.apucarana.pr.gov.br\/site\/wp-content\/uploads\/2026\/01\/2026-01-27_entrega_kit_28-de-janeiro007-1024x683.jpg\" target=\"_self\"    >2026-01-27_entrega_kit_28-de-janeiro007<\/a>\n\n\n\t<img decoding=\"async\" class=\"ms-thumb\" src=\"http:\/\/www.apucarana.pr.gov.br\/site\/wp-content\/uploads\/2026\/01\/2026-01-27_entrega_kit_28-de-janeiro007-1024x683-140x80.jpg\" alt=\"2026-01-27_entrega_kit_28-de-janeiro007\" \/>\n\t\t\t\t<\/div>\n\t\t\t<div  class=\"ms-slide\" data-delay=\"3\"    >\n\t\t\t\t\t<img decoding=\"async\" src=\"http:\/\/www.apucarana.pr.gov.br\/site\/wp-content\/plugins\/masterslider\/public\/assets\/css\/blank.gif\" alt=\"2026-01-27_entrega_kit_28-de-janeiro008\" title=\"2026-01-27_entrega_kit_28-de-janeiro008\" data-src=\"http:\/\/www.apucarana.pr.gov.br\/site\/wp-content\/uploads\/2026\/01\/2026-01-27_entrega_kit_28-de-janeiro008-1024x683.jpg\" \/>\n\t<a href=\"http:\/\/www.apucarana.pr.gov.br\/site\/wp-content\/uploads\/2026\/01\/2026-01-27_entrega_kit_28-de-janeiro008-1024x683.jpg\" target=\"_self\"    >2026-01-27_entrega_kit_28-de-janeiro008<\/a>\n\n\n\t<img decoding=\"async\" class=\"ms-thumb\" src=\"http:\/\/www.apucarana.pr.gov.br\/site\/wp-content\/uploads\/2026\/01\/2026-01-27_entrega_kit_28-de-janeiro008-1024x683-140x80.jpg\" alt=\"2026-01-27_entrega_kit_28-de-janeiro008\" \/>\n\t\t\t\t<\/div>\n\n\t\t\t<\/div>\n\t\t\t<!-- END MasterSlider Main -->\n\n\t\t\t \n\t\t<\/div>\n\t\t<!-- END MasterSlider -->\n\n\t\t<script>\n\t\t( window.MSReady = window.MSReady || [] ).push( function( $ ) {\n\n\t\t\t\"use strict\";\n\t\t\tvar masterslider_1184 = new MasterSlider();\n\n\t\t\t\/\/ slider controls\n\t\t\tmasterslider_1184.control('arrows'     ,{ autohide:true, overVideo:true  });\n\t\t\tmasterslider_1184.control('thumblist'  ,{ autohide:false, overVideo:true, dir:'h', speed:17, inset:false, arrows:false, hover:false, customClass:'', align:'bottom',type:'thumbs', margin:2, width:140, height:80, space:2, fillMode:'fill'  });\n\t\t\t\/\/ slider setup\n\t\t\tmasterslider_1184.setup(\"MS69f0778bb1184\", {\n\t\t\t\twidth           : 960,\n\t\t\t\theight          : 540,\n\t\t\t\tminHeight       : 0,\n\t\t\t\tspace           : 0,\n\t\t\t\tstart           : 1,\n\t\t\t\tgrabCursor      : true,\n\t\t\t\tswipe           : true,\n\t\t\t\tmouse           : true,\n\t\t\t\tkeyboard        : false,\n\t\t\t\tlayout          : \"fillwidth\",\n\t\t\t\twheel           : false,\n\t\t\t\tautoplay        : true,\n                instantStartLayers:false,\n\t\t\t\tmobileBGVideo:false,\n\t\t\t\tloop            : true,\n\t\t\t\tshuffle         : false,\n\t\t\t\tpreload         : 3,\n\t\t\t\theightLimit     : false,\n\t\t\t\tautoHeight      : false,\n\t\t\t\tsmoothHeight    : true,\n\t\t\t\tendPause        : false,\n\t\t\t\toverPause       : false,\n\t\t\t\tfillMode        : \"fill\",\n\t\t\t\tcenterControls  : true,\n\t\t\t\tstartOnAppear   : false,\n\t\t\t\tlayersMode      : \"center\",\n\t\t\t\tautofillTarget  : \"\",\n\t\t\t\thideLayers      : false,\n\t\t\t\tfullscreenMargin: 0,\n\t\t\t\tspeed           : 17,\n\t\t\t\tdir             : \"h\",\n\t\t\t\tresponsive      : true,\n\t\t\t\ttabletWidth     : 768,\n\t\t\t\ttabletHeight    : null,\n\t\t\t\tphoneWidth      : 480,\n\t\t\t\tphoneHeight    : null,\n\t\t\t\tsizingReference : window,\n\t\t\t\tparallaxMode    : 'swipe',\n\t\t\t\tview            : \"basic\"\n\t\t\t});\n\n\t\t\t\n\t\t\twindow.masterslider_instances = window.masterslider_instances || [];\n\t\t\twindow.masterslider_instances.push( masterslider_1184 );\n\t\t});\n\t\t<\/script>\n\n\n<p>A Prefeitura de Apucarana, por meio da Secretaria Municipal de Esportes, iniciou nesta ter\u00e7a-feira (27\/01) a entrega dos kits para a 63\u00aa Prova Pedestre 28 de Janeiro, tradicional corrida de rua que ser\u00e1 realizada no pr\u00f3ximo s\u00e1bado (31\/01). Considerada a maior edi\u00e7\u00e3o da hist\u00f3ria do evento, a prova j\u00e1 conta com 5.445 atletas confirmados, refor\u00e7ando o car\u00e1ter esportivo, tur\u00edstico e comemorativo do anivers\u00e1rio do munic\u00edpio.<\/p>\n<p>A retirada dos kits acontece no Cine Teatro F\u00eanix, das 10 \u00e0s 20 horas, na ter\u00e7a-feira (27\/01), quinta-feira (29\/01) e sexta-feira (30\/01). Na quarta-feira (28\/01), n\u00e3o haver\u00e1 atendimento em raz\u00e3o do feriado municipal. Para os atletas que n\u00e3o conseguirem retirar o material durante a semana, especialmente os vindos de outros munic\u00edpios, a organiza\u00e7\u00e3o far\u00e1 a entrega no s\u00e1bado (31\/01), das 8 \u00e0s 13 horas, tamb\u00e9m no Cine Teatro F\u00eanix.<\/p>\n<p>Para a retirada do kit e do chip de cronometragem, \u00e9 necess\u00e1rio apresentar apenas o CPF do atleta. No momento da entrega, ser\u00e1 confirmada a situa\u00e7\u00e3o do pagamento ou da isen\u00e7\u00e3o da inscri\u00e7\u00e3o. A Secretaria Municipal de Esportes informa ainda que n\u00e3o haver\u00e1 troca do tamanho da camiseta no ato da retirada. O atleta que trocar ou vender sua inscri\u00e7\u00e3o ser\u00e1 automaticamente desclassificado da prova e ficar\u00e1 suspenso de todas as atividades promovidas pela secretaria pelo per\u00edodo de dois anos.<\/p>\n<p>O prefeito Rodolfo Mota destacou a import\u00e2ncia do evento e o crescimento expressivo do n\u00famero de participantes. \u201cEsta j\u00e1 \u00e9 a maior edi\u00e7\u00e3o da nossa corrida. No ano passado, somando inscritos pagantes e isentos, tivemos 4.188 corredores. Neste ano, antecipamos a Vinteoitinha para o per\u00edodo da manh\u00e3, ampliamos as premia\u00e7\u00f5es, criamos um b\u00f4nus para os atletas apucaranenses e passaremos a pagar via Pix. Como resultado, alcan\u00e7amos 5.445 inscritos. O anivers\u00e1rio de Apucarana ser\u00e1 muito especial\u201d, afirmou.<\/p>\n<p>O lan\u00e7amento oficial da 63\u00aa Prova Pedestre 28 de Janeiro acontece na quinta-feira (29\/01), \u00e0s 19 horas, no sal\u00e3o nobre da Prefeitura de Apucarana. O tradicional evento esportivo ser\u00e1 realizado no s\u00e1bado (31\/01), com largada e chegada na Pra\u00e7a Rui Barbosa, integrando a programa\u00e7\u00e3o oficial dos 82 anos de Apucarana. A prova da Vinteoitinha ter\u00e1 in\u00edcio \u00e0s 9 horas, seguida da corrida de 5 quil\u00f4metros, \u00e0s 19 horas, e da prova de 10 quil\u00f4metros, com largada prevista para 20h15.<\/p>\n<p>A Prefeitura de Apucarana convida a popula\u00e7\u00e3o a prestigiar o evento, que promove esporte, sa\u00fade, integra\u00e7\u00e3o comunit\u00e1ria e celebra a hist\u00f3ria do munic\u00edpio.<\/p>\n","protected":false},"excerpt":{"rendered":"<p>A Prefeitura de Apucarana, por meio da Secretaria Municipal de Esportes, iniciou nesta ter&ccedil;a-feira (27\/01) a entrega dos kits para a 63&ordf; Prova Pedestre 28 de Janeiro, tradicional corrida de rua que ser&aacute; realizada no pr&oacute;ximo s&aacute;bado (31\/01). Considerada a maior edi&ccedil;&atilde;o da hist&oacute;ria do evento, a prova j&aacute; conta com 5.445 atletas confirmados, refor&ccedil;ando [&hellip;]<\/p>\n","protected":false},"author":8,"featured_media":122861,"comment_status":"closed","ping_status":"closed","sticky":false,"template":"","format":"standard","meta":{"footnotes":""},"categories":[24],"tags":[],"class_list":["post-122860","post","type-post","status-publish","format-standard","has-post-thumbnail","hentry","category-noticias"],"acf":[],"_links":{"self":[{"href":"http:\/\/www.apucarana.pr.gov.br\/site\/wp-json\/wp\/v2\/posts\/122860","targetHints":{"allow":["GET"]}}],"collection":[{"href":"http:\/\/www.apucarana.pr.gov.br\/site\/wp-json\/wp\/v2\/posts"}],"about":[{"href":"http:\/\/www.apucarana.pr.gov.br\/site\/wp-json\/wp\/v2\/types\/post"}],"author":[{"embeddable":true,"href":"http:\/\/www.apucarana.pr.gov.br\/site\/wp-json\/wp\/v2\/users\/8"}],"replies":[{"embeddable":true,"href":"http:\/\/www.apucarana.pr.gov.br\/site\/wp-json\/wp\/v2\/comments?post=122860"}],"version-history":[{"count":1,"href":"http:\/\/www.apucarana.pr.gov.br\/site\/wp-json\/wp\/v2\/posts\/122860\/revisions"}],"predecessor-version":[{"id":122867,"href":"http:\/\/www.apucarana.pr.gov.br\/site\/wp-json\/wp\/v2\/posts\/122860\/revisions\/122867"}],"wp:featuredmedia":[{"embeddable":true,"href":"http:\/\/www.apucarana.pr.gov.br\/site\/wp-json\/wp\/v2\/media\/122861"}],"wp:attachment":[{"href":"http:\/\/www.apucarana.pr.gov.br\/site\/wp-json\/wp\/v2\/media?parent=122860"}],"wp:term":[{"taxonomy":"category","embeddable":true,"href":"http:\/\/www.apucarana.pr.gov.br\/site\/wp-json\/wp\/v2\/categories?post=122860"},{"taxonomy":"post_tag","embeddable":true,"href":"http:\/\/www.apucarana.pr.gov.br\/site\/wp-json\/wp\/v2\/tags?post=122860"}],"curies":[{"name":"wp","href":"https:\/\/api.w.org\/{rel}","templated":true}]}}