{"id":122847,"date":"2026-01-27T10:46:34","date_gmt":"2026-01-27T13:46:34","guid":{"rendered":"https:\/\/www.apucarana.pr.gov.br\/site\/?p=122847"},"modified":"2026-01-28T13:02:23","modified_gmt":"2026-01-28T16:02:23","slug":"shows-dos-82-anos-comecam-hoje-com-esquema-de-seguranca-reforcado-e-linha-de-onibus-em-horario-estendido","status":"publish","type":"post","link":"http:\/\/www.apucarana.pr.gov.br\/site\/shows-dos-82-anos-comecam-hoje-com-esquema-de-seguranca-reforcado-e-linha-de-onibus-em-horario-estendido\/","title":{"rendered":"Shows dos 82 anos come\u00e7am hoje com esquema de seguran\u00e7a refor\u00e7ado e linha de \u00f4nibus em hor\u00e1rio estendido"},"content":{"rendered":"\n\t\t<!-- MasterSlider -->\n\t\t<div id=\"P_MS69f051977738e\" class=\"master-slider-parent master-slider-gallery   ms-parent-id-0\" style=\"\" >\n\n\t\t\t\n\t\t\t<!-- MasterSlider Main -->\n\t\t\t<div id=\"MS69f051977738e\" class=\"master-slider ms-skin-default\" >\n\t\t\t\t \t\t\t\t \n\t\t\t<div  class=\"ms-slide\" data-delay=\"3\"    >\n\t\t\t\t\t<img decoding=\"async\" src=\"http:\/\/www.apucarana.pr.gov.br\/site\/wp-content\/plugins\/masterslider\/public\/assets\/css\/blank.gif\" alt=\"default\" title=\"default\" data-src=\"http:\/\/www.apucarana.pr.gov.br\/site\/wp-content\/uploads\/2026\/01\/2026-01-26_festa_28-de-janeiro-1-1024x576.jpg\" \/>\n\t<a href=\"http:\/\/www.apucarana.pr.gov.br\/site\/wp-content\/uploads\/2026\/01\/2026-01-26_festa_28-de-janeiro-1-1024x576.jpg\" target=\"_self\"    >default<\/a>\n\n\n\t<img decoding=\"async\" class=\"ms-thumb\" src=\"http:\/\/www.apucarana.pr.gov.br\/site\/wp-content\/uploads\/2026\/01\/2026-01-26_festa_28-de-janeiro-1-1024x576-140x80.jpg\" alt=\"default\" \/>\n\t\t\t\t<\/div>\n\t\t\t<div  class=\"ms-slide\" data-delay=\"3\"    >\n\t\t\t\t\t<img decoding=\"async\" src=\"http:\/\/www.apucarana.pr.gov.br\/site\/wp-content\/plugins\/masterslider\/public\/assets\/css\/blank.gif\" alt=\"default\" title=\"default\" data-src=\"http:\/\/www.apucarana.pr.gov.br\/site\/wp-content\/uploads\/2026\/01\/2026-01-26_festa_28-de-janeiro-7-1024x576.jpg\" \/>\n\t<a href=\"http:\/\/www.apucarana.pr.gov.br\/site\/wp-content\/uploads\/2026\/01\/2026-01-26_festa_28-de-janeiro-7-1024x576.jpg\" target=\"_self\"    >default<\/a>\n\n\n\t<img decoding=\"async\" class=\"ms-thumb\" src=\"http:\/\/www.apucarana.pr.gov.br\/site\/wp-content\/uploads\/2026\/01\/2026-01-26_festa_28-de-janeiro-7-1024x576-140x80.jpg\" alt=\"default\" \/>\n\t\t\t\t<\/div>\n\t\t\t<div  class=\"ms-slide\" data-delay=\"3\"    >\n\t\t\t\t\t<img decoding=\"async\" src=\"http:\/\/www.apucarana.pr.gov.br\/site\/wp-content\/plugins\/masterslider\/public\/assets\/css\/blank.gif\" alt=\"default\" title=\"default\" data-src=\"http:\/\/www.apucarana.pr.gov.br\/site\/wp-content\/uploads\/2026\/01\/2026-01-26_festa_28-de-janeiro-2-1024x576.jpg\" \/>\n\t<a href=\"http:\/\/www.apucarana.pr.gov.br\/site\/wp-content\/uploads\/2026\/01\/2026-01-26_festa_28-de-janeiro-2-1024x576.jpg\" target=\"_self\"    >default<\/a>\n\n\n\t<img decoding=\"async\" class=\"ms-thumb\" src=\"http:\/\/www.apucarana.pr.gov.br\/site\/wp-content\/uploads\/2026\/01\/2026-01-26_festa_28-de-janeiro-2-1024x576-140x80.jpg\" alt=\"default\" \/>\n\t\t\t\t<\/div>\n\t\t\t<div  class=\"ms-slide\" data-delay=\"3\"    >\n\t\t\t\t\t<img decoding=\"async\" src=\"http:\/\/www.apucarana.pr.gov.br\/site\/wp-content\/plugins\/masterslider\/public\/assets\/css\/blank.gif\" alt=\"default\" title=\"default\" data-src=\"http:\/\/www.apucarana.pr.gov.br\/site\/wp-content\/uploads\/2026\/01\/2026-01-26_festa_28-de-janeiro-3-1024x576.jpg\" \/>\n\t<a href=\"http:\/\/www.apucarana.pr.gov.br\/site\/wp-content\/uploads\/2026\/01\/2026-01-26_festa_28-de-janeiro-3-1024x576.jpg\" target=\"_self\"    >default<\/a>\n\n\n\t<img decoding=\"async\" class=\"ms-thumb\" src=\"http:\/\/www.apucarana.pr.gov.br\/site\/wp-content\/uploads\/2026\/01\/2026-01-26_festa_28-de-janeiro-3-1024x576-140x80.jpg\" alt=\"default\" \/>\n\t\t\t\t<\/div>\n\t\t\t<div  class=\"ms-slide\" data-delay=\"3\"    >\n\t\t\t\t\t<img decoding=\"async\" src=\"http:\/\/www.apucarana.pr.gov.br\/site\/wp-content\/plugins\/masterslider\/public\/assets\/css\/blank.gif\" alt=\"default\" title=\"default\" data-src=\"http:\/\/www.apucarana.pr.gov.br\/site\/wp-content\/uploads\/2026\/01\/2026-01-26_festa_28-de-janeiro-4-1024x576.jpg\" \/>\n\t<a href=\"http:\/\/www.apucarana.pr.gov.br\/site\/wp-content\/uploads\/2026\/01\/2026-01-26_festa_28-de-janeiro-4-1024x576.jpg\" target=\"_self\"    >default<\/a>\n\n\n\t<img decoding=\"async\" class=\"ms-thumb\" src=\"http:\/\/www.apucarana.pr.gov.br\/site\/wp-content\/uploads\/2026\/01\/2026-01-26_festa_28-de-janeiro-4-1024x576-140x80.jpg\" alt=\"default\" \/>\n\t\t\t\t<\/div>\n\n\t\t\t<\/div>\n\t\t\t<!-- END MasterSlider Main -->\n\n\t\t\t \n\t\t<\/div>\n\t\t<!-- END MasterSlider -->\n\n\t\t<script>\n\t\t( window.MSReady = window.MSReady || [] ).push( function( $ ) {\n\n\t\t\t\"use strict\";\n\t\t\tvar masterslider_738e = new MasterSlider();\n\n\t\t\t\/\/ slider controls\n\t\t\tmasterslider_738e.control('arrows'     ,{ autohide:true, overVideo:true  });\n\t\t\tmasterslider_738e.control('thumblist'  ,{ autohide:false, overVideo:true, dir:'h', speed:17, inset:false, arrows:false, hover:false, customClass:'', align:'bottom',type:'thumbs', margin:2, width:140, height:80, space:2, fillMode:'fill'  });\n\t\t\t\/\/ slider setup\n\t\t\tmasterslider_738e.setup(\"MS69f051977738e\", {\n\t\t\t\twidth           : 960,\n\t\t\t\theight          : 540,\n\t\t\t\tminHeight       : 0,\n\t\t\t\tspace           : 0,\n\t\t\t\tstart           : 1,\n\t\t\t\tgrabCursor      : true,\n\t\t\t\tswipe           : true,\n\t\t\t\tmouse           : true,\n\t\t\t\tkeyboard        : false,\n\t\t\t\tlayout          : \"fillwidth\",\n\t\t\t\twheel           : false,\n\t\t\t\tautoplay        : true,\n                instantStartLayers:false,\n\t\t\t\tmobileBGVideo:false,\n\t\t\t\tloop            : true,\n\t\t\t\tshuffle         : false,\n\t\t\t\tpreload         : 3,\n\t\t\t\theightLimit     : false,\n\t\t\t\tautoHeight      : false,\n\t\t\t\tsmoothHeight    : true,\n\t\t\t\tendPause        : false,\n\t\t\t\toverPause       : false,\n\t\t\t\tfillMode        : \"fill\",\n\t\t\t\tcenterControls  : true,\n\t\t\t\tstartOnAppear   : false,\n\t\t\t\tlayersMode      : \"center\",\n\t\t\t\tautofillTarget  : \"\",\n\t\t\t\thideLayers      : false,\n\t\t\t\tfullscreenMargin: 0,\n\t\t\t\tspeed           : 17,\n\t\t\t\tdir             : \"h\",\n\t\t\t\tresponsive      : true,\n\t\t\t\ttabletWidth     : 768,\n\t\t\t\ttabletHeight    : null,\n\t\t\t\tphoneWidth      : 480,\n\t\t\t\tphoneHeight    : null,\n\t\t\t\tsizingReference : window,\n\t\t\t\tparallaxMode    : 'swipe',\n\t\t\t\tview            : \"basic\"\n\t\t\t});\n\n\t\t\t\n\t\t\twindow.masterslider_instances = window.masterslider_instances || [];\n\t\t\twindow.masterslider_instances.push( masterslider_738e );\n\t\t});\n\t\t<\/script>\n\n\n<p>A festa vai come\u00e7ar. Apucarana abre hoje, 27 de janeiro, a programa\u00e7\u00e3o de shows dos seus 82 anos com a Noite de Cultura e Paz. No palco, f\u00e9, emo\u00e7\u00e3o e grandes vozes. Primeiro, o cantor gospel Ton Carfi, \u00e0s 21 horas. Em seguida, a dupla cat\u00f3lica Ramon &amp; Rafael. Ser\u00e3o cinco dias de atra\u00e7\u00f5es, com esquema de seguran\u00e7a refor\u00e7ado e uma linha extra de transporte coletivo \u00e0 meia-noite e meia.<\/p>\n<p>O prefeito Rodolfo Mota ressalta que \u00e9 o in\u00edcio de cinco noites de atra\u00e7\u00f5es nacionais para reunir as fam\u00edlias e celebrar o amor pela cidade. A expectativa \u00e9 de pra\u00e7a lotada, atraindo tamb\u00e9m p\u00fablico de cidades da regi\u00e3o. \u201cA programa\u00e7\u00e3o foi pensada para todos os p\u00fablicos e para valorizar a data hist\u00f3rica do munic\u00edpio. A primeira noite une m\u00fasica gospel e cat\u00f3lica como s\u00edmbolo de uni\u00e3o, paz e f\u00e9, abrindo essa grande celebra\u00e7\u00e3o que vai ser hist\u00f3rica\u201d, frisou.<\/p>\n<p>O prefeito Rodolfo Mota reiterou que a gest\u00e3o, al\u00e9m de toda a log\u00edstica de tr\u00e2nsito, priorizou a quest\u00e3o da seguran\u00e7a e do transporte. &#8220;A popula\u00e7\u00e3o pode vir tranquila para comemorar os 82 anos de Apucarana, reunindo as fam\u00edlias, curtindo grandes shows nacionais e tendo a garantia de transporte e de seguran\u00e7a para vir e voltar \u00e0s suas casas&#8221;, afirmou.<\/p>\n<p>A agenda de grandes nomes da m\u00fasica brasileira segue no dia 28, data do anivers\u00e1rio de Apucarana, com a dupla Maiara &amp; Maraisa. No dia 29, ser\u00e1 a vez da banda Os Paralamas do Sucesso. No dia 30, sobe ao palco o cantor Mumuzinho. No encerramento, dia 31, a atra\u00e7\u00e3o \u00e9 a dupla Edson &amp; Hudson, al\u00e9m\u00a0 da tradicional Prova Pedestre 28 de Janeiro.<\/p>\n<p>&nbsp;<\/p>\n<p><strong>C\u00e2meras de reconhecimento facial e\u00a0<\/strong><strong>de verifica\u00e7\u00e3o de placas de ve\u00edculos<\/strong><\/p>\n<p>O major Vilson Laurentino da Silva, secret\u00e1rio municipal de Seguran\u00e7a e Tr\u00e2nsito (Segtran), afirma que neste ano houve um aumento do efetivo e a m\u00e9dia di\u00e1ria ser\u00e1 superior a 100 agentes. \u201cHaver\u00e1 equipes da Pol\u00edcia Militar, incluindo refor\u00e7os da Rone de Curitiba e da Companhia de Choque de Londrina, Rotam de Arapongas e da sede, Pol\u00edcia Civil, Guarda Civil Municipal e agentes de tr\u00e2nsito\u201d, citou, acrescentando que o esquema esquema de seguran\u00e7a tamb\u00e9m contar\u00e1 com equipes especializadas da Pol\u00edcia Militar, como de intelig\u00eancia (P2), Canil e Patrulha Rural.<\/p>\n<p>Um sistema de monitoramento especial foi implantado para o evento, com 25 c\u00e2meras estrategicamente posicionadas no entorno da Pra\u00e7a Rui Barbosa e em vias de acesso. &#8220;Elas contam com tecnologia de reconhecimento facial e de leitura de placas de ve\u00edculos, capazes de identificar pessoas com mandado de pris\u00e3o e ve\u00edculos roubados&#8221;, disse Vilson. As imagens ser\u00e3o monitoradas pela GCM e retransmitidas para uma van da PM que estar\u00e1 estacionada na pra\u00e7a.<\/p>\n<p>Para facilitar o deslocamento, a Secretaria de Seguran\u00e7a e Tr\u00e2nsito solicitou \u00e0 Via\u00e7\u00e3o Apucarana Ltda (VAL) um hor\u00e1rio extra de transporte. &#8220;Nos cinco dias de shows, haver\u00e1 uma linha extra com sa\u00edda \u00e0 meia-noite e trinta do Terminal Urbano com destino aos bairros, estendendo o hor\u00e1rio regular que termina \u00e0s 23h&#8221;, explicou o major.<\/p>\n<p>&nbsp;<\/p>\n","protected":false},"excerpt":{"rendered":"<p>A festa vai come&ccedil;ar. Apucarana abre hoje, 27 de janeiro, a programa&ccedil;&atilde;o de shows dos seus 82 anos com a Noite de Cultura e Paz. No palco, f&eacute;, emo&ccedil;&atilde;o e grandes vozes. Primeiro, o cantor gospel Ton Carfi, &agrave;s 21 horas. Em seguida, a dupla cat&oacute;lica Ramon &amp; Rafael. Ser&atilde;o cinco dias de atra&ccedil;&otilde;es, com [&hellip;]<\/p>\n","protected":false},"author":6,"featured_media":122853,"comment_status":"closed","ping_status":"closed","sticky":false,"template":"","format":"standard","meta":{"footnotes":""},"categories":[24],"tags":[],"class_list":["post-122847","post","type-post","status-publish","format-standard","has-post-thumbnail","hentry","category-noticias"],"acf":[],"_links":{"self":[{"href":"http:\/\/www.apucarana.pr.gov.br\/site\/wp-json\/wp\/v2\/posts\/122847","targetHints":{"allow":["GET"]}}],"collection":[{"href":"http:\/\/www.apucarana.pr.gov.br\/site\/wp-json\/wp\/v2\/posts"}],"about":[{"href":"http:\/\/www.apucarana.pr.gov.br\/site\/wp-json\/wp\/v2\/types\/post"}],"author":[{"embeddable":true,"href":"http:\/\/www.apucarana.pr.gov.br\/site\/wp-json\/wp\/v2\/users\/6"}],"replies":[{"embeddable":true,"href":"http:\/\/www.apucarana.pr.gov.br\/site\/wp-json\/wp\/v2\/comments?post=122847"}],"version-history":[{"count":3,"href":"http:\/\/www.apucarana.pr.gov.br\/site\/wp-json\/wp\/v2\/posts\/122847\/revisions"}],"predecessor-version":[{"id":122856,"href":"http:\/\/www.apucarana.pr.gov.br\/site\/wp-json\/wp\/v2\/posts\/122847\/revisions\/122856"}],"wp:featuredmedia":[{"embeddable":true,"href":"http:\/\/www.apucarana.pr.gov.br\/site\/wp-json\/wp\/v2\/media\/122853"}],"wp:attachment":[{"href":"http:\/\/www.apucarana.pr.gov.br\/site\/wp-json\/wp\/v2\/media?parent=122847"}],"wp:term":[{"taxonomy":"category","embeddable":true,"href":"http:\/\/www.apucarana.pr.gov.br\/site\/wp-json\/wp\/v2\/categories?post=122847"},{"taxonomy":"post_tag","embeddable":true,"href":"http:\/\/www.apucarana.pr.gov.br\/site\/wp-json\/wp\/v2\/tags?post=122847"}],"curies":[{"name":"wp","href":"https:\/\/api.w.org\/{rel}","templated":true}]}}