{"id":122834,"date":"2026-01-26T17:56:45","date_gmt":"2026-01-26T20:56:45","guid":{"rendered":"https:\/\/www.apucarana.pr.gov.br\/site\/?p=122834"},"modified":"2026-01-26T19:06:49","modified_gmt":"2026-01-26T22:06:49","slug":"servico-social-da-autarquia-de-saude-de-apucarana-vai-atender-no-predio-do-pai-local-estrategico-e-de-facil-acesso","status":"publish","type":"post","link":"http:\/\/www.apucarana.pr.gov.br\/site\/servico-social-da-autarquia-de-saude-de-apucarana-vai-atender-no-predio-do-pai-local-estrategico-e-de-facil-acesso\/","title":{"rendered":"Servi\u00e7o Social da Autarquia de Sa\u00fade de Apucarana vai atender no pr\u00e9dio do PAI, local estrat\u00e9gico e de f\u00e1cil acesso"},"content":{"rendered":"\n\t\t<!-- MasterSlider -->\n\t\t<div id=\"P_MS69f03f00f0340\" class=\"master-slider-parent master-slider-gallery   ms-parent-id-0\" style=\"\" >\n\n\t\t\t\n\t\t\t<!-- MasterSlider Main -->\n\t\t\t<div id=\"MS69f03f00f0340\" class=\"master-slider ms-skin-default\" >\n\t\t\t\t \t\t\t\t \n\t\t\t<div  class=\"ms-slide\" data-delay=\"3\"    >\n\t\t\t\t\t<img decoding=\"async\" src=\"http:\/\/www.apucarana.pr.gov.br\/site\/wp-content\/plugins\/masterslider\/public\/assets\/css\/blank.gif\" alt=\"PAI-Pronto-Atendimento-Infantil012-1024x683\" title=\"PAI-Pronto-Atendimento-Infantil012-1024x683\" data-src=\"http:\/\/www.apucarana.pr.gov.br\/site\/wp-content\/uploads\/2026\/01\/PAI-Pronto-Atendimento-Infantil012-1024x683-2.jpg\" \/>\n\t<a href=\"http:\/\/www.apucarana.pr.gov.br\/site\/wp-content\/uploads\/2026\/01\/PAI-Pronto-Atendimento-Infantil012-1024x683-2.jpg\" target=\"_self\"    >PAI-Pronto-Atendimento-Infantil012-1024x683<\/a>\n\n\n\t<img decoding=\"async\" class=\"ms-thumb\" src=\"http:\/\/www.apucarana.pr.gov.br\/site\/wp-content\/uploads\/2026\/01\/PAI-Pronto-Atendimento-Infantil012-1024x683-2-140x80.jpg\" alt=\"PAI-Pronto-Atendimento-Infantil012-1024x683\" \/>\n\t\t\t\t<\/div>\n\n\t\t\t<\/div>\n\t\t\t<!-- END MasterSlider Main -->\n\n\t\t\t \n\t\t<\/div>\n\t\t<!-- END MasterSlider -->\n\n\t\t<script>\n\t\t( window.MSReady = window.MSReady || [] ).push( function( $ ) {\n\n\t\t\t\"use strict\";\n\t\t\tvar masterslider_0340 = new MasterSlider();\n\n\t\t\t\/\/ slider controls\n\t\t\tmasterslider_0340.control('arrows'     ,{ autohide:true, overVideo:true  });\n\t\t\tmasterslider_0340.control('thumblist'  ,{ autohide:false, overVideo:true, dir:'h', speed:17, inset:false, arrows:false, hover:false, customClass:'', align:'bottom',type:'thumbs', margin:2, width:140, height:80, space:2, fillMode:'fill'  });\n\t\t\t\/\/ slider setup\n\t\t\tmasterslider_0340.setup(\"MS69f03f00f0340\", {\n\t\t\t\twidth           : 960,\n\t\t\t\theight          : 540,\n\t\t\t\tminHeight       : 0,\n\t\t\t\tspace           : 0,\n\t\t\t\tstart           : 1,\n\t\t\t\tgrabCursor      : true,\n\t\t\t\tswipe           : true,\n\t\t\t\tmouse           : true,\n\t\t\t\tkeyboard        : false,\n\t\t\t\tlayout          : \"fillwidth\",\n\t\t\t\twheel           : false,\n\t\t\t\tautoplay        : true,\n                instantStartLayers:false,\n\t\t\t\tmobileBGVideo:false,\n\t\t\t\tloop            : true,\n\t\t\t\tshuffle         : false,\n\t\t\t\tpreload         : 3,\n\t\t\t\theightLimit     : false,\n\t\t\t\tautoHeight      : false,\n\t\t\t\tsmoothHeight    : true,\n\t\t\t\tendPause        : false,\n\t\t\t\toverPause       : false,\n\t\t\t\tfillMode        : \"fill\",\n\t\t\t\tcenterControls  : true,\n\t\t\t\tstartOnAppear   : false,\n\t\t\t\tlayersMode      : \"center\",\n\t\t\t\tautofillTarget  : \"\",\n\t\t\t\thideLayers      : false,\n\t\t\t\tfullscreenMargin: 0,\n\t\t\t\tspeed           : 17,\n\t\t\t\tdir             : \"h\",\n\t\t\t\tresponsive      : true,\n\t\t\t\ttabletWidth     : 768,\n\t\t\t\ttabletHeight    : null,\n\t\t\t\tphoneWidth      : 480,\n\t\t\t\tphoneHeight    : null,\n\t\t\t\tsizingReference : window,\n\t\t\t\tparallaxMode    : 'swipe',\n\t\t\t\tview            : \"basic\"\n\t\t\t});\n\n\t\t\t\n\t\t\twindow.masterslider_instances = window.masterslider_instances || [];\n\t\t\twindow.masterslider_instances.push( masterslider_0340 );\n\t\t});\n\t\t<\/script>\n\n\n<p>A Autarquia Municipal de Sa\u00fade (AMS) de Apucarana informa que, a partir desta quinta-feira (29\/01), o Departamento de Servi\u00e7o Social passa a atender em novo local, junto ao pr\u00e9dio onde j\u00e1 funcionam o Pronto Atendimento Infantil (PAI) e o Ambulat\u00f3rio de Resid\u00eancia M\u00e9dica em Dermatologia, localizado na Rua Miguel Simi\u00e3o, n\u00ba 69, regi\u00e3o central da cidade.<\/p>\n<p>O prefeito Rodolfo Mota salienta que a mudan\u00e7a de endere\u00e7o integra um planejamento maior da administra\u00e7\u00e3o municipal. \u201cEstamos ativando gradativamente o pr\u00e9dio da Miguel Simi\u00e3o, que foi reformado e ampliado, para consolid\u00e1-lo como um grande complexo de sa\u00fade de Apucarana, reunindo servi\u00e7os estrat\u00e9gicos em um \u00fanico local, com melhor estrutura, acessibilidade e fluxo de atendimento para a popula\u00e7\u00e3o\u201d, explicou o prefeito.<\/p>\n<p>Conforme relata o secret\u00e1rio municipal da Sa\u00fade, m\u00e9dico Guilherme de Paula, o departamento \u00e9 respons\u00e1vel pelo acompanhamento social de pacientes no territ\u00f3rio e pelo encaminhamento e orienta\u00e7\u00e3o para acesso a diversos benef\u00edcios e servi\u00e7os de sa\u00fade, entre eles: concess\u00e3o de pr\u00f3tese auditiva, \u00f3culos, \u00f3rtese, pr\u00f3tese e meios auxiliares de locomo\u00e7\u00e3o, fornecimento de fraldas geri\u00e1tricas, encaminhamento para casa de apoio, suplementa\u00e7\u00e3o alimentar e f\u00f3rmula infantil, al\u00e9m da distribui\u00e7\u00e3o de bolsas de colostomia. \u201cA mudan\u00e7a tem como objetivo facilitar o acesso da popula\u00e7\u00e3o aos servi\u00e7os e concentrar atendimentos em um ponto j\u00e1 conhecido pelos usu\u00e1rios do sistema p\u00fablico de sa\u00fade\u201d, explica o secret\u00e1rio.<\/p>\n<p>At\u00e9 ent\u00e3o, o departamento atende em sala junto \u00e0 sede administrativa da AMS, no bairro Barra Funda. O hor\u00e1rio de atendimento do Servi\u00e7o Social permanecer\u00e1 inalterado, sendo de segunda a sexta-feira, das 7h30 \u00e0s 12 horas e das 13 \u00e0s 17 horas. Mais informa\u00e7\u00f5es podem ser obtidas pelo telefone 3422-4000.<\/p>\n","protected":false},"excerpt":{"rendered":"<p>A Autarquia Municipal de Sa&uacute;de (AMS) de Apucarana informa que, a partir desta quinta-feira (29\/01), o Departamento de Servi&ccedil;o Social passa a atender em novo local, junto ao pr&eacute;dio onde j&aacute; funcionam o Pronto Atendimento Infantil (PAI) e o Ambulat&oacute;rio de Resid&ecirc;ncia M&eacute;dica em Dermatologia, localizado na Rua Miguel Simi&atilde;o, n&ordm; 69, regi&atilde;o central da [&hellip;]<\/p>\n","protected":false},"author":7,"featured_media":122840,"comment_status":"closed","ping_status":"closed","sticky":false,"template":"","format":"standard","meta":{"footnotes":""},"categories":[24],"tags":[],"class_list":["post-122834","post","type-post","status-publish","format-standard","has-post-thumbnail","hentry","category-noticias"],"acf":[],"_links":{"self":[{"href":"http:\/\/www.apucarana.pr.gov.br\/site\/wp-json\/wp\/v2\/posts\/122834","targetHints":{"allow":["GET"]}}],"collection":[{"href":"http:\/\/www.apucarana.pr.gov.br\/site\/wp-json\/wp\/v2\/posts"}],"about":[{"href":"http:\/\/www.apucarana.pr.gov.br\/site\/wp-json\/wp\/v2\/types\/post"}],"author":[{"embeddable":true,"href":"http:\/\/www.apucarana.pr.gov.br\/site\/wp-json\/wp\/v2\/users\/7"}],"replies":[{"embeddable":true,"href":"http:\/\/www.apucarana.pr.gov.br\/site\/wp-json\/wp\/v2\/comments?post=122834"}],"version-history":[{"count":2,"href":"http:\/\/www.apucarana.pr.gov.br\/site\/wp-json\/wp\/v2\/posts\/122834\/revisions"}],"predecessor-version":[{"id":122842,"href":"http:\/\/www.apucarana.pr.gov.br\/site\/wp-json\/wp\/v2\/posts\/122834\/revisions\/122842"}],"wp:featuredmedia":[{"embeddable":true,"href":"http:\/\/www.apucarana.pr.gov.br\/site\/wp-json\/wp\/v2\/media\/122840"}],"wp:attachment":[{"href":"http:\/\/www.apucarana.pr.gov.br\/site\/wp-json\/wp\/v2\/media?parent=122834"}],"wp:term":[{"taxonomy":"category","embeddable":true,"href":"http:\/\/www.apucarana.pr.gov.br\/site\/wp-json\/wp\/v2\/categories?post=122834"},{"taxonomy":"post_tag","embeddable":true,"href":"http:\/\/www.apucarana.pr.gov.br\/site\/wp-json\/wp\/v2\/tags?post=122834"}],"curies":[{"name":"wp","href":"https:\/\/api.w.org\/{rel}","templated":true}]}}