{"id":122820,"date":"2026-01-26T17:49:38","date_gmt":"2026-01-26T20:49:38","guid":{"rendered":"https:\/\/www.apucarana.pr.gov.br\/site\/?p=122820"},"modified":"2026-01-27T10:46:51","modified_gmt":"2026-01-27T13:46:51","slug":"prefeitura-autoriza-inicio-da-reforma-e-ampliacao-da-ubs-da-vila-reis-investindo-na-melhoria-do-atendimento-a-populacao-e-no-conforto-das-equipes","status":"publish","type":"post","link":"http:\/\/www.apucarana.pr.gov.br\/site\/prefeitura-autoriza-inicio-da-reforma-e-ampliacao-da-ubs-da-vila-reis-investindo-na-melhoria-do-atendimento-a-populacao-e-no-conforto-das-equipes\/","title":{"rendered":"Prefeitura autoriza in\u00edcio da reforma e amplia\u00e7\u00e3o da UBS da Vila Reis, investindo na melhoria do atendimento \u00e0 popula\u00e7\u00e3o e no conforto das equipes"},"content":{"rendered":"\n\t\t<!-- MasterSlider -->\n\t\t<div id=\"P_MS69f027465d42d\" class=\"master-slider-parent master-slider-gallery   ms-parent-id-0\" style=\"\" >\n\n\t\t\t\n\t\t\t<!-- MasterSlider Main -->\n\t\t\t<div id=\"MS69f027465d42d\" class=\"master-slider ms-skin-default\" >\n\t\t\t\t \t\t\t\t \n\t\t\t<div  class=\"ms-slide\" data-delay=\"3\"    >\n\t\t\t\t\t<img decoding=\"async\" src=\"http:\/\/www.apucarana.pr.gov.br\/site\/wp-content\/plugins\/masterslider\/public\/assets\/css\/blank.gif\" alt=\"26-01-2026_reforma_ubs_vila_reis-11\" title=\"26-01-2026_reforma_ubs_vila_reis-11\" data-src=\"http:\/\/www.apucarana.pr.gov.br\/site\/wp-content\/uploads\/2026\/01\/26-01-2026_reforma_ubs_vila_reis-11-1024x683.jpg\" \/>\n\t<a href=\"http:\/\/www.apucarana.pr.gov.br\/site\/wp-content\/uploads\/2026\/01\/26-01-2026_reforma_ubs_vila_reis-11-1024x683.jpg\" target=\"_self\"    >26-01-2026_reforma_ubs_vila_reis-11<\/a>\n\n\n\t<img decoding=\"async\" class=\"ms-thumb\" src=\"http:\/\/www.apucarana.pr.gov.br\/site\/wp-content\/uploads\/2026\/01\/26-01-2026_reforma_ubs_vila_reis-11-1024x683-140x80.jpg\" alt=\"26-01-2026_reforma_ubs_vila_reis-11\" \/>\n\t\t\t\t<\/div>\n\t\t\t<div  class=\"ms-slide\" data-delay=\"3\"    >\n\t\t\t\t\t<img decoding=\"async\" src=\"http:\/\/www.apucarana.pr.gov.br\/site\/wp-content\/plugins\/masterslider\/public\/assets\/css\/blank.gif\" alt=\"26-01-2026_reforma_ubs_vila_reis-16\" title=\"26-01-2026_reforma_ubs_vila_reis-16\" data-src=\"http:\/\/www.apucarana.pr.gov.br\/site\/wp-content\/uploads\/2026\/01\/26-01-2026_reforma_ubs_vila_reis-16-1024x683.jpg\" \/>\n\t<a href=\"http:\/\/www.apucarana.pr.gov.br\/site\/wp-content\/uploads\/2026\/01\/26-01-2026_reforma_ubs_vila_reis-16-1024x683.jpg\" target=\"_self\"    >26-01-2026_reforma_ubs_vila_reis-16<\/a>\n\n\n\t<img decoding=\"async\" class=\"ms-thumb\" src=\"http:\/\/www.apucarana.pr.gov.br\/site\/wp-content\/uploads\/2026\/01\/26-01-2026_reforma_ubs_vila_reis-16-1024x683-140x80.jpg\" alt=\"26-01-2026_reforma_ubs_vila_reis-16\" \/>\n\t\t\t\t<\/div>\n\t\t\t<div  class=\"ms-slide\" data-delay=\"3\"    >\n\t\t\t\t\t<img decoding=\"async\" src=\"http:\/\/www.apucarana.pr.gov.br\/site\/wp-content\/plugins\/masterslider\/public\/assets\/css\/blank.gif\" alt=\"26-01-2026_reforma_ubs_vila_reis-20\" title=\"26-01-2026_reforma_ubs_vila_reis-20\" data-src=\"http:\/\/www.apucarana.pr.gov.br\/site\/wp-content\/uploads\/2026\/01\/26-01-2026_reforma_ubs_vila_reis-20-1024x683.jpg\" \/>\n\t<a href=\"http:\/\/www.apucarana.pr.gov.br\/site\/wp-content\/uploads\/2026\/01\/26-01-2026_reforma_ubs_vila_reis-20-1024x683.jpg\" target=\"_self\"    >26-01-2026_reforma_ubs_vila_reis-20<\/a>\n\n\n\t<img decoding=\"async\" class=\"ms-thumb\" src=\"http:\/\/www.apucarana.pr.gov.br\/site\/wp-content\/uploads\/2026\/01\/26-01-2026_reforma_ubs_vila_reis-20-1024x683-140x80.jpg\" alt=\"26-01-2026_reforma_ubs_vila_reis-20\" \/>\n\t\t\t\t<\/div>\n\t\t\t<div  class=\"ms-slide\" data-delay=\"3\"    >\n\t\t\t\t\t<img decoding=\"async\" src=\"http:\/\/www.apucarana.pr.gov.br\/site\/wp-content\/plugins\/masterslider\/public\/assets\/css\/blank.gif\" alt=\"26-01-2026_reforma_ubs_vila_reis-22\" title=\"26-01-2026_reforma_ubs_vila_reis-22\" data-src=\"http:\/\/www.apucarana.pr.gov.br\/site\/wp-content\/uploads\/2026\/01\/26-01-2026_reforma_ubs_vila_reis-22-1024x683.jpg\" \/>\n\t<a href=\"http:\/\/www.apucarana.pr.gov.br\/site\/wp-content\/uploads\/2026\/01\/26-01-2026_reforma_ubs_vila_reis-22-1024x683.jpg\" target=\"_self\"    >26-01-2026_reforma_ubs_vila_reis-22<\/a>\n\n\n\t<img decoding=\"async\" class=\"ms-thumb\" src=\"http:\/\/www.apucarana.pr.gov.br\/site\/wp-content\/uploads\/2026\/01\/26-01-2026_reforma_ubs_vila_reis-22-1024x683-140x80.jpg\" alt=\"26-01-2026_reforma_ubs_vila_reis-22\" \/>\n\t\t\t\t<\/div>\n\t\t\t<div  class=\"ms-slide\" data-delay=\"3\"    >\n\t\t\t\t\t<img decoding=\"async\" src=\"http:\/\/www.apucarana.pr.gov.br\/site\/wp-content\/plugins\/masterslider\/public\/assets\/css\/blank.gif\" alt=\"26-01-2026_reforma_ubs_vila_reis-24\" title=\"26-01-2026_reforma_ubs_vila_reis-24\" data-src=\"http:\/\/www.apucarana.pr.gov.br\/site\/wp-content\/uploads\/2026\/01\/26-01-2026_reforma_ubs_vila_reis-24-1024x683.jpg\" \/>\n\t<a href=\"http:\/\/www.apucarana.pr.gov.br\/site\/wp-content\/uploads\/2026\/01\/26-01-2026_reforma_ubs_vila_reis-24-1024x683.jpg\" target=\"_self\"    >26-01-2026_reforma_ubs_vila_reis-24<\/a>\n\n\n\t<img decoding=\"async\" class=\"ms-thumb\" src=\"http:\/\/www.apucarana.pr.gov.br\/site\/wp-content\/uploads\/2026\/01\/26-01-2026_reforma_ubs_vila_reis-24-1024x683-140x80.jpg\" alt=\"26-01-2026_reforma_ubs_vila_reis-24\" \/>\n\t\t\t\t<\/div>\n\t\t\t<div  class=\"ms-slide\" data-delay=\"3\"    >\n\t\t\t\t\t<img decoding=\"async\" src=\"http:\/\/www.apucarana.pr.gov.br\/site\/wp-content\/plugins\/masterslider\/public\/assets\/css\/blank.gif\" alt=\"26-01-2026_reforma_ubs_vila_reis-25\" title=\"26-01-2026_reforma_ubs_vila_reis-25\" data-src=\"http:\/\/www.apucarana.pr.gov.br\/site\/wp-content\/uploads\/2026\/01\/26-01-2026_reforma_ubs_vila_reis-25-1024x683.jpg\" \/>\n\t<a href=\"http:\/\/www.apucarana.pr.gov.br\/site\/wp-content\/uploads\/2026\/01\/26-01-2026_reforma_ubs_vila_reis-25-1024x683.jpg\" target=\"_self\"    >26-01-2026_reforma_ubs_vila_reis-25<\/a>\n\n\n\t<img decoding=\"async\" class=\"ms-thumb\" src=\"http:\/\/www.apucarana.pr.gov.br\/site\/wp-content\/uploads\/2026\/01\/26-01-2026_reforma_ubs_vila_reis-25-1024x683-140x80.jpg\" alt=\"26-01-2026_reforma_ubs_vila_reis-25\" \/>\n\t\t\t\t<\/div>\n\t\t\t<div  class=\"ms-slide\" data-delay=\"3\"    >\n\t\t\t\t\t<img decoding=\"async\" src=\"http:\/\/www.apucarana.pr.gov.br\/site\/wp-content\/plugins\/masterslider\/public\/assets\/css\/blank.gif\" alt=\"26-01-2026_reforma_ubs_vila_reis-27\" title=\"26-01-2026_reforma_ubs_vila_reis-27\" data-src=\"http:\/\/www.apucarana.pr.gov.br\/site\/wp-content\/uploads\/2026\/01\/26-01-2026_reforma_ubs_vila_reis-27-1024x683.jpg\" \/>\n\t<a href=\"http:\/\/www.apucarana.pr.gov.br\/site\/wp-content\/uploads\/2026\/01\/26-01-2026_reforma_ubs_vila_reis-27-1024x683.jpg\" target=\"_self\"    >26-01-2026_reforma_ubs_vila_reis-27<\/a>\n\n\n\t<img decoding=\"async\" class=\"ms-thumb\" src=\"http:\/\/www.apucarana.pr.gov.br\/site\/wp-content\/uploads\/2026\/01\/26-01-2026_reforma_ubs_vila_reis-27-1024x683-140x80.jpg\" alt=\"26-01-2026_reforma_ubs_vila_reis-27\" \/>\n\t\t\t\t<\/div>\n\t\t\t<div  class=\"ms-slide\" data-delay=\"3\"    >\n\t\t\t\t\t<img decoding=\"async\" src=\"http:\/\/www.apucarana.pr.gov.br\/site\/wp-content\/plugins\/masterslider\/public\/assets\/css\/blank.gif\" alt=\"26-01-2026_reforma_ubs_vila_reis-31\" title=\"26-01-2026_reforma_ubs_vila_reis-31\" data-src=\"http:\/\/www.apucarana.pr.gov.br\/site\/wp-content\/uploads\/2026\/01\/26-01-2026_reforma_ubs_vila_reis-31-1024x683.jpg\" \/>\n\t<a href=\"http:\/\/www.apucarana.pr.gov.br\/site\/wp-content\/uploads\/2026\/01\/26-01-2026_reforma_ubs_vila_reis-31-1024x683.jpg\" target=\"_self\"    >26-01-2026_reforma_ubs_vila_reis-31<\/a>\n\n\n\t<img decoding=\"async\" class=\"ms-thumb\" src=\"http:\/\/www.apucarana.pr.gov.br\/site\/wp-content\/uploads\/2026\/01\/26-01-2026_reforma_ubs_vila_reis-31-1024x683-140x80.jpg\" alt=\"26-01-2026_reforma_ubs_vila_reis-31\" \/>\n\t\t\t\t<\/div>\n\t\t\t<div  class=\"ms-slide\" data-delay=\"3\"    >\n\t\t\t\t\t<img decoding=\"async\" src=\"http:\/\/www.apucarana.pr.gov.br\/site\/wp-content\/plugins\/masterslider\/public\/assets\/css\/blank.gif\" alt=\"26-01-2026_reforma_ubs_vila_reis-34\" title=\"26-01-2026_reforma_ubs_vila_reis-34\" data-src=\"http:\/\/www.apucarana.pr.gov.br\/site\/wp-content\/uploads\/2026\/01\/26-01-2026_reforma_ubs_vila_reis-34-1024x683.jpg\" \/>\n\t<a href=\"http:\/\/www.apucarana.pr.gov.br\/site\/wp-content\/uploads\/2026\/01\/26-01-2026_reforma_ubs_vila_reis-34-1024x683.jpg\" target=\"_self\"    >26-01-2026_reforma_ubs_vila_reis-34<\/a>\n\n\n\t<img decoding=\"async\" class=\"ms-thumb\" src=\"http:\/\/www.apucarana.pr.gov.br\/site\/wp-content\/uploads\/2026\/01\/26-01-2026_reforma_ubs_vila_reis-34-1024x683-140x80.jpg\" alt=\"26-01-2026_reforma_ubs_vila_reis-34\" \/>\n\t\t\t\t<\/div>\n\t\t\t<div  class=\"ms-slide\" data-delay=\"3\"    >\n\t\t\t\t\t<img decoding=\"async\" src=\"http:\/\/www.apucarana.pr.gov.br\/site\/wp-content\/plugins\/masterslider\/public\/assets\/css\/blank.gif\" alt=\"26-01-2026_reforma_ubs_vila_reis-37\" title=\"26-01-2026_reforma_ubs_vila_reis-37\" data-src=\"http:\/\/www.apucarana.pr.gov.br\/site\/wp-content\/uploads\/2026\/01\/26-01-2026_reforma_ubs_vila_reis-37-1024x683.jpg\" \/>\n\t<a href=\"http:\/\/www.apucarana.pr.gov.br\/site\/wp-content\/uploads\/2026\/01\/26-01-2026_reforma_ubs_vila_reis-37-1024x683.jpg\" target=\"_self\"    >26-01-2026_reforma_ubs_vila_reis-37<\/a>\n\n\n\t<img decoding=\"async\" class=\"ms-thumb\" src=\"http:\/\/www.apucarana.pr.gov.br\/site\/wp-content\/uploads\/2026\/01\/26-01-2026_reforma_ubs_vila_reis-37-1024x683-140x80.jpg\" alt=\"26-01-2026_reforma_ubs_vila_reis-37\" \/>\n\t\t\t\t<\/div>\n\t\t\t<div  class=\"ms-slide\" data-delay=\"3\"    >\n\t\t\t\t\t<img decoding=\"async\" src=\"http:\/\/www.apucarana.pr.gov.br\/site\/wp-content\/plugins\/masterslider\/public\/assets\/css\/blank.gif\" alt=\"26-01-2026_reforma_ubs_vila_reis-39\" title=\"26-01-2026_reforma_ubs_vila_reis-39\" data-src=\"http:\/\/www.apucarana.pr.gov.br\/site\/wp-content\/uploads\/2026\/01\/26-01-2026_reforma_ubs_vila_reis-39-1024x683.jpg\" \/>\n\t<a href=\"http:\/\/www.apucarana.pr.gov.br\/site\/wp-content\/uploads\/2026\/01\/26-01-2026_reforma_ubs_vila_reis-39-1024x683.jpg\" target=\"_self\"    >26-01-2026_reforma_ubs_vila_reis-39<\/a>\n\n\n\t<img decoding=\"async\" class=\"ms-thumb\" src=\"http:\/\/www.apucarana.pr.gov.br\/site\/wp-content\/uploads\/2026\/01\/26-01-2026_reforma_ubs_vila_reis-39-1024x683-140x80.jpg\" alt=\"26-01-2026_reforma_ubs_vila_reis-39\" \/>\n\t\t\t\t<\/div>\n\t\t\t<div  class=\"ms-slide\" data-delay=\"3\"    >\n\t\t\t\t\t<img decoding=\"async\" src=\"http:\/\/www.apucarana.pr.gov.br\/site\/wp-content\/plugins\/masterslider\/public\/assets\/css\/blank.gif\" alt=\"26-01-2026_reforma_ubs_vila_reis-40\" title=\"26-01-2026_reforma_ubs_vila_reis-40\" data-src=\"http:\/\/www.apucarana.pr.gov.br\/site\/wp-content\/uploads\/2026\/01\/26-01-2026_reforma_ubs_vila_reis-40-1024x683.jpg\" \/>\n\t<a href=\"http:\/\/www.apucarana.pr.gov.br\/site\/wp-content\/uploads\/2026\/01\/26-01-2026_reforma_ubs_vila_reis-40-1024x683.jpg\" target=\"_self\"    >26-01-2026_reforma_ubs_vila_reis-40<\/a>\n\n\n\t<img decoding=\"async\" class=\"ms-thumb\" src=\"http:\/\/www.apucarana.pr.gov.br\/site\/wp-content\/uploads\/2026\/01\/26-01-2026_reforma_ubs_vila_reis-40-1024x683-140x80.jpg\" alt=\"26-01-2026_reforma_ubs_vila_reis-40\" \/>\n\t\t\t\t<\/div>\n\n\t\t\t<\/div>\n\t\t\t<!-- END MasterSlider Main -->\n\n\t\t\t \n\t\t<\/div>\n\t\t<!-- END MasterSlider -->\n\n\t\t<script>\n\t\t( window.MSReady = window.MSReady || [] ).push( function( $ ) {\n\n\t\t\t\"use strict\";\n\t\t\tvar masterslider_d42d = new MasterSlider();\n\n\t\t\t\/\/ slider controls\n\t\t\tmasterslider_d42d.control('arrows'     ,{ autohide:true, overVideo:true  });\n\t\t\tmasterslider_d42d.control('thumblist'  ,{ autohide:false, overVideo:true, dir:'h', speed:17, inset:false, arrows:false, hover:false, customClass:'', align:'bottom',type:'thumbs', margin:2, width:140, height:80, space:2, fillMode:'fill'  });\n\t\t\t\/\/ slider setup\n\t\t\tmasterslider_d42d.setup(\"MS69f027465d42d\", {\n\t\t\t\twidth           : 960,\n\t\t\t\theight          : 540,\n\t\t\t\tminHeight       : 0,\n\t\t\t\tspace           : 0,\n\t\t\t\tstart           : 1,\n\t\t\t\tgrabCursor      : true,\n\t\t\t\tswipe           : true,\n\t\t\t\tmouse           : true,\n\t\t\t\tkeyboard        : false,\n\t\t\t\tlayout          : \"fillwidth\",\n\t\t\t\twheel           : false,\n\t\t\t\tautoplay        : true,\n                instantStartLayers:false,\n\t\t\t\tmobileBGVideo:false,\n\t\t\t\tloop            : true,\n\t\t\t\tshuffle         : false,\n\t\t\t\tpreload         : 3,\n\t\t\t\theightLimit     : false,\n\t\t\t\tautoHeight      : false,\n\t\t\t\tsmoothHeight    : true,\n\t\t\t\tendPause        : false,\n\t\t\t\toverPause       : false,\n\t\t\t\tfillMode        : \"fill\",\n\t\t\t\tcenterControls  : true,\n\t\t\t\tstartOnAppear   : false,\n\t\t\t\tlayersMode      : \"center\",\n\t\t\t\tautofillTarget  : \"\",\n\t\t\t\thideLayers      : false,\n\t\t\t\tfullscreenMargin: 0,\n\t\t\t\tspeed           : 17,\n\t\t\t\tdir             : \"h\",\n\t\t\t\tresponsive      : true,\n\t\t\t\ttabletWidth     : 768,\n\t\t\t\ttabletHeight    : null,\n\t\t\t\tphoneWidth      : 480,\n\t\t\t\tphoneHeight    : null,\n\t\t\t\tsizingReference : window,\n\t\t\t\tparallaxMode    : 'swipe',\n\t\t\t\tview            : \"basic\"\n\t\t\t});\n\n\t\t\t\n\t\t\twindow.masterslider_instances = window.masterslider_instances || [];\n\t\t\twindow.masterslider_instances.push( masterslider_d42d );\n\t\t});\n\t\t<\/script>\n\n\n<p>Maior distrito de Apucarana, a Vila Reis em breve contar\u00e1 com uma super unidade b\u00e1sica de sa\u00fade com 301,84 metros quadrados totalmente requalificada. A ordem de servi\u00e7o para in\u00edcio das obras de reforma e amplia\u00e7\u00e3o da Unidade B\u00e1sica de Sa\u00fade (UBS) Pedro Barreto, investimento que integra a pol\u00edtica municipal de requalifica\u00e7\u00e3o das unidades de sa\u00fade, foi assinada pelo prefeito Rodolfo Mota nesta segunda-feira (26\/01) e vai possibilitar mais do que duplicar o tamanho do pr\u00e9dio, que atualmente possui 138,21m2.<\/p>\n<p>\u201cO distrito da Vila Reis \u00e9 do tamanho de muitas cidades do Vale do Iva\u00ed. Tem uma demanda de atendimento di\u00e1rio muito grande e a estrutura \u00e9 a mesma de 23 anos atr\u00e1s. Por isso, essa obra vai muito al\u00e9m de parede, metro quadrado e concreto. Ela representa cuidado com as pessoas e, principalmente, respeito com quem trabalha todos os dias e com quem precisa ser atendido\u201d, afirmou o prefeito Rodolfo Mota, salientando que al\u00e9m dos moradores do distrito, a unidade atende pacientes do Jardim Curitiba, DER e comunidades rurais das adjac\u00eancias. Mota tamb\u00e9m agradeceu \u00e0 deputada federal Luisa Canziani pelos recursos e aos vereadores Mois\u00e9s Tavares e Luciano Facchiano pela intermedia\u00e7\u00e3o da demanda, frisando que a parlamentar viabilizou tamb\u00e9m investimentos para a reforma e amplia\u00e7\u00e3o das UBSs do Distrito de Pirap\u00f3 e do Jardim Trabalhista.<\/p>\n<p>Durante o evento, o prefeito explicou que no primeiro ano de mandato a prioridade da gest\u00e3o foi enfrentar as filas de consultas especializadas, exames e cirurgias, em que muitas pessoas aguardavam atendimento por at\u00e9 quatro anos. \u201cEm 2026 entramos em uma nova etapa. Continuamos enfrentando as especialidades e as cirurgias eletivas, mas a prioridade passa a ser a aten\u00e7\u00e3o prim\u00e1ria. As UBSs ser\u00e3o o foco deste ano, com investimento em estrutura f\u00edsica, seguran\u00e7a, ve\u00edculos, equipamentos e, principalmente, valoriza\u00e7\u00e3o e capacita\u00e7\u00e3o das equipes\u201d, disse.<\/p>\n<p>Vencedora da licita\u00e7\u00e3o, a empresa Engenharia Velloso Ltda ficar\u00e1 respons\u00e1vel pela execu\u00e7\u00e3o da obra. Os servi\u00e7os ter\u00e3o in\u00edcio em at\u00e9 dez dias e o prazo de conclus\u00e3o \u00e9 de seis meses. O investimento ser\u00e1 de R$ 481.095,10, com recursos federais e contrapartida municipal. Segundo o secret\u00e1rio municipal de Sa\u00fade, m\u00e9dico Guilherme de Paula, a unidade ser\u00e1 ampliada em 163,63 metros quadrados, passando a abrigar quatro novos consult\u00f3rios, sala de triagem, copa, sala de agentes, dep\u00f3sito de material de limpeza e banheiro para funcion\u00e1rios, al\u00e9m de nova fossa s\u00e9ptica e sumidouro. A obra inclui ainda pintura, adequa\u00e7\u00e3o de esquadrias, reforma de ambientes com demoli\u00e7\u00e3o e constru\u00e7\u00e3o de paredes, instala\u00e7\u00e3o de bancadas e cubas e substitui\u00e7\u00e3o de revestimentos. \u201cDesde o in\u00edcio da gest\u00e3o sempre defendo que mudar a realidade da sa\u00fade p\u00fablica n\u00e3o \u00e9 algo imposs\u00edvel. D\u00e1 trabalho, exige empenho e escolhas corretas, mas \u00e9 totalmente poss\u00edvel. Nossa miss\u00e3o neste ano \u00e9 levar mais conforto para os servidores, elevar o padr\u00e3o das unidades b\u00e1sicas e pensar a sa\u00fade com vis\u00e3o de primeiro mundo, para entregar um servi\u00e7o cada vez melhor \u00e0 popula\u00e7\u00e3o\u201d, afirmou.\u00a0O secret\u00e1rio tamb\u00e9m lembrou que, quando a atual gest\u00e3o assumiu, encontrou unidades b\u00e1sicas com infiltra\u00e7\u00f5es, telhados danificados, pilares comprometidos, salas alagando e ambientes com temperaturas inadequadas.<\/p>\n<p>Morador do distrito, o vice-prefeito e secret\u00e1rio de Governo, Marcos da Vila Reis, destacou o investimento da prefeitura. &#8220;Este lugar \u00e9 a minha casa. Esta UBS tem 23 anos e foi constru\u00edda em um momento em que parecia enorme para a realidade da \u00e9poca. Hoje, mais de duas d\u00e9cadas depois, estamos aqui para mais do que dobrar o seu tamanho. Isso \u00e9 extremamente importante para a Vila Reis, que \u00e9 o maior distrito de Apucarana. Al\u00e9m da popula\u00e7\u00e3o local, esta unidade atende moradores do DER, do Jardim Curitiba e de v\u00e1rias comunidades da zona rural, como Santa Luzia e Vila Rural. \u00c9 aqui que eu vacinei meus filhos, \u00e9 aqui que est\u00e1 a minha ficha, \u00e9 aqui que muitas fam\u00edlias constroem sua hist\u00f3ria com a sa\u00fade p\u00fablica. A estrutura atual j\u00e1 n\u00e3o comportava a demanda de um distrito desse tamanho, e essa obra era esperada h\u00e1 muito tempo&#8221;, contextualizou o vice-prefeito, tamb\u00e9m agradecendo aos vereadores Mois\u00e9s Tavares e Luciano Facchiano, que viabilizaram parte dos recursos por meio de emenda da deputada federal Lu\u00edsa Canziani. &#8220;Al\u00e9m do empenho do prefeito Rodolfo Mota, essa parceria foi fundamental para que esse projeto sa\u00edsse do papel&#8221;, concluiu.<\/p>\n<p>Tamb\u00e9m prestigiaram o evento o secret\u00e1rio municipal de Obras, engenheiro civil Mateus Franciscon Fernandes, o representante da empresa executora da obra, Deyves Velloso Rodrigues, a enfermeira-chefe da UBS, Thamires Rocha, a assessora do vereador Mois\u00e9s Tavares, Ana J\u00e9ssica Cartoni, al\u00e9m de outros membros do secretariado municipal e da equipe da unidade de sa\u00fade.<\/p>\n","protected":false},"excerpt":{"rendered":"<p>Maior distrito de Apucarana, a Vila Reis em breve contar&aacute; com uma super unidade b&aacute;sica de sa&uacute;de com 301,84 metros quadrados totalmente requalificada. A ordem de servi&ccedil;o para in&iacute;cio das obras de reforma e amplia&ccedil;&atilde;o da Unidade B&aacute;sica de Sa&uacute;de (UBS) Pedro Barreto, investimento que integra a pol&iacute;tica municipal de requalifica&ccedil;&atilde;o das unidades de sa&uacute;de, [&hellip;]<\/p>\n","protected":false},"author":7,"featured_media":122822,"comment_status":"closed","ping_status":"closed","sticky":false,"template":"","format":"standard","meta":{"footnotes":""},"categories":[24],"tags":[],"class_list":["post-122820","post","type-post","status-publish","format-standard","has-post-thumbnail","hentry","category-noticias"],"acf":[],"_links":{"self":[{"href":"http:\/\/www.apucarana.pr.gov.br\/site\/wp-json\/wp\/v2\/posts\/122820","targetHints":{"allow":["GET"]}}],"collection":[{"href":"http:\/\/www.apucarana.pr.gov.br\/site\/wp-json\/wp\/v2\/posts"}],"about":[{"href":"http:\/\/www.apucarana.pr.gov.br\/site\/wp-json\/wp\/v2\/types\/post"}],"author":[{"embeddable":true,"href":"http:\/\/www.apucarana.pr.gov.br\/site\/wp-json\/wp\/v2\/users\/7"}],"replies":[{"embeddable":true,"href":"http:\/\/www.apucarana.pr.gov.br\/site\/wp-json\/wp\/v2\/comments?post=122820"}],"version-history":[{"count":5,"href":"http:\/\/www.apucarana.pr.gov.br\/site\/wp-json\/wp\/v2\/posts\/122820\/revisions"}],"predecessor-version":[{"id":122843,"href":"http:\/\/www.apucarana.pr.gov.br\/site\/wp-json\/wp\/v2\/posts\/122820\/revisions\/122843"}],"wp:featuredmedia":[{"embeddable":true,"href":"http:\/\/www.apucarana.pr.gov.br\/site\/wp-json\/wp\/v2\/media\/122822"}],"wp:attachment":[{"href":"http:\/\/www.apucarana.pr.gov.br\/site\/wp-json\/wp\/v2\/media?parent=122820"}],"wp:term":[{"taxonomy":"category","embeddable":true,"href":"http:\/\/www.apucarana.pr.gov.br\/site\/wp-json\/wp\/v2\/categories?post=122820"},{"taxonomy":"post_tag","embeddable":true,"href":"http:\/\/www.apucarana.pr.gov.br\/site\/wp-json\/wp\/v2\/tags?post=122820"}],"curies":[{"name":"wp","href":"https:\/\/api.w.org\/{rel}","templated":true}]}}