{"id":122792,"date":"2026-01-26T12:56:49","date_gmt":"2026-01-26T15:56:49","guid":{"rendered":"https:\/\/www.apucarana.pr.gov.br\/site\/?p=122792"},"modified":"2026-01-26T17:49:52","modified_gmt":"2026-01-26T20:49:52","slug":"repasse-de-mudas-incentiva-producao-de-cafes-de-qualidade-gera-renda-e-ajuda-manter-familias-no-campo","status":"publish","type":"post","link":"http:\/\/www.apucarana.pr.gov.br\/site\/repasse-de-mudas-incentiva-producao-de-cafes-de-qualidade-gera-renda-e-ajuda-manter-familias-no-campo\/","title":{"rendered":"Repasse de mudas incentiva produ\u00e7\u00e3o de caf\u00e9s de  qualidade,  gera renda e ajuda manter fam\u00edlias no campo"},"content":{"rendered":"\n\t\t<!-- MasterSlider -->\n\t\t<div id=\"P_MS69f01225a28c1\" class=\"master-slider-parent master-slider-gallery   ms-parent-id-0\" style=\"\" >\n\n\t\t\t\n\t\t\t<!-- MasterSlider Main -->\n\t\t\t<div id=\"MS69f01225a28c1\" class=\"master-slider ms-skin-default\" >\n\t\t\t\t \t\t\t\t \n\t\t\t<div  class=\"ms-slide\" data-delay=\"3\"    >\n\t\t\t\t\t<img decoding=\"async\" src=\"http:\/\/www.apucarana.pr.gov.br\/site\/wp-content\/plugins\/masterslider\/public\/assets\/css\/blank.gif\" alt=\"26-01-2026_mudas_de_cafe-5\" title=\"26-01-2026_mudas_de_cafe-5\" data-src=\"http:\/\/www.apucarana.pr.gov.br\/site\/wp-content\/uploads\/2026\/01\/26-01-2026_mudas_de_cafe-5-1024x683.jpg\" \/>\n\t<a href=\"http:\/\/www.apucarana.pr.gov.br\/site\/repasse-de-mudas-incentiva-producao-de-cafes-de-qualidade-gera-renda-e-ajuda-manter-familias-no-campo\/26-01-2026_mudas_de_cafe-5\/\" target=\"_self\"    >26-01-2026_mudas_de_cafe-5<\/a>\n\n\n\t<img decoding=\"async\" class=\"ms-thumb\" src=\"http:\/\/www.apucarana.pr.gov.br\/site\/wp-content\/uploads\/2026\/01\/26-01-2026_mudas_de_cafe-5-1024x683-140x80.jpg\" alt=\"26-01-2026_mudas_de_cafe-5\" \/>\n\t\t\t\t<\/div>\n\t\t\t<div  class=\"ms-slide\" data-delay=\"3\"    >\n\t\t\t\t\t<img decoding=\"async\" src=\"http:\/\/www.apucarana.pr.gov.br\/site\/wp-content\/plugins\/masterslider\/public\/assets\/css\/blank.gif\" alt=\"26-01-2026_mudas_de_cafe-23\" title=\"26-01-2026_mudas_de_cafe-23\" data-src=\"http:\/\/www.apucarana.pr.gov.br\/site\/wp-content\/uploads\/2026\/01\/26-01-2026_mudas_de_cafe-23-1024x683.jpg\" \/>\n\t<a href=\"http:\/\/www.apucarana.pr.gov.br\/site\/repasse-de-mudas-incentiva-producao-de-cafes-de-qualidade-gera-renda-e-ajuda-manter-familias-no-campo\/26-01-2026_mudas_de_cafe-23\/\" target=\"_self\"    >26-01-2026_mudas_de_cafe-23<\/a>\n\n\n\t<img decoding=\"async\" class=\"ms-thumb\" src=\"http:\/\/www.apucarana.pr.gov.br\/site\/wp-content\/uploads\/2026\/01\/26-01-2026_mudas_de_cafe-23-1024x683-140x80.jpg\" alt=\"26-01-2026_mudas_de_cafe-23\" \/>\n\t\t\t\t<\/div>\n\t\t\t<div  class=\"ms-slide\" data-delay=\"3\"    >\n\t\t\t\t\t<img decoding=\"async\" src=\"http:\/\/www.apucarana.pr.gov.br\/site\/wp-content\/plugins\/masterslider\/public\/assets\/css\/blank.gif\" alt=\"26-01-2026_mudas_de_cafe-71\" title=\"26-01-2026_mudas_de_cafe-71\" data-src=\"http:\/\/www.apucarana.pr.gov.br\/site\/wp-content\/uploads\/2026\/01\/26-01-2026_mudas_de_cafe-71-1024x683.jpg\" \/>\n\t<a href=\"http:\/\/www.apucarana.pr.gov.br\/site\/repasse-de-mudas-incentiva-producao-de-cafes-de-qualidade-gera-renda-e-ajuda-manter-familias-no-campo\/26-01-2026_mudas_de_cafe-71\/\" target=\"_self\"    >26-01-2026_mudas_de_cafe-71<\/a>\n\n\n\t<img decoding=\"async\" class=\"ms-thumb\" src=\"http:\/\/www.apucarana.pr.gov.br\/site\/wp-content\/uploads\/2026\/01\/26-01-2026_mudas_de_cafe-71-1024x683-140x80.jpg\" alt=\"26-01-2026_mudas_de_cafe-71\" \/>\n\t\t\t\t<\/div>\n\t\t\t<div  class=\"ms-slide\" data-delay=\"3\"    >\n\t\t\t\t\t<img decoding=\"async\" src=\"http:\/\/www.apucarana.pr.gov.br\/site\/wp-content\/plugins\/masterslider\/public\/assets\/css\/blank.gif\" alt=\"26-01-2026_mudas_de_cafe-19\" title=\"26-01-2026_mudas_de_cafe-19\" data-src=\"http:\/\/www.apucarana.pr.gov.br\/site\/wp-content\/uploads\/2026\/01\/26-01-2026_mudas_de_cafe-19-1024x704.jpg\" \/>\n\t<a href=\"http:\/\/www.apucarana.pr.gov.br\/site\/repasse-de-mudas-incentiva-producao-de-cafes-de-qualidade-gera-renda-e-ajuda-manter-familias-no-campo\/26-01-2026_mudas_de_cafe-19\/\" target=\"_self\"    >26-01-2026_mudas_de_cafe-19<\/a>\n\n\n\t<img decoding=\"async\" class=\"ms-thumb\" src=\"http:\/\/www.apucarana.pr.gov.br\/site\/wp-content\/uploads\/2026\/01\/26-01-2026_mudas_de_cafe-19-1024x704-140x80.jpg\" alt=\"26-01-2026_mudas_de_cafe-19\" \/>\n\t\t\t\t<\/div>\n\t\t\t<div  class=\"ms-slide\" data-delay=\"3\"    >\n\t\t\t\t\t<img decoding=\"async\" src=\"http:\/\/www.apucarana.pr.gov.br\/site\/wp-content\/plugins\/masterslider\/public\/assets\/css\/blank.gif\" alt=\"26-01-2026_mudas_de_cafe-7\" title=\"26-01-2026_mudas_de_cafe-7\" data-src=\"http:\/\/www.apucarana.pr.gov.br\/site\/wp-content\/uploads\/2026\/01\/26-01-2026_mudas_de_cafe-7-1024x683.jpg\" \/>\n\t<a href=\"http:\/\/www.apucarana.pr.gov.br\/site\/repasse-de-mudas-incentiva-producao-de-cafes-de-qualidade-gera-renda-e-ajuda-manter-familias-no-campo\/26-01-2026_mudas_de_cafe-7\/\" target=\"_self\"    >26-01-2026_mudas_de_cafe-7<\/a>\n\n\n\t<img decoding=\"async\" class=\"ms-thumb\" src=\"http:\/\/www.apucarana.pr.gov.br\/site\/wp-content\/uploads\/2026\/01\/26-01-2026_mudas_de_cafe-7-1024x683-140x80.jpg\" alt=\"26-01-2026_mudas_de_cafe-7\" \/>\n\t\t\t\t<\/div>\n\t\t\t<div  class=\"ms-slide\" data-delay=\"3\"    >\n\t\t\t\t\t<img decoding=\"async\" src=\"http:\/\/www.apucarana.pr.gov.br\/site\/wp-content\/plugins\/masterslider\/public\/assets\/css\/blank.gif\" alt=\"26-01-2026_mudas_de_cafe-27\" title=\"26-01-2026_mudas_de_cafe-27\" data-src=\"http:\/\/www.apucarana.pr.gov.br\/site\/wp-content\/uploads\/2026\/01\/26-01-2026_mudas_de_cafe-27-1024x683.jpg\" \/>\n\t<a href=\"http:\/\/www.apucarana.pr.gov.br\/site\/repasse-de-mudas-incentiva-producao-de-cafes-de-qualidade-gera-renda-e-ajuda-manter-familias-no-campo\/26-01-2026_mudas_de_cafe-27\/\" target=\"_self\"    >26-01-2026_mudas_de_cafe-27<\/a>\n\n\n\t<img decoding=\"async\" class=\"ms-thumb\" src=\"http:\/\/www.apucarana.pr.gov.br\/site\/wp-content\/uploads\/2026\/01\/26-01-2026_mudas_de_cafe-27-1024x683-140x80.jpg\" alt=\"26-01-2026_mudas_de_cafe-27\" \/>\n\t\t\t\t<\/div>\n\t\t\t<div  class=\"ms-slide\" data-delay=\"3\"    >\n\t\t\t\t\t<img decoding=\"async\" src=\"http:\/\/www.apucarana.pr.gov.br\/site\/wp-content\/plugins\/masterslider\/public\/assets\/css\/blank.gif\" alt=\"26-01-2026_mudas_de_cafe-34\" title=\"26-01-2026_mudas_de_cafe-34\" data-src=\"http:\/\/www.apucarana.pr.gov.br\/site\/wp-content\/uploads\/2026\/01\/26-01-2026_mudas_de_cafe-34-1024x683.jpg\" \/>\n\t<a href=\"http:\/\/www.apucarana.pr.gov.br\/site\/repasse-de-mudas-incentiva-producao-de-cafes-de-qualidade-gera-renda-e-ajuda-manter-familias-no-campo\/26-01-2026_mudas_de_cafe-34\/\" target=\"_self\"    >26-01-2026_mudas_de_cafe-34<\/a>\n\n\n\t<img decoding=\"async\" class=\"ms-thumb\" src=\"http:\/\/www.apucarana.pr.gov.br\/site\/wp-content\/uploads\/2026\/01\/26-01-2026_mudas_de_cafe-34-1024x683-140x80.jpg\" alt=\"26-01-2026_mudas_de_cafe-34\" \/>\n\t\t\t\t<\/div>\n\t\t\t<div  class=\"ms-slide\" data-delay=\"3\"    >\n\t\t\t\t\t<img decoding=\"async\" src=\"http:\/\/www.apucarana.pr.gov.br\/site\/wp-content\/plugins\/masterslider\/public\/assets\/css\/blank.gif\" alt=\"26-01-2026_mudas_de_cafe-41\" title=\"26-01-2026_mudas_de_cafe-41\" data-src=\"http:\/\/www.apucarana.pr.gov.br\/site\/wp-content\/uploads\/2026\/01\/26-01-2026_mudas_de_cafe-41-1024x683.jpg\" \/>\n\t<a href=\"http:\/\/www.apucarana.pr.gov.br\/site\/repasse-de-mudas-incentiva-producao-de-cafes-de-qualidade-gera-renda-e-ajuda-manter-familias-no-campo\/26-01-2026_mudas_de_cafe-41\/\" target=\"_self\"    >26-01-2026_mudas_de_cafe-41<\/a>\n\n\n\t<img decoding=\"async\" class=\"ms-thumb\" src=\"http:\/\/www.apucarana.pr.gov.br\/site\/wp-content\/uploads\/2026\/01\/26-01-2026_mudas_de_cafe-41-1024x683-140x80.jpg\" alt=\"26-01-2026_mudas_de_cafe-41\" \/>\n\t\t\t\t<\/div>\n\t\t\t<div  class=\"ms-slide\" data-delay=\"3\"    >\n\t\t\t\t\t<img decoding=\"async\" src=\"http:\/\/www.apucarana.pr.gov.br\/site\/wp-content\/plugins\/masterslider\/public\/assets\/css\/blank.gif\" alt=\"26-01-2026_mudas_de_cafe-52\" title=\"26-01-2026_mudas_de_cafe-52\" data-src=\"http:\/\/www.apucarana.pr.gov.br\/site\/wp-content\/uploads\/2026\/01\/26-01-2026_mudas_de_cafe-52-1024x683.jpg\" \/>\n\t<a href=\"http:\/\/www.apucarana.pr.gov.br\/site\/repasse-de-mudas-incentiva-producao-de-cafes-de-qualidade-gera-renda-e-ajuda-manter-familias-no-campo\/26-01-2026_mudas_de_cafe-52\/\" target=\"_self\"    >26-01-2026_mudas_de_cafe-52<\/a>\n\n\n\t<img decoding=\"async\" class=\"ms-thumb\" src=\"http:\/\/www.apucarana.pr.gov.br\/site\/wp-content\/uploads\/2026\/01\/26-01-2026_mudas_de_cafe-52-1024x683-140x80.jpg\" alt=\"26-01-2026_mudas_de_cafe-52\" \/>\n\t\t\t\t<\/div>\n\t\t\t<div  class=\"ms-slide\" data-delay=\"3\"    >\n\t\t\t\t\t<img decoding=\"async\" src=\"http:\/\/www.apucarana.pr.gov.br\/site\/wp-content\/plugins\/masterslider\/public\/assets\/css\/blank.gif\" alt=\"26-01-2026_mudas_de_cafe-63\" title=\"26-01-2026_mudas_de_cafe-63\" data-src=\"http:\/\/www.apucarana.pr.gov.br\/site\/wp-content\/uploads\/2026\/01\/26-01-2026_mudas_de_cafe-63-1024x683.jpg\" \/>\n\t<a href=\"http:\/\/www.apucarana.pr.gov.br\/site\/repasse-de-mudas-incentiva-producao-de-cafes-de-qualidade-gera-renda-e-ajuda-manter-familias-no-campo\/26-01-2026_mudas_de_cafe-63\/\" target=\"_self\"    >26-01-2026_mudas_de_cafe-63<\/a>\n\n\n\t<img decoding=\"async\" class=\"ms-thumb\" src=\"http:\/\/www.apucarana.pr.gov.br\/site\/wp-content\/uploads\/2026\/01\/26-01-2026_mudas_de_cafe-63-1024x683-140x80.jpg\" alt=\"26-01-2026_mudas_de_cafe-63\" \/>\n\t\t\t\t<\/div>\n\t\t\t<div  class=\"ms-slide\" data-delay=\"3\"    >\n\t\t\t\t\t<img decoding=\"async\" src=\"http:\/\/www.apucarana.pr.gov.br\/site\/wp-content\/plugins\/masterslider\/public\/assets\/css\/blank.gif\" alt=\"26-01-2026_mudas_de_cafe-68\" title=\"26-01-2026_mudas_de_cafe-68\" data-src=\"http:\/\/www.apucarana.pr.gov.br\/site\/wp-content\/uploads\/2026\/01\/26-01-2026_mudas_de_cafe-68-1024x683.jpg\" \/>\n\t<a href=\"http:\/\/www.apucarana.pr.gov.br\/site\/repasse-de-mudas-incentiva-producao-de-cafes-de-qualidade-gera-renda-e-ajuda-manter-familias-no-campo\/26-01-2026_mudas_de_cafe-68\/\" target=\"_self\"    >26-01-2026_mudas_de_cafe-68<\/a>\n\n\n\t<img decoding=\"async\" class=\"ms-thumb\" src=\"http:\/\/www.apucarana.pr.gov.br\/site\/wp-content\/uploads\/2026\/01\/26-01-2026_mudas_de_cafe-68-1024x683-140x80.jpg\" alt=\"26-01-2026_mudas_de_cafe-68\" \/>\n\t\t\t\t<\/div>\n\t\t\t<div  class=\"ms-slide\" data-delay=\"3\"    >\n\t\t\t\t\t<img decoding=\"async\" src=\"http:\/\/www.apucarana.pr.gov.br\/site\/wp-content\/plugins\/masterslider\/public\/assets\/css\/blank.gif\" alt=\"26-01-2026_mudas_de_cafe-3\" title=\"26-01-2026_mudas_de_cafe-3\" data-src=\"http:\/\/www.apucarana.pr.gov.br\/site\/wp-content\/uploads\/2026\/01\/26-01-2026_mudas_de_cafe-3-1024x683.jpg\" \/>\n\t<a href=\"http:\/\/www.apucarana.pr.gov.br\/site\/repasse-de-mudas-incentiva-producao-de-cafes-de-qualidade-gera-renda-e-ajuda-manter-familias-no-campo\/26-01-2026_mudas_de_cafe-3\/\" target=\"_self\"    >26-01-2026_mudas_de_cafe-3<\/a>\n\n\n\t<img decoding=\"async\" class=\"ms-thumb\" src=\"http:\/\/www.apucarana.pr.gov.br\/site\/wp-content\/uploads\/2026\/01\/26-01-2026_mudas_de_cafe-3-1024x683-140x80.jpg\" alt=\"26-01-2026_mudas_de_cafe-3\" \/>\n\t\t\t\t<\/div>\n\t\t\t<div  class=\"ms-slide\" data-delay=\"3\"    >\n\t\t\t\t\t<img decoding=\"async\" src=\"http:\/\/www.apucarana.pr.gov.br\/site\/wp-content\/plugins\/masterslider\/public\/assets\/css\/blank.gif\" alt=\"26-01-2026_mudas_de_cafe-9\" title=\"26-01-2026_mudas_de_cafe-9\" data-src=\"http:\/\/www.apucarana.pr.gov.br\/site\/wp-content\/uploads\/2026\/01\/26-01-2026_mudas_de_cafe-9-1024x683.jpg\" \/>\n\t<a href=\"http:\/\/www.apucarana.pr.gov.br\/site\/repasse-de-mudas-incentiva-producao-de-cafes-de-qualidade-gera-renda-e-ajuda-manter-familias-no-campo\/26-01-2026_mudas_de_cafe-9\/\" target=\"_self\"    >26-01-2026_mudas_de_cafe-9<\/a>\n\n\n\t<img decoding=\"async\" class=\"ms-thumb\" src=\"http:\/\/www.apucarana.pr.gov.br\/site\/wp-content\/uploads\/2026\/01\/26-01-2026_mudas_de_cafe-9-1024x683-140x80.jpg\" alt=\"26-01-2026_mudas_de_cafe-9\" \/>\n\t\t\t\t<\/div>\n\t\t\t<div  class=\"ms-slide\" data-delay=\"3\"    >\n\t\t\t\t\t<img decoding=\"async\" src=\"http:\/\/www.apucarana.pr.gov.br\/site\/wp-content\/plugins\/masterslider\/public\/assets\/css\/blank.gif\" alt=\"26-01-2026_mudas_de_cafe-13\" title=\"26-01-2026_mudas_de_cafe-13\" data-src=\"http:\/\/www.apucarana.pr.gov.br\/site\/wp-content\/uploads\/2026\/01\/26-01-2026_mudas_de_cafe-13-1024x683.jpg\" \/>\n\t<a href=\"http:\/\/www.apucarana.pr.gov.br\/site\/repasse-de-mudas-incentiva-producao-de-cafes-de-qualidade-gera-renda-e-ajuda-manter-familias-no-campo\/26-01-2026_mudas_de_cafe-13\/\" target=\"_self\"    >26-01-2026_mudas_de_cafe-13<\/a>\n\n\n\t<img decoding=\"async\" class=\"ms-thumb\" src=\"http:\/\/www.apucarana.pr.gov.br\/site\/wp-content\/uploads\/2026\/01\/26-01-2026_mudas_de_cafe-13-1024x683-140x80.jpg\" alt=\"26-01-2026_mudas_de_cafe-13\" \/>\n\t\t\t\t<\/div>\n\n\t\t\t<\/div>\n\t\t\t<!-- END MasterSlider Main -->\n\n\t\t\t \n\t\t<\/div>\n\t\t<!-- END MasterSlider -->\n\n\t\t<script>\n\t\t( window.MSReady = window.MSReady || [] ).push( function( $ ) {\n\n\t\t\t\"use strict\";\n\t\t\tvar masterslider_28c1 = new MasterSlider();\n\n\t\t\t\/\/ slider controls\n\t\t\tmasterslider_28c1.control('arrows'     ,{ autohide:true, overVideo:true  });\n\t\t\tmasterslider_28c1.control('thumblist'  ,{ autohide:false, overVideo:true, dir:'h', speed:17, inset:false, arrows:false, hover:false, customClass:'', align:'bottom',type:'thumbs', margin:2, width:140, height:80, space:2, fillMode:'fill'  });\n\t\t\t\/\/ slider setup\n\t\t\tmasterslider_28c1.setup(\"MS69f01225a28c1\", {\n\t\t\t\twidth           : 960,\n\t\t\t\theight          : 540,\n\t\t\t\tminHeight       : 0,\n\t\t\t\tspace           : 0,\n\t\t\t\tstart           : 1,\n\t\t\t\tgrabCursor      : true,\n\t\t\t\tswipe           : true,\n\t\t\t\tmouse           : true,\n\t\t\t\tkeyboard        : false,\n\t\t\t\tlayout          : \"fillwidth\",\n\t\t\t\twheel           : false,\n\t\t\t\tautoplay        : true,\n                instantStartLayers:false,\n\t\t\t\tmobileBGVideo:false,\n\t\t\t\tloop            : true,\n\t\t\t\tshuffle         : false,\n\t\t\t\tpreload         : 3,\n\t\t\t\theightLimit     : false,\n\t\t\t\tautoHeight      : false,\n\t\t\t\tsmoothHeight    : true,\n\t\t\t\tendPause        : false,\n\t\t\t\toverPause       : false,\n\t\t\t\tfillMode        : \"fill\",\n\t\t\t\tcenterControls  : true,\n\t\t\t\tstartOnAppear   : false,\n\t\t\t\tlayersMode      : \"center\",\n\t\t\t\tautofillTarget  : \"\",\n\t\t\t\thideLayers      : false,\n\t\t\t\tfullscreenMargin: 0,\n\t\t\t\tspeed           : 17,\n\t\t\t\tdir             : \"h\",\n\t\t\t\tresponsive      : true,\n\t\t\t\ttabletWidth     : 768,\n\t\t\t\ttabletHeight    : null,\n\t\t\t\tphoneWidth      : 480,\n\t\t\t\tphoneHeight    : null,\n\t\t\t\tsizingReference : window,\n\t\t\t\tparallaxMode    : 'swipe',\n\t\t\t\tview            : \"basic\"\n\t\t\t});\n\n\t\t\t\n\t\t\twindow.masterslider_instances = window.masterslider_instances || [];\n\t\t\twindow.masterslider_instances.push( masterslider_28c1 );\n\t\t});\n\t\t<\/script>\n\n\n<p>A Prefeitura de Apucarana iniciou nesta segunda-feira (26\/01) a distribui\u00e7\u00e3o de 120 mil mudas de caf\u00e9 para agricultores familiares. A a\u00e7\u00e3o, que integra as comemora\u00e7\u00f5es do anivers\u00e1rio de 82 anos, representa um investimento direto no pequeno produtor, na sucess\u00e3o familiar e na economia rural. Est\u00e3o sendo entregues mudas selecionadas, certificadas e adaptadas \u00e0 regi\u00e3o, das variedades Catua\u00ed, Mundo Novo, IPR100, IPR106 e IPR107.<\/p>\n<p>O prefeito Rodolfo Mota destacou a import\u00e2ncia hist\u00f3rica e econ\u00f4mica da cafeicultura para Apucarana. \u201c\u00c9 uma alegria poder incentivar e apoiar nossos agricultores. O caf\u00e9 tem tudo a ver com a nossa hist\u00f3ria, e Apucarana produz um dos melhores caf\u00e9s do Brasil. Todos ganham: o produtor, que gera renda, e o munic\u00edpio, que arrecada mais com a atividade\u201d, ressaltou.<\/p>\n<p>Rodolfo Mota lembrou que j\u00e1 autorizou a constru\u00e7\u00e3o de uma nova \u00e1rea de estufas no Horto Municipal, com cerca de 2 mil metros quadrados, para ampliar e qualificar a produ\u00e7\u00e3o de mudas de caf\u00e9. \u201cO espa\u00e7o tamb\u00e9m passar\u00e1 por uma reforma, com melhorias no acesso, cal\u00e7adas, port\u00f5es e na estrutura interna, garantindo melhores condi\u00e7\u00f5es de trabalho aos servidores e mais qualidade no atendimento aos agricultores\u201d, completou, acrescentando que a inten\u00e7\u00e3o \u00e9, ainda neste ano, entregar uma nova remessa de mudas.<\/p>\n<p>O secret\u00e1rio municipal de Agricultura, Wendel Metta, afirmou que as mudas simbolizam o cuidado com quem vive no campo. \u201cA cidade s\u00f3 vai bem se o campo for bem e essas mudas significam renda, sustento e dignidade para as fam\u00edlias\u201d, salientou. O secret\u00e1rio disse ainda que a pasta vem atuando para dar condi\u00e7\u00f5es para que os agricultores possam produzir e escoar a safra. \u201cDas 64 pontes existentes na zona rural, estamos chegando a 20 que j\u00e1 foram reformadas ou reconstru\u00eddas nesta gest\u00e3o\u201d, exemplificou.<\/p>\n<p>O t\u00e9cnico agr\u00edcola, <em>Luiz de Faveri<\/em>, afirmou que as mudas entregues s\u00e3o subsidiadas pela Prefeitura. O custo do milheiro \u00e9 de R$ 1 mil, com possibilidade de parcelamento em at\u00e9 quatro vezes, enquanto, em condi\u00e7\u00f5es normais de mercado, esse mesmo volume sairia por cerca de R$ 2 mil, geralmente com pagamento \u00e0 vista. \u201cNesta etapa, aproximadamente 50 produtores est\u00e3o sendo atendidos e cada um pode retirar at\u00e9 3 mil mudas, uma regra pensada para alcan\u00e7ar o maior n\u00famero poss\u00edvel de fam\u00edlias, ampliar o impacto da a\u00e7\u00e3o e fortalecer de forma concreta a agricultura familiar no munic\u00edpio\u201d, assinalou.<\/p>\n<p>O engenheiro agr\u00f4nomo Marco Ant\u00f4nio Casini, representante do Instituto de Desenvolvimento Rural (IDR), elogiou a qualidade das mudas, orientando sobre as melhores pr\u00e1ticas de plantio \u201cPrecisamos preparar o produtor para a cafeicultura moderna. A tecnologia \u00e9 essencial para suprir a falta de m\u00e3o de obra e o mercado est\u00e1 acess\u00edvel, premiando o caf\u00e9 de qualidade que temos aqui&#8221;, disse Casini, citando o exemplo de produtores locais premiados em concursos estaduais.<\/p>\n<p>O vice-prefeito e secret\u00e1rio de Governo, Marcos da Vila Reis, relembrou os desafios enfrentados pelos pequenos produtores nas \u00faltimas d\u00e9cadas. \u201cO apoio do poder p\u00fablico \u00e9 fundamental para evitar o \u00eaxodo rural e manter viva a tradi\u00e7\u00e3o cafeeira. Essa entrega \u00e9 um incentivo para que os filhos continuem a heran\u00e7a de seus pais\u201d, disse.<\/p>\n<p>O vereador Luciano Facchiano lembrou que sua fam\u00edlia veio da It\u00e1lia para produzir caf\u00e9 no Brasil, chamando os produtores que permaneceram na atividade de \u201cguerreiros\u201d. \u201cPassaram por geadas, por per\u00edodos de pre\u00e7o baixo e permaneceram. O caf\u00e9 \u00e9 o que segura as fam\u00edlias na zona rural. Onde h\u00e1 uma lavoura bem cuidada, h\u00e1 uma fam\u00edlia morando e gerando renda\u201d, ressaltou.<\/p>\n<p>Os produtores foram recepcionados no local com um caf\u00e9 da manh\u00e3. O prefeito esteve acompanhado da primeira-dama e secret\u00e1ria da Mulher, Karine Mota, al\u00e9m dos demais secret\u00e1rios municipais. Os vereadores Mois\u00e9s Tavares, Pablo da Seguran\u00e7a e Tiago Cordeiro foram representados por assessores.<\/p>\n","protected":false},"excerpt":{"rendered":"<p>A Prefeitura de Apucarana iniciou nesta segunda-feira (26\/01) a distribui&ccedil;&atilde;o de 120 mil mudas de caf&eacute; para agricultores familiares. A a&ccedil;&atilde;o, que integra as comemora&ccedil;&otilde;es do anivers&aacute;rio de 82 anos, representa um investimento direto no pequeno produtor, na sucess&atilde;o familiar e na economia rural. Est&atilde;o sendo entregues mudas selecionadas, certificadas e adaptadas &agrave; regi&atilde;o, das [&hellip;]<\/p>\n","protected":false},"author":6,"featured_media":122817,"comment_status":"closed","ping_status":"closed","sticky":false,"template":"","format":"standard","meta":{"footnotes":""},"categories":[24],"tags":[],"class_list":["post-122792","post","type-post","status-publish","format-standard","has-post-thumbnail","hentry","category-noticias"],"acf":[],"_links":{"self":[{"href":"http:\/\/www.apucarana.pr.gov.br\/site\/wp-json\/wp\/v2\/posts\/122792","targetHints":{"allow":["GET"]}}],"collection":[{"href":"http:\/\/www.apucarana.pr.gov.br\/site\/wp-json\/wp\/v2\/posts"}],"about":[{"href":"http:\/\/www.apucarana.pr.gov.br\/site\/wp-json\/wp\/v2\/types\/post"}],"author":[{"embeddable":true,"href":"http:\/\/www.apucarana.pr.gov.br\/site\/wp-json\/wp\/v2\/users\/6"}],"replies":[{"embeddable":true,"href":"http:\/\/www.apucarana.pr.gov.br\/site\/wp-json\/wp\/v2\/comments?post=122792"}],"version-history":[{"count":2,"href":"http:\/\/www.apucarana.pr.gov.br\/site\/wp-json\/wp\/v2\/posts\/122792\/revisions"}],"predecessor-version":[{"id":122819,"href":"http:\/\/www.apucarana.pr.gov.br\/site\/wp-json\/wp\/v2\/posts\/122792\/revisions\/122819"}],"wp:featuredmedia":[{"embeddable":true,"href":"http:\/\/www.apucarana.pr.gov.br\/site\/wp-json\/wp\/v2\/media\/122817"}],"wp:attachment":[{"href":"http:\/\/www.apucarana.pr.gov.br\/site\/wp-json\/wp\/v2\/media?parent=122792"}],"wp:term":[{"taxonomy":"category","embeddable":true,"href":"http:\/\/www.apucarana.pr.gov.br\/site\/wp-json\/wp\/v2\/categories?post=122792"},{"taxonomy":"post_tag","embeddable":true,"href":"http:\/\/www.apucarana.pr.gov.br\/site\/wp-json\/wp\/v2\/tags?post=122792"}],"curies":[{"name":"wp","href":"https:\/\/api.w.org\/{rel}","templated":true}]}}