{"id":122739,"date":"2026-01-23T20:34:29","date_gmt":"2026-01-23T23:34:29","guid":{"rendered":"https:\/\/www.apucarana.pr.gov.br\/site\/?p=122739"},"modified":"2026-01-26T12:57:12","modified_gmt":"2026-01-26T15:57:12","slug":"prefeitura-de-apucarana-amplia-o-lazer-das-familias-com-o-primeiro-parque-infantil-tematico-no-parque-jaboti","status":"publish","type":"post","link":"http:\/\/www.apucarana.pr.gov.br\/site\/prefeitura-de-apucarana-amplia-o-lazer-das-familias-com-o-primeiro-parque-infantil-tematico-no-parque-jaboti\/","title":{"rendered":"Prefeitura de Apucarana amplia o lazer das fam\u00edlias com o primeiro parque infantil tem\u00e1tico no Parque Jaboti"},"content":{"rendered":"\n\t\t<!-- MasterSlider -->\n\t\t<div id=\"P_MS69effff45fa04\" class=\"master-slider-parent master-slider-gallery   ms-parent-id-0\" style=\"\" >\n\n\t\t\t\n\t\t\t<!-- MasterSlider Main -->\n\t\t\t<div id=\"MS69effff45fa04\" class=\"master-slider ms-skin-default\" >\n\t\t\t\t \t\t\t\t \n\t\t\t<div  class=\"ms-slide\" data-delay=\"3\"    >\n\t\t\t\t\t<img decoding=\"async\" src=\"http:\/\/www.apucarana.pr.gov.br\/site\/wp-content\/plugins\/masterslider\/public\/assets\/css\/blank.gif\" alt=\"2026-01-23_inauguracao_parque-tematico_jaboti024\" title=\"2026-01-23_inauguracao_parque-tematico_jaboti024\" data-src=\"http:\/\/www.apucarana.pr.gov.br\/site\/wp-content\/uploads\/2026\/01\/2026-01-23_inauguracao_parque-tematico_jaboti024-1024x683.jpg\" \/>\n\t<a href=\"http:\/\/www.apucarana.pr.gov.br\/site\/wp-content\/uploads\/2026\/01\/2026-01-23_inauguracao_parque-tematico_jaboti024-1024x683.jpg\" target=\"_self\"    >2026-01-23_inauguracao_parque-tematico_jaboti024<\/a>\n\n\n\t<img decoding=\"async\" class=\"ms-thumb\" src=\"http:\/\/www.apucarana.pr.gov.br\/site\/wp-content\/uploads\/2026\/01\/2026-01-23_inauguracao_parque-tematico_jaboti024-1024x683-140x80.jpg\" alt=\"2026-01-23_inauguracao_parque-tematico_jaboti024\" \/>\n\t\t\t\t<\/div>\n\t\t\t<div  class=\"ms-slide\" data-delay=\"3\"    >\n\t\t\t\t\t<img decoding=\"async\" src=\"http:\/\/www.apucarana.pr.gov.br\/site\/wp-content\/plugins\/masterslider\/public\/assets\/css\/blank.gif\" alt=\"2026-01-23_inauguracao_parque-tematico_jaboti022\" title=\"2026-01-23_inauguracao_parque-tematico_jaboti022\" data-src=\"http:\/\/www.apucarana.pr.gov.br\/site\/wp-content\/uploads\/2026\/01\/2026-01-23_inauguracao_parque-tematico_jaboti022-1024x683.jpg\" \/>\n\t<a href=\"http:\/\/www.apucarana.pr.gov.br\/site\/wp-content\/uploads\/2026\/01\/2026-01-23_inauguracao_parque-tematico_jaboti022-1024x683.jpg\" target=\"_self\"    >2026-01-23_inauguracao_parque-tematico_jaboti022<\/a>\n\n\n\t<img decoding=\"async\" class=\"ms-thumb\" src=\"http:\/\/www.apucarana.pr.gov.br\/site\/wp-content\/uploads\/2026\/01\/2026-01-23_inauguracao_parque-tematico_jaboti022-1024x683-140x80.jpg\" alt=\"2026-01-23_inauguracao_parque-tematico_jaboti022\" \/>\n\t\t\t\t<\/div>\n\t\t\t<div  class=\"ms-slide\" data-delay=\"3\"    >\n\t\t\t\t\t<img decoding=\"async\" src=\"http:\/\/www.apucarana.pr.gov.br\/site\/wp-content\/plugins\/masterslider\/public\/assets\/css\/blank.gif\" alt=\"2026-01-23_inauguracao_parque-tematico_jaboti021\" title=\"2026-01-23_inauguracao_parque-tematico_jaboti021\" data-src=\"http:\/\/www.apucarana.pr.gov.br\/site\/wp-content\/uploads\/2026\/01\/2026-01-23_inauguracao_parque-tematico_jaboti021-1024x683.jpg\" \/>\n\t<a href=\"http:\/\/www.apucarana.pr.gov.br\/site\/wp-content\/uploads\/2026\/01\/2026-01-23_inauguracao_parque-tematico_jaboti021-1024x683.jpg\" target=\"_self\"    >2026-01-23_inauguracao_parque-tematico_jaboti021<\/a>\n\n\n\t<img decoding=\"async\" class=\"ms-thumb\" src=\"http:\/\/www.apucarana.pr.gov.br\/site\/wp-content\/uploads\/2026\/01\/2026-01-23_inauguracao_parque-tematico_jaboti021-1024x683-140x80.jpg\" alt=\"2026-01-23_inauguracao_parque-tematico_jaboti021\" \/>\n\t\t\t\t<\/div>\n\t\t\t<div  class=\"ms-slide\" data-delay=\"3\"    >\n\t\t\t\t\t<img decoding=\"async\" src=\"http:\/\/www.apucarana.pr.gov.br\/site\/wp-content\/plugins\/masterslider\/public\/assets\/css\/blank.gif\" alt=\"2026-01-23_inauguracao_parque-tematico_jaboti020\" title=\"2026-01-23_inauguracao_parque-tematico_jaboti020\" data-src=\"http:\/\/www.apucarana.pr.gov.br\/site\/wp-content\/uploads\/2026\/01\/2026-01-23_inauguracao_parque-tematico_jaboti020-1024x683.jpg\" \/>\n\t<a href=\"http:\/\/www.apucarana.pr.gov.br\/site\/wp-content\/uploads\/2026\/01\/2026-01-23_inauguracao_parque-tematico_jaboti020-1024x683.jpg\" target=\"_self\"    >2026-01-23_inauguracao_parque-tematico_jaboti020<\/a>\n\n\n\t<img decoding=\"async\" class=\"ms-thumb\" src=\"http:\/\/www.apucarana.pr.gov.br\/site\/wp-content\/uploads\/2026\/01\/2026-01-23_inauguracao_parque-tematico_jaboti020-1024x683-140x80.jpg\" alt=\"2026-01-23_inauguracao_parque-tematico_jaboti020\" \/>\n\t\t\t\t<\/div>\n\t\t\t<div  class=\"ms-slide\" data-delay=\"3\"    >\n\t\t\t\t\t<img decoding=\"async\" src=\"http:\/\/www.apucarana.pr.gov.br\/site\/wp-content\/plugins\/masterslider\/public\/assets\/css\/blank.gif\" alt=\"2026-01-23_inauguracao_parque-tematico_jaboti019\" title=\"2026-01-23_inauguracao_parque-tematico_jaboti019\" data-src=\"http:\/\/www.apucarana.pr.gov.br\/site\/wp-content\/uploads\/2026\/01\/2026-01-23_inauguracao_parque-tematico_jaboti019-1024x683.jpg\" \/>\n\t<a href=\"http:\/\/www.apucarana.pr.gov.br\/site\/wp-content\/uploads\/2026\/01\/2026-01-23_inauguracao_parque-tematico_jaboti019-1024x683.jpg\" target=\"_self\"    >2026-01-23_inauguracao_parque-tematico_jaboti019<\/a>\n\n\n\t<img decoding=\"async\" class=\"ms-thumb\" src=\"http:\/\/www.apucarana.pr.gov.br\/site\/wp-content\/uploads\/2026\/01\/2026-01-23_inauguracao_parque-tematico_jaboti019-1024x683-140x80.jpg\" alt=\"2026-01-23_inauguracao_parque-tematico_jaboti019\" \/>\n\t\t\t\t<\/div>\n\t\t\t<div  class=\"ms-slide\" data-delay=\"3\"    >\n\t\t\t\t\t<img decoding=\"async\" src=\"http:\/\/www.apucarana.pr.gov.br\/site\/wp-content\/plugins\/masterslider\/public\/assets\/css\/blank.gif\" alt=\"2026-01-23_inauguracao_parque-tematico_jaboti014\" title=\"2026-01-23_inauguracao_parque-tematico_jaboti014\" data-src=\"http:\/\/www.apucarana.pr.gov.br\/site\/wp-content\/uploads\/2026\/01\/2026-01-23_inauguracao_parque-tematico_jaboti014-1024x683.jpg\" \/>\n\t<a href=\"http:\/\/www.apucarana.pr.gov.br\/site\/wp-content\/uploads\/2026\/01\/2026-01-23_inauguracao_parque-tematico_jaboti014-1024x683.jpg\" target=\"_self\"    >2026-01-23_inauguracao_parque-tematico_jaboti014<\/a>\n\n\n\t<img decoding=\"async\" class=\"ms-thumb\" src=\"http:\/\/www.apucarana.pr.gov.br\/site\/wp-content\/uploads\/2026\/01\/2026-01-23_inauguracao_parque-tematico_jaboti014-1024x683-140x80.jpg\" alt=\"2026-01-23_inauguracao_parque-tematico_jaboti014\" \/>\n\t\t\t\t<\/div>\n\t\t\t<div  class=\"ms-slide\" data-delay=\"3\"    >\n\t\t\t\t\t<img decoding=\"async\" src=\"http:\/\/www.apucarana.pr.gov.br\/site\/wp-content\/plugins\/masterslider\/public\/assets\/css\/blank.gif\" alt=\"2026-01-23_inauguracao_parque-tematico_jaboti015\" title=\"2026-01-23_inauguracao_parque-tematico_jaboti015\" data-src=\"http:\/\/www.apucarana.pr.gov.br\/site\/wp-content\/uploads\/2026\/01\/2026-01-23_inauguracao_parque-tematico_jaboti015-1024x683.jpg\" \/>\n\t<a href=\"http:\/\/www.apucarana.pr.gov.br\/site\/wp-content\/uploads\/2026\/01\/2026-01-23_inauguracao_parque-tematico_jaboti015-1024x683.jpg\" target=\"_self\"    >2026-01-23_inauguracao_parque-tematico_jaboti015<\/a>\n\n\n\t<img decoding=\"async\" class=\"ms-thumb\" src=\"http:\/\/www.apucarana.pr.gov.br\/site\/wp-content\/uploads\/2026\/01\/2026-01-23_inauguracao_parque-tematico_jaboti015-1024x683-140x80.jpg\" alt=\"2026-01-23_inauguracao_parque-tematico_jaboti015\" \/>\n\t\t\t\t<\/div>\n\t\t\t<div  class=\"ms-slide\" data-delay=\"3\"    >\n\t\t\t\t\t<img decoding=\"async\" src=\"http:\/\/www.apucarana.pr.gov.br\/site\/wp-content\/plugins\/masterslider\/public\/assets\/css\/blank.gif\" alt=\"2026-01-23_inauguracao_parque-tematico_jaboti016\" title=\"2026-01-23_inauguracao_parque-tematico_jaboti016\" data-src=\"http:\/\/www.apucarana.pr.gov.br\/site\/wp-content\/uploads\/2026\/01\/2026-01-23_inauguracao_parque-tematico_jaboti016-1024x683.jpg\" \/>\n\t<a href=\"http:\/\/www.apucarana.pr.gov.br\/site\/wp-content\/uploads\/2026\/01\/2026-01-23_inauguracao_parque-tematico_jaboti016-1024x683.jpg\" target=\"_self\"    >2026-01-23_inauguracao_parque-tematico_jaboti016<\/a>\n\n\n\t<img decoding=\"async\" class=\"ms-thumb\" src=\"http:\/\/www.apucarana.pr.gov.br\/site\/wp-content\/uploads\/2026\/01\/2026-01-23_inauguracao_parque-tematico_jaboti016-1024x683-140x80.jpg\" alt=\"2026-01-23_inauguracao_parque-tematico_jaboti016\" \/>\n\t\t\t\t<\/div>\n\t\t\t<div  class=\"ms-slide\" data-delay=\"3\"    >\n\t\t\t\t\t<img decoding=\"async\" src=\"http:\/\/www.apucarana.pr.gov.br\/site\/wp-content\/plugins\/masterslider\/public\/assets\/css\/blank.gif\" alt=\"2026-01-23_inauguracao_parque-tematico_jaboti017\" title=\"2026-01-23_inauguracao_parque-tematico_jaboti017\" data-src=\"http:\/\/www.apucarana.pr.gov.br\/site\/wp-content\/uploads\/2026\/01\/2026-01-23_inauguracao_parque-tematico_jaboti017-1024x683.jpg\" \/>\n\t<a href=\"http:\/\/www.apucarana.pr.gov.br\/site\/wp-content\/uploads\/2026\/01\/2026-01-23_inauguracao_parque-tematico_jaboti017-1024x683.jpg\" target=\"_self\"    >2026-01-23_inauguracao_parque-tematico_jaboti017<\/a>\n\n\n\t<img decoding=\"async\" class=\"ms-thumb\" src=\"http:\/\/www.apucarana.pr.gov.br\/site\/wp-content\/uploads\/2026\/01\/2026-01-23_inauguracao_parque-tematico_jaboti017-1024x683-140x80.jpg\" alt=\"2026-01-23_inauguracao_parque-tematico_jaboti017\" \/>\n\t\t\t\t<\/div>\n\t\t\t<div  class=\"ms-slide\" data-delay=\"3\"    >\n\t\t\t\t\t<img decoding=\"async\" src=\"http:\/\/www.apucarana.pr.gov.br\/site\/wp-content\/plugins\/masterslider\/public\/assets\/css\/blank.gif\" alt=\"2026-01-23_inauguracao_parque-tematico_jaboti018\" title=\"2026-01-23_inauguracao_parque-tematico_jaboti018\" data-src=\"http:\/\/www.apucarana.pr.gov.br\/site\/wp-content\/uploads\/2026\/01\/2026-01-23_inauguracao_parque-tematico_jaboti018-1024x683.jpg\" \/>\n\t<a href=\"http:\/\/www.apucarana.pr.gov.br\/site\/wp-content\/uploads\/2026\/01\/2026-01-23_inauguracao_parque-tematico_jaboti018-1024x683.jpg\" target=\"_self\"    >2026-01-23_inauguracao_parque-tematico_jaboti018<\/a>\n\n\n\t<img decoding=\"async\" class=\"ms-thumb\" src=\"http:\/\/www.apucarana.pr.gov.br\/site\/wp-content\/uploads\/2026\/01\/2026-01-23_inauguracao_parque-tematico_jaboti018-1024x683-140x80.jpg\" alt=\"2026-01-23_inauguracao_parque-tematico_jaboti018\" \/>\n\t\t\t\t<\/div>\n\t\t\t<div  class=\"ms-slide\" data-delay=\"3\"    >\n\t\t\t\t\t<img decoding=\"async\" src=\"http:\/\/www.apucarana.pr.gov.br\/site\/wp-content\/plugins\/masterslider\/public\/assets\/css\/blank.gif\" alt=\"2026-01-23_inauguracao_parque-tematico_jaboti013\" title=\"2026-01-23_inauguracao_parque-tematico_jaboti013\" data-src=\"http:\/\/www.apucarana.pr.gov.br\/site\/wp-content\/uploads\/2026\/01\/2026-01-23_inauguracao_parque-tematico_jaboti013-1024x683.jpg\" \/>\n\t<a href=\"http:\/\/www.apucarana.pr.gov.br\/site\/wp-content\/uploads\/2026\/01\/2026-01-23_inauguracao_parque-tematico_jaboti013-1024x683.jpg\" target=\"_self\"    >2026-01-23_inauguracao_parque-tematico_jaboti013<\/a>\n\n\n\t<img decoding=\"async\" class=\"ms-thumb\" src=\"http:\/\/www.apucarana.pr.gov.br\/site\/wp-content\/uploads\/2026\/01\/2026-01-23_inauguracao_parque-tematico_jaboti013-1024x683-140x80.jpg\" alt=\"2026-01-23_inauguracao_parque-tematico_jaboti013\" \/>\n\t\t\t\t<\/div>\n\t\t\t<div  class=\"ms-slide\" data-delay=\"3\"    >\n\t\t\t\t\t<img decoding=\"async\" src=\"http:\/\/www.apucarana.pr.gov.br\/site\/wp-content\/plugins\/masterslider\/public\/assets\/css\/blank.gif\" alt=\"2026-01-23_inauguracao_parque-tematico_jaboti012\" title=\"2026-01-23_inauguracao_parque-tematico_jaboti012\" data-src=\"http:\/\/www.apucarana.pr.gov.br\/site\/wp-content\/uploads\/2026\/01\/2026-01-23_inauguracao_parque-tematico_jaboti012-1024x683.jpg\" \/>\n\t<a href=\"http:\/\/www.apucarana.pr.gov.br\/site\/wp-content\/uploads\/2026\/01\/2026-01-23_inauguracao_parque-tematico_jaboti012-1024x683.jpg\" target=\"_self\"    >2026-01-23_inauguracao_parque-tematico_jaboti012<\/a>\n\n\n\t<img decoding=\"async\" class=\"ms-thumb\" src=\"http:\/\/www.apucarana.pr.gov.br\/site\/wp-content\/uploads\/2026\/01\/2026-01-23_inauguracao_parque-tematico_jaboti012-1024x683-140x80.jpg\" alt=\"2026-01-23_inauguracao_parque-tematico_jaboti012\" \/>\n\t\t\t\t<\/div>\n\t\t\t<div  class=\"ms-slide\" data-delay=\"3\"    >\n\t\t\t\t\t<img decoding=\"async\" src=\"http:\/\/www.apucarana.pr.gov.br\/site\/wp-content\/plugins\/masterslider\/public\/assets\/css\/blank.gif\" alt=\"2026-01-23_inauguracao_parque-tematico_jaboti011\" title=\"2026-01-23_inauguracao_parque-tematico_jaboti011\" data-src=\"http:\/\/www.apucarana.pr.gov.br\/site\/wp-content\/uploads\/2026\/01\/2026-01-23_inauguracao_parque-tematico_jaboti011-1024x683.jpg\" \/>\n\t<a href=\"http:\/\/www.apucarana.pr.gov.br\/site\/wp-content\/uploads\/2026\/01\/2026-01-23_inauguracao_parque-tematico_jaboti011-1024x683.jpg\" target=\"_self\"    >2026-01-23_inauguracao_parque-tematico_jaboti011<\/a>\n\n\n\t<img decoding=\"async\" class=\"ms-thumb\" src=\"http:\/\/www.apucarana.pr.gov.br\/site\/wp-content\/uploads\/2026\/01\/2026-01-23_inauguracao_parque-tematico_jaboti011-1024x683-140x80.jpg\" alt=\"2026-01-23_inauguracao_parque-tematico_jaboti011\" \/>\n\t\t\t\t<\/div>\n\t\t\t<div  class=\"ms-slide\" data-delay=\"3\"    >\n\t\t\t\t\t<img decoding=\"async\" src=\"http:\/\/www.apucarana.pr.gov.br\/site\/wp-content\/plugins\/masterslider\/public\/assets\/css\/blank.gif\" alt=\"2026-01-23_inauguracao_parque-tematico_jaboti010\" title=\"2026-01-23_inauguracao_parque-tematico_jaboti010\" data-src=\"http:\/\/www.apucarana.pr.gov.br\/site\/wp-content\/uploads\/2026\/01\/2026-01-23_inauguracao_parque-tematico_jaboti010-1024x683.jpg\" \/>\n\t<a href=\"http:\/\/www.apucarana.pr.gov.br\/site\/wp-content\/uploads\/2026\/01\/2026-01-23_inauguracao_parque-tematico_jaboti010-1024x683.jpg\" target=\"_self\"    >2026-01-23_inauguracao_parque-tematico_jaboti010<\/a>\n\n\n\t<img decoding=\"async\" class=\"ms-thumb\" src=\"http:\/\/www.apucarana.pr.gov.br\/site\/wp-content\/uploads\/2026\/01\/2026-01-23_inauguracao_parque-tematico_jaboti010-1024x683-140x80.jpg\" alt=\"2026-01-23_inauguracao_parque-tematico_jaboti010\" \/>\n\t\t\t\t<\/div>\n\t\t\t<div  class=\"ms-slide\" data-delay=\"3\"    >\n\t\t\t\t\t<img decoding=\"async\" src=\"http:\/\/www.apucarana.pr.gov.br\/site\/wp-content\/plugins\/masterslider\/public\/assets\/css\/blank.gif\" alt=\"2026-01-23_inauguracao_parque-tematico_jaboti009\" title=\"2026-01-23_inauguracao_parque-tematico_jaboti009\" data-src=\"http:\/\/www.apucarana.pr.gov.br\/site\/wp-content\/uploads\/2026\/01\/2026-01-23_inauguracao_parque-tematico_jaboti009-1024x683.jpg\" \/>\n\t<a href=\"http:\/\/www.apucarana.pr.gov.br\/site\/wp-content\/uploads\/2026\/01\/2026-01-23_inauguracao_parque-tematico_jaboti009-1024x683.jpg\" target=\"_self\"    >2026-01-23_inauguracao_parque-tematico_jaboti009<\/a>\n\n\n\t<img decoding=\"async\" class=\"ms-thumb\" src=\"http:\/\/www.apucarana.pr.gov.br\/site\/wp-content\/uploads\/2026\/01\/2026-01-23_inauguracao_parque-tematico_jaboti009-1024x683-140x80.jpg\" alt=\"2026-01-23_inauguracao_parque-tematico_jaboti009\" \/>\n\t\t\t\t<\/div>\n\t\t\t<div  class=\"ms-slide\" data-delay=\"3\"    >\n\t\t\t\t\t<img decoding=\"async\" src=\"http:\/\/www.apucarana.pr.gov.br\/site\/wp-content\/plugins\/masterslider\/public\/assets\/css\/blank.gif\" alt=\"2026-01-23_inauguracao_parque-tematico_jaboti008\" title=\"2026-01-23_inauguracao_parque-tematico_jaboti008\" data-src=\"http:\/\/www.apucarana.pr.gov.br\/site\/wp-content\/uploads\/2026\/01\/2026-01-23_inauguracao_parque-tematico_jaboti008-1024x683.jpg\" \/>\n\t<a href=\"http:\/\/www.apucarana.pr.gov.br\/site\/wp-content\/uploads\/2026\/01\/2026-01-23_inauguracao_parque-tematico_jaboti008-1024x683.jpg\" target=\"_self\"    >2026-01-23_inauguracao_parque-tematico_jaboti008<\/a>\n\n\n\t<img decoding=\"async\" class=\"ms-thumb\" src=\"http:\/\/www.apucarana.pr.gov.br\/site\/wp-content\/uploads\/2026\/01\/2026-01-23_inauguracao_parque-tematico_jaboti008-1024x683-140x80.jpg\" alt=\"2026-01-23_inauguracao_parque-tematico_jaboti008\" \/>\n\t\t\t\t<\/div>\n\t\t\t<div  class=\"ms-slide\" data-delay=\"3\"    >\n\t\t\t\t\t<img decoding=\"async\" src=\"http:\/\/www.apucarana.pr.gov.br\/site\/wp-content\/plugins\/masterslider\/public\/assets\/css\/blank.gif\" alt=\"2026-01-23_inauguracao_parque-tematico_jaboti007\" title=\"2026-01-23_inauguracao_parque-tematico_jaboti007\" data-src=\"http:\/\/www.apucarana.pr.gov.br\/site\/wp-content\/uploads\/2026\/01\/2026-01-23_inauguracao_parque-tematico_jaboti007-1024x683.jpg\" \/>\n\t<a href=\"http:\/\/www.apucarana.pr.gov.br\/site\/wp-content\/uploads\/2026\/01\/2026-01-23_inauguracao_parque-tematico_jaboti007-1024x683.jpg\" target=\"_self\"    >2026-01-23_inauguracao_parque-tematico_jaboti007<\/a>\n\n\n\t<img decoding=\"async\" class=\"ms-thumb\" src=\"http:\/\/www.apucarana.pr.gov.br\/site\/wp-content\/uploads\/2026\/01\/2026-01-23_inauguracao_parque-tematico_jaboti007-1024x683-140x80.jpg\" alt=\"2026-01-23_inauguracao_parque-tematico_jaboti007\" \/>\n\t\t\t\t<\/div>\n\t\t\t<div  class=\"ms-slide\" data-delay=\"3\"    >\n\t\t\t\t\t<img decoding=\"async\" src=\"http:\/\/www.apucarana.pr.gov.br\/site\/wp-content\/plugins\/masterslider\/public\/assets\/css\/blank.gif\" alt=\"2026-01-23_inauguracao_parque-tematico_jaboti006\" title=\"2026-01-23_inauguracao_parque-tematico_jaboti006\" data-src=\"http:\/\/www.apucarana.pr.gov.br\/site\/wp-content\/uploads\/2026\/01\/2026-01-23_inauguracao_parque-tematico_jaboti006-1024x683.jpg\" \/>\n\t<a href=\"http:\/\/www.apucarana.pr.gov.br\/site\/wp-content\/uploads\/2026\/01\/2026-01-23_inauguracao_parque-tematico_jaboti006-1024x683.jpg\" target=\"_self\"    >2026-01-23_inauguracao_parque-tematico_jaboti006<\/a>\n\n\n\t<img decoding=\"async\" class=\"ms-thumb\" src=\"http:\/\/www.apucarana.pr.gov.br\/site\/wp-content\/uploads\/2026\/01\/2026-01-23_inauguracao_parque-tematico_jaboti006-1024x683-140x80.jpg\" alt=\"2026-01-23_inauguracao_parque-tematico_jaboti006\" \/>\n\t\t\t\t<\/div>\n\t\t\t<div  class=\"ms-slide\" data-delay=\"3\"    >\n\t\t\t\t\t<img decoding=\"async\" src=\"http:\/\/www.apucarana.pr.gov.br\/site\/wp-content\/plugins\/masterslider\/public\/assets\/css\/blank.gif\" alt=\"2026-01-23_inauguracao_parque-tematico_jaboti005\" title=\"2026-01-23_inauguracao_parque-tematico_jaboti005\" data-src=\"http:\/\/www.apucarana.pr.gov.br\/site\/wp-content\/uploads\/2026\/01\/2026-01-23_inauguracao_parque-tematico_jaboti005-1024x683.jpg\" \/>\n\t<a href=\"http:\/\/www.apucarana.pr.gov.br\/site\/wp-content\/uploads\/2026\/01\/2026-01-23_inauguracao_parque-tematico_jaboti005-1024x683.jpg\" target=\"_self\"    >2026-01-23_inauguracao_parque-tematico_jaboti005<\/a>\n\n\n\t<img decoding=\"async\" class=\"ms-thumb\" src=\"http:\/\/www.apucarana.pr.gov.br\/site\/wp-content\/uploads\/2026\/01\/2026-01-23_inauguracao_parque-tematico_jaboti005-1024x683-140x80.jpg\" alt=\"2026-01-23_inauguracao_parque-tematico_jaboti005\" \/>\n\t\t\t\t<\/div>\n\t\t\t<div  class=\"ms-slide\" data-delay=\"3\"    >\n\t\t\t\t\t<img decoding=\"async\" src=\"http:\/\/www.apucarana.pr.gov.br\/site\/wp-content\/plugins\/masterslider\/public\/assets\/css\/blank.gif\" alt=\"2026-01-23_inauguracao_parque-tematico_jaboti003\" title=\"2026-01-23_inauguracao_parque-tematico_jaboti003\" data-src=\"http:\/\/www.apucarana.pr.gov.br\/site\/wp-content\/uploads\/2026\/01\/2026-01-23_inauguracao_parque-tematico_jaboti003-1024x683.jpg\" \/>\n\t<a href=\"http:\/\/www.apucarana.pr.gov.br\/site\/wp-content\/uploads\/2026\/01\/2026-01-23_inauguracao_parque-tematico_jaboti003-1024x683.jpg\" target=\"_self\"    >2026-01-23_inauguracao_parque-tematico_jaboti003<\/a>\n\n\n\t<img decoding=\"async\" class=\"ms-thumb\" src=\"http:\/\/www.apucarana.pr.gov.br\/site\/wp-content\/uploads\/2026\/01\/2026-01-23_inauguracao_parque-tematico_jaboti003-1024x683-140x80.jpg\" alt=\"2026-01-23_inauguracao_parque-tematico_jaboti003\" \/>\n\t\t\t\t<\/div>\n\t\t\t<div  class=\"ms-slide\" data-delay=\"3\"    >\n\t\t\t\t\t<img decoding=\"async\" src=\"http:\/\/www.apucarana.pr.gov.br\/site\/wp-content\/plugins\/masterslider\/public\/assets\/css\/blank.gif\" alt=\"2026-01-23_inauguracao_parque-tematico_jaboti001\" title=\"2026-01-23_inauguracao_parque-tematico_jaboti001\" data-src=\"http:\/\/www.apucarana.pr.gov.br\/site\/wp-content\/uploads\/2026\/01\/2026-01-23_inauguracao_parque-tematico_jaboti001-1024x683.jpg\" \/>\n\t<a href=\"http:\/\/www.apucarana.pr.gov.br\/site\/wp-content\/uploads\/2026\/01\/2026-01-23_inauguracao_parque-tematico_jaboti001-1024x683.jpg\" target=\"_self\"    >2026-01-23_inauguracao_parque-tematico_jaboti001<\/a>\n\n\n\t<img decoding=\"async\" class=\"ms-thumb\" src=\"http:\/\/www.apucarana.pr.gov.br\/site\/wp-content\/uploads\/2026\/01\/2026-01-23_inauguracao_parque-tematico_jaboti001-1024x683-140x80.jpg\" alt=\"2026-01-23_inauguracao_parque-tematico_jaboti001\" \/>\n\t\t\t\t<\/div>\n\t\t\t<div  class=\"ms-slide\" data-delay=\"3\"    >\n\t\t\t\t\t<img decoding=\"async\" src=\"http:\/\/www.apucarana.pr.gov.br\/site\/wp-content\/plugins\/masterslider\/public\/assets\/css\/blank.gif\" alt=\"2026-01-23_inauguracao_parque-tematico_jaboti002\" title=\"2026-01-23_inauguracao_parque-tematico_jaboti002\" data-src=\"http:\/\/www.apucarana.pr.gov.br\/site\/wp-content\/uploads\/2026\/01\/2026-01-23_inauguracao_parque-tematico_jaboti002-1024x683.jpg\" \/>\n\t<a href=\"http:\/\/www.apucarana.pr.gov.br\/site\/wp-content\/uploads\/2026\/01\/2026-01-23_inauguracao_parque-tematico_jaboti002-1024x683.jpg\" target=\"_self\"    >2026-01-23_inauguracao_parque-tematico_jaboti002<\/a>\n\n\n\t<img decoding=\"async\" class=\"ms-thumb\" src=\"http:\/\/www.apucarana.pr.gov.br\/site\/wp-content\/uploads\/2026\/01\/2026-01-23_inauguracao_parque-tematico_jaboti002-1024x683-140x80.jpg\" alt=\"2026-01-23_inauguracao_parque-tematico_jaboti002\" \/>\n\t\t\t\t<\/div>\n\n\t\t\t<\/div>\n\t\t\t<!-- END MasterSlider Main -->\n\n\t\t\t \n\t\t<\/div>\n\t\t<!-- END MasterSlider -->\n\n\t\t<script>\n\t\t( window.MSReady = window.MSReady || [] ).push( function( $ ) {\n\n\t\t\t\"use strict\";\n\t\t\tvar masterslider_fa04 = new MasterSlider();\n\n\t\t\t\/\/ slider controls\n\t\t\tmasterslider_fa04.control('arrows'     ,{ autohide:true, overVideo:true  });\n\t\t\tmasterslider_fa04.control('thumblist'  ,{ autohide:false, overVideo:true, dir:'h', speed:17, inset:false, arrows:false, hover:false, customClass:'', align:'bottom',type:'thumbs', margin:2, width:140, height:80, space:2, fillMode:'fill'  });\n\t\t\t\/\/ slider setup\n\t\t\tmasterslider_fa04.setup(\"MS69effff45fa04\", {\n\t\t\t\twidth           : 960,\n\t\t\t\theight          : 540,\n\t\t\t\tminHeight       : 0,\n\t\t\t\tspace           : 0,\n\t\t\t\tstart           : 1,\n\t\t\t\tgrabCursor      : true,\n\t\t\t\tswipe           : true,\n\t\t\t\tmouse           : true,\n\t\t\t\tkeyboard        : false,\n\t\t\t\tlayout          : \"fillwidth\",\n\t\t\t\twheel           : false,\n\t\t\t\tautoplay        : true,\n                instantStartLayers:false,\n\t\t\t\tmobileBGVideo:false,\n\t\t\t\tloop            : true,\n\t\t\t\tshuffle         : false,\n\t\t\t\tpreload         : 3,\n\t\t\t\theightLimit     : false,\n\t\t\t\tautoHeight      : false,\n\t\t\t\tsmoothHeight    : true,\n\t\t\t\tendPause        : false,\n\t\t\t\toverPause       : false,\n\t\t\t\tfillMode        : \"fill\",\n\t\t\t\tcenterControls  : true,\n\t\t\t\tstartOnAppear   : false,\n\t\t\t\tlayersMode      : \"center\",\n\t\t\t\tautofillTarget  : \"\",\n\t\t\t\thideLayers      : false,\n\t\t\t\tfullscreenMargin: 0,\n\t\t\t\tspeed           : 17,\n\t\t\t\tdir             : \"h\",\n\t\t\t\tresponsive      : true,\n\t\t\t\ttabletWidth     : 768,\n\t\t\t\ttabletHeight    : null,\n\t\t\t\tphoneWidth      : 480,\n\t\t\t\tphoneHeight    : null,\n\t\t\t\tsizingReference : window,\n\t\t\t\tparallaxMode    : 'swipe',\n\t\t\t\tview            : \"basic\"\n\t\t\t});\n\n\t\t\t\n\t\t\twindow.masterslider_instances = window.masterslider_instances || [];\n\t\t\twindow.masterslider_instances.push( masterslider_fa04 );\n\t\t});\n\t\t<\/script>\n\n\n<p>&nbsp;<\/p>\n<p>&nbsp;<\/p>\n<p>Com a presen\u00e7a do personagem infantil Mario Bros e centenas de fam\u00edlias, a Prefeitura de Apucarana inaugurou nesta sexta-feira (23\/01), no Parque Municipal Jaboti, o primeiro de uma s\u00e9rie de tr\u00eas parques infantis tem\u00e1ticos planejados pela atual gest\u00e3o. A iniciativa integra um planejamento voltado \u00e0 valoriza\u00e7\u00e3o dos espa\u00e7os p\u00fablicos e ao fortalecimento da conviv\u00eancia familiar e comunit\u00e1ria.<\/p>\n<p>Localizado ao lado da Academia ao Ar Livre (AAL) e do playground j\u00e1 existente, o novo parque tem como destaque um grande barco tem\u00e1tico, equipado com escorregador e diversas atra\u00e7\u00f5es internas. O espa\u00e7o conta ainda com tirolesa, gira-gira duplo no estilo chap\u00e9u mexicano, trepa-trepa para escalada, cama el\u00e1stica e balan\u00e7os, oferecendo op\u00e7\u00f5es variadas de recrea\u00e7\u00e3o para crian\u00e7as de at\u00e9 12 anos. O investimento foi de aproximadamente R$ 195 mil, com recursos pr\u00f3prios do munic\u00edpio.<\/p>\n<p>O prefeito Rodolfo Mota destacou que a escolha do Parque Jaboti para a primeira instala\u00e7\u00e3o \u00e9 simb\u00f3lica, por se tratar de um dos principais cart\u00f5es-postais de Apucarana, e anunciou os locais dos pr\u00f3ximos parques. Segundo ele, o segundo ser\u00e1 inaugurado na pr\u00f3xima quarta-feira (28\/01), \u00e0s 16 horas, no Parque Ecol\u00f3gico da Raposa, como parte das comemora\u00e7\u00f5es pelos 82 anos do munic\u00edpio. Um terceiro parque ser\u00e1 instalado no Bosque Municipal, que passa por processo de revitaliza\u00e7\u00e3o. \u201cS\u00e3o espa\u00e7os pensados para cuidar das nossas crian\u00e7as, fortalecer a conviv\u00eancia familiar e valorizar os espa\u00e7os p\u00fablicos da cidade. \u00c9 um investimento com impacto real na qualidade de vida da popula\u00e7\u00e3o, que amplia as op\u00e7\u00f5es de lazer ao ar livre, contribui para a socializa\u00e7\u00e3o e o desenvolvimento infantil, al\u00e9m de criar novos ambientes de conviv\u00eancia para as fam\u00edlias\u201d, afirmou o prefeito, ressaltando que estudos apontam benef\u00edcios f\u00edsicos, cognitivos, sociais e emocionais proporcionados por parques infantis ao ar livre.<\/p>\n<p>Acompanhada de tias e primas, a pequena Aniele de Souza, moradora do Jardim Catua\u00ed, aprovou a novidade. \u201cMuito lindo e divertido. Nunca tinha ido em uma tirolesa e hoje estou realizando esse sonho\u201d, contou. A tia, Ana Maria Coladino de Souza, tamb\u00e9m elogiou a iniciativa. \u201c\u00c9 uma coisa muito boa que a Prefeitura fez. Olha quanta gente veio prestigiar. Minhas sobrinhas est\u00e3o adorando e eu fico muito feliz em saber que a cidade hoje conta com mais op\u00e7\u00f5es para as crian\u00e7as crescerem saud\u00e1veis\u201d, disse.<\/p>\n<p>O secret\u00e1rio municipal de Meio Ambiente, Diego Silva, destacou que a inaugura\u00e7\u00e3o do parque tem\u00e1tico simboliza a transforma\u00e7\u00e3o positiva do Parque Municipal Jaboti, iniciada no come\u00e7o da atual gest\u00e3o. \u201cQuando o prefeito Rodolfo Mota me convidou para assumir a Secretaria de Meio Ambiente, uma das primeiras orienta\u00e7\u00f5es foi o resgate e o cuidado com espa\u00e7os como o Lago Jaboti e o Parque da Raposa. S\u00e3o locais que fazem parte da mem\u00f3ria das fam\u00edlias de Apucarana e que precisavam ser valorizados\u201d, afirmou. Para ele, a entrega do parque tem\u00e1tico no m\u00eas de anivers\u00e1rio da cidade representa um presente para toda a popula\u00e7\u00e3o. \u201cN\u00e3o \u00e9 apenas para as crian\u00e7as. Quando a crian\u00e7a est\u00e1 feliz, a fam\u00edlia toda est\u00e1 feliz. Este \u00e9 o primeiro parque tem\u00e1tico de Apucarana, e \u00e9 s\u00f3 o come\u00e7o. Ainda teremos novas entregas e surpresas nesta programa\u00e7\u00e3o dos 82 anos da cidade\u201d, afirmou.<\/p>\n<p>Ainda sobre as melhorias no Parque Jaboti, o secret\u00e1rio lembrou que, em janeiro do ano passado, poucos dias ap\u00f3s o in\u00edcio da gest\u00e3o, o munic\u00edpio enfrentou um problema grave no lago com a morte de dezenas de peixes. \u201cNaquele momento, havia preocupa\u00e7\u00e3o da imprensa e da popula\u00e7\u00e3o com a possibilidade de polui\u00e7\u00e3o, mas a causa era a falta de oxigena\u00e7\u00e3o, j\u00e1 que o lago \u00e9 artificial. O prefeito determinou que o problema fosse resolvido, e descobrimos que os aeradores estavam comprados h\u00e1 quase dez anos, ainda encaixotados\u201d, relatou.<\/p>\n<p>Segundo o secret\u00e1rio, ap\u00f3s a instala\u00e7\u00e3o dos equipamentos, a situa\u00e7\u00e3o foi definitivamente resolvida. \u201cEm abril agora completa quase um ano sem registro de morte de peixes no Lago Jaboti. Fizemos o que precisava ser feito\u201d, pontuou.<\/p>\n<p>Outro avan\u00e7o destacado foi a regulariza\u00e7\u00e3o ambiental do espa\u00e7o. \u201cDesde a sua cria\u00e7\u00e3o, o Jaboti n\u00e3o era oficialmente reconhecido como parque, o que impedia o munic\u00edpio de receber recursos do ICMS Ecol\u00f3gico. No ano passado, sob o comando do prefeito Rodolfo, regularizamos o Parque Jaboti, assim como outras \u00e1reas ambientais. Agora, o Jaboti passa a receber esse recurso, que retorna em benef\u00edcios para o pr\u00f3prio parque\u201d, concluiu.<\/p>\n","protected":false},"excerpt":{"rendered":"<p>&nbsp; &nbsp; Com a presen&ccedil;a do personagem infantil Mario Bros e centenas de fam&iacute;lias, a Prefeitura de Apucarana inaugurou nesta sexta-feira (23\/01), no Parque Municipal Jaboti, o primeiro de uma s&eacute;rie de tr&ecirc;s parques infantis tem&aacute;ticos planejados pela atual gest&atilde;o. A iniciativa integra um planejamento voltado &agrave; valoriza&ccedil;&atilde;o dos espa&ccedil;os p&uacute;blicos e ao fortalecimento da [&hellip;]<\/p>\n","protected":false},"author":7,"featured_media":122754,"comment_status":"closed","ping_status":"closed","sticky":false,"template":"","format":"standard","meta":{"footnotes":""},"categories":[24],"tags":[],"class_list":["post-122739","post","type-post","status-publish","format-standard","has-post-thumbnail","hentry","category-noticias"],"acf":[],"_links":{"self":[{"href":"http:\/\/www.apucarana.pr.gov.br\/site\/wp-json\/wp\/v2\/posts\/122739","targetHints":{"allow":["GET"]}}],"collection":[{"href":"http:\/\/www.apucarana.pr.gov.br\/site\/wp-json\/wp\/v2\/posts"}],"about":[{"href":"http:\/\/www.apucarana.pr.gov.br\/site\/wp-json\/wp\/v2\/types\/post"}],"author":[{"embeddable":true,"href":"http:\/\/www.apucarana.pr.gov.br\/site\/wp-json\/wp\/v2\/users\/7"}],"replies":[{"embeddable":true,"href":"http:\/\/www.apucarana.pr.gov.br\/site\/wp-json\/wp\/v2\/comments?post=122739"}],"version-history":[{"count":1,"href":"http:\/\/www.apucarana.pr.gov.br\/site\/wp-json\/wp\/v2\/posts\/122739\/revisions"}],"predecessor-version":[{"id":122762,"href":"http:\/\/www.apucarana.pr.gov.br\/site\/wp-json\/wp\/v2\/posts\/122739\/revisions\/122762"}],"wp:featuredmedia":[{"embeddable":true,"href":"http:\/\/www.apucarana.pr.gov.br\/site\/wp-json\/wp\/v2\/media\/122754"}],"wp:attachment":[{"href":"http:\/\/www.apucarana.pr.gov.br\/site\/wp-json\/wp\/v2\/media?parent=122739"}],"wp:term":[{"taxonomy":"category","embeddable":true,"href":"http:\/\/www.apucarana.pr.gov.br\/site\/wp-json\/wp\/v2\/categories?post=122739"},{"taxonomy":"post_tag","embeddable":true,"href":"http:\/\/www.apucarana.pr.gov.br\/site\/wp-json\/wp\/v2\/tags?post=122739"}],"curies":[{"name":"wp","href":"https:\/\/api.w.org\/{rel}","templated":true}]}}