{"id":122723,"date":"2026-01-23T20:18:57","date_gmt":"2026-01-23T23:18:57","guid":{"rendered":"https:\/\/www.apucarana.pr.gov.br\/site\/?p=122723"},"modified":"2026-01-23T21:39:44","modified_gmt":"2026-01-24T00:39:44","slug":"prefeitura-intensifica-combate-a-dengue-e-mobiliza-forca-tarefa-para-proteger-a-populacao","status":"publish","type":"post","link":"http:\/\/www.apucarana.pr.gov.br\/site\/prefeitura-intensifica-combate-a-dengue-e-mobiliza-forca-tarefa-para-proteger-a-populacao\/","title":{"rendered":"Prefeitura de Apucarana lan\u00e7a a Opera\u00e7\u00e3o Guerra Contra a Dengue e mobiliza for\u00e7a-tarefa para salvar vidas"},"content":{"rendered":"\n\t\t<!-- MasterSlider -->\n\t\t<div id=\"P_MS69efeac38ea59\" class=\"master-slider-parent master-slider-gallery   ms-parent-id-0\" style=\"\" >\n\n\t\t\t\n\t\t\t<!-- MasterSlider Main -->\n\t\t\t<div id=\"MS69efeac38ea59\" class=\"master-slider ms-skin-default\" >\n\t\t\t\t \t\t\t\t \n\t\t\t<div  class=\"ms-slide\" data-delay=\"3\"    >\n\t\t\t\t\t<img decoding=\"async\" src=\"http:\/\/www.apucarana.pr.gov.br\/site\/wp-content\/plugins\/masterslider\/public\/assets\/css\/blank.gif\" alt=\"Dengue-101-\" title=\"Dengue-101-\" data-src=\"http:\/\/www.apucarana.pr.gov.br\/site\/wp-content\/uploads\/2026\/01\/Dengue-101--1024x683.jpg\" \/>\n\t<a href=\"http:\/\/www.apucarana.pr.gov.br\/site\/wp-content\/uploads\/2026\/01\/Dengue-101--1024x683.jpg\" target=\"_self\"    >Dengue-101-<\/a>\n\n\n\t<img decoding=\"async\" class=\"ms-thumb\" src=\"http:\/\/www.apucarana.pr.gov.br\/site\/wp-content\/uploads\/2026\/01\/Dengue-101--1024x683-140x80.jpg\" alt=\"Dengue-101-\" \/>\n\t\t\t\t<\/div>\n\t\t\t<div  class=\"ms-slide\" data-delay=\"3\"    >\n\t\t\t\t\t<img decoding=\"async\" src=\"http:\/\/www.apucarana.pr.gov.br\/site\/wp-content\/plugins\/masterslider\/public\/assets\/css\/blank.gif\" alt=\"Dengue-90-\" title=\"Dengue-90-\" data-src=\"http:\/\/www.apucarana.pr.gov.br\/site\/wp-content\/uploads\/2026\/01\/Dengue-90--1024x790.jpg\" \/>\n\t<a href=\"http:\/\/www.apucarana.pr.gov.br\/site\/wp-content\/uploads\/2026\/01\/Dengue-90--1024x790.jpg\" target=\"_self\"    >Dengue-90-<\/a>\n\n\n\t<img decoding=\"async\" class=\"ms-thumb\" src=\"http:\/\/www.apucarana.pr.gov.br\/site\/wp-content\/uploads\/2026\/01\/Dengue-90--1024x790-140x80.jpg\" alt=\"Dengue-90-\" \/>\n\t\t\t\t<\/div>\n\t\t\t<div  class=\"ms-slide\" data-delay=\"3\"    >\n\t\t\t\t\t<img decoding=\"async\" src=\"http:\/\/www.apucarana.pr.gov.br\/site\/wp-content\/plugins\/masterslider\/public\/assets\/css\/blank.gif\" alt=\"Dengue-63-\" title=\"Dengue-63-\" data-src=\"http:\/\/www.apucarana.pr.gov.br\/site\/wp-content\/uploads\/2026\/01\/Dengue-63--1024x683.jpg\" \/>\n\t<a href=\"http:\/\/www.apucarana.pr.gov.br\/site\/wp-content\/uploads\/2026\/01\/Dengue-63--1024x683.jpg\" target=\"_self\"    >Dengue-63-<\/a>\n\n\n\t<img decoding=\"async\" class=\"ms-thumb\" src=\"http:\/\/www.apucarana.pr.gov.br\/site\/wp-content\/uploads\/2026\/01\/Dengue-63--1024x683-140x80.jpg\" alt=\"Dengue-63-\" \/>\n\t\t\t\t<\/div>\n\t\t\t<div  class=\"ms-slide\" data-delay=\"3\"    >\n\t\t\t\t\t<img decoding=\"async\" src=\"http:\/\/www.apucarana.pr.gov.br\/site\/wp-content\/plugins\/masterslider\/public\/assets\/css\/blank.gif\" alt=\"Dengue-34-\" title=\"Dengue-34-\" data-src=\"http:\/\/www.apucarana.pr.gov.br\/site\/wp-content\/uploads\/2026\/01\/Dengue-34--1024x683.jpg\" \/>\n\t<a href=\"http:\/\/www.apucarana.pr.gov.br\/site\/wp-content\/uploads\/2026\/01\/Dengue-34--1024x683.jpg\" target=\"_self\"    >Dengue-34-<\/a>\n\n\n\t<img decoding=\"async\" class=\"ms-thumb\" src=\"http:\/\/www.apucarana.pr.gov.br\/site\/wp-content\/uploads\/2026\/01\/Dengue-34--1024x683-140x80.jpg\" alt=\"Dengue-34-\" \/>\n\t\t\t\t<\/div>\n\t\t\t<div  class=\"ms-slide\" data-delay=\"3\"    >\n\t\t\t\t\t<img decoding=\"async\" src=\"http:\/\/www.apucarana.pr.gov.br\/site\/wp-content\/plugins\/masterslider\/public\/assets\/css\/blank.gif\" alt=\"Dengue-15-\" title=\"Dengue-15-\" data-src=\"http:\/\/www.apucarana.pr.gov.br\/site\/wp-content\/uploads\/2026\/01\/Dengue-15--1024x683.jpg\" \/>\n\t<a href=\"http:\/\/www.apucarana.pr.gov.br\/site\/wp-content\/uploads\/2026\/01\/Dengue-15--1024x683.jpg\" target=\"_self\"    >Dengue-15-<\/a>\n\n\n\t<img decoding=\"async\" class=\"ms-thumb\" src=\"http:\/\/www.apucarana.pr.gov.br\/site\/wp-content\/uploads\/2026\/01\/Dengue-15--1024x683-140x80.jpg\" alt=\"Dengue-15-\" \/>\n\t\t\t\t<\/div>\n\t\t\t<div  class=\"ms-slide\" data-delay=\"3\"    >\n\t\t\t\t\t<img decoding=\"async\" src=\"http:\/\/www.apucarana.pr.gov.br\/site\/wp-content\/plugins\/masterslider\/public\/assets\/css\/blank.gif\" alt=\"23-01-2026_guerra_contra_dengue-19\" title=\"23-01-2026_guerra_contra_dengue-19\" data-src=\"http:\/\/www.apucarana.pr.gov.br\/site\/wp-content\/uploads\/2026\/01\/23-01-2026_guerra_contra_dengue-19-1024x683.jpg\" \/>\n\t<a href=\"http:\/\/www.apucarana.pr.gov.br\/site\/wp-content\/uploads\/2026\/01\/23-01-2026_guerra_contra_dengue-19-1024x683.jpg\" target=\"_self\"    >23-01-2026_guerra_contra_dengue-19<\/a>\n\n\n\t<img decoding=\"async\" class=\"ms-thumb\" src=\"http:\/\/www.apucarana.pr.gov.br\/site\/wp-content\/uploads\/2026\/01\/23-01-2026_guerra_contra_dengue-19-1024x683-140x80.jpg\" alt=\"23-01-2026_guerra_contra_dengue-19\" \/>\n\t\t\t\t<\/div>\n\t\t\t<div  class=\"ms-slide\" data-delay=\"3\"    >\n\t\t\t\t\t<img decoding=\"async\" src=\"http:\/\/www.apucarana.pr.gov.br\/site\/wp-content\/plugins\/masterslider\/public\/assets\/css\/blank.gif\" alt=\"23-01-2026_guerra_contra_dengue-20\" title=\"23-01-2026_guerra_contra_dengue-20\" data-src=\"http:\/\/www.apucarana.pr.gov.br\/site\/wp-content\/uploads\/2026\/01\/23-01-2026_guerra_contra_dengue-20-1024x683.jpg\" \/>\n\t<a href=\"http:\/\/www.apucarana.pr.gov.br\/site\/wp-content\/uploads\/2026\/01\/23-01-2026_guerra_contra_dengue-20-1024x683.jpg\" target=\"_self\"    >23-01-2026_guerra_contra_dengue-20<\/a>\n\n\n\t<img decoding=\"async\" class=\"ms-thumb\" src=\"http:\/\/www.apucarana.pr.gov.br\/site\/wp-content\/uploads\/2026\/01\/23-01-2026_guerra_contra_dengue-20-1024x683-140x80.jpg\" alt=\"23-01-2026_guerra_contra_dengue-20\" \/>\n\t\t\t\t<\/div>\n\t\t\t<div  class=\"ms-slide\" data-delay=\"3\"    >\n\t\t\t\t\t<img decoding=\"async\" src=\"http:\/\/www.apucarana.pr.gov.br\/site\/wp-content\/plugins\/masterslider\/public\/assets\/css\/blank.gif\" alt=\"23-01-2026_guerra_contra_dengue-25\" title=\"23-01-2026_guerra_contra_dengue-25\" data-src=\"http:\/\/www.apucarana.pr.gov.br\/site\/wp-content\/uploads\/2026\/01\/23-01-2026_guerra_contra_dengue-25-1024x683.jpg\" \/>\n\t<a href=\"http:\/\/www.apucarana.pr.gov.br\/site\/wp-content\/uploads\/2026\/01\/23-01-2026_guerra_contra_dengue-25-1024x683.jpg\" target=\"_self\"    >23-01-2026_guerra_contra_dengue-25<\/a>\n\n\n\t<img decoding=\"async\" class=\"ms-thumb\" src=\"http:\/\/www.apucarana.pr.gov.br\/site\/wp-content\/uploads\/2026\/01\/23-01-2026_guerra_contra_dengue-25-1024x683-140x80.jpg\" alt=\"23-01-2026_guerra_contra_dengue-25\" \/>\n\t\t\t\t<\/div>\n\t\t\t<div  class=\"ms-slide\" data-delay=\"3\"    >\n\t\t\t\t\t<img decoding=\"async\" src=\"http:\/\/www.apucarana.pr.gov.br\/site\/wp-content\/plugins\/masterslider\/public\/assets\/css\/blank.gif\" alt=\"23-01-2026_guerra_contra_dengue-26\" title=\"23-01-2026_guerra_contra_dengue-26\" data-src=\"http:\/\/www.apucarana.pr.gov.br\/site\/wp-content\/uploads\/2026\/01\/23-01-2026_guerra_contra_dengue-26-1024x683.jpg\" \/>\n\t<a href=\"http:\/\/www.apucarana.pr.gov.br\/site\/wp-content\/uploads\/2026\/01\/23-01-2026_guerra_contra_dengue-26-1024x683.jpg\" target=\"_self\"    >23-01-2026_guerra_contra_dengue-26<\/a>\n\n\n\t<img decoding=\"async\" class=\"ms-thumb\" src=\"http:\/\/www.apucarana.pr.gov.br\/site\/wp-content\/uploads\/2026\/01\/23-01-2026_guerra_contra_dengue-26-1024x683-140x80.jpg\" alt=\"23-01-2026_guerra_contra_dengue-26\" \/>\n\t\t\t\t<\/div>\n\t\t\t<div  class=\"ms-slide\" data-delay=\"3\"    >\n\t\t\t\t\t<img decoding=\"async\" src=\"http:\/\/www.apucarana.pr.gov.br\/site\/wp-content\/plugins\/masterslider\/public\/assets\/css\/blank.gif\" alt=\"23-01-2026_guerra_contra_dengue-27\" title=\"23-01-2026_guerra_contra_dengue-27\" data-src=\"http:\/\/www.apucarana.pr.gov.br\/site\/wp-content\/uploads\/2026\/01\/23-01-2026_guerra_contra_dengue-27-1024x683.jpg\" \/>\n\t<a href=\"http:\/\/www.apucarana.pr.gov.br\/site\/wp-content\/uploads\/2026\/01\/23-01-2026_guerra_contra_dengue-27-1024x683.jpg\" target=\"_self\"    >23-01-2026_guerra_contra_dengue-27<\/a>\n\n\n\t<img decoding=\"async\" class=\"ms-thumb\" src=\"http:\/\/www.apucarana.pr.gov.br\/site\/wp-content\/uploads\/2026\/01\/23-01-2026_guerra_contra_dengue-27-1024x683-140x80.jpg\" alt=\"23-01-2026_guerra_contra_dengue-27\" \/>\n\t\t\t\t<\/div>\n\t\t\t<div  class=\"ms-slide\" data-delay=\"3\"    >\n\t\t\t\t\t<img decoding=\"async\" src=\"http:\/\/www.apucarana.pr.gov.br\/site\/wp-content\/plugins\/masterslider\/public\/assets\/css\/blank.gif\" alt=\"23-01-2026_guerra_contra_dengue-14\" title=\"23-01-2026_guerra_contra_dengue-14\" data-src=\"http:\/\/www.apucarana.pr.gov.br\/site\/wp-content\/uploads\/2026\/01\/23-01-2026_guerra_contra_dengue-14-1024x683.jpg\" \/>\n\t<a href=\"http:\/\/www.apucarana.pr.gov.br\/site\/wp-content\/uploads\/2026\/01\/23-01-2026_guerra_contra_dengue-14-1024x683.jpg\" target=\"_self\"    >23-01-2026_guerra_contra_dengue-14<\/a>\n\n\n\t<img decoding=\"async\" class=\"ms-thumb\" src=\"http:\/\/www.apucarana.pr.gov.br\/site\/wp-content\/uploads\/2026\/01\/23-01-2026_guerra_contra_dengue-14-1024x683-140x80.jpg\" alt=\"23-01-2026_guerra_contra_dengue-14\" \/>\n\t\t\t\t<\/div>\n\t\t\t<div  class=\"ms-slide\" data-delay=\"3\"    >\n\t\t\t\t\t<img decoding=\"async\" src=\"http:\/\/www.apucarana.pr.gov.br\/site\/wp-content\/plugins\/masterslider\/public\/assets\/css\/blank.gif\" alt=\"23-01-2026_guerra_contra_dengue-10\" title=\"23-01-2026_guerra_contra_dengue-10\" data-src=\"http:\/\/www.apucarana.pr.gov.br\/site\/wp-content\/uploads\/2026\/01\/23-01-2026_guerra_contra_dengue-10-1024x683.jpg\" \/>\n\t<a href=\"http:\/\/www.apucarana.pr.gov.br\/site\/wp-content\/uploads\/2026\/01\/23-01-2026_guerra_contra_dengue-10-1024x683.jpg\" target=\"_self\"    >23-01-2026_guerra_contra_dengue-10<\/a>\n\n\n\t<img decoding=\"async\" class=\"ms-thumb\" src=\"http:\/\/www.apucarana.pr.gov.br\/site\/wp-content\/uploads\/2026\/01\/23-01-2026_guerra_contra_dengue-10-1024x683-140x80.jpg\" alt=\"23-01-2026_guerra_contra_dengue-10\" \/>\n\t\t\t\t<\/div>\n\t\t\t<div  class=\"ms-slide\" data-delay=\"3\"    >\n\t\t\t\t\t<img decoding=\"async\" src=\"http:\/\/www.apucarana.pr.gov.br\/site\/wp-content\/plugins\/masterslider\/public\/assets\/css\/blank.gif\" alt=\"23-01-2026_guerra_contra_dengue-8\" title=\"23-01-2026_guerra_contra_dengue-8\" data-src=\"http:\/\/www.apucarana.pr.gov.br\/site\/wp-content\/uploads\/2026\/01\/23-01-2026_guerra_contra_dengue-8-1024x683.jpg\" \/>\n\t<a href=\"http:\/\/www.apucarana.pr.gov.br\/site\/wp-content\/uploads\/2026\/01\/23-01-2026_guerra_contra_dengue-8-1024x683.jpg\" target=\"_self\"    >23-01-2026_guerra_contra_dengue-8<\/a>\n\n\n\t<img decoding=\"async\" class=\"ms-thumb\" src=\"http:\/\/www.apucarana.pr.gov.br\/site\/wp-content\/uploads\/2026\/01\/23-01-2026_guerra_contra_dengue-8-1024x683-140x80.jpg\" alt=\"23-01-2026_guerra_contra_dengue-8\" \/>\n\t\t\t\t<\/div>\n\t\t\t<div  class=\"ms-slide\" data-delay=\"3\"    >\n\t\t\t\t\t<img decoding=\"async\" src=\"http:\/\/www.apucarana.pr.gov.br\/site\/wp-content\/plugins\/masterslider\/public\/assets\/css\/blank.gif\" alt=\"23-01-2026_guerra_contra_dengue\" title=\"23-01-2026_guerra_contra_dengue\" data-src=\"http:\/\/www.apucarana.pr.gov.br\/site\/wp-content\/uploads\/2026\/01\/23-01-2026_guerra_contra_dengue-1024x683.jpg\" \/>\n\t<a href=\"http:\/\/www.apucarana.pr.gov.br\/site\/wp-content\/uploads\/2026\/01\/23-01-2026_guerra_contra_dengue-1024x683.jpg\" target=\"_self\"    >23-01-2026_guerra_contra_dengue<\/a>\n\n\n\t<img decoding=\"async\" class=\"ms-thumb\" src=\"http:\/\/www.apucarana.pr.gov.br\/site\/wp-content\/uploads\/2026\/01\/23-01-2026_guerra_contra_dengue-1024x683-140x80.jpg\" alt=\"23-01-2026_guerra_contra_dengue\" \/>\n\t\t\t\t<\/div>\n\t\t\t<div  class=\"ms-slide\" data-delay=\"3\"    >\n\t\t\t\t\t<img decoding=\"async\" src=\"http:\/\/www.apucarana.pr.gov.br\/site\/wp-content\/plugins\/masterslider\/public\/assets\/css\/blank.gif\" alt=\"23-01-2026_guerra_contra_dengue-5\" title=\"23-01-2026_guerra_contra_dengue-5\" data-src=\"http:\/\/www.apucarana.pr.gov.br\/site\/wp-content\/uploads\/2026\/01\/23-01-2026_guerra_contra_dengue-5-1024x683.jpg\" \/>\n\t<a href=\"http:\/\/www.apucarana.pr.gov.br\/site\/wp-content\/uploads\/2026\/01\/23-01-2026_guerra_contra_dengue-5-1024x683.jpg\" target=\"_self\"    >23-01-2026_guerra_contra_dengue-5<\/a>\n\n\n\t<img decoding=\"async\" class=\"ms-thumb\" src=\"http:\/\/www.apucarana.pr.gov.br\/site\/wp-content\/uploads\/2026\/01\/23-01-2026_guerra_contra_dengue-5-1024x683-140x80.jpg\" alt=\"23-01-2026_guerra_contra_dengue-5\" \/>\n\t\t\t\t<\/div>\n\n\t\t\t<\/div>\n\t\t\t<!-- END MasterSlider Main -->\n\n\t\t\t \n\t\t<\/div>\n\t\t<!-- END MasterSlider -->\n\n\t\t<script>\n\t\t( window.MSReady = window.MSReady || [] ).push( function( $ ) {\n\n\t\t\t\"use strict\";\n\t\t\tvar masterslider_ea59 = new MasterSlider();\n\n\t\t\t\/\/ slider controls\n\t\t\tmasterslider_ea59.control('arrows'     ,{ autohide:true, overVideo:true  });\n\t\t\tmasterslider_ea59.control('thumblist'  ,{ autohide:false, overVideo:true, dir:'h', speed:17, inset:false, arrows:false, hover:false, customClass:'', align:'bottom',type:'thumbs', margin:2, width:140, height:80, space:2, fillMode:'fill'  });\n\t\t\t\/\/ slider setup\n\t\t\tmasterslider_ea59.setup(\"MS69efeac38ea59\", {\n\t\t\t\twidth           : 960,\n\t\t\t\theight          : 540,\n\t\t\t\tminHeight       : 0,\n\t\t\t\tspace           : 0,\n\t\t\t\tstart           : 1,\n\t\t\t\tgrabCursor      : true,\n\t\t\t\tswipe           : true,\n\t\t\t\tmouse           : true,\n\t\t\t\tkeyboard        : false,\n\t\t\t\tlayout          : \"fillwidth\",\n\t\t\t\twheel           : false,\n\t\t\t\tautoplay        : true,\n                instantStartLayers:false,\n\t\t\t\tmobileBGVideo:false,\n\t\t\t\tloop            : true,\n\t\t\t\tshuffle         : false,\n\t\t\t\tpreload         : 3,\n\t\t\t\theightLimit     : false,\n\t\t\t\tautoHeight      : false,\n\t\t\t\tsmoothHeight    : true,\n\t\t\t\tendPause        : false,\n\t\t\t\toverPause       : false,\n\t\t\t\tfillMode        : \"fill\",\n\t\t\t\tcenterControls  : true,\n\t\t\t\tstartOnAppear   : false,\n\t\t\t\tlayersMode      : \"center\",\n\t\t\t\tautofillTarget  : \"\",\n\t\t\t\thideLayers      : false,\n\t\t\t\tfullscreenMargin: 0,\n\t\t\t\tspeed           : 17,\n\t\t\t\tdir             : \"h\",\n\t\t\t\tresponsive      : true,\n\t\t\t\ttabletWidth     : 768,\n\t\t\t\ttabletHeight    : null,\n\t\t\t\tphoneWidth      : 480,\n\t\t\t\tphoneHeight    : null,\n\t\t\t\tsizingReference : window,\n\t\t\t\tparallaxMode    : 'swipe',\n\t\t\t\tview            : \"basic\"\n\t\t\t});\n\n\t\t\t\n\t\t\twindow.masterslider_instances = window.masterslider_instances || [];\n\t\t\twindow.masterslider_instances.push( masterslider_ea59 );\n\t\t});\n\t\t<\/script>\n\n\n<p>O prefeito Rodolfo Mota e o secret\u00e1rio municipal de Sa\u00fade, m\u00e9dico Guilherme de Paula, lan\u00e7aram nesta sexta-feira (23\/01), em ato realizado no Centro C\u00edvico Jos\u00e9 de Oliveira Rosa, a edi\u00e7\u00e3o 2026 da campanha Guerra Contra a Dengue. A iniciativa mobiliza diversas secretarias municipais para intensificar o enfrentamento ao mosquito transmissor da doen\u00e7a, o <em data-start=\"578\" data-end=\"593\">Aedes aegypti<\/em>, e promover, junto \u00e0 sociedade, um chamado \u00e0 responsabilidade coletiva, ao cuidado com as pessoas e \u00e0 preven\u00e7\u00e3o como principal ferramenta para salvar vidas.<\/p>\n<p>Al\u00e9m de refor\u00e7ar a orienta\u00e7\u00e3o para a limpeza dos quintais, eliminando materiais que possam acumular \u00e1gua parada, a edi\u00e7\u00e3o deste ano concentra aten\u00e7\u00e3o especial nos terrenos urbanos vazios sem a devida conserva\u00e7\u00e3o. \u201cEstamos saindo na frente. Hoje, Apucarana n\u00e3o registra nenhum caso confirmado de dengue e \u00e9 exatamente por isso que precisamos intensificar o trabalho e eliminar focos e criadouros. A equipe de endemias j\u00e1 identificou aumento na circula\u00e7\u00e3o do <em data-start=\"1442\" data-end=\"1457\">Aedes aegypti<\/em>, e isso exige a\u00e7\u00e3o imediata. Dengue n\u00e3o \u00e9 brincadeira. Manter terrenos sujos ou jogar lixo em terrenos baldios, beiras de c\u00f3rregos ou \u00e1reas de mata \u00e9 permitir que o mosquito se prolifere e contamine algu\u00e9m que pode ir a \u00f3bito. Isso \u00e9 um absurdo e precisa ser combatido\u201d, afirmou o prefeito Rodolfo Mota.<\/p>\n<p data-start=\"1763\" data-end=\"2221\">O prefeito destacou que, neste ano, a mensagem da campanha ser\u00e1 ainda mais firme. \u201cHaver\u00e1 fiscaliza\u00e7\u00e3o. Vamos combater qualquer situa\u00e7\u00e3o que coloque em risco a nossa cidade e a nossa popula\u00e7\u00e3o. O mosquito \u00e9 pequeno, mas o problema \u00e9 muito s\u00e9rio\u201d, enfatizou Rodolfo Mota, lembrando que, devido \u00e0 intensidade das a\u00e7\u00f5es realizadas pela Prefeitura no ano passado, a situa\u00e7\u00e3o da dengue foi mais tranquila do que em 2024, quando o munic\u00edpio enfrentou uma epidemia.<\/p>\n<p data-start=\"2223\" data-end=\"2821\">A for\u00e7a-tarefa da Guerra Contra a Dengue envolve as secretarias municipais de Sa\u00fade, Servi\u00e7os P\u00fablicos, Guarda Civil Municipal, Comunica\u00e7\u00e3o Social, Meio Ambiente e Educa\u00e7\u00e3o, por meio das escolas e CMEIs. \u201cN\u00e3o existe guerra apenas da Sa\u00fade ou do agente de endemias. A guerra contra a dengue \u00e9 de todos n\u00f3s. Contudo, quem n\u00e3o colaborar vai colher consequ\u00eancias. A Guarda Civil Municipal vai nos ajudar com uma fiscaliza\u00e7\u00e3o efetiva, inclusive conduzindo \u00e0 delegacia aquelas pessoas que descartam lixo em beiras de matas, rios e terrenos, colocando em risco a vida do pr\u00f3ximo\u201d, refor\u00e7ou o prefeito.<\/p>\n<p data-start=\"2823\" data-end=\"3073\">Rodolfo Mota tamb\u00e9m fez um apelo direto \u00e0 popula\u00e7\u00e3o. \u201cEssa guerra s\u00f3 ser\u00e1 vencida com a participa\u00e7\u00e3o de todos. O nosso objetivo \u00e9 proteger a cidade e n\u00e3o perder nenhuma vida para a dengue em 2026. Esse \u00e9 o nosso compromisso, todos os dias\u201d, convocou.<\/p>\n<p data-start=\"3075\" data-end=\"3724\">Com 52 notifica\u00e7\u00f5es registradas e 44 j\u00e1 descartadas, Apucarana ainda n\u00e3o confirma nenhum caso positivo da doen\u00e7a neste ano, conforme dados do segundo Informe Epidemiol\u00f3gico de Arboviroses Urbanas, publicado semanalmente pela Secretaria de Estado da Sa\u00fade (Sesa). \u201cNo ano passado, iniciamos o combate principalmente dentro das resid\u00eancias, em uma a\u00e7\u00e3o conjunta com o Ex\u00e9rcito. Naquele momento, as avalia\u00e7\u00f5es das ovitrampas indicavam maior concentra\u00e7\u00e3o do mosquito nas \u00e1reas residenciais. Reavaliamos agora e os resultados apareceram: hoje, nesses locais, a quantidade de mosquitos \u00e9 muito menor\u201d, explicou Matheus Machado, chefe do Setor de Endemias.<\/p>\n<p data-start=\"3726\" data-end=\"4114\">Segundo ele, o novo desafio identificado s\u00e3o os terrenos baldios, especialmente pelo ac\u00famulo de lixo. \u201cNossa atua\u00e7\u00e3o agora ser\u00e1 intensificada nesses locais e, se necess\u00e1rio, promoveremos a limpeza. Sabemos que essa \u00e9 uma responsabilidade do propriet\u00e1rio, mas n\u00e3o podemos esperar. Ao executar o servi\u00e7o, o munic\u00edpio lan\u00e7ar\u00e1 o custo do trabalho e aplicar\u00e1 multa ao respons\u00e1vel\u201d, esclareceu.<\/p>\n<p data-start=\"4116\" data-end=\"4636\">O secret\u00e1rio municipal de Sa\u00fade, Guilherme de Paula, destacou a import\u00e2ncia das a\u00e7\u00f5es preventivas. \u201cAp\u00f3s a a\u00e7\u00e3o realizada no ano passado, ficamos seis meses sem registro de casos de dengue. Tivemos apenas um caso em dezembro e iniciamos este ano sem nenhum caso confirmado. Isso mostra que o trabalho d\u00e1 resultado. A dengue sobrecarrega o sistema de sa\u00fade e exige uma mobiliza\u00e7\u00e3o intensa quando os casos aumentam. Por isso, nosso esfor\u00e7o \u00e9 preventivo. Se Deus quiser, teremos uma melhora ainda maior neste ano\u201d, afirmou.<\/p>\n<p data-start=\"4638\" data-end=\"5353\">O trabalho contar\u00e1 ainda com o suporte da Secretaria de Servi\u00e7os P\u00fablicos, que atuar\u00e1 na limpeza de terrenos baldios e no recolhimento de inserv\u00edveis, por meio das a\u00e7\u00f5es agendadas de \u201cbota-fora\u201d nos bairros. \u201cEsse \u00e9 o tema que mais me tira o sono, porque envolve vidas. Ainda existe pouca colabora\u00e7\u00e3o da popula\u00e7\u00e3o, mas isso tamb\u00e9m \u00e9 uma quest\u00e3o cultural, e acreditamos que esse cen\u00e1rio est\u00e1 mudando gra\u00e7as ao trabalho de conscientiza\u00e7\u00e3o e \u00e0 parceria entre as secretarias. Recebemos mais de 150 protocolos de pedidos de limpeza de im\u00f3veis em apenas dois dias, o que \u00e9 um bom sinal, mas tamb\u00e9m representa muito trabalho. J\u00e1 come\u00e7amos a organizar as equipes e iniciamos os servi\u00e7os\u201d, afirmou o secret\u00e1rio Wendel Metta.<\/p>\n<p><strong>Presen\u00e7as<\/strong> \u2013 Participaram do lan\u00e7amento da campanha a secret\u00e1ria municipal da Mulher e Assuntos da Fam\u00edlia e primeira-dama Karine Mota, o vice-prefeito Marcos da Vila Reis, o comandante da Guarda Civil Municipal (GCM), F\u00e1bio de Souza, e os vereadores Mois\u00e9s Tavares, Odarlone Orente, Tiago Cordeiro, Pablo da Seguran\u00e7a, Eliana Rocha, Danylo Acioli, Gabriel Caldeira, Luciano Facchiano, Sidnei da Levelimp e Guilherme Livoti.<\/p>\n","protected":false},"excerpt":{"rendered":"<p>O prefeito Rodolfo Mota e o secret&aacute;rio municipal de Sa&uacute;de, m&eacute;dico Guilherme de Paula, lan&ccedil;aram nesta sexta-feira (23\/01), em ato realizado no Centro C&iacute;vico Jos&eacute; de Oliveira Rosa, a edi&ccedil;&atilde;o 2026 da campanha Guerra Contra a Dengue. A iniciativa mobiliza diversas secretarias municipais para intensificar o enfrentamento ao mosquito transmissor da doen&ccedil;a, o Aedes aegypti, [&hellip;]<\/p>\n","protected":false},"author":7,"featured_media":122724,"comment_status":"closed","ping_status":"closed","sticky":false,"template":"","format":"standard","meta":{"footnotes":""},"categories":[24],"tags":[],"class_list":["post-122723","post","type-post","status-publish","format-standard","has-post-thumbnail","hentry","category-noticias"],"acf":[],"_links":{"self":[{"href":"http:\/\/www.apucarana.pr.gov.br\/site\/wp-json\/wp\/v2\/posts\/122723","targetHints":{"allow":["GET"]}}],"collection":[{"href":"http:\/\/www.apucarana.pr.gov.br\/site\/wp-json\/wp\/v2\/posts"}],"about":[{"href":"http:\/\/www.apucarana.pr.gov.br\/site\/wp-json\/wp\/v2\/types\/post"}],"author":[{"embeddable":true,"href":"http:\/\/www.apucarana.pr.gov.br\/site\/wp-json\/wp\/v2\/users\/7"}],"replies":[{"embeddable":true,"href":"http:\/\/www.apucarana.pr.gov.br\/site\/wp-json\/wp\/v2\/comments?post=122723"}],"version-history":[{"count":5,"href":"http:\/\/www.apucarana.pr.gov.br\/site\/wp-json\/wp\/v2\/posts\/122723\/revisions"}],"predecessor-version":[{"id":122770,"href":"http:\/\/www.apucarana.pr.gov.br\/site\/wp-json\/wp\/v2\/posts\/122723\/revisions\/122770"}],"wp:featuredmedia":[{"embeddable":true,"href":"http:\/\/www.apucarana.pr.gov.br\/site\/wp-json\/wp\/v2\/media\/122724"}],"wp:attachment":[{"href":"http:\/\/www.apucarana.pr.gov.br\/site\/wp-json\/wp\/v2\/media?parent=122723"}],"wp:term":[{"taxonomy":"category","embeddable":true,"href":"http:\/\/www.apucarana.pr.gov.br\/site\/wp-json\/wp\/v2\/categories?post=122723"},{"taxonomy":"post_tag","embeddable":true,"href":"http:\/\/www.apucarana.pr.gov.br\/site\/wp-json\/wp\/v2\/tags?post=122723"}],"curies":[{"name":"wp","href":"https:\/\/api.w.org\/{rel}","templated":true}]}}