{"id":122716,"date":"2026-01-23T14:43:59","date_gmt":"2026-01-23T17:43:59","guid":{"rendered":"https:\/\/www.apucarana.pr.gov.br\/site\/?p=122716"},"modified":"2026-01-23T14:43:59","modified_gmt":"2026-01-23T17:43:59","slug":"prefeitura-de-apucarana-capacita-agentes-de-seguranca-e-transito-para-atendimento-humanizado-de-mulheres-vitimas-de-violencia","status":"publish","type":"post","link":"http:\/\/www.apucarana.pr.gov.br\/site\/prefeitura-de-apucarana-capacita-agentes-de-seguranca-e-transito-para-atendimento-humanizado-de-mulheres-vitimas-de-violencia\/","title":{"rendered":"Prefeitura de Apucarana capacita agentes de seguran\u00e7a e tr\u00e2nsito para atendimento humanizado de mulheres v\u00edtimas de viol\u00eancia"},"content":{"rendered":"\n\t\t<!-- MasterSlider -->\n\t\t<div id=\"P_MS69efd73b3765e\" class=\"master-slider-parent master-slider-gallery   ms-parent-id-0\" style=\"\" >\n\n\t\t\t\n\t\t\t<!-- MasterSlider Main -->\n\t\t\t<div id=\"MS69efd73b3765e\" class=\"master-slider ms-skin-default\" >\n\t\t\t\t \t\t\t\t \n\t\t\t<div  class=\"ms-slide\" data-delay=\"3\"    >\n\t\t\t\t\t<img decoding=\"async\" src=\"http:\/\/www.apucarana.pr.gov.br\/site\/wp-content\/plugins\/masterslider\/public\/assets\/css\/blank.gif\" alt=\"2026-01-23_curso_capacitacao_mulher_gcm003\" title=\"2026-01-23_curso_capacitacao_mulher_gcm003\" data-src=\"http:\/\/www.apucarana.pr.gov.br\/site\/wp-content\/uploads\/2026\/01\/2026-01-23_curso_capacitacao_mulher_gcm003-1024x683.jpg\" \/>\n\t<a href=\"http:\/\/www.apucarana.pr.gov.br\/site\/wp-content\/uploads\/2026\/01\/2026-01-23_curso_capacitacao_mulher_gcm003-1024x683.jpg\" target=\"_self\"    >2026-01-23_curso_capacitacao_mulher_gcm003<\/a>\n\n\n\t<img decoding=\"async\" class=\"ms-thumb\" src=\"http:\/\/www.apucarana.pr.gov.br\/site\/wp-content\/uploads\/2026\/01\/2026-01-23_curso_capacitacao_mulher_gcm003-1024x683-140x80.jpg\" alt=\"2026-01-23_curso_capacitacao_mulher_gcm003\" \/>\n\t\t\t\t<\/div>\n\t\t\t<div  class=\"ms-slide\" data-delay=\"3\"    >\n\t\t\t\t\t<img decoding=\"async\" src=\"http:\/\/www.apucarana.pr.gov.br\/site\/wp-content\/plugins\/masterslider\/public\/assets\/css\/blank.gif\" alt=\"2026-01-23_curso_capacitacao_mulher_gcm004\" title=\"2026-01-23_curso_capacitacao_mulher_gcm004\" data-src=\"http:\/\/www.apucarana.pr.gov.br\/site\/wp-content\/uploads\/2026\/01\/2026-01-23_curso_capacitacao_mulher_gcm004-1024x683.jpg\" \/>\n\t<a href=\"http:\/\/www.apucarana.pr.gov.br\/site\/wp-content\/uploads\/2026\/01\/2026-01-23_curso_capacitacao_mulher_gcm004-1024x683.jpg\" target=\"_self\"    >2026-01-23_curso_capacitacao_mulher_gcm004<\/a>\n\n\n\t<img decoding=\"async\" class=\"ms-thumb\" src=\"http:\/\/www.apucarana.pr.gov.br\/site\/wp-content\/uploads\/2026\/01\/2026-01-23_curso_capacitacao_mulher_gcm004-1024x683-140x80.jpg\" alt=\"2026-01-23_curso_capacitacao_mulher_gcm004\" \/>\n\t\t\t\t<\/div>\n\t\t\t<div  class=\"ms-slide\" data-delay=\"3\"    >\n\t\t\t\t\t<img decoding=\"async\" src=\"http:\/\/www.apucarana.pr.gov.br\/site\/wp-content\/plugins\/masterslider\/public\/assets\/css\/blank.gif\" alt=\"2026-01-23_curso_capacitacao_mulher_gcm006\" title=\"2026-01-23_curso_capacitacao_mulher_gcm006\" data-src=\"http:\/\/www.apucarana.pr.gov.br\/site\/wp-content\/uploads\/2026\/01\/2026-01-23_curso_capacitacao_mulher_gcm006-1024x683.jpg\" \/>\n\t<a href=\"http:\/\/www.apucarana.pr.gov.br\/site\/wp-content\/uploads\/2026\/01\/2026-01-23_curso_capacitacao_mulher_gcm006-1024x683.jpg\" target=\"_self\"    >2026-01-23_curso_capacitacao_mulher_gcm006<\/a>\n\n\n\t<img decoding=\"async\" class=\"ms-thumb\" src=\"http:\/\/www.apucarana.pr.gov.br\/site\/wp-content\/uploads\/2026\/01\/2026-01-23_curso_capacitacao_mulher_gcm006-1024x683-140x80.jpg\" alt=\"2026-01-23_curso_capacitacao_mulher_gcm006\" \/>\n\t\t\t\t<\/div>\n\t\t\t<div  class=\"ms-slide\" data-delay=\"3\"    >\n\t\t\t\t\t<img decoding=\"async\" src=\"http:\/\/www.apucarana.pr.gov.br\/site\/wp-content\/plugins\/masterslider\/public\/assets\/css\/blank.gif\" alt=\"2026-01-23_curso_capacitacao_mulher_gcm009\" title=\"2026-01-23_curso_capacitacao_mulher_gcm009\" data-src=\"http:\/\/www.apucarana.pr.gov.br\/site\/wp-content\/uploads\/2026\/01\/2026-01-23_curso_capacitacao_mulher_gcm009-1024x683.jpg\" \/>\n\t<a href=\"http:\/\/www.apucarana.pr.gov.br\/site\/wp-content\/uploads\/2026\/01\/2026-01-23_curso_capacitacao_mulher_gcm009-1024x683.jpg\" target=\"_self\"    >2026-01-23_curso_capacitacao_mulher_gcm009<\/a>\n\n\n\t<img decoding=\"async\" class=\"ms-thumb\" src=\"http:\/\/www.apucarana.pr.gov.br\/site\/wp-content\/uploads\/2026\/01\/2026-01-23_curso_capacitacao_mulher_gcm009-1024x683-140x80.jpg\" alt=\"2026-01-23_curso_capacitacao_mulher_gcm009\" \/>\n\t\t\t\t<\/div>\n\n\t\t\t<\/div>\n\t\t\t<!-- END MasterSlider Main -->\n\n\t\t\t \n\t\t<\/div>\n\t\t<!-- END MasterSlider -->\n\n\t\t<script>\n\t\t( window.MSReady = window.MSReady || [] ).push( function( $ ) {\n\n\t\t\t\"use strict\";\n\t\t\tvar masterslider_765e = new MasterSlider();\n\n\t\t\t\/\/ slider controls\n\t\t\tmasterslider_765e.control('arrows'     ,{ autohide:true, overVideo:true  });\n\t\t\tmasterslider_765e.control('thumblist'  ,{ autohide:false, overVideo:true, dir:'h', speed:17, inset:false, arrows:false, hover:false, customClass:'', align:'bottom',type:'thumbs', margin:2, width:140, height:80, space:2, fillMode:'fill'  });\n\t\t\t\/\/ slider setup\n\t\t\tmasterslider_765e.setup(\"MS69efd73b3765e\", {\n\t\t\t\twidth           : 960,\n\t\t\t\theight          : 540,\n\t\t\t\tminHeight       : 0,\n\t\t\t\tspace           : 0,\n\t\t\t\tstart           : 1,\n\t\t\t\tgrabCursor      : true,\n\t\t\t\tswipe           : true,\n\t\t\t\tmouse           : true,\n\t\t\t\tkeyboard        : false,\n\t\t\t\tlayout          : \"fillwidth\",\n\t\t\t\twheel           : false,\n\t\t\t\tautoplay        : true,\n                instantStartLayers:false,\n\t\t\t\tmobileBGVideo:false,\n\t\t\t\tloop            : true,\n\t\t\t\tshuffle         : false,\n\t\t\t\tpreload         : 3,\n\t\t\t\theightLimit     : false,\n\t\t\t\tautoHeight      : false,\n\t\t\t\tsmoothHeight    : true,\n\t\t\t\tendPause        : false,\n\t\t\t\toverPause       : false,\n\t\t\t\tfillMode        : \"fill\",\n\t\t\t\tcenterControls  : true,\n\t\t\t\tstartOnAppear   : false,\n\t\t\t\tlayersMode      : \"center\",\n\t\t\t\tautofillTarget  : \"\",\n\t\t\t\thideLayers      : false,\n\t\t\t\tfullscreenMargin: 0,\n\t\t\t\tspeed           : 17,\n\t\t\t\tdir             : \"h\",\n\t\t\t\tresponsive      : true,\n\t\t\t\ttabletWidth     : 768,\n\t\t\t\ttabletHeight    : null,\n\t\t\t\tphoneWidth      : 480,\n\t\t\t\tphoneHeight    : null,\n\t\t\t\tsizingReference : window,\n\t\t\t\tparallaxMode    : 'swipe',\n\t\t\t\tview            : \"basic\"\n\t\t\t});\n\n\t\t\t\n\t\t\twindow.masterslider_instances = window.masterslider_instances || [];\n\t\t\twindow.masterslider_instances.push( masterslider_765e );\n\t\t});\n\t\t<\/script>\n\n\n<p>A Prefeitura de Apucarana, por meio da Secretaria Municipal da Mulher e Assuntos da Fam\u00edlia (SEMAF), em parceria com a Secretaria Municipal de Seguran\u00e7a, Transporte, Tr\u00e2nsito e Mobilidade Urbana (SEGTRAN), promoveu uma capacita\u00e7\u00e3o voltada ao atendimento humanizado de mulheres v\u00edtimas de viol\u00eancia. A forma\u00e7\u00e3o foi realizada entre os dias 12 e 23 de janeiro e envolveu 47 agentes da Guarda Civil Municipal (GCM) e 16 servidores do Departamento Municipal de Tr\u00e2nsito.<\/p>\n<p>A iniciativa teve como objetivo qualificar os agentes que, muitas vezes, realizam o primeiro atendimento em situa\u00e7\u00f5es de viol\u00eancia, refor\u00e7ando o acolhimento adequado e a articula\u00e7\u00e3o com a rede municipal de prote\u00e7\u00e3o \u00e0 mulher, garantindo mais sensibilidade, escuta ativa e encaminhamentos corretos.<\/p>\n<p>A secret\u00e1ria municipal da Mulher e Assuntos da Fam\u00edlia, Karine Mota, destacou a import\u00e2ncia da a\u00e7\u00e3o integrada. \u201cAs for\u00e7as de seguran\u00e7a geralmente s\u00e3o as primeiras a serem acionadas em situa\u00e7\u00f5es de flagrante. Al\u00e9m disso, contamos com a Patrulha Maria da Penha, que atua junto \u00e0 Guarda Municipal. Essa capacita\u00e7\u00e3o refor\u00e7a a conscientiza\u00e7\u00e3o sobre o acolhimento humanizado e fortalece ainda mais a parceria entre as for\u00e7as de seguran\u00e7a e a Secretaria da Mulher, que dar\u00e1 continuidade ao atendimento na sequ\u00eancia\u201d, afirmou.<\/p>\n<p>A forma\u00e7\u00e3o foi ministrada pela diretora do Centro de Atendimento \u00e0 Mulher (CAM), a advogada Fernanda de Freitas Ara\u00fajo, em parceria com a assistente social da SEMAF, \u00c9rica Patr\u00edcia Borges. Entre os temas abordados estiveram o papel da mulher na sociedade, os tipos de viol\u00eancia contra a mulher, a atua\u00e7\u00e3o da GCM e dos agentes de tr\u00e2nsito no atendimento e acolhimento, al\u00e9m do uso do dispositivo de seguran\u00e7a da plataforma CCONet.<\/p>\n<p>Segundo Fernanda de Freitas Ara\u00fajo, o di\u00e1logo com os profissionais que atuam na linha de frente \u00e9 essencial. \u201cOs agentes de seguran\u00e7a e tr\u00e2nsito precisam dessa capacita\u00e7\u00e3o, e n\u00f3s, na SEMAF, tamb\u00e9m precisamos ouvi-los para compreender as dificuldades enfrentadas no momento do atendimento e oferecer o suporte adequado. A viol\u00eancia contra a mulher n\u00e3o ocorre apenas em rela\u00e7\u00f5es amorosas, mas tamb\u00e9m no ambiente de trabalho, nos estudos, no meio digital e em espa\u00e7os p\u00fablicos. A viol\u00eancia de g\u00eanero acontece todos os dias, simplesmente pelo fato de sermos mulheres\u201d, ressaltou.<\/p>\n<p>O comandante da Guarda Civil Municipal, F\u00e1bio de Souza, refor\u00e7ou a relev\u00e2ncia da sensibiliza\u00e7\u00e3o dos agentes. \u201cA corpora\u00e7\u00e3o realiza diariamente pelo menos um atendimento relacionado \u00e0 viol\u00eancia contra a mulher. A maioria dos profissionais das for\u00e7as de seguran\u00e7a \u00e9 do sexo masculino, e essa capacita\u00e7\u00e3o \u00e9 fundamental para sensibilizar o agente que vai atender uma mulher fragilizada, para que ele n\u00e3o a julgue e n\u00e3o realize apenas um atendimento padr\u00e3o\u201d, afirmou.<\/p>\n<p>A Prefeitura de Apucarana refor\u00e7a que, em casos de viol\u00eancia contra a mulher, a Guarda Civil Municipal pode ser acionada pelo telefone 153. A SEMAF tamb\u00e9m disponibiliza atendimento via WhatsApp pelo n\u00famero (43) 99962-6783, garantindo orienta\u00e7\u00e3o, acolhimento e encaminhamento adequado \u00e0s v\u00edtimas.<\/p>\n","protected":false},"excerpt":{"rendered":"<p>A Prefeitura de Apucarana, por meio da Secretaria Municipal da Mulher e Assuntos da Fam&iacute;lia (SEMAF), em parceria com a Secretaria Municipal de Seguran&ccedil;a, Transporte, Tr&acirc;nsito e Mobilidade Urbana (SEGTRAN), promoveu uma capacita&ccedil;&atilde;o voltada ao atendimento humanizado de mulheres v&iacute;timas de viol&ecirc;ncia. A forma&ccedil;&atilde;o foi realizada entre os dias 12 e 23 de janeiro e [&hellip;]<\/p>\n","protected":false},"author":8,"featured_media":122717,"comment_status":"closed","ping_status":"closed","sticky":false,"template":"","format":"standard","meta":{"footnotes":""},"categories":[24],"tags":[],"class_list":["post-122716","post","type-post","status-publish","format-standard","has-post-thumbnail","hentry","category-noticias"],"acf":[],"_links":{"self":[{"href":"http:\/\/www.apucarana.pr.gov.br\/site\/wp-json\/wp\/v2\/posts\/122716","targetHints":{"allow":["GET"]}}],"collection":[{"href":"http:\/\/www.apucarana.pr.gov.br\/site\/wp-json\/wp\/v2\/posts"}],"about":[{"href":"http:\/\/www.apucarana.pr.gov.br\/site\/wp-json\/wp\/v2\/types\/post"}],"author":[{"embeddable":true,"href":"http:\/\/www.apucarana.pr.gov.br\/site\/wp-json\/wp\/v2\/users\/8"}],"replies":[{"embeddable":true,"href":"http:\/\/www.apucarana.pr.gov.br\/site\/wp-json\/wp\/v2\/comments?post=122716"}],"version-history":[{"count":1,"href":"http:\/\/www.apucarana.pr.gov.br\/site\/wp-json\/wp\/v2\/posts\/122716\/revisions"}],"predecessor-version":[{"id":122721,"href":"http:\/\/www.apucarana.pr.gov.br\/site\/wp-json\/wp\/v2\/posts\/122716\/revisions\/122721"}],"wp:featuredmedia":[{"embeddable":true,"href":"http:\/\/www.apucarana.pr.gov.br\/site\/wp-json\/wp\/v2\/media\/122717"}],"wp:attachment":[{"href":"http:\/\/www.apucarana.pr.gov.br\/site\/wp-json\/wp\/v2\/media?parent=122716"}],"wp:term":[{"taxonomy":"category","embeddable":true,"href":"http:\/\/www.apucarana.pr.gov.br\/site\/wp-json\/wp\/v2\/categories?post=122716"},{"taxonomy":"post_tag","embeddable":true,"href":"http:\/\/www.apucarana.pr.gov.br\/site\/wp-json\/wp\/v2\/tags?post=122716"}],"curies":[{"name":"wp","href":"https:\/\/api.w.org\/{rel}","templated":true}]}}