{"id":122709,"date":"2026-01-23T14:02:09","date_gmt":"2026-01-23T17:02:09","guid":{"rendered":"https:\/\/www.apucarana.pr.gov.br\/site\/?p=122709"},"modified":"2026-01-23T20:35:04","modified_gmt":"2026-01-23T23:35:04","slug":"rodolfo-mota-participa-de-audiencia-na-bolsa-de-valores-sobre-investimentos-da-sanepar-no-montante-de-r-650-milhoes","status":"publish","type":"post","link":"http:\/\/www.apucarana.pr.gov.br\/site\/rodolfo-mota-participa-de-audiencia-na-bolsa-de-valores-sobre-investimentos-da-sanepar-no-montante-de-r-650-milhoes\/","title":{"rendered":"Rodolfo Mota participa de audi\u00eancia na Bolsa de Valores sobre investimentos da Sanepar no montante de R$ 650 milh\u00f5es"},"content":{"rendered":"\n\t\t<!-- MasterSlider -->\n\t\t<div id=\"P_MS69efd7d452b27\" class=\"master-slider-parent master-slider-gallery   ms-parent-id-0\" style=\"\" >\n\n\t\t\t\n\t\t\t<!-- MasterSlider Main -->\n\t\t\t<div id=\"MS69efd7d452b27\" class=\"master-slider ms-skin-default\" >\n\t\t\t\t \t\t\t\t \n\t\t\t<div  class=\"ms-slide\" data-delay=\"3\"    >\n\t\t\t\t\t<img decoding=\"async\" src=\"http:\/\/www.apucarana.pr.gov.br\/site\/wp-content\/plugins\/masterslider\/public\/assets\/css\/blank.gif\" alt=\"20260122 - Sanepar SAINP - B3 3486\" title=\"20260122 - Sanepar SAINP - B3 3486\" data-src=\"http:\/\/www.apucarana.pr.gov.br\/site\/wp-content\/uploads\/2026\/01\/20260122-Sanepar-SAINP-B3-3486-1024x683.jpg\" \/>\n\t<a href=\"http:\/\/www.apucarana.pr.gov.br\/site\/wp-content\/uploads\/2026\/01\/20260122-Sanepar-SAINP-B3-3486-1024x683.jpg\" target=\"_self\"    >20260122 - Sanepar SAINP - B3 3486<\/a>\n\n\n\t<img decoding=\"async\" class=\"ms-thumb\" src=\"http:\/\/www.apucarana.pr.gov.br\/site\/wp-content\/uploads\/2026\/01\/20260122-Sanepar-SAINP-B3-3486-1024x683-140x80.jpg\" alt=\"20260122 - Sanepar SAINP - B3 3486\" \/>\n\t\t\t\t<\/div>\n\t\t\t<div  class=\"ms-slide\" data-delay=\"3\"    >\n\t\t\t\t\t<img decoding=\"async\" src=\"http:\/\/www.apucarana.pr.gov.br\/site\/wp-content\/plugins\/masterslider\/public\/assets\/css\/blank.gif\" alt=\"20260122 - Sanepar SAINP - B3 3473\" title=\"20260122 - Sanepar SAINP - B3 3473\" data-src=\"http:\/\/www.apucarana.pr.gov.br\/site\/wp-content\/uploads\/2026\/01\/20260122-Sanepar-SAINP-B3-3473-1024x683.jpg\" \/>\n\t<a href=\"http:\/\/www.apucarana.pr.gov.br\/site\/wp-content\/uploads\/2026\/01\/20260122-Sanepar-SAINP-B3-3473-1024x683.jpg\" target=\"_self\"    >20260122 - Sanepar SAINP - B3 3473<\/a>\n\n\n\t<img decoding=\"async\" class=\"ms-thumb\" src=\"http:\/\/www.apucarana.pr.gov.br\/site\/wp-content\/uploads\/2026\/01\/20260122-Sanepar-SAINP-B3-3473-1024x683-140x80.jpg\" alt=\"20260122 - Sanepar SAINP - B3 3473\" \/>\n\t\t\t\t<\/div>\n\t\t\t<div  class=\"ms-slide\" data-delay=\"3\"    >\n\t\t\t\t\t<img decoding=\"async\" src=\"http:\/\/www.apucarana.pr.gov.br\/site\/wp-content\/plugins\/masterslider\/public\/assets\/css\/blank.gif\" alt=\"20260122 - Sanepar SAINP - B3 3495\" title=\"20260122 - Sanepar SAINP - B3 3495\" data-src=\"http:\/\/www.apucarana.pr.gov.br\/site\/wp-content\/uploads\/2026\/01\/20260122-Sanepar-SAINP-B3-3495-1024x683.jpg\" \/>\n\t<a href=\"http:\/\/www.apucarana.pr.gov.br\/site\/wp-content\/uploads\/2026\/01\/20260122-Sanepar-SAINP-B3-3495-1024x683.jpg\" target=\"_self\"    >20260122 - Sanepar SAINP - B3 3495<\/a>\n\n\n\t<img decoding=\"async\" class=\"ms-thumb\" src=\"http:\/\/www.apucarana.pr.gov.br\/site\/wp-content\/uploads\/2026\/01\/20260122-Sanepar-SAINP-B3-3495-1024x683-140x80.jpg\" alt=\"20260122 - Sanepar SAINP - B3 3495\" \/>\n\t\t\t\t<\/div>\n\n\t\t\t<\/div>\n\t\t\t<!-- END MasterSlider Main -->\n\n\t\t\t \n\t\t<\/div>\n\t\t<!-- END MasterSlider -->\n\n\t\t<script>\n\t\t( window.MSReady = window.MSReady || [] ).push( function( $ ) {\n\n\t\t\t\"use strict\";\n\t\t\tvar masterslider_2b27 = new MasterSlider();\n\n\t\t\t\/\/ slider controls\n\t\t\tmasterslider_2b27.control('arrows'     ,{ autohide:true, overVideo:true  });\n\t\t\tmasterslider_2b27.control('thumblist'  ,{ autohide:false, overVideo:true, dir:'h', speed:17, inset:false, arrows:false, hover:false, customClass:'', align:'bottom',type:'thumbs', margin:2, width:140, height:80, space:2, fillMode:'fill'  });\n\t\t\t\/\/ slider setup\n\t\t\tmasterslider_2b27.setup(\"MS69efd7d452b27\", {\n\t\t\t\twidth           : 960,\n\t\t\t\theight          : 540,\n\t\t\t\tminHeight       : 0,\n\t\t\t\tspace           : 0,\n\t\t\t\tstart           : 1,\n\t\t\t\tgrabCursor      : true,\n\t\t\t\tswipe           : true,\n\t\t\t\tmouse           : true,\n\t\t\t\tkeyboard        : false,\n\t\t\t\tlayout          : \"fillwidth\",\n\t\t\t\twheel           : false,\n\t\t\t\tautoplay        : true,\n                instantStartLayers:false,\n\t\t\t\tmobileBGVideo:false,\n\t\t\t\tloop            : true,\n\t\t\t\tshuffle         : false,\n\t\t\t\tpreload         : 3,\n\t\t\t\theightLimit     : false,\n\t\t\t\tautoHeight      : false,\n\t\t\t\tsmoothHeight    : true,\n\t\t\t\tendPause        : false,\n\t\t\t\toverPause       : false,\n\t\t\t\tfillMode        : \"fill\",\n\t\t\t\tcenterControls  : true,\n\t\t\t\tstartOnAppear   : false,\n\t\t\t\tlayersMode      : \"center\",\n\t\t\t\tautofillTarget  : \"\",\n\t\t\t\thideLayers      : false,\n\t\t\t\tfullscreenMargin: 0,\n\t\t\t\tspeed           : 17,\n\t\t\t\tdir             : \"h\",\n\t\t\t\tresponsive      : true,\n\t\t\t\ttabletWidth     : 768,\n\t\t\t\ttabletHeight    : null,\n\t\t\t\tphoneWidth      : 480,\n\t\t\t\tphoneHeight    : null,\n\t\t\t\tsizingReference : window,\n\t\t\t\tparallaxMode    : 'swipe',\n\t\t\t\tview            : \"basic\"\n\t\t\t});\n\n\t\t\t\n\t\t\twindow.masterslider_instances = window.masterslider_instances || [];\n\t\t\twindow.masterslider_instances.push( masterslider_2b27 );\n\t\t});\n\t\t<\/script>\n\n\n<p>O prefeito de Apucarana, Rodolfo Mota, e o chefe de gabinete, Maykon Willian, participaram nesta quinta-feira (22\/01) de audi\u00eancia p\u00fablica realizada na Bolsa de Valores de S\u00e3o Paulo (B3), que apresentou ao mercado o projeto de licita\u00e7\u00e3o do Sistema de Abastecimento Integrado do Norte do Paran\u00e1 (SAINP). A iniciativa \u00e9 considerada estrat\u00e9gica para garantir seguran\u00e7a h\u00eddrica a Apucarana e a munic\u00edpios do Norte do Paran\u00e1, acompanhando o crescimento populacional e o desenvolvimento econ\u00f4mico da regi\u00e3o.<\/p>\n<p>O projeto apresentado pela Sanepar prev\u00ea, na primeira fase, a implanta\u00e7\u00e3o de 89 quil\u00f4metros de adutoras, al\u00e9m de novas capta\u00e7\u00f5es e estruturas de refor\u00e7o no abastecimento de Apucarana, Rol\u00e2ndia e Arapongas. O investimento estimado \u00e9 de aproximadamente R$ 650 milh\u00f5es, com impacto direto na amplia\u00e7\u00e3o da capacidade e na confiabilidade do sistema regional.<\/p>\n<p>Para o prefeito, a participa\u00e7\u00e3o na audi\u00eancia reafirma o compromisso com o desenvolvimento de Apucarana e de toda a regi\u00e3o. Rodolfo Mota destacou a import\u00e2ncia de o Paran\u00e1 contar com a maior empresa p\u00fablica de saneamento do Brasil e ressaltou o conhecimento t\u00e9cnico e a for\u00e7a institucional da Sanepar. \u201cApucarana vive um momento de crescimento e enfrenta desafios, com epis\u00f3dios pontuais de desabastecimento. O SAINP surge como a resposta concreta para garantir seguran\u00e7a h\u00eddrica, resolver problemas atuais e preparar a cidade para os pr\u00f3ximos 20 ou 30 anos\u201d, afirmou.<\/p>\n<p>Segundo Rodolfo Mota, a uni\u00e3o de for\u00e7as potencializa investimentos e reduz custos. \u201cO sistema integrado \u00e9 uma porta para o futuro. Ele remove uma barreira hist\u00f3rica ao pleno desenvolvimento, nos d\u00e1 tranquilidade para atrair novos investimentos, ampliar nossos parques industriais e melhorar a qualidade de vida da popula\u00e7\u00e3o\u201d, completou. O prefeito tamb\u00e9m sublinhou a necessidade do trabalho integrado entre os munic\u00edpios. \u201cA \u00e1gua n\u00e3o pertence a um \u00fanico munic\u00edpio, \u00e9 um bem de toda a sociedade. Por isso, precisamos de obras que ampliem a capacidade de abastecimento em um modelo integrado, compat\u00edvel com o crescimento das cidades\u201d, declarou.<\/p>\n<p>A grande inova\u00e7\u00e3o apresentada durante a audi\u00eancia \u00e9 o modelo de contrata\u00e7\u00e3o. O SAINP funcionar\u00e1 por meio de loca\u00e7\u00e3o de ativos, no qual a empresa vencedora ser\u00e1 respons\u00e1vel pela elabora\u00e7\u00e3o do projeto executivo, constru\u00e7\u00e3o da infraestrutura e disponibiliza\u00e7\u00e3o dos ativos para opera\u00e7\u00e3o da Sanepar por um prazo contratual de 20 anos.<\/p>\n<p>Durante a audi\u00eancia, o diretor-presidente da Sanepar, Wilson Bley, destacou que a Companhia completa 63 anos nesta sexta-feira, 23 de janeiro, e que sempre teve como miss\u00e3o levar sa\u00fade aos paranaenses. \u201cO SAINP \u00e9 muito mais que um projeto de engenharia. \u00c9 um passo decisivo para atender o crescimento do Norte do Paran\u00e1 e faz parte do nosso planejamento de longo prazo para manter a excel\u00eancia no abastecimento\u201d, afirmou.<\/p>\n<p>A diretora de Investimentos da Sanepar, Leura Conte de Oliveira, explicou que a escolha pelo modelo de loca\u00e7\u00e3o de ativos foi baseada em estudos t\u00e9cnicos de longo prazo. \u201cEstamos prevendo 89 quil\u00f4metros de novas tubula\u00e7\u00f5es, al\u00e9m de capta\u00e7\u00f5es, esta\u00e7\u00f5es de tratamento e amplia\u00e7\u00e3o de reservat\u00f3rios. Esse modelo nos dar\u00e1 mais agilidade na implanta\u00e7\u00e3o das obras\u201d, destacou.<\/p>\n<p><strong>Estrutura do sistema &#8211;\u00a0<\/strong>O projeto prev\u00ea duas frentes de capta\u00e7\u00e3o, com produ\u00e7\u00e3o conjunta de 1.200 litros por segundo. A capta\u00e7\u00e3o no Ribeir\u00e3o Apertados ter\u00e1 capacidade de 400 litros por segundo, enquanto a nova capta\u00e7\u00e3o no Rio Taquaras fornecer\u00e1 800 litros por segundo. Tamb\u00e9m est\u00e1 prevista a constru\u00e7\u00e3o de uma nova Esta\u00e7\u00e3o de Tratamento de \u00c1gua (ETA) e de uma Unidade de Tratamento de Res\u00edduos, al\u00e9m da amplia\u00e7\u00e3o do reservat\u00f3rio Papa Piri, em Arapongas, com acr\u00e9scimo de 4 mil metros c\u00fabicos.<\/p>\n<p>O projeto completo do SAINP, considerando etapas futuras, tem potencial para produzir at\u00e9 5,5 mil litros de \u00e1gua por segundo e atender cerca de 1,4 milh\u00e3o de pessoas, incluindo tamb\u00e9m os munic\u00edpios de Londrina e Camb\u00e9.<\/p>\n","protected":false},"excerpt":{"rendered":"<p>O prefeito de Apucarana, Rodolfo Mota, e o chefe de gabinete, Maykon Willian, participaram nesta quinta-feira (22\/01) de audi&ecirc;ncia p&uacute;blica realizada na Bolsa de Valores de S&atilde;o Paulo (B3), que apresentou ao mercado o projeto de licita&ccedil;&atilde;o do Sistema de Abastecimento Integrado do Norte do Paran&aacute; (SAINP). A iniciativa &eacute; considerada estrat&eacute;gica para garantir seguran&ccedil;a [&hellip;]<\/p>\n","protected":false},"author":7,"featured_media":122710,"comment_status":"closed","ping_status":"closed","sticky":false,"template":"","format":"standard","meta":{"footnotes":""},"categories":[24],"tags":[],"class_list":["post-122709","post","type-post","status-publish","format-standard","has-post-thumbnail","hentry","category-noticias"],"acf":[],"_links":{"self":[{"href":"http:\/\/www.apucarana.pr.gov.br\/site\/wp-json\/wp\/v2\/posts\/122709","targetHints":{"allow":["GET"]}}],"collection":[{"href":"http:\/\/www.apucarana.pr.gov.br\/site\/wp-json\/wp\/v2\/posts"}],"about":[{"href":"http:\/\/www.apucarana.pr.gov.br\/site\/wp-json\/wp\/v2\/types\/post"}],"author":[{"embeddable":true,"href":"http:\/\/www.apucarana.pr.gov.br\/site\/wp-json\/wp\/v2\/users\/7"}],"replies":[{"embeddable":true,"href":"http:\/\/www.apucarana.pr.gov.br\/site\/wp-json\/wp\/v2\/comments?post=122709"}],"version-history":[{"count":3,"href":"http:\/\/www.apucarana.pr.gov.br\/site\/wp-json\/wp\/v2\/posts\/122709\/revisions"}],"predecessor-version":[{"id":122715,"href":"http:\/\/www.apucarana.pr.gov.br\/site\/wp-json\/wp\/v2\/posts\/122709\/revisions\/122715"}],"wp:featuredmedia":[{"embeddable":true,"href":"http:\/\/www.apucarana.pr.gov.br\/site\/wp-json\/wp\/v2\/media\/122710"}],"wp:attachment":[{"href":"http:\/\/www.apucarana.pr.gov.br\/site\/wp-json\/wp\/v2\/media?parent=122709"}],"wp:term":[{"taxonomy":"category","embeddable":true,"href":"http:\/\/www.apucarana.pr.gov.br\/site\/wp-json\/wp\/v2\/categories?post=122709"},{"taxonomy":"post_tag","embeddable":true,"href":"http:\/\/www.apucarana.pr.gov.br\/site\/wp-json\/wp\/v2\/tags?post=122709"}],"curies":[{"name":"wp","href":"https:\/\/api.w.org\/{rel}","templated":true}]}}