{"id":122700,"date":"2026-01-23T13:07:17","date_gmt":"2026-01-23T16:07:17","guid":{"rendered":"https:\/\/www.apucarana.pr.gov.br\/site\/?p=122700"},"modified":"2026-01-26T12:54:11","modified_gmt":"2026-01-26T15:54:11","slug":"apucarana-entra-no-clima-de-celebracao-amor-pela-cidade-e-festa-pelos-82-anos","status":"publish","type":"post","link":"http:\/\/www.apucarana.pr.gov.br\/site\/apucarana-entra-no-clima-de-celebracao-amor-pela-cidade-e-festa-pelos-82-anos\/","title":{"rendered":"Apucarana entra no clima de celebra\u00e7\u00e3o,  amor pela cidade e festa pelos 82 anos"},"content":{"rendered":"\n\t\t<!-- MasterSlider -->\n\t\t<div id=\"P_MS69efaf6fc27b2\" class=\"master-slider-parent master-slider-gallery   ms-parent-id-0\" style=\"\" >\n\n\t\t\t\n\t\t\t<!-- MasterSlider Main -->\n\t\t\t<div id=\"MS69efaf6fc27b2\" class=\"master-slider ms-skin-default\" >\n\t\t\t\t \t\t\t\t \n\t\t\t<div  class=\"ms-slide\" data-delay=\"3\"    >\n\t\t\t\t\t<img decoding=\"async\" src=\"http:\/\/www.apucarana.pr.gov.br\/site\/wp-content\/plugins\/masterslider\/public\/assets\/css\/blank.gif\" alt=\"23-01-2026_montagem_palco_festa-8\" title=\"23-01-2026_montagem_palco_festa-8\" data-src=\"http:\/\/www.apucarana.pr.gov.br\/site\/wp-content\/uploads\/2026\/01\/23-01-2026_montagem_palco_festa-8-1024x683.jpg\" \/>\n\t<a href=\"http:\/\/www.apucarana.pr.gov.br\/site\/wp-content\/uploads\/2026\/01\/23-01-2026_montagem_palco_festa-8-1024x683.jpg\" target=\"_self\"    >23-01-2026_montagem_palco_festa-8<\/a>\n\n\n\t<img decoding=\"async\" class=\"ms-thumb\" src=\"http:\/\/www.apucarana.pr.gov.br\/site\/wp-content\/uploads\/2026\/01\/23-01-2026_montagem_palco_festa-8-1024x683-140x80.jpg\" alt=\"23-01-2026_montagem_palco_festa-8\" \/>\n\t\t\t\t<\/div>\n\t\t\t<div  class=\"ms-slide\" data-delay=\"3\"    >\n\t\t\t\t\t<img decoding=\"async\" src=\"http:\/\/www.apucarana.pr.gov.br\/site\/wp-content\/plugins\/masterslider\/public\/assets\/css\/blank.gif\" alt=\"23-01-2026_montagem_palco_festa-9\" title=\"23-01-2026_montagem_palco_festa-9\" data-src=\"http:\/\/www.apucarana.pr.gov.br\/site\/wp-content\/uploads\/2026\/01\/23-01-2026_montagem_palco_festa-9-1024x683.jpg\" \/>\n\t<a href=\"http:\/\/www.apucarana.pr.gov.br\/site\/wp-content\/uploads\/2026\/01\/23-01-2026_montagem_palco_festa-9-1024x683.jpg\" target=\"_self\"    >23-01-2026_montagem_palco_festa-9<\/a>\n\n\n\t<img decoding=\"async\" class=\"ms-thumb\" src=\"http:\/\/www.apucarana.pr.gov.br\/site\/wp-content\/uploads\/2026\/01\/23-01-2026_montagem_palco_festa-9-1024x683-140x80.jpg\" alt=\"23-01-2026_montagem_palco_festa-9\" \/>\n\t\t\t\t<\/div>\n\t\t\t<div  class=\"ms-slide\" data-delay=\"3\"    >\n\t\t\t\t\t<img decoding=\"async\" src=\"http:\/\/www.apucarana.pr.gov.br\/site\/wp-content\/plugins\/masterslider\/public\/assets\/css\/blank.gif\" alt=\"23-01-2026_montagem_palco_festa-12\" title=\"23-01-2026_montagem_palco_festa-12\" data-src=\"http:\/\/www.apucarana.pr.gov.br\/site\/wp-content\/uploads\/2026\/01\/23-01-2026_montagem_palco_festa-12-1024x683.jpg\" \/>\n\t<a href=\"http:\/\/www.apucarana.pr.gov.br\/site\/wp-content\/uploads\/2026\/01\/23-01-2026_montagem_palco_festa-12-1024x683.jpg\" target=\"_self\"    >23-01-2026_montagem_palco_festa-12<\/a>\n\n\n\t<img decoding=\"async\" class=\"ms-thumb\" src=\"http:\/\/www.apucarana.pr.gov.br\/site\/wp-content\/uploads\/2026\/01\/23-01-2026_montagem_palco_festa-12-1024x683-140x80.jpg\" alt=\"23-01-2026_montagem_palco_festa-12\" \/>\n\t\t\t\t<\/div>\n\t\t\t<div  class=\"ms-slide\" data-delay=\"3\"    >\n\t\t\t\t\t<img decoding=\"async\" src=\"http:\/\/www.apucarana.pr.gov.br\/site\/wp-content\/plugins\/masterslider\/public\/assets\/css\/blank.gif\" alt=\"23-01-2026_montagem_palco_festa-15\" title=\"23-01-2026_montagem_palco_festa-15\" data-src=\"http:\/\/www.apucarana.pr.gov.br\/site\/wp-content\/uploads\/2026\/01\/23-01-2026_montagem_palco_festa-15-1024x683.jpg\" \/>\n\t<a href=\"http:\/\/www.apucarana.pr.gov.br\/site\/wp-content\/uploads\/2026\/01\/23-01-2026_montagem_palco_festa-15-1024x683.jpg\" target=\"_self\"    >23-01-2026_montagem_palco_festa-15<\/a>\n\n\n\t<img decoding=\"async\" class=\"ms-thumb\" src=\"http:\/\/www.apucarana.pr.gov.br\/site\/wp-content\/uploads\/2026\/01\/23-01-2026_montagem_palco_festa-15-1024x683-140x80.jpg\" alt=\"23-01-2026_montagem_palco_festa-15\" \/>\n\t\t\t\t<\/div>\n\t\t\t<div  class=\"ms-slide\" data-delay=\"3\"    >\n\t\t\t\t\t<img decoding=\"async\" src=\"http:\/\/www.apucarana.pr.gov.br\/site\/wp-content\/plugins\/masterslider\/public\/assets\/css\/blank.gif\" alt=\"23-01-2026_montagem_palco_festa-17\" title=\"23-01-2026_montagem_palco_festa-17\" data-src=\"http:\/\/www.apucarana.pr.gov.br\/site\/wp-content\/uploads\/2026\/01\/23-01-2026_montagem_palco_festa-17-1024x683.jpg\" \/>\n\t<a href=\"http:\/\/www.apucarana.pr.gov.br\/site\/wp-content\/uploads\/2026\/01\/23-01-2026_montagem_palco_festa-17-1024x683.jpg\" target=\"_self\"    >23-01-2026_montagem_palco_festa-17<\/a>\n\n\n\t<img decoding=\"async\" class=\"ms-thumb\" src=\"http:\/\/www.apucarana.pr.gov.br\/site\/wp-content\/uploads\/2026\/01\/23-01-2026_montagem_palco_festa-17-1024x683-140x80.jpg\" alt=\"23-01-2026_montagem_palco_festa-17\" \/>\n\t\t\t\t<\/div>\n\t\t\t<div  class=\"ms-slide\" data-delay=\"3\"    >\n\t\t\t\t\t<img decoding=\"async\" src=\"http:\/\/www.apucarana.pr.gov.br\/site\/wp-content\/plugins\/masterslider\/public\/assets\/css\/blank.gif\" alt=\"23-01-2026_montagem_palco_festa-22\" title=\"23-01-2026_montagem_palco_festa-22\" data-src=\"http:\/\/www.apucarana.pr.gov.br\/site\/wp-content\/uploads\/2026\/01\/23-01-2026_montagem_palco_festa-22-1024x683.jpg\" \/>\n\t<a href=\"http:\/\/www.apucarana.pr.gov.br\/site\/wp-content\/uploads\/2026\/01\/23-01-2026_montagem_palco_festa-22-1024x683.jpg\" target=\"_self\"    >23-01-2026_montagem_palco_festa-22<\/a>\n\n\n\t<img decoding=\"async\" class=\"ms-thumb\" src=\"http:\/\/www.apucarana.pr.gov.br\/site\/wp-content\/uploads\/2026\/01\/23-01-2026_montagem_palco_festa-22-1024x683-140x80.jpg\" alt=\"23-01-2026_montagem_palco_festa-22\" \/>\n\t\t\t\t<\/div>\n\t\t\t<div  class=\"ms-slide\" data-delay=\"3\"    >\n\t\t\t\t\t<img decoding=\"async\" src=\"http:\/\/www.apucarana.pr.gov.br\/site\/wp-content\/plugins\/masterslider\/public\/assets\/css\/blank.gif\" alt=\"23-01-2026_montagem_palco_festa-28\" title=\"23-01-2026_montagem_palco_festa-28\" data-src=\"http:\/\/www.apucarana.pr.gov.br\/site\/wp-content\/uploads\/2026\/01\/23-01-2026_montagem_palco_festa-28-1024x683.jpg\" \/>\n\t<a href=\"http:\/\/www.apucarana.pr.gov.br\/site\/wp-content\/uploads\/2026\/01\/23-01-2026_montagem_palco_festa-28-1024x683.jpg\" target=\"_self\"    >23-01-2026_montagem_palco_festa-28<\/a>\n\n\n\t<img decoding=\"async\" class=\"ms-thumb\" src=\"http:\/\/www.apucarana.pr.gov.br\/site\/wp-content\/uploads\/2026\/01\/23-01-2026_montagem_palco_festa-28-1024x683-140x80.jpg\" alt=\"23-01-2026_montagem_palco_festa-28\" \/>\n\t\t\t\t<\/div>\n\n\t\t\t<\/div>\n\t\t\t<!-- END MasterSlider Main -->\n\n\t\t\t \n\t\t<\/div>\n\t\t<!-- END MasterSlider -->\n\n\t\t<script>\n\t\t( window.MSReady = window.MSReady || [] ).push( function( $ ) {\n\n\t\t\t\"use strict\";\n\t\t\tvar masterslider_27b2 = new MasterSlider();\n\n\t\t\t\/\/ slider controls\n\t\t\tmasterslider_27b2.control('arrows'     ,{ autohide:true, overVideo:true  });\n\t\t\tmasterslider_27b2.control('thumblist'  ,{ autohide:false, overVideo:true, dir:'h', speed:17, inset:false, arrows:false, hover:false, customClass:'', align:'bottom',type:'thumbs', margin:2, width:140, height:80, space:2, fillMode:'fill'  });\n\t\t\t\/\/ slider setup\n\t\t\tmasterslider_27b2.setup(\"MS69efaf6fc27b2\", {\n\t\t\t\twidth           : 960,\n\t\t\t\theight          : 540,\n\t\t\t\tminHeight       : 0,\n\t\t\t\tspace           : 0,\n\t\t\t\tstart           : 1,\n\t\t\t\tgrabCursor      : true,\n\t\t\t\tswipe           : true,\n\t\t\t\tmouse           : true,\n\t\t\t\tkeyboard        : false,\n\t\t\t\tlayout          : \"fillwidth\",\n\t\t\t\twheel           : false,\n\t\t\t\tautoplay        : true,\n                instantStartLayers:false,\n\t\t\t\tmobileBGVideo:false,\n\t\t\t\tloop            : true,\n\t\t\t\tshuffle         : false,\n\t\t\t\tpreload         : 3,\n\t\t\t\theightLimit     : false,\n\t\t\t\tautoHeight      : false,\n\t\t\t\tsmoothHeight    : true,\n\t\t\t\tendPause        : false,\n\t\t\t\toverPause       : false,\n\t\t\t\tfillMode        : \"fill\",\n\t\t\t\tcenterControls  : true,\n\t\t\t\tstartOnAppear   : false,\n\t\t\t\tlayersMode      : \"center\",\n\t\t\t\tautofillTarget  : \"\",\n\t\t\t\thideLayers      : false,\n\t\t\t\tfullscreenMargin: 0,\n\t\t\t\tspeed           : 17,\n\t\t\t\tdir             : \"h\",\n\t\t\t\tresponsive      : true,\n\t\t\t\ttabletWidth     : 768,\n\t\t\t\ttabletHeight    : null,\n\t\t\t\tphoneWidth      : 480,\n\t\t\t\tphoneHeight    : null,\n\t\t\t\tsizingReference : window,\n\t\t\t\tparallaxMode    : 'swipe',\n\t\t\t\tview            : \"basic\"\n\t\t\t});\n\n\t\t\t\n\t\t\twindow.masterslider_instances = window.masterslider_instances || [];\n\t\t\twindow.masterslider_instances.push( masterslider_27b2 );\n\t\t});\n\t\t<\/script>\n\n\n<p>Apucarana vive um momento especial no m\u00eas em que celebra seus 82 anos. A programa\u00e7\u00e3o de anivers\u00e1rio re\u00fane an\u00fancios de obras, inaugura\u00e7\u00f5es, festejos e grandes eventos, refor\u00e7ando o sentimento de orgulho, pertencimento e amor pela cidade. O ponto alto das comemora\u00e7\u00f5es ser\u00e1 a grande festa na Pra\u00e7a Rui Barbosa, de 27 a 31 de janeiro, com seis shows nacionais gratuitos, al\u00e9m da realiza\u00e7\u00e3o da maior Prova Pedestre 28 de Janeiro de todos os tempos.<\/p>\n<p>O prefeito Rodolfo Mota destaca que diversas equipes est\u00e3o mobilizadas para garantir uma celebra\u00e7\u00e3o \u00e0 altura da hist\u00f3ria do munic\u00edpio. \u201cSer\u00e1 uma festa do tamanho de Apucarana, com a for\u00e7a, a f\u00e9 e o esp\u00edrito empreendedor da nossa gente. Um momento hist\u00f3rico de celebra\u00e7\u00e3o, orgulho e alegria de viver aqui. \u00c9 a festa das fam\u00edlias, desse povo acolhedor e ordeiro. Convido todas as fam\u00edlias apucaranenses para participarem desse grande evento, preparado com muito amor e carinho\u201d, afirmou.<\/p>\n<p>De acordo com o secret\u00e1rio municipal de Cultura e Turismo, Rodrigo Lievore (Recife), a agenda de shows tem gerado grande expectativa desde o an\u00fancio. A programa\u00e7\u00e3o come\u00e7a no dia 27 de janeiro com a Noite de Cultura e Paz, reunindo o cantor gospel Ton Carfi e a dupla cat\u00f3lica Ramon &amp; Rafael. No dia 28, data do anivers\u00e1rio de Apucarana, o palco recebe a dupla sertaneja Maiara &amp; Maraisa. J\u00e1 no dia 29, ser\u00e1 a vez da banda Os Paralamas do Sucesso; no dia 30, do cantor Mumuzinho; e, no dia 31, da dupla Edson &amp; Hudson. \u201cSer\u00e3o cinco noites inesquec\u00edveis, com seis atra\u00e7\u00f5es nacionais gratuitas, que certamente v\u00e3o atrair um grande p\u00fablico\u201d, destacou.<\/p>\n<p>O clima de comemora\u00e7\u00e3o tamb\u00e9m envolve o esporte. O secret\u00e1rio municipal de Esportes, Bruno Marchi, lembra que Apucarana realiza neste ano a maior edi\u00e7\u00e3o da Prova Pedestre 28 de Janeiro. \u201cA tradicional corrida de rua bateu recorde hist\u00f3rico, com 5.445 inscritos. A expectativa \u00e9 enorme para o dia 31 de janeiro, quando teremos a Vinteoitinha \u00e0s 9 horas, a prova de 5 quil\u00f4metros \u00e0s 19 horas e a de 10 quil\u00f4metros \u00e0s 20h15, com largada e chegada na Pra\u00e7a Rui Barbosa\u201d, informou.<\/p>\n<p>&nbsp;<\/p>\n<p><strong>Palco inovador, estrutura moderna e organiza\u00e7\u00e3o do tr\u00e2nsito<\/strong><\/p>\n<p>Pela primeira vez, a Festa de Apucarana contar\u00e1 com o Palco Geo Space, estrutura moderna utilizada nos maiores eventos do pa\u00eds. Segundo o secret\u00e1rio de Cultura, trata-se de uma cobertura em formato de concha ac\u00fastica, que garante excelente qualidade sonora e uma est\u00e9tica imponente. As equipes finalizam a montagem do palco para, na sequ\u00eancia, iniciar a instala\u00e7\u00e3o dos sistemas de som, ilumina\u00e7\u00e3o e pain\u00e9is de LED.<\/p>\n<p>Em raz\u00e3o da montagem da estrutura, a Prefeitura de Apucarana informa que o tr\u00e2nsito na regi\u00e3o da Pra\u00e7a Rui Barbosa passou por altera\u00e7\u00f5es desde esta quarta-feira (22) e seguir\u00e1 modificado at\u00e9 o dia 31 de janeiro. O secret\u00e1rio municipal de Seguran\u00e7a, Transporte, Tr\u00e2nsito, Mobilidade Urbana e Defesa Civil (Segtran), major Vilson Laurentino da Silva, explica que o desvio ocorre nas proximidades da loja Casas Pernambucanas, com direcionamento do tr\u00e1fego para a Rua Rio Branco.<\/p>\n<p>\u201cO tr\u00e2nsito pode ficar um pouco mais lento neste trecho, mas \u00e9 uma altera\u00e7\u00e3o tempor\u00e1ria e necess\u00e1ria para garantir a seguran\u00e7a de todos. Os motoristas que desejarem realizar compras no com\u00e9rcio central podem utilizar normalmente os estacionamentos entre a Caixa Econ\u00f4mica Federal e a Casas Pernambucanas\u201d, orientou o secret\u00e1rio.<\/p>\n<p>&nbsp;<\/p>\n<p><strong>Gastronomia, seguran\u00e7a refor\u00e7ada e transporte ampliado<\/strong><\/p>\n<p>A pra\u00e7a de alimenta\u00e7\u00e3o contar\u00e1 com 28 barracas gastron\u00f4micas, reunindo empreendedores da Feira da Lua, da Super Sexta da Economia Solid\u00e1ria e da Associa\u00e7\u00e3o Cultural e Esportiva de Apucarana (ACEA). O funcionamento come\u00e7a no dia 27, a partir das 18 horas. No feriado do dia 28 e no s\u00e1bado, o atendimento ser\u00e1 antecipado para as 10 horas.<\/p>\n<p>O p\u00fablico encontrar\u00e1 uma pra\u00e7a de alimenta\u00e7\u00e3o completa e diversificada, com op\u00e7\u00f5es como pastel, crepe, cachorro-quente, macarr\u00e3o, sukiyaki, espetinho, pizza no cone, lanche de pernil, por\u00e7\u00f5es, batata frita, torresmo, doces, sorvetes, morango do amor e bebidas em geral.<\/p>\n<p>A programa\u00e7\u00e3o contar\u00e1 ainda com um forte esquema de seguran\u00e7a, envolvendo atua\u00e7\u00e3o integrada das pol\u00edcias Militar e Civil, Guarda Civil Municipal, uso de tecnologia de reconhecimento facial e, de forma in\u00e9dita, a presen\u00e7a preventiva do Conselho Tutelar durante todos os dias de festa. O \u00f3rg\u00e3o ter\u00e1 espa\u00e7o pr\u00f3prio para identifica\u00e7\u00e3o preventiva de crian\u00e7as por meio de pulseiras, ampliando a tranquilidade de pais e respons\u00e1veis.<\/p>\n<p>Para facilitar o deslocamento da popula\u00e7\u00e3o, a Prefeitura tamb\u00e9m anunciou a amplia\u00e7\u00e3o do hor\u00e1rio do transporte coletivo. \u201cDurante os dias de festa, os \u00f4nibus v\u00e3o operar com hor\u00e1rio extra at\u00e9 meia-noite e meia, garantindo que as pessoas possam aproveitar os shows e retornar com seguran\u00e7a para casa\u201d, informou o secret\u00e1rio da Segtran.<\/p>\n\n\t\t<!-- MasterSlider -->\n\t\t<div id=\"P_MS69efaf6fc3647\" class=\"master-slider-parent master-slider-gallery   ms-parent-id-0\" style=\"\" >\n\n\t\t\t\n\t\t\t<!-- MasterSlider Main -->\n\t\t\t<div id=\"MS69efaf6fc3647\" class=\"master-slider ms-skin-default\" >\n\t\t\t\t \t\t\t\t \n\t\t\t<div  class=\"ms-slide\" data-delay=\"3\"    >\n\t\t\t\t\t<img decoding=\"async\" src=\"http:\/\/www.apucarana.pr.gov.br\/site\/wp-content\/plugins\/masterslider\/public\/assets\/css\/blank.gif\" alt=\"Dia 27 de janeiro\" title=\"xx1\" data-src=\"http:\/\/www.apucarana.pr.gov.br\/site\/wp-content\/uploads\/2026\/01\/xx1-1024x683.jpg\" \/>\n\t<a href=\"http:\/\/www.apucarana.pr.gov.br\/site\/apucarana-entra-no-clima-de-celebracao-amor-pela-cidade-e-festa-pelos-82-anos\/xx1-3\/\" target=\"_self\"    >xx1<\/a>\n\n\t\t\t\t\t<div class=\"ms-info\">Dia 27 de janeiro<\/div>\n\n\n\t<img decoding=\"async\" class=\"ms-thumb\" src=\"http:\/\/www.apucarana.pr.gov.br\/site\/wp-content\/uploads\/2026\/01\/xx1-1024x683-140x80.jpg\" alt=\"Dia 27 de janeiro\" \/>\n\t\t\t\t<\/div>\n\t\t\t<div  class=\"ms-slide\" data-delay=\"3\"    >\n\t\t\t\t\t<img decoding=\"async\" src=\"http:\/\/www.apucarana.pr.gov.br\/site\/wp-content\/plugins\/masterslider\/public\/assets\/css\/blank.gif\" alt=\"Dias 28 e 29 de janeiro\" title=\"xx2\" data-src=\"http:\/\/www.apucarana.pr.gov.br\/site\/wp-content\/uploads\/2026\/01\/xx2-1024x683.jpg\" \/>\n\t<a href=\"http:\/\/www.apucarana.pr.gov.br\/site\/apucarana-entra-no-clima-de-celebracao-amor-pela-cidade-e-festa-pelos-82-anos\/xx2\/\" target=\"_self\"    >xx2<\/a>\n\n\t\t\t\t\t<div class=\"ms-info\">Dias 28 e 29 de janeiro<\/div>\n\n\n\t<img decoding=\"async\" class=\"ms-thumb\" src=\"http:\/\/www.apucarana.pr.gov.br\/site\/wp-content\/uploads\/2026\/01\/xx2-1024x683-140x80.jpg\" alt=\"Dias 28 e 29 de janeiro\" \/>\n\t\t\t\t<\/div>\n\t\t\t<div  class=\"ms-slide\" data-delay=\"3\"    >\n\t\t\t\t\t<img decoding=\"async\" src=\"http:\/\/www.apucarana.pr.gov.br\/site\/wp-content\/plugins\/masterslider\/public\/assets\/css\/blank.gif\" alt=\"Dias 30 e 31 de janeiro\" title=\"xx3\" data-src=\"http:\/\/www.apucarana.pr.gov.br\/site\/wp-content\/uploads\/2026\/01\/xx3-1-1024x683.jpg\" \/>\n\t<a href=\"http:\/\/www.apucarana.pr.gov.br\/site\/apucarana-entra-no-clima-de-celebracao-amor-pela-cidade-e-festa-pelos-82-anos\/xx3-2\/\" target=\"_self\"    >xx3<\/a>\n\n\t\t\t\t\t<div class=\"ms-info\">Dias 30 e 31 de janeiro<\/div>\n\n\n\t<img decoding=\"async\" class=\"ms-thumb\" src=\"http:\/\/www.apucarana.pr.gov.br\/site\/wp-content\/uploads\/2026\/01\/xx3-1-1024x683-140x80.jpg\" alt=\"Dias 30 e 31 de janeiro\" \/>\n\t\t\t\t<\/div>\n\n\t\t\t<\/div>\n\t\t\t<!-- END MasterSlider Main -->\n\n\t\t\t \n\t\t<\/div>\n\t\t<!-- END MasterSlider -->\n\n\t\t<script>\n\t\t( window.MSReady = window.MSReady || [] ).push( function( $ ) {\n\n\t\t\t\"use strict\";\n\t\t\tvar masterslider_3647 = new MasterSlider();\n\n\t\t\t\/\/ slider controls\n\t\t\tmasterslider_3647.control('arrows'     ,{ autohide:true, overVideo:true  });\n\t\t\tmasterslider_3647.control('thumblist'  ,{ autohide:false, overVideo:true, dir:'h', speed:17, inset:false, arrows:false, hover:false, customClass:'', align:'bottom',type:'thumbs', margin:2, width:140, height:80, space:2, fillMode:'fill'  });\n\t\t\tmasterslider_3647.control('slideinfo'  ,{ autohide:true, overVideo:true, dir:'h', align:'bottom',inset:true , margin:80  , size:30 });\n\t\t\t\/\/ slider setup\n\t\t\tmasterslider_3647.setup(\"MS69efaf6fc3647\", {\n\t\t\t\twidth           : 960,\n\t\t\t\theight          : 540,\n\t\t\t\tminHeight       : 0,\n\t\t\t\tspace           : 0,\n\t\t\t\tstart           : 1,\n\t\t\t\tgrabCursor      : true,\n\t\t\t\tswipe           : true,\n\t\t\t\tmouse           : true,\n\t\t\t\tkeyboard        : false,\n\t\t\t\tlayout          : \"fillwidth\",\n\t\t\t\twheel           : false,\n\t\t\t\tautoplay        : false,\n                instantStartLayers:false,\n\t\t\t\tmobileBGVideo:false,\n\t\t\t\tloop            : false,\n\t\t\t\tshuffle         : false,\n\t\t\t\tpreload         : 3,\n\t\t\t\theightLimit     : false,\n\t\t\t\tautoHeight      : false,\n\t\t\t\tsmoothHeight    : true,\n\t\t\t\tendPause        : false,\n\t\t\t\toverPause       : false,\n\t\t\t\tfillMode        : \"fill\",\n\t\t\t\tcenterControls  : true,\n\t\t\t\tstartOnAppear   : false,\n\t\t\t\tlayersMode      : \"center\",\n\t\t\t\tautofillTarget  : \"\",\n\t\t\t\thideLayers      : false,\n\t\t\t\tfullscreenMargin: 0,\n\t\t\t\tspeed           : 17,\n\t\t\t\tdir             : \"h\",\n\t\t\t\tresponsive      : true,\n\t\t\t\ttabletWidth     : 768,\n\t\t\t\ttabletHeight    : null,\n\t\t\t\tphoneWidth      : 480,\n\t\t\t\tphoneHeight    : null,\n\t\t\t\tsizingReference : window,\n\t\t\t\tparallaxMode    : 'swipe',\n\t\t\t\tview            : \"basic\"\n\t\t\t});\n\n\t\t\t\n\t\t\twindow.masterslider_instances = window.masterslider_instances || [];\n\t\t\twindow.masterslider_instances.push( masterslider_3647 );\n\t\t});\n\t\t<\/script>\n\n\n<p><strong>AGENDA DE SHOWS<\/strong><\/p>\n<p>27\/01 (ter\u00e7a-feira)<br \/>\n\u2022 Ton Carfi \u2013 21h<br \/>\n\u2022 Ramon &amp; Rafael \u2013 23h<\/p>\n<p>28\/01 (quarta-feira)<br \/>\n\u2022 Maiara &amp; Mara\u00edsa \u2013 22h<\/p>\n<p>29\/01 (quinta-feira)<br \/>\n\u2022 Paralamas do Sucesso \u2013 22h<\/p>\n<p>30\/01 (sexta-feira)<br \/>\n\u2022 Mumuzinho \u2013 22h<\/p>\n<p>31\/01 (s\u00e1bado)<br \/>\n\u2022 Edson &amp; Hudson \u2013 22h<\/p>\n<p><strong>63\u00aa CORRIDA PEDESTRE 28 DE JANEIRO<\/strong><\/p>\n<p>Local: Pra\u00e7a Rui Barbosa<br \/>\nData: 31 de janeiro<br \/>\nHor\u00e1rios das largadas:<br \/>\n\u2022 Prova Vinteoitinha \u2013 9h<\/p>\n","protected":false},"excerpt":{"rendered":"<p>Apucarana vive um momento especial no m&ecirc;s em que celebra seus 82 anos. A programa&ccedil;&atilde;o de anivers&aacute;rio re&uacute;ne an&uacute;ncios de obras, inaugura&ccedil;&otilde;es, festejos e grandes eventos, refor&ccedil;ando o sentimento de orgulho, pertencimento e amor pela cidade. O ponto alto das comemora&ccedil;&otilde;es ser&aacute; a grande festa na Pra&ccedil;a Rui Barbosa, de 27 a 31 de janeiro, [&hellip;]<\/p>\n","protected":false},"author":6,"featured_media":122706,"comment_status":"closed","ping_status":"closed","sticky":false,"template":"","format":"standard","meta":{"footnotes":""},"categories":[24],"tags":[],"class_list":["post-122700","post","type-post","status-publish","format-standard","has-post-thumbnail","hentry","category-noticias"],"acf":[],"_links":{"self":[{"href":"http:\/\/www.apucarana.pr.gov.br\/site\/wp-json\/wp\/v2\/posts\/122700","targetHints":{"allow":["GET"]}}],"collection":[{"href":"http:\/\/www.apucarana.pr.gov.br\/site\/wp-json\/wp\/v2\/posts"}],"about":[{"href":"http:\/\/www.apucarana.pr.gov.br\/site\/wp-json\/wp\/v2\/types\/post"}],"author":[{"embeddable":true,"href":"http:\/\/www.apucarana.pr.gov.br\/site\/wp-json\/wp\/v2\/users\/6"}],"replies":[{"embeddable":true,"href":"http:\/\/www.apucarana.pr.gov.br\/site\/wp-json\/wp\/v2\/comments?post=122700"}],"version-history":[{"count":3,"href":"http:\/\/www.apucarana.pr.gov.br\/site\/wp-json\/wp\/v2\/posts\/122700\/revisions"}],"predecessor-version":[{"id":122812,"href":"http:\/\/www.apucarana.pr.gov.br\/site\/wp-json\/wp\/v2\/posts\/122700\/revisions\/122812"}],"wp:featuredmedia":[{"embeddable":true,"href":"http:\/\/www.apucarana.pr.gov.br\/site\/wp-json\/wp\/v2\/media\/122706"}],"wp:attachment":[{"href":"http:\/\/www.apucarana.pr.gov.br\/site\/wp-json\/wp\/v2\/media?parent=122700"}],"wp:term":[{"taxonomy":"category","embeddable":true,"href":"http:\/\/www.apucarana.pr.gov.br\/site\/wp-json\/wp\/v2\/categories?post=122700"},{"taxonomy":"post_tag","embeddable":true,"href":"http:\/\/www.apucarana.pr.gov.br\/site\/wp-json\/wp\/v2\/tags?post=122700"}],"curies":[{"name":"wp","href":"https:\/\/api.w.org\/{rel}","templated":true}]}}