{"id":122686,"date":"2026-01-23T10:48:36","date_gmt":"2026-01-23T13:48:36","guid":{"rendered":"https:\/\/www.apucarana.pr.gov.br\/site\/?p=122686"},"modified":"2026-01-23T10:48:36","modified_gmt":"2026-01-23T13:48:36","slug":"prefeitura-reforca-sinalizacao-viaria-no-percurso-da-63a-prova-pedestre-28-de-janeiro-para-garantir-a-seguranca-dos-atletas-e-da-populacao","status":"publish","type":"post","link":"http:\/\/www.apucarana.pr.gov.br\/site\/prefeitura-reforca-sinalizacao-viaria-no-percurso-da-63a-prova-pedestre-28-de-janeiro-para-garantir-a-seguranca-dos-atletas-e-da-populacao\/","title":{"rendered":"Prefeitura refor\u00e7a sinaliza\u00e7\u00e3o vi\u00e1ria no percurso da 63\u00aa Prova Pedestre 28 de Janeiro para garantir a seguran\u00e7a dos atletas e da popula\u00e7\u00e3o"},"content":{"rendered":"\n\t\t<!-- MasterSlider -->\n\t\t<div id=\"P_MS69ef9d015985f\" class=\"master-slider-parent master-slider-gallery   ms-parent-id-0\" style=\"\" >\n\n\t\t\t\n\t\t\t<!-- MasterSlider Main -->\n\t\t\t<div id=\"MS69ef9d015985f\" class=\"master-slider ms-skin-default\" >\n\t\t\t\t \t\t\t\t \n\t\t\t<div  class=\"ms-slide\" data-delay=\"3\"    >\n\t\t\t\t\t<img decoding=\"async\" src=\"http:\/\/www.apucarana.pr.gov.br\/site\/wp-content\/plugins\/masterslider\/public\/assets\/css\/blank.gif\" alt=\"23-01-2026_pintura_faixa_rua_ponta_grossa-32\" title=\"23-01-2026_pintura_faixa_rua_ponta_grossa-32\" data-src=\"http:\/\/www.apucarana.pr.gov.br\/site\/wp-content\/uploads\/2026\/01\/23-01-2026_pintura_faixa_rua_ponta_grossa-32-1024x683.jpg\" \/>\n\t<a href=\"http:\/\/www.apucarana.pr.gov.br\/site\/wp-content\/uploads\/2026\/01\/23-01-2026_pintura_faixa_rua_ponta_grossa-32-1024x683.jpg\" target=\"_self\"    >23-01-2026_pintura_faixa_rua_ponta_grossa-32<\/a>\n\n\n\t<img decoding=\"async\" class=\"ms-thumb\" src=\"http:\/\/www.apucarana.pr.gov.br\/site\/wp-content\/uploads\/2026\/01\/23-01-2026_pintura_faixa_rua_ponta_grossa-32-1024x683-140x80.jpg\" alt=\"23-01-2026_pintura_faixa_rua_ponta_grossa-32\" \/>\n\t\t\t\t<\/div>\n\t\t\t<div  class=\"ms-slide\" data-delay=\"3\"    >\n\t\t\t\t\t<img decoding=\"async\" src=\"http:\/\/www.apucarana.pr.gov.br\/site\/wp-content\/plugins\/masterslider\/public\/assets\/css\/blank.gif\" alt=\"23-01-2026_pintura_faixa_rua_ponta_grossa-3\" title=\"23-01-2026_pintura_faixa_rua_ponta_grossa-3\" data-src=\"http:\/\/www.apucarana.pr.gov.br\/site\/wp-content\/uploads\/2026\/01\/23-01-2026_pintura_faixa_rua_ponta_grossa-3-1024x683.jpg\" \/>\n\t<a href=\"http:\/\/www.apucarana.pr.gov.br\/site\/wp-content\/uploads\/2026\/01\/23-01-2026_pintura_faixa_rua_ponta_grossa-3-1024x683.jpg\" target=\"_self\"    >23-01-2026_pintura_faixa_rua_ponta_grossa-3<\/a>\n\n\n\t<img decoding=\"async\" class=\"ms-thumb\" src=\"http:\/\/www.apucarana.pr.gov.br\/site\/wp-content\/uploads\/2026\/01\/23-01-2026_pintura_faixa_rua_ponta_grossa-3-1024x683-140x80.jpg\" alt=\"23-01-2026_pintura_faixa_rua_ponta_grossa-3\" \/>\n\t\t\t\t<\/div>\n\t\t\t<div  class=\"ms-slide\" data-delay=\"3\"    >\n\t\t\t\t\t<img decoding=\"async\" src=\"http:\/\/www.apucarana.pr.gov.br\/site\/wp-content\/plugins\/masterslider\/public\/assets\/css\/blank.gif\" alt=\"23-01-2026_pintura_faixa_rua_ponta_grossa-7\" title=\"23-01-2026_pintura_faixa_rua_ponta_grossa-7\" data-src=\"http:\/\/www.apucarana.pr.gov.br\/site\/wp-content\/uploads\/2026\/01\/23-01-2026_pintura_faixa_rua_ponta_grossa-7-1024x683.jpg\" \/>\n\t<a href=\"http:\/\/www.apucarana.pr.gov.br\/site\/wp-content\/uploads\/2026\/01\/23-01-2026_pintura_faixa_rua_ponta_grossa-7-1024x683.jpg\" target=\"_self\"    >23-01-2026_pintura_faixa_rua_ponta_grossa-7<\/a>\n\n\n\t<img decoding=\"async\" class=\"ms-thumb\" src=\"http:\/\/www.apucarana.pr.gov.br\/site\/wp-content\/uploads\/2026\/01\/23-01-2026_pintura_faixa_rua_ponta_grossa-7-1024x683-140x80.jpg\" alt=\"23-01-2026_pintura_faixa_rua_ponta_grossa-7\" \/>\n\t\t\t\t<\/div>\n\t\t\t<div  class=\"ms-slide\" data-delay=\"3\"    >\n\t\t\t\t\t<img decoding=\"async\" src=\"http:\/\/www.apucarana.pr.gov.br\/site\/wp-content\/plugins\/masterslider\/public\/assets\/css\/blank.gif\" alt=\"23-01-2026_pintura_faixa_rua_ponta_grossa-12\" title=\"23-01-2026_pintura_faixa_rua_ponta_grossa-12\" data-src=\"http:\/\/www.apucarana.pr.gov.br\/site\/wp-content\/uploads\/2026\/01\/23-01-2026_pintura_faixa_rua_ponta_grossa-12-1024x683.jpg\" \/>\n\t<a href=\"http:\/\/www.apucarana.pr.gov.br\/site\/wp-content\/uploads\/2026\/01\/23-01-2026_pintura_faixa_rua_ponta_grossa-12-1024x683.jpg\" target=\"_self\"    >23-01-2026_pintura_faixa_rua_ponta_grossa-12<\/a>\n\n\n\t<img decoding=\"async\" class=\"ms-thumb\" src=\"http:\/\/www.apucarana.pr.gov.br\/site\/wp-content\/uploads\/2026\/01\/23-01-2026_pintura_faixa_rua_ponta_grossa-12-1024x683-140x80.jpg\" alt=\"23-01-2026_pintura_faixa_rua_ponta_grossa-12\" \/>\n\t\t\t\t<\/div>\n\t\t\t<div  class=\"ms-slide\" data-delay=\"3\"    >\n\t\t\t\t\t<img decoding=\"async\" src=\"http:\/\/www.apucarana.pr.gov.br\/site\/wp-content\/plugins\/masterslider\/public\/assets\/css\/blank.gif\" alt=\"23-01-2026_pintura_faixa_rua_ponta_grossa-22\" title=\"23-01-2026_pintura_faixa_rua_ponta_grossa-22\" data-src=\"http:\/\/www.apucarana.pr.gov.br\/site\/wp-content\/uploads\/2026\/01\/23-01-2026_pintura_faixa_rua_ponta_grossa-22-1024x683.jpg\" \/>\n\t<a href=\"http:\/\/www.apucarana.pr.gov.br\/site\/wp-content\/uploads\/2026\/01\/23-01-2026_pintura_faixa_rua_ponta_grossa-22-1024x683.jpg\" target=\"_self\"    >23-01-2026_pintura_faixa_rua_ponta_grossa-22<\/a>\n\n\n\t<img decoding=\"async\" class=\"ms-thumb\" src=\"http:\/\/www.apucarana.pr.gov.br\/site\/wp-content\/uploads\/2026\/01\/23-01-2026_pintura_faixa_rua_ponta_grossa-22-1024x683-140x80.jpg\" alt=\"23-01-2026_pintura_faixa_rua_ponta_grossa-22\" \/>\n\t\t\t\t<\/div>\n\t\t\t<div  class=\"ms-slide\" data-delay=\"3\"    >\n\t\t\t\t\t<img decoding=\"async\" src=\"http:\/\/www.apucarana.pr.gov.br\/site\/wp-content\/plugins\/masterslider\/public\/assets\/css\/blank.gif\" alt=\"23-01-2026_pintura_faixa_rua_ponta_grossa-28\" title=\"23-01-2026_pintura_faixa_rua_ponta_grossa-28\" data-src=\"http:\/\/www.apucarana.pr.gov.br\/site\/wp-content\/uploads\/2026\/01\/23-01-2026_pintura_faixa_rua_ponta_grossa-28-1024x683.jpg\" \/>\n\t<a href=\"http:\/\/www.apucarana.pr.gov.br\/site\/wp-content\/uploads\/2026\/01\/23-01-2026_pintura_faixa_rua_ponta_grossa-28-1024x683.jpg\" target=\"_self\"    >23-01-2026_pintura_faixa_rua_ponta_grossa-28<\/a>\n\n\n\t<img decoding=\"async\" class=\"ms-thumb\" src=\"http:\/\/www.apucarana.pr.gov.br\/site\/wp-content\/uploads\/2026\/01\/23-01-2026_pintura_faixa_rua_ponta_grossa-28-1024x683-140x80.jpg\" alt=\"23-01-2026_pintura_faixa_rua_ponta_grossa-28\" \/>\n\t\t\t\t<\/div>\n\t\t\t<div  class=\"ms-slide\" data-delay=\"3\"    >\n\t\t\t\t\t<img decoding=\"async\" src=\"http:\/\/www.apucarana.pr.gov.br\/site\/wp-content\/plugins\/masterslider\/public\/assets\/css\/blank.gif\" alt=\"23-01-2026_pintura_faixa_rua_ponta_grossa-30\" title=\"23-01-2026_pintura_faixa_rua_ponta_grossa-30\" data-src=\"http:\/\/www.apucarana.pr.gov.br\/site\/wp-content\/uploads\/2026\/01\/23-01-2026_pintura_faixa_rua_ponta_grossa-30-1024x683.jpg\" \/>\n\t<a href=\"http:\/\/www.apucarana.pr.gov.br\/site\/wp-content\/uploads\/2026\/01\/23-01-2026_pintura_faixa_rua_ponta_grossa-30-1024x683.jpg\" target=\"_self\"    >23-01-2026_pintura_faixa_rua_ponta_grossa-30<\/a>\n\n\n\t<img decoding=\"async\" class=\"ms-thumb\" src=\"http:\/\/www.apucarana.pr.gov.br\/site\/wp-content\/uploads\/2026\/01\/23-01-2026_pintura_faixa_rua_ponta_grossa-30-1024x683-140x80.jpg\" alt=\"23-01-2026_pintura_faixa_rua_ponta_grossa-30\" \/>\n\t\t\t\t<\/div>\n\n\t\t\t<\/div>\n\t\t\t<!-- END MasterSlider Main -->\n\n\t\t\t \n\t\t<\/div>\n\t\t<!-- END MasterSlider -->\n\n\t\t<script>\n\t\t( window.MSReady = window.MSReady || [] ).push( function( $ ) {\n\n\t\t\t\"use strict\";\n\t\t\tvar masterslider_985f = new MasterSlider();\n\n\t\t\t\/\/ slider controls\n\t\t\tmasterslider_985f.control('arrows'     ,{ autohide:true, overVideo:true  });\n\t\t\tmasterslider_985f.control('thumblist'  ,{ autohide:false, overVideo:true, dir:'h', speed:17, inset:false, arrows:false, hover:false, customClass:'', align:'bottom',type:'thumbs', margin:2, width:140, height:80, space:2, fillMode:'fill'  });\n\t\t\t\/\/ slider setup\n\t\t\tmasterslider_985f.setup(\"MS69ef9d015985f\", {\n\t\t\t\twidth           : 960,\n\t\t\t\theight          : 540,\n\t\t\t\tminHeight       : 0,\n\t\t\t\tspace           : 0,\n\t\t\t\tstart           : 1,\n\t\t\t\tgrabCursor      : true,\n\t\t\t\tswipe           : true,\n\t\t\t\tmouse           : true,\n\t\t\t\tkeyboard        : false,\n\t\t\t\tlayout          : \"fillwidth\",\n\t\t\t\twheel           : false,\n\t\t\t\tautoplay        : true,\n                instantStartLayers:false,\n\t\t\t\tmobileBGVideo:false,\n\t\t\t\tloop            : true,\n\t\t\t\tshuffle         : false,\n\t\t\t\tpreload         : 3,\n\t\t\t\theightLimit     : false,\n\t\t\t\tautoHeight      : false,\n\t\t\t\tsmoothHeight    : true,\n\t\t\t\tendPause        : false,\n\t\t\t\toverPause       : false,\n\t\t\t\tfillMode        : \"fill\",\n\t\t\t\tcenterControls  : true,\n\t\t\t\tstartOnAppear   : false,\n\t\t\t\tlayersMode      : \"center\",\n\t\t\t\tautofillTarget  : \"\",\n\t\t\t\thideLayers      : false,\n\t\t\t\tfullscreenMargin: 0,\n\t\t\t\tspeed           : 17,\n\t\t\t\tdir             : \"h\",\n\t\t\t\tresponsive      : true,\n\t\t\t\ttabletWidth     : 768,\n\t\t\t\ttabletHeight    : null,\n\t\t\t\tphoneWidth      : 480,\n\t\t\t\tphoneHeight    : null,\n\t\t\t\tsizingReference : window,\n\t\t\t\tparallaxMode    : 'swipe',\n\t\t\t\tview            : \"basic\"\n\t\t\t});\n\n\t\t\t\n\t\t\twindow.masterslider_instances = window.masterslider_instances || [];\n\t\t\twindow.masterslider_instances.push( masterslider_985f );\n\t\t});\n\t\t<\/script>\n\n\n<p>A Prefeitura de Apucarana, por meio da Secretaria Municipal de Seguran\u00e7a, Transporte, Tr\u00e2nsito, Mobilidade Urbana e Defesa Civil (Segtran), est\u00e1 refor\u00e7ando a sinaliza\u00e7\u00e3o vi\u00e1ria em todo o trajeto da 63\u00aa Prova Pedestre 28 de Janeiro, que ser\u00e1 realizada no dia 31 de janeiro. A edi\u00e7\u00e3o deste ano j\u00e1 \u00e9 considerada a maior da hist\u00f3ria da tradicional corrida, com 5.436 atletas confirmados.<\/p>\n<p>A a\u00e7\u00e3o tem como objetivo garantir mais seguran\u00e7a e organiza\u00e7\u00e3o no tr\u00e2nsito, beneficiando tanto os competidores quanto pedestres e motoristas que circulam pelas vias envolvidas no percurso. O trabalho inclui manuten\u00e7\u00e3o, adequa\u00e7\u00e3o e refor\u00e7o da sinaliza\u00e7\u00e3o horizontal, seguindo rigorosamente as normas t\u00e9cnicas vigentes.<\/p>\n<p>De acordo com o secret\u00e1rio da Segtran, major Vilson Laurentino da Silva, as faixas de pedestres da Rua Ponta Grossa est\u00e3o sendo totalmente refeitas, com o objetivo de adequ\u00e1-las \u00e0s normas t\u00e9cnicas estabelecidas pelo Conselho Estadual de Tr\u00e2nsito (CETRAN-PR) e pela Secretaria Nacional de Tr\u00e2nsito (SENATRAN).<\/p>\n<p>\u201cA Rua Ponta Grossa faz parte do trajeto da Prova Pedestre 28 de Janeiro. No ano retrasado, a gest\u00e3o passada implantou faixas de pedestres irregulares em seis cruzamentos daquela via. S\u00e3o as pol\u00eamicas faixas Mister M. Hoje, a nossa equipe est\u00e1 refazendo essas faixas de pedestres e adequando-as \u00e0s normas vigentes de tr\u00e2nsito. No centro desses seis cruzamentos, vai ser pintado um \u2018Yellow Box\u2019, para dar mais seguran\u00e7a aos pedestres durante a travessia e evitar congestionamentos no centro dos cruzamentos\u201d, explicou o major.<\/p>\n<p>Al\u00e9m das a\u00e7\u00f5es de tr\u00e2nsito, a Secretaria Municipal de Servi\u00e7os P\u00fablicos tamb\u00e9m realizou melhorias ao longo do percurso. O secret\u00e1rio Wendel Metta destaca que houve pintura de meios-fios e limpeza geral nas vias por onde os atletas ir\u00e3o passar. \u201cAl\u00e9m disso, realizamos recape asf\u00e1ltico em dois trechos do percurso, na Rua Arthur Bernardes e na Travessa do Gera\u201d, acrescentou.<\/p>\n<p>As a\u00e7\u00f5es integram o conjunto de preparativos da Prefeitura de Apucarana para assegurar uma prova organizada, segura e \u00e0 altura da import\u00e2ncia do evento.<\/p>\n","protected":false},"excerpt":{"rendered":"<p>A Prefeitura de Apucarana, por meio da Secretaria Municipal de Seguran&ccedil;a, Transporte, Tr&acirc;nsito, Mobilidade Urbana e Defesa Civil (Segtran), est&aacute; refor&ccedil;ando a sinaliza&ccedil;&atilde;o vi&aacute;ria em todo o trajeto da 63&ordf; Prova Pedestre 28 de Janeiro, que ser&aacute; realizada no dia 31 de janeiro. A edi&ccedil;&atilde;o deste ano j&aacute; &eacute; considerada a maior da hist&oacute;ria da [&hellip;]<\/p>\n","protected":false},"author":8,"featured_media":122694,"comment_status":"closed","ping_status":"closed","sticky":false,"template":"","format":"standard","meta":{"footnotes":""},"categories":[24],"tags":[],"class_list":["post-122686","post","type-post","status-publish","format-standard","has-post-thumbnail","hentry","category-noticias"],"acf":[],"_links":{"self":[{"href":"http:\/\/www.apucarana.pr.gov.br\/site\/wp-json\/wp\/v2\/posts\/122686","targetHints":{"allow":["GET"]}}],"collection":[{"href":"http:\/\/www.apucarana.pr.gov.br\/site\/wp-json\/wp\/v2\/posts"}],"about":[{"href":"http:\/\/www.apucarana.pr.gov.br\/site\/wp-json\/wp\/v2\/types\/post"}],"author":[{"embeddable":true,"href":"http:\/\/www.apucarana.pr.gov.br\/site\/wp-json\/wp\/v2\/users\/8"}],"replies":[{"embeddable":true,"href":"http:\/\/www.apucarana.pr.gov.br\/site\/wp-json\/wp\/v2\/comments?post=122686"}],"version-history":[{"count":1,"href":"http:\/\/www.apucarana.pr.gov.br\/site\/wp-json\/wp\/v2\/posts\/122686\/revisions"}],"predecessor-version":[{"id":122695,"href":"http:\/\/www.apucarana.pr.gov.br\/site\/wp-json\/wp\/v2\/posts\/122686\/revisions\/122695"}],"wp:featuredmedia":[{"embeddable":true,"href":"http:\/\/www.apucarana.pr.gov.br\/site\/wp-json\/wp\/v2\/media\/122694"}],"wp:attachment":[{"href":"http:\/\/www.apucarana.pr.gov.br\/site\/wp-json\/wp\/v2\/media?parent=122686"}],"wp:term":[{"taxonomy":"category","embeddable":true,"href":"http:\/\/www.apucarana.pr.gov.br\/site\/wp-json\/wp\/v2\/categories?post=122686"},{"taxonomy":"post_tag","embeddable":true,"href":"http:\/\/www.apucarana.pr.gov.br\/site\/wp-json\/wp\/v2\/tags?post=122686"}],"curies":[{"name":"wp","href":"https:\/\/api.w.org\/{rel}","templated":true}]}}