{"id":122670,"date":"2026-01-22T18:05:57","date_gmt":"2026-01-22T21:05:57","guid":{"rendered":"https:\/\/www.apucarana.pr.gov.br\/site\/?p=122670"},"modified":"2026-01-22T18:05:57","modified_gmt":"2026-01-22T21:05:57","slug":"prefeitura-inaugura-nesta-sexta-feira-o-1o-parque-tematico-de-apucarana-novo-espaco-publico-de-lazer-e-acolhimento-as-familias","status":"publish","type":"post","link":"http:\/\/www.apucarana.pr.gov.br\/site\/prefeitura-inaugura-nesta-sexta-feira-o-1o-parque-tematico-de-apucarana-novo-espaco-publico-de-lazer-e-acolhimento-as-familias\/","title":{"rendered":"Prefeitura inaugura nesta sexta-feira o 1\u00ba Parque Tem\u00e1tico de Apucarana, novo espa\u00e7o p\u00fablico de lazer e acolhimento \u00e0s fam\u00edlias"},"content":{"rendered":"\n\t\t<!-- MasterSlider -->\n\t\t<div id=\"P_MS69ef89ff28ec4\" class=\"master-slider-parent master-slider-gallery   ms-parent-id-0\" style=\"\" >\n\n\t\t\t\n\t\t\t<!-- MasterSlider Main -->\n\t\t\t<div id=\"MS69ef89ff28ec4\" class=\"master-slider ms-skin-default\" >\n\t\t\t\t \t\t\t\t \n\t\t\t<div  class=\"ms-slide\" data-delay=\"3\"    >\n\t\t\t\t\t<img decoding=\"async\" src=\"http:\/\/www.apucarana.pr.gov.br\/site\/wp-content\/plugins\/masterslider\/public\/assets\/css\/blank.gif\" alt=\"2026-01-22_parquinho005\" title=\"2026-01-22_parquinho005\" data-src=\"http:\/\/www.apucarana.pr.gov.br\/site\/wp-content\/uploads\/2026\/01\/2026-01-22_parquinho005-576x1024.jpg\" \/>\n\t<a href=\"http:\/\/www.apucarana.pr.gov.br\/site\/wp-content\/uploads\/2026\/01\/2026-01-22_parquinho005-576x1024.jpg\" target=\"_self\"    >2026-01-22_parquinho005<\/a>\n\n\n\t<img decoding=\"async\" class=\"ms-thumb\" src=\"http:\/\/www.apucarana.pr.gov.br\/site\/wp-content\/uploads\/2026\/01\/2026-01-22_parquinho005-576x1024-140x80.jpg\" alt=\"2026-01-22_parquinho005\" \/>\n\t\t\t\t<\/div>\n\t\t\t<div  class=\"ms-slide\" data-delay=\"3\"    >\n\t\t\t\t\t<img decoding=\"async\" src=\"http:\/\/www.apucarana.pr.gov.br\/site\/wp-content\/plugins\/masterslider\/public\/assets\/css\/blank.gif\" alt=\"2026-01-22_parquinho004\" title=\"2026-01-22_parquinho004\" data-src=\"http:\/\/www.apucarana.pr.gov.br\/site\/wp-content\/uploads\/2026\/01\/2026-01-22_parquinho004-1024x576.jpg\" \/>\n\t<a href=\"http:\/\/www.apucarana.pr.gov.br\/site\/wp-content\/uploads\/2026\/01\/2026-01-22_parquinho004-1024x576.jpg\" target=\"_self\"    >2026-01-22_parquinho004<\/a>\n\n\n\t<img decoding=\"async\" class=\"ms-thumb\" src=\"http:\/\/www.apucarana.pr.gov.br\/site\/wp-content\/uploads\/2026\/01\/2026-01-22_parquinho004-1024x576-140x80.jpg\" alt=\"2026-01-22_parquinho004\" \/>\n\t\t\t\t<\/div>\n\t\t\t<div  class=\"ms-slide\" data-delay=\"3\"    >\n\t\t\t\t\t<img decoding=\"async\" src=\"http:\/\/www.apucarana.pr.gov.br\/site\/wp-content\/plugins\/masterslider\/public\/assets\/css\/blank.gif\" alt=\"2026-01-22_parquinho003\" title=\"2026-01-22_parquinho003\" data-src=\"http:\/\/www.apucarana.pr.gov.br\/site\/wp-content\/uploads\/2026\/01\/2026-01-22_parquinho003-1024x576.jpg\" \/>\n\t<a href=\"http:\/\/www.apucarana.pr.gov.br\/site\/wp-content\/uploads\/2026\/01\/2026-01-22_parquinho003-1024x576.jpg\" target=\"_self\"    >2026-01-22_parquinho003<\/a>\n\n\n\t<img decoding=\"async\" class=\"ms-thumb\" src=\"http:\/\/www.apucarana.pr.gov.br\/site\/wp-content\/uploads\/2026\/01\/2026-01-22_parquinho003-1024x576-140x80.jpg\" alt=\"2026-01-22_parquinho003\" \/>\n\t\t\t\t<\/div>\n\t\t\t<div  class=\"ms-slide\" data-delay=\"3\"    >\n\t\t\t\t\t<img decoding=\"async\" src=\"http:\/\/www.apucarana.pr.gov.br\/site\/wp-content\/plugins\/masterslider\/public\/assets\/css\/blank.gif\" alt=\"2026-01-22_parquinho002\" title=\"2026-01-22_parquinho002\" data-src=\"http:\/\/www.apucarana.pr.gov.br\/site\/wp-content\/uploads\/2026\/01\/2026-01-22_parquinho002-1024x576.jpg\" \/>\n\t<a href=\"http:\/\/www.apucarana.pr.gov.br\/site\/wp-content\/uploads\/2026\/01\/2026-01-22_parquinho002-1024x576.jpg\" target=\"_self\"    >2026-01-22_parquinho002<\/a>\n\n\n\t<img decoding=\"async\" class=\"ms-thumb\" src=\"http:\/\/www.apucarana.pr.gov.br\/site\/wp-content\/uploads\/2026\/01\/2026-01-22_parquinho002-1024x576-140x80.jpg\" alt=\"2026-01-22_parquinho002\" \/>\n\t\t\t\t<\/div>\n\n\t\t\t<\/div>\n\t\t\t<!-- END MasterSlider Main -->\n\n\t\t\t \n\t\t<\/div>\n\t\t<!-- END MasterSlider -->\n\n\t\t<script>\n\t\t( window.MSReady = window.MSReady || [] ).push( function( $ ) {\n\n\t\t\t\"use strict\";\n\t\t\tvar masterslider_8ec4 = new MasterSlider();\n\n\t\t\t\/\/ slider controls\n\t\t\tmasterslider_8ec4.control('arrows'     ,{ autohide:true, overVideo:true  });\n\t\t\tmasterslider_8ec4.control('thumblist'  ,{ autohide:false, overVideo:true, dir:'h', speed:17, inset:false, arrows:false, hover:false, customClass:'', align:'bottom',type:'thumbs', margin:2, width:140, height:80, space:2, fillMode:'fill'  });\n\t\t\t\/\/ slider setup\n\t\t\tmasterslider_8ec4.setup(\"MS69ef89ff28ec4\", {\n\t\t\t\twidth           : 960,\n\t\t\t\theight          : 540,\n\t\t\t\tminHeight       : 0,\n\t\t\t\tspace           : 0,\n\t\t\t\tstart           : 1,\n\t\t\t\tgrabCursor      : true,\n\t\t\t\tswipe           : true,\n\t\t\t\tmouse           : true,\n\t\t\t\tkeyboard        : false,\n\t\t\t\tlayout          : \"fillwidth\",\n\t\t\t\twheel           : false,\n\t\t\t\tautoplay        : true,\n                instantStartLayers:false,\n\t\t\t\tmobileBGVideo:false,\n\t\t\t\tloop            : true,\n\t\t\t\tshuffle         : false,\n\t\t\t\tpreload         : 3,\n\t\t\t\theightLimit     : false,\n\t\t\t\tautoHeight      : false,\n\t\t\t\tsmoothHeight    : true,\n\t\t\t\tendPause        : false,\n\t\t\t\toverPause       : false,\n\t\t\t\tfillMode        : \"fill\",\n\t\t\t\tcenterControls  : true,\n\t\t\t\tstartOnAppear   : false,\n\t\t\t\tlayersMode      : \"center\",\n\t\t\t\tautofillTarget  : \"\",\n\t\t\t\thideLayers      : false,\n\t\t\t\tfullscreenMargin: 0,\n\t\t\t\tspeed           : 17,\n\t\t\t\tdir             : \"h\",\n\t\t\t\tresponsive      : true,\n\t\t\t\ttabletWidth     : 768,\n\t\t\t\ttabletHeight    : null,\n\t\t\t\tphoneWidth      : 480,\n\t\t\t\tphoneHeight    : null,\n\t\t\t\tsizingReference : window,\n\t\t\t\tparallaxMode    : 'swipe',\n\t\t\t\tview            : \"basic\"\n\t\t\t});\n\n\t\t\t\n\t\t\twindow.masterslider_instances = window.masterslider_instances || [];\n\t\t\twindow.masterslider_instances.push( masterslider_8ec4 );\n\t\t});\n\t\t<\/script>\n\n\n<p>A Prefeitura de Apucarana inaugura nesta sexta-feira (23\/01), a partir das 18 horas, o 1\u00ba Parque Tem\u00e1tico do munic\u00edpio, um novo espa\u00e7o p\u00fablico voltado ao lazer, \u00e0 divers\u00e3o e \u00e0 conviv\u00eancia familiar. A entrega amplia a estrutura do Parque Jaboti, consolidado como o principal cart\u00e3o-postal da cidade e refer\u00eancia como espa\u00e7o de encontro das fam\u00edlias apucaranenses.<\/p>\n<p>O novo parque, instalado ao lado da Academia ao Ar Livre (AAL) e do playground j\u00e1 existente, conta com um grande barco tem\u00e1tico, escorregador e diversas atra\u00e7\u00f5es internas, al\u00e9m de equipamentos como tirolesa, gira-gira duplo estilo chap\u00e9u mexicano, trepa de corda para escalada, cama el\u00e1stica e balan\u00e7os, oferecendo op\u00e7\u00f5es variadas de recrea\u00e7\u00e3o para crian\u00e7as e adolescentes, com acesso e uso totalmente gratuitos.<\/p>\n<p>A programa\u00e7\u00e3o de inaugura\u00e7\u00e3o come\u00e7a a partir das 18 horas e foi planejada para receber toda a fam\u00edlia. Ser\u00e3o distribu\u00eddos 500 picol\u00e9s gratuitos, al\u00e9m de pipoca e algod\u00e3o doce at\u00e9 as 21 horas, criando um ambiente de acolhimento e celebra\u00e7\u00e3o para o p\u00fablico.<\/p>\n<p>O prefeito Rodolfo Mota refor\u00e7a o convite \u00e0 popula\u00e7\u00e3o. \u201cEste \u00e9 um espa\u00e7o pensado com carinho para as fam\u00edlias de Apucarana. Convidamos pais, m\u00e3es, crian\u00e7as e toda a comunidade para virem conhecer o parque, aproveitar a estrutura e celebrar juntos mais essa conquista. O Parque Jaboti \u00e9 de todos e esse novo espa\u00e7o amplia as possibilidades de conviv\u00eancia e lazer\u201d, destacou.<\/p>\n<p>A inaugura\u00e7\u00e3o do 1\u00ba Parque Tem\u00e1tico integra as a\u00e7\u00f5es da Prefeitura de Apucarana voltadas \u00e0 valoriza\u00e7\u00e3o dos espa\u00e7os p\u00fablicos e ao fortalecimento do lazer como pol\u00edtica de qualidade de vida. A popula\u00e7\u00e3o est\u00e1 convidada a participar do evento e viver esse momento especial no Parque Jaboti.<\/p>\n","protected":false},"excerpt":{"rendered":"<p>A Prefeitura de Apucarana inaugura nesta sexta-feira (23\/01), a partir das 18 horas, o 1&ordm; Parque Tem&aacute;tico do munic&iacute;pio, um novo espa&ccedil;o p&uacute;blico voltado ao lazer, &agrave; divers&atilde;o e &agrave; conviv&ecirc;ncia familiar. A entrega amplia a estrutura do Parque Jaboti, consolidado como o principal cart&atilde;o-postal da cidade e refer&ecirc;ncia como espa&ccedil;o de encontro das fam&iacute;lias [&hellip;]<\/p>\n","protected":false},"author":7,"featured_media":122672,"comment_status":"closed","ping_status":"closed","sticky":false,"template":"","format":"standard","meta":{"footnotes":""},"categories":[24],"tags":[],"class_list":["post-122670","post","type-post","status-publish","format-standard","has-post-thumbnail","hentry","category-noticias"],"acf":[],"_links":{"self":[{"href":"http:\/\/www.apucarana.pr.gov.br\/site\/wp-json\/wp\/v2\/posts\/122670","targetHints":{"allow":["GET"]}}],"collection":[{"href":"http:\/\/www.apucarana.pr.gov.br\/site\/wp-json\/wp\/v2\/posts"}],"about":[{"href":"http:\/\/www.apucarana.pr.gov.br\/site\/wp-json\/wp\/v2\/types\/post"}],"author":[{"embeddable":true,"href":"http:\/\/www.apucarana.pr.gov.br\/site\/wp-json\/wp\/v2\/users\/7"}],"replies":[{"embeddable":true,"href":"http:\/\/www.apucarana.pr.gov.br\/site\/wp-json\/wp\/v2\/comments?post=122670"}],"version-history":[{"count":1,"href":"http:\/\/www.apucarana.pr.gov.br\/site\/wp-json\/wp\/v2\/posts\/122670\/revisions"}],"predecessor-version":[{"id":122675,"href":"http:\/\/www.apucarana.pr.gov.br\/site\/wp-json\/wp\/v2\/posts\/122670\/revisions\/122675"}],"wp:featuredmedia":[{"embeddable":true,"href":"http:\/\/www.apucarana.pr.gov.br\/site\/wp-json\/wp\/v2\/media\/122672"}],"wp:attachment":[{"href":"http:\/\/www.apucarana.pr.gov.br\/site\/wp-json\/wp\/v2\/media?parent=122670"}],"wp:term":[{"taxonomy":"category","embeddable":true,"href":"http:\/\/www.apucarana.pr.gov.br\/site\/wp-json\/wp\/v2\/categories?post=122670"},{"taxonomy":"post_tag","embeddable":true,"href":"http:\/\/www.apucarana.pr.gov.br\/site\/wp-json\/wp\/v2\/tags?post=122670"}],"curies":[{"name":"wp","href":"https:\/\/api.w.org\/{rel}","templated":true}]}}