{"id":122667,"date":"2026-01-22T17:21:19","date_gmt":"2026-01-22T20:21:19","guid":{"rendered":"https:\/\/www.apucarana.pr.gov.br\/site\/?p=122667"},"modified":"2026-01-22T17:21:19","modified_gmt":"2026-01-22T20:21:19","slug":"prefeitura-de-apucarana-abre-inscricoes-para-cinco-cursos-gratuitos-de-qualificacao-profissional","status":"publish","type":"post","link":"http:\/\/www.apucarana.pr.gov.br\/site\/prefeitura-de-apucarana-abre-inscricoes-para-cinco-cursos-gratuitos-de-qualificacao-profissional\/","title":{"rendered":"Prefeitura de Apucarana abre inscri\u00e7\u00f5es para cinco cursos gratuitos de qualifica\u00e7\u00e3o profissional"},"content":{"rendered":"\n\t\t<!-- MasterSlider -->\n\t\t<div id=\"P_MS69ef9d266c428\" class=\"master-slider-parent master-slider-gallery   ms-parent-id-0\" style=\"\" >\n\n\t\t\t\n\t\t\t<!-- MasterSlider Main -->\n\t\t\t<div id=\"MS69ef9d266c428\" class=\"master-slider ms-skin-default\" >\n\t\t\t\t \t\t\t\t \n\t\t\t<div  class=\"ms-slide\" data-delay=\"3\"    >\n\t\t\t\t\t<img decoding=\"async\" src=\"http:\/\/www.apucarana.pr.gov.br\/site\/wp-content\/plugins\/masterslider\/public\/assets\/css\/blank.gif\" alt=\"Agencia_do_trabalhador004\" title=\"Agencia_do_trabalhador004\" data-src=\"http:\/\/www.apucarana.pr.gov.br\/site\/wp-content\/uploads\/2026\/01\/Agencia_do_trabalhador004-1024x683.jpg\" \/>\n\t<a href=\"http:\/\/www.apucarana.pr.gov.br\/site\/wp-content\/uploads\/2026\/01\/Agencia_do_trabalhador004-1024x683.jpg\" target=\"_self\"    >Agencia_do_trabalhador004<\/a>\n\n\n\t<img decoding=\"async\" class=\"ms-thumb\" src=\"http:\/\/www.apucarana.pr.gov.br\/site\/wp-content\/uploads\/2026\/01\/Agencia_do_trabalhador004-1024x683-140x80.jpg\" alt=\"Agencia_do_trabalhador004\" \/>\n\t\t\t\t<\/div>\n\n\t\t\t<\/div>\n\t\t\t<!-- END MasterSlider Main -->\n\n\t\t\t \n\t\t<\/div>\n\t\t<!-- END MasterSlider -->\n\n\t\t<script>\n\t\t( window.MSReady = window.MSReady || [] ).push( function( $ ) {\n\n\t\t\t\"use strict\";\n\t\t\tvar masterslider_c428 = new MasterSlider();\n\n\t\t\t\/\/ slider controls\n\t\t\tmasterslider_c428.control('arrows'     ,{ autohide:true, overVideo:true  });\n\t\t\tmasterslider_c428.control('thumblist'  ,{ autohide:false, overVideo:true, dir:'h', speed:17, inset:false, arrows:false, hover:false, customClass:'', align:'bottom',type:'thumbs', margin:2, width:140, height:80, space:2, fillMode:'fill'  });\n\t\t\t\/\/ slider setup\n\t\t\tmasterslider_c428.setup(\"MS69ef9d266c428\", {\n\t\t\t\twidth           : 960,\n\t\t\t\theight          : 540,\n\t\t\t\tminHeight       : 0,\n\t\t\t\tspace           : 0,\n\t\t\t\tstart           : 1,\n\t\t\t\tgrabCursor      : true,\n\t\t\t\tswipe           : true,\n\t\t\t\tmouse           : true,\n\t\t\t\tkeyboard        : false,\n\t\t\t\tlayout          : \"fillwidth\",\n\t\t\t\twheel           : false,\n\t\t\t\tautoplay        : true,\n                instantStartLayers:false,\n\t\t\t\tmobileBGVideo:false,\n\t\t\t\tloop            : true,\n\t\t\t\tshuffle         : false,\n\t\t\t\tpreload         : 3,\n\t\t\t\theightLimit     : false,\n\t\t\t\tautoHeight      : false,\n\t\t\t\tsmoothHeight    : true,\n\t\t\t\tendPause        : false,\n\t\t\t\toverPause       : false,\n\t\t\t\tfillMode        : \"fill\",\n\t\t\t\tcenterControls  : true,\n\t\t\t\tstartOnAppear   : false,\n\t\t\t\tlayersMode      : \"center\",\n\t\t\t\tautofillTarget  : \"\",\n\t\t\t\thideLayers      : false,\n\t\t\t\tfullscreenMargin: 0,\n\t\t\t\tspeed           : 17,\n\t\t\t\tdir             : \"h\",\n\t\t\t\tresponsive      : true,\n\t\t\t\ttabletWidth     : 768,\n\t\t\t\ttabletHeight    : null,\n\t\t\t\tphoneWidth      : 480,\n\t\t\t\tphoneHeight    : null,\n\t\t\t\tsizingReference : window,\n\t\t\t\tparallaxMode    : 'swipe',\n\t\t\t\tview            : \"basic\"\n\t\t\t});\n\n\t\t\t\n\t\t\twindow.masterslider_instances = window.masterslider_instances || [];\n\t\t\twindow.masterslider_instances.push( masterslider_c428 );\n\t\t});\n\t\t<\/script>\n\n\n<p>Visando ampliar a qualifica\u00e7\u00e3o profissional e fortalecer a empregabilidade no munic\u00edpio, a Prefeitura de Apucarana est\u00e1 com inscri\u00e7\u00f5es abertas para cinco cursos gratuitos do Programa Qualifica Mais. A iniciativa, desenvolvida pela Secretaria Municipal de Ind\u00fastria, Com\u00e9rcio e Servi\u00e7os, em parceria com o Servi\u00e7o Nacional de Aprendizagem Industrial (Senai), contempla cursos em \u00e1reas com alta demanda por m\u00e3o de obra e integra o planejamento estrat\u00e9gico do munic\u00edpio para ampliar oportunidades de emprego, renda e capacita\u00e7\u00e3o profissional da popula\u00e7\u00e3o.<\/p>\n<p>As oportunidades s\u00e3o para as forma\u00e7\u00f5es de pintor de obras imobili\u00e1rias e aplicador de revestimento cer\u00e2mico (ambos com in\u00edcio dia 26 de janeiro), manuten\u00e7\u00e3o de m\u00e1quinas de costura industrial (in\u00edcio em 2 de fevereiro), reparos dom\u00e9sticos (in\u00edcio em 23 de fevereiro) e pedreiro de alvenaria (in\u00edcio em 2 de mar\u00e7o). Com exce\u00e7\u00e3o do curso de reparos dom\u00e9sticos (60 horas), todos t\u00eam carga hor\u00e1ria de 120 horas. \u201cInvestir em qualifica\u00e7\u00e3o profissional \u00e9 investir no futuro da cidade. O Programa Qualifica Mais amplia oportunidades, fortalece a economia local e prepara nossa popula\u00e7\u00e3o para o mercado de trabalho. Ao longo do primeiro ano de mandato, investimos mais de R$ 1 milh\u00e3o em cursos gratuitos, por meio de parcerias com o Sistema S e o Governo do Estado, pol\u00edtica que seguiremos at\u00e9 o final\u201d, destaca o prefeito Rodolfo Mota.<\/p>\n<p>A gest\u00e3o e o gerenciamento dos cursos s\u00e3o realizados pela Superintend\u00eancia Municipal do Trabalho, que coordena a execu\u00e7\u00e3o das turmas e o acompanhamento das forma\u00e7\u00f5es. \u201cO Qualifica Mais \u00e9 uma ferramenta importante para o desenvolvimento econ\u00f4mico e social de Apucarana e a parceria com o Sistema S garante cursos alinhados \u00e0s necessidades do setor produtivo.\u201d, afirma Emerson Toledo Pires, secret\u00e1rio municipal de Ind\u00fastria, Com\u00e9rcio e Servi\u00e7os.<\/p>\n<p>As inscri\u00e7\u00f5es devem ser realizadas pela internet no endere\u00e7o <a href=\"https:\/\/portalcursos.sgcpgestao.com.br\/parceiro\/prefeitura-de-apucarana\">https:\/\/portalcursos.sgcpgestao.com.br\/parceiro\/prefeitura-de-apucarana<\/a>.\u00a0 \u201cNosso foco \u00e9 preparar os trabalhadores para novas oportunidades de emprego e renda. Em 2025 avan\u00e7amos muito e seguiremos, com total apoio do prefeito, propiciando acesso gratuito e forma\u00e7\u00e3o de qualidade aos apucaranenses\u201d, ressalta Neno Leiroz, superintendente municipal do Trabalho e gerente da Ag\u00eancia do Trabalhador. Mais informa\u00e7\u00f5es sobre os cursos podem ser o obtidas ainda pelo telefone (41) 98857-9591.<\/p>\n","protected":false},"excerpt":{"rendered":"<p>Visando ampliar a qualifica&ccedil;&atilde;o profissional e fortalecer a empregabilidade no munic&iacute;pio, a Prefeitura de Apucarana est&aacute; com inscri&ccedil;&otilde;es abertas para cinco cursos gratuitos do Programa Qualifica Mais. A iniciativa, desenvolvida pela Secretaria Municipal de Ind&uacute;stria, Com&eacute;rcio e Servi&ccedil;os, em parceria com o Servi&ccedil;o Nacional de Aprendizagem Industrial (Senai), contempla cursos em &aacute;reas com alta demanda [&hellip;]<\/p>\n","protected":false},"author":7,"featured_media":122668,"comment_status":"closed","ping_status":"closed","sticky":false,"template":"","format":"standard","meta":{"footnotes":""},"categories":[24],"tags":[],"class_list":["post-122667","post","type-post","status-publish","format-standard","has-post-thumbnail","hentry","category-noticias"],"acf":[],"_links":{"self":[{"href":"http:\/\/www.apucarana.pr.gov.br\/site\/wp-json\/wp\/v2\/posts\/122667","targetHints":{"allow":["GET"]}}],"collection":[{"href":"http:\/\/www.apucarana.pr.gov.br\/site\/wp-json\/wp\/v2\/posts"}],"about":[{"href":"http:\/\/www.apucarana.pr.gov.br\/site\/wp-json\/wp\/v2\/types\/post"}],"author":[{"embeddable":true,"href":"http:\/\/www.apucarana.pr.gov.br\/site\/wp-json\/wp\/v2\/users\/7"}],"replies":[{"embeddable":true,"href":"http:\/\/www.apucarana.pr.gov.br\/site\/wp-json\/wp\/v2\/comments?post=122667"}],"version-history":[{"count":1,"href":"http:\/\/www.apucarana.pr.gov.br\/site\/wp-json\/wp\/v2\/posts\/122667\/revisions"}],"predecessor-version":[{"id":122669,"href":"http:\/\/www.apucarana.pr.gov.br\/site\/wp-json\/wp\/v2\/posts\/122667\/revisions\/122669"}],"wp:featuredmedia":[{"embeddable":true,"href":"http:\/\/www.apucarana.pr.gov.br\/site\/wp-json\/wp\/v2\/media\/122668"}],"wp:attachment":[{"href":"http:\/\/www.apucarana.pr.gov.br\/site\/wp-json\/wp\/v2\/media?parent=122667"}],"wp:term":[{"taxonomy":"category","embeddable":true,"href":"http:\/\/www.apucarana.pr.gov.br\/site\/wp-json\/wp\/v2\/categories?post=122667"},{"taxonomy":"post_tag","embeddable":true,"href":"http:\/\/www.apucarana.pr.gov.br\/site\/wp-json\/wp\/v2\/tags?post=122667"}],"curies":[{"name":"wp","href":"https:\/\/api.w.org\/{rel}","templated":true}]}}