{"id":122663,"date":"2026-01-22T15:28:34","date_gmt":"2026-01-22T18:28:34","guid":{"rendered":"https:\/\/www.apucarana.pr.gov.br\/site\/?p=122663"},"modified":"2026-01-22T16:20:29","modified_gmt":"2026-01-22T19:20:29","slug":"conselho-tutelar-vai-atuar-de-forma-preventiva-na-protecao-de-criancas-e-adolescentes-nos-festejos-dos-82-anos-de-apucarana","status":"publish","type":"post","link":"http:\/\/www.apucarana.pr.gov.br\/site\/conselho-tutelar-vai-atuar-de-forma-preventiva-na-protecao-de-criancas-e-adolescentes-nos-festejos-dos-82-anos-de-apucarana\/","title":{"rendered":"Conselho Tutelar vai atuar de forma preventiva na prote\u00e7\u00e3o de crian\u00e7as e adolescentes nos festejos dos 82 anos de Apucarana"},"content":{"rendered":"\n\t\t<!-- MasterSlider -->\n\t\t<div id=\"P_MS69efaf710624e\" class=\"master-slider-parent master-slider-gallery   ms-parent-id-0\" style=\"\" >\n\n\t\t\t\n\t\t\t<!-- MasterSlider Main -->\n\t\t\t<div id=\"MS69efaf710624e\" class=\"master-slider ms-skin-default\" >\n\t\t\t\t \t\t\t\t \n\t\t\t<div  class=\"ms-slide\" data-delay=\"3\"    >\n\t\t\t\t\t<img decoding=\"async\" src=\"http:\/\/www.apucarana.pr.gov.br\/site\/wp-content\/plugins\/masterslider\/public\/assets\/css\/blank.gif\" alt=\"SHOW_COLODEDEUS-12-\" title=\"SHOW_COLODEDEUS-12-\" data-src=\"http:\/\/www.apucarana.pr.gov.br\/site\/wp-content\/uploads\/2026\/01\/SHOW_COLODEDEUS-12--1024x683.jpg\" \/>\n\t<a href=\"http:\/\/www.apucarana.pr.gov.br\/site\/wp-content\/uploads\/2026\/01\/SHOW_COLODEDEUS-12--1024x683.jpg\" target=\"_self\"    >SHOW_COLODEDEUS-12-<\/a>\n\n\n\t<img decoding=\"async\" class=\"ms-thumb\" src=\"http:\/\/www.apucarana.pr.gov.br\/site\/wp-content\/uploads\/2026\/01\/SHOW_COLODEDEUS-12--1024x683-140x80.jpg\" alt=\"SHOW_COLODEDEUS-12-\" \/>\n\t\t\t\t<\/div>\n\n\t\t\t<\/div>\n\t\t\t<!-- END MasterSlider Main -->\n\n\t\t\t \n\t\t<\/div>\n\t\t<!-- END MasterSlider -->\n\n\t\t<script>\n\t\t( window.MSReady = window.MSReady || [] ).push( function( $ ) {\n\n\t\t\t\"use strict\";\n\t\t\tvar masterslider_624e = new MasterSlider();\n\n\t\t\t\/\/ slider controls\n\t\t\tmasterslider_624e.control('arrows'     ,{ autohide:true, overVideo:true  });\n\t\t\tmasterslider_624e.control('thumblist'  ,{ autohide:false, overVideo:true, dir:'h', speed:17, inset:false, arrows:false, hover:false, customClass:'', align:'bottom',type:'thumbs', margin:2, width:140, height:80, space:2, fillMode:'fill'  });\n\t\t\t\/\/ slider setup\n\t\t\tmasterslider_624e.setup(\"MS69efaf710624e\", {\n\t\t\t\twidth           : 960,\n\t\t\t\theight          : 540,\n\t\t\t\tminHeight       : 0,\n\t\t\t\tspace           : 0,\n\t\t\t\tstart           : 1,\n\t\t\t\tgrabCursor      : true,\n\t\t\t\tswipe           : true,\n\t\t\t\tmouse           : true,\n\t\t\t\tkeyboard        : false,\n\t\t\t\tlayout          : \"fillwidth\",\n\t\t\t\twheel           : false,\n\t\t\t\tautoplay        : true,\n                instantStartLayers:false,\n\t\t\t\tmobileBGVideo:false,\n\t\t\t\tloop            : true,\n\t\t\t\tshuffle         : false,\n\t\t\t\tpreload         : 3,\n\t\t\t\theightLimit     : false,\n\t\t\t\tautoHeight      : false,\n\t\t\t\tsmoothHeight    : true,\n\t\t\t\tendPause        : false,\n\t\t\t\toverPause       : false,\n\t\t\t\tfillMode        : \"fill\",\n\t\t\t\tcenterControls  : true,\n\t\t\t\tstartOnAppear   : false,\n\t\t\t\tlayersMode      : \"center\",\n\t\t\t\tautofillTarget  : \"\",\n\t\t\t\thideLayers      : false,\n\t\t\t\tfullscreenMargin: 0,\n\t\t\t\tspeed           : 17,\n\t\t\t\tdir             : \"h\",\n\t\t\t\tresponsive      : true,\n\t\t\t\ttabletWidth     : 768,\n\t\t\t\ttabletHeight    : null,\n\t\t\t\tphoneWidth      : 480,\n\t\t\t\tphoneHeight    : null,\n\t\t\t\tsizingReference : window,\n\t\t\t\tparallaxMode    : 'swipe',\n\t\t\t\tview            : \"basic\"\n\t\t\t});\n\n\t\t\t\n\t\t\twindow.masterslider_instances = window.masterslider_instances || [];\n\t\t\twindow.masterslider_instances.push( masterslider_624e );\n\t\t});\n\t\t<\/script>\n\n\n<p>As fam\u00edlias que prestigiarem os shows e demais atra\u00e7\u00f5es do anivers\u00e1rio de 82 anos de Apucarana contar\u00e3o com um forte esquema de seguran\u00e7a, que envolve atua\u00e7\u00e3o integrada pelas pol\u00edcias Militar e Civil, Guarda Civil Municipal, uso de tecnologia que permite o reconhecimento facial e, de forma in\u00e9dita, a presen\u00e7a preventiva do Conselho Tutelar durante toda a programa\u00e7\u00e3o na Pra\u00e7a Rui Barbosa. As a\u00e7\u00f5es acontecem entre os dias 27 e 31 de janeiro e t\u00eam como foco garantir tranquilidade \u00e0 popula\u00e7\u00e3o no evento que deve reunir grande p\u00fablico.<\/p>\n<p>Dentro desse conjunto de medidas, o Conselho Tutelar ter\u00e1 espa\u00e7o pr\u00f3prio para a identifica\u00e7\u00e3o preventiva de crian\u00e7as por meio de pulseiras, facilitando a localiza\u00e7\u00e3o em casos de eventual desencontro. A iniciativa amplia a seguran\u00e7a para pais e respons\u00e1veis e refor\u00e7a o car\u00e1ter preventivo do trabalho desenvolvido durante os festejos.<\/p>\n<p>O prefeito Rodolfo Mota destacou que a atua\u00e7\u00e3o do Conselho Tutelar complementa o trabalho das for\u00e7as de seguran\u00e7a j\u00e1 mobilizadas para o evento. \u201cEstamos falando de um esquema robusto, com refor\u00e7o policial, tecnologia e a\u00e7\u00f5es preventivas. A presen\u00e7a do Conselho Tutelar \u00e9 uma inova\u00e7\u00e3o importante, que refor\u00e7a o cuidado com nossas crian\u00e7as e adolescentes. A identifica\u00e7\u00e3o por pulseiras \u00e9 uma medida simples, mas extremamente eficaz, que traz mais tranquilidade \u00e0s fam\u00edlias. Nosso compromisso \u00e9 garantir comemora\u00e7\u00f5es marcadas pela alegria, mas tamb\u00e9m pelo respeito, prote\u00e7\u00e3o e zelo com quem mais precisa. Cuidar das pessoas, especialmente das crian\u00e7as, \u00e9 prioridade absoluta desta gest\u00e3o\u201d, afirmou o prefeito. A prefeitura orienta que as fam\u00edlias devem procurar a barraca do Conselho Tutelar assim que chegaram ao evento.<\/p>\n<p>A secret\u00e1ria municipal da Assist\u00eancia Social, advogada Fabiola Carreiro, tamb\u00e9m enalteceu a iniciativa do Conselho Tutelar de Apucarana, pontuando ser uma a\u00e7\u00e3o que atende \u00e0 prote\u00e7\u00e3o e seguran\u00e7a de crian\u00e7as e adolescentes conforme previsto no Estatuto da Crian\u00e7a e do Adolescente (ECA). &#8220;Durante os festejos os conselheiros tamb\u00e9m v\u00e3o orientar e refor\u00e7ar aos comerciantes e ambulantes que \u00e9 terminantemente proibida \u00e0 venda de bebidas alco\u00f3licas para menores de 18 anos&#8221;, informa a secret\u00e1ria.<\/p>\n<p><strong>Agenda<\/strong> \u2013 A programa\u00e7\u00e3o festiva dos 82 anos de Apucarana na Pra\u00e7a Rui Barbosa, em parceria com a Itaipu Binacional, ter\u00e1 as seguintes atra\u00e7\u00f5es: dia 27 (ter\u00e7a-feira), \u00e0s 21 horas, show com Ton Carfi e, \u00e0s 23 horas, Ramon &amp; Rafael; dia 28 (quarta-feira), \u00e0s 22 horas, Maiara &amp; Mara\u00edsa; dia 29 (quinta-feira), \u00e0s 22 horas, Os Paralamas do Sucesso; dia 30 (sexta-feira), \u00e0s 22 horas, Mumuzinho; e dia 31 (s\u00e1bado), \u00e0s 22 horas, Edson &amp; Hudson. Tamb\u00e9m no dia 31 acontecem a Prova Pedestre Vinteoitinha, com largadas a partir das 9 horas, e a 63\u00aa Prova Pedestre 28 de Janeiro, com largada \u00e0s 19 horas para os 5 km e \u00e0s 20h15 para os 10 km.<\/p>\n","protected":false},"excerpt":{"rendered":"<p>As fam&iacute;lias que prestigiarem os shows e demais atra&ccedil;&otilde;es do anivers&aacute;rio de 82 anos de Apucarana contar&atilde;o com um forte esquema de seguran&ccedil;a, que envolve atua&ccedil;&atilde;o integrada pelas pol&iacute;cias Militar e Civil, Guarda Civil Municipal, uso de tecnologia que permite o reconhecimento facial e, de forma in&eacute;dita, a presen&ccedil;a preventiva do Conselho Tutelar durante toda [&hellip;]<\/p>\n","protected":false},"author":7,"featured_media":122664,"comment_status":"closed","ping_status":"closed","sticky":false,"template":"","format":"standard","meta":{"footnotes":""},"categories":[24],"tags":[],"class_list":["post-122663","post","type-post","status-publish","format-standard","has-post-thumbnail","hentry","category-noticias"],"acf":[],"_links":{"self":[{"href":"http:\/\/www.apucarana.pr.gov.br\/site\/wp-json\/wp\/v2\/posts\/122663","targetHints":{"allow":["GET"]}}],"collection":[{"href":"http:\/\/www.apucarana.pr.gov.br\/site\/wp-json\/wp\/v2\/posts"}],"about":[{"href":"http:\/\/www.apucarana.pr.gov.br\/site\/wp-json\/wp\/v2\/types\/post"}],"author":[{"embeddable":true,"href":"http:\/\/www.apucarana.pr.gov.br\/site\/wp-json\/wp\/v2\/users\/7"}],"replies":[{"embeddable":true,"href":"http:\/\/www.apucarana.pr.gov.br\/site\/wp-json\/wp\/v2\/comments?post=122663"}],"version-history":[{"count":2,"href":"http:\/\/www.apucarana.pr.gov.br\/site\/wp-json\/wp\/v2\/posts\/122663\/revisions"}],"predecessor-version":[{"id":122666,"href":"http:\/\/www.apucarana.pr.gov.br\/site\/wp-json\/wp\/v2\/posts\/122663\/revisions\/122666"}],"wp:featuredmedia":[{"embeddable":true,"href":"http:\/\/www.apucarana.pr.gov.br\/site\/wp-json\/wp\/v2\/media\/122664"}],"wp:attachment":[{"href":"http:\/\/www.apucarana.pr.gov.br\/site\/wp-json\/wp\/v2\/media?parent=122663"}],"wp:term":[{"taxonomy":"category","embeddable":true,"href":"http:\/\/www.apucarana.pr.gov.br\/site\/wp-json\/wp\/v2\/categories?post=122663"},{"taxonomy":"post_tag","embeddable":true,"href":"http:\/\/www.apucarana.pr.gov.br\/site\/wp-json\/wp\/v2\/tags?post=122663"}],"curies":[{"name":"wp","href":"https:\/\/api.w.org\/{rel}","templated":true}]}}