{"id":122616,"date":"2026-01-22T09:55:25","date_gmt":"2026-01-22T12:55:25","guid":{"rendered":"https:\/\/www.apucarana.pr.gov.br\/site\/?p=122616"},"modified":"2026-01-22T12:14:21","modified_gmt":"2026-01-22T15:14:21","slug":"para-avancar-na-nova-etapa-da-obra-prefeitura-interdita-temporariamente-o-transito-na-rua-rio-dos-patos","status":"publish","type":"post","link":"http:\/\/www.apucarana.pr.gov.br\/site\/para-avancar-na-nova-etapa-da-obra-prefeitura-interdita-temporariamente-o-transito-na-rua-rio-dos-patos\/","title":{"rendered":"Para avan\u00e7ar na nova etapa da obra, Prefeitura interdita temporariamente o tr\u00e2nsito na Rua Rio dos Patos"},"content":{"rendered":"\n\t\t<!-- MasterSlider -->\n\t\t<div id=\"P_MS69efd43de5f75\" class=\"master-slider-parent master-slider-gallery   ms-parent-id-0\" style=\"\" >\n\n\t\t\t\n\t\t\t<!-- MasterSlider Main -->\n\t\t\t<div id=\"MS69efd43de5f75\" class=\"master-slider ms-skin-default\" >\n\t\t\t\t \t\t\t\t \n\t\t\t<div  class=\"ms-slide\" data-delay=\"3\"    >\n\t\t\t\t\t<img decoding=\"async\" src=\"http:\/\/www.apucarana.pr.gov.br\/site\/wp-content\/plugins\/masterslider\/public\/assets\/css\/blank.gif\" alt=\"DCIM101MEDIADJI_0191.JPG\" title=\"DCIM101MEDIADJI_0191.JPG\" data-src=\"http:\/\/www.apucarana.pr.gov.br\/site\/wp-content\/uploads\/2026\/01\/2026-01-22_-Rua-rio-dos-patos_Obras-3-1024x576.jpg\" \/>\n\t<a href=\"http:\/\/www.apucarana.pr.gov.br\/site\/para-avancar-na-nova-etapa-da-obra-prefeitura-interdita-temporariamente-o-transito-na-rua-rio-dos-patos\/dcim101mediadji_0191-jpg\/\" target=\"_self\"    >DCIM101MEDIADJI_0191.JPG<\/a>\n\n\n\t<img decoding=\"async\" class=\"ms-thumb\" src=\"http:\/\/www.apucarana.pr.gov.br\/site\/wp-content\/uploads\/2026\/01\/2026-01-22_-Rua-rio-dos-patos_Obras-3-1024x576-140x80.jpg\" alt=\"DCIM101MEDIADJI_0191.JPG\" \/>\n\t\t\t\t<\/div>\n\t\t\t<div  class=\"ms-slide\" data-delay=\"3\"    >\n\t\t\t\t\t<img decoding=\"async\" src=\"http:\/\/www.apucarana.pr.gov.br\/site\/wp-content\/plugins\/masterslider\/public\/assets\/css\/blank.gif\" alt=\"DCIM101MEDIADJI_0198.JPG\" title=\"DCIM101MEDIADJI_0198.JPG\" data-src=\"http:\/\/www.apucarana.pr.gov.br\/site\/wp-content\/uploads\/2026\/01\/2026-01-22_-Rua-rio-dos-patos_Obras-5-1024x576.jpg\" \/>\n\t<a href=\"http:\/\/www.apucarana.pr.gov.br\/site\/para-avancar-na-nova-etapa-da-obra-prefeitura-interdita-temporariamente-o-transito-na-rua-rio-dos-patos\/dcim101mediadji_0198-jpg\/\" target=\"_self\"    >DCIM101MEDIADJI_0198.JPG<\/a>\n\n\n\t<img decoding=\"async\" class=\"ms-thumb\" src=\"http:\/\/www.apucarana.pr.gov.br\/site\/wp-content\/uploads\/2026\/01\/2026-01-22_-Rua-rio-dos-patos_Obras-5-1024x576-140x80.jpg\" alt=\"DCIM101MEDIADJI_0198.JPG\" \/>\n\t\t\t\t<\/div>\n\t\t\t<div  class=\"ms-slide\" data-delay=\"3\"    >\n\t\t\t\t\t<img decoding=\"async\" src=\"http:\/\/www.apucarana.pr.gov.br\/site\/wp-content\/plugins\/masterslider\/public\/assets\/css\/blank.gif\" alt=\"DCIM101MEDIADJI_0200.JPG\" title=\"DCIM101MEDIADJI_0200.JPG\" data-src=\"http:\/\/www.apucarana.pr.gov.br\/site\/wp-content\/uploads\/2026\/01\/2026-01-22_-Rua-rio-dos-patos_Obras-7-1024x576.jpg\" \/>\n\t<a href=\"http:\/\/www.apucarana.pr.gov.br\/site\/para-avancar-na-nova-etapa-da-obra-prefeitura-interdita-temporariamente-o-transito-na-rua-rio-dos-patos\/dcim101mediadji_0200-jpg\/\" target=\"_self\"    >DCIM101MEDIADJI_0200.JPG<\/a>\n\n\n\t<img decoding=\"async\" class=\"ms-thumb\" src=\"http:\/\/www.apucarana.pr.gov.br\/site\/wp-content\/uploads\/2026\/01\/2026-01-22_-Rua-rio-dos-patos_Obras-7-1024x576-140x80.jpg\" alt=\"DCIM101MEDIADJI_0200.JPG\" \/>\n\t\t\t\t<\/div>\n\t\t\t<div  class=\"ms-slide\" data-delay=\"3\"    >\n\t\t\t\t\t<img decoding=\"async\" src=\"http:\/\/www.apucarana.pr.gov.br\/site\/wp-content\/plugins\/masterslider\/public\/assets\/css\/blank.gif\" alt=\"DCIM101MEDIADJI_0206.JPG\" title=\"DCIM101MEDIADJI_0206.JPG\" data-src=\"http:\/\/www.apucarana.pr.gov.br\/site\/wp-content\/uploads\/2026\/01\/2026-01-22_-Rua-rio-dos-patos_Obras-10-1024x576.jpg\" \/>\n\t<a href=\"http:\/\/www.apucarana.pr.gov.br\/site\/para-avancar-na-nova-etapa-da-obra-prefeitura-interdita-temporariamente-o-transito-na-rua-rio-dos-patos\/dcim101mediadji_0206-jpg\/\" target=\"_self\"    >DCIM101MEDIADJI_0206.JPG<\/a>\n\n\n\t<img decoding=\"async\" class=\"ms-thumb\" src=\"http:\/\/www.apucarana.pr.gov.br\/site\/wp-content\/uploads\/2026\/01\/2026-01-22_-Rua-rio-dos-patos_Obras-10-1024x576-140x80.jpg\" alt=\"DCIM101MEDIADJI_0206.JPG\" \/>\n\t\t\t\t<\/div>\n\t\t\t<div  class=\"ms-slide\" data-delay=\"3\"    >\n\t\t\t\t\t<img decoding=\"async\" src=\"http:\/\/www.apucarana.pr.gov.br\/site\/wp-content\/plugins\/masterslider\/public\/assets\/css\/blank.gif\" alt=\"DCIM101MEDIADJI_0214.JPG\" title=\"DCIM101MEDIADJI_0214.JPG\" data-src=\"http:\/\/www.apucarana.pr.gov.br\/site\/wp-content\/uploads\/2026\/01\/2026-01-22_-Rua-rio-dos-patos_Obras-14-1024x576.jpg\" \/>\n\t<a href=\"http:\/\/www.apucarana.pr.gov.br\/site\/para-avancar-na-nova-etapa-da-obra-prefeitura-interdita-temporariamente-o-transito-na-rua-rio-dos-patos\/dcim101mediadji_0214-jpg\/\" target=\"_self\"    >DCIM101MEDIADJI_0214.JPG<\/a>\n\n\n\t<img decoding=\"async\" class=\"ms-thumb\" src=\"http:\/\/www.apucarana.pr.gov.br\/site\/wp-content\/uploads\/2026\/01\/2026-01-22_-Rua-rio-dos-patos_Obras-14-1024x576-140x80.jpg\" alt=\"DCIM101MEDIADJI_0214.JPG\" \/>\n\t\t\t\t<\/div>\n\t\t\t<div  class=\"ms-slide\" data-delay=\"3\"    >\n\t\t\t\t\t<img decoding=\"async\" src=\"http:\/\/www.apucarana.pr.gov.br\/site\/wp-content\/plugins\/masterslider\/public\/assets\/css\/blank.gif\" alt=\"Rua-rio-dos-patos_Obras (2)\" title=\"Rua-rio-dos-patos_Obras (2)\" data-src=\"http:\/\/www.apucarana.pr.gov.br\/site\/wp-content\/uploads\/2026\/01\/Rua-rio-dos-patos_Obras-2-1024x683.jpg\" \/>\n\t<a href=\"http:\/\/www.apucarana.pr.gov.br\/site\/para-avancar-na-nova-etapa-da-obra-prefeitura-interdita-temporariamente-o-transito-na-rua-rio-dos-patos\/rua-rio-dos-patos_obras-2\/\" target=\"_self\"    >Rua-rio-dos-patos_Obras (2)<\/a>\n\n\n\t<img decoding=\"async\" class=\"ms-thumb\" src=\"http:\/\/www.apucarana.pr.gov.br\/site\/wp-content\/uploads\/2026\/01\/Rua-rio-dos-patos_Obras-2-1024x683-140x80.jpg\" alt=\"Rua-rio-dos-patos_Obras (2)\" \/>\n\t\t\t\t<\/div>\n\t\t\t<div  class=\"ms-slide\" data-delay=\"3\"    >\n\t\t\t\t\t<img decoding=\"async\" src=\"http:\/\/www.apucarana.pr.gov.br\/site\/wp-content\/plugins\/masterslider\/public\/assets\/css\/blank.gif\" alt=\"Rua-rio-dos-patos_Obras (3)\" title=\"Rua-rio-dos-patos_Obras (3)\" data-src=\"http:\/\/www.apucarana.pr.gov.br\/site\/wp-content\/uploads\/2026\/01\/Rua-rio-dos-patos_Obras-3-1024x683.jpg\" \/>\n\t<a href=\"http:\/\/www.apucarana.pr.gov.br\/site\/para-avancar-na-nova-etapa-da-obra-prefeitura-interdita-temporariamente-o-transito-na-rua-rio-dos-patos\/rua-rio-dos-patos_obras-3\/\" target=\"_self\"    >Rua-rio-dos-patos_Obras (3)<\/a>\n\n\n\t<img decoding=\"async\" class=\"ms-thumb\" src=\"http:\/\/www.apucarana.pr.gov.br\/site\/wp-content\/uploads\/2026\/01\/Rua-rio-dos-patos_Obras-3-1024x683-140x80.jpg\" alt=\"Rua-rio-dos-patos_Obras (3)\" \/>\n\t\t\t\t<\/div>\n\t\t\t<div  class=\"ms-slide\" data-delay=\"3\"    >\n\t\t\t\t\t<img decoding=\"async\" src=\"http:\/\/www.apucarana.pr.gov.br\/site\/wp-content\/plugins\/masterslider\/public\/assets\/css\/blank.gif\" alt=\"Rua-rio-dos-patos_Obras (4)\" title=\"Rua-rio-dos-patos_Obras (4)\" data-src=\"http:\/\/www.apucarana.pr.gov.br\/site\/wp-content\/uploads\/2026\/01\/Rua-rio-dos-patos_Obras-4-1024x683.jpg\" \/>\n\t<a href=\"http:\/\/www.apucarana.pr.gov.br\/site\/para-avancar-na-nova-etapa-da-obra-prefeitura-interdita-temporariamente-o-transito-na-rua-rio-dos-patos\/rua-rio-dos-patos_obras-4\/\" target=\"_self\"    >Rua-rio-dos-patos_Obras (4)<\/a>\n\n\n\t<img decoding=\"async\" class=\"ms-thumb\" src=\"http:\/\/www.apucarana.pr.gov.br\/site\/wp-content\/uploads\/2026\/01\/Rua-rio-dos-patos_Obras-4-1024x683-140x80.jpg\" alt=\"Rua-rio-dos-patos_Obras (4)\" \/>\n\t\t\t\t<\/div>\n\t\t\t<div  class=\"ms-slide\" data-delay=\"3\"    >\n\t\t\t\t\t<img decoding=\"async\" src=\"http:\/\/www.apucarana.pr.gov.br\/site\/wp-content\/plugins\/masterslider\/public\/assets\/css\/blank.gif\" alt=\"Rua-rio-dos-patos_Obras (7)\" title=\"Rua-rio-dos-patos_Obras (7)\" data-src=\"http:\/\/www.apucarana.pr.gov.br\/site\/wp-content\/uploads\/2026\/01\/Rua-rio-dos-patos_Obras-7-1024x683.jpg\" \/>\n\t<a href=\"http:\/\/www.apucarana.pr.gov.br\/site\/para-avancar-na-nova-etapa-da-obra-prefeitura-interdita-temporariamente-o-transito-na-rua-rio-dos-patos\/rua-rio-dos-patos_obras-7\/\" target=\"_self\"    >Rua-rio-dos-patos_Obras (7)<\/a>\n\n\n\t<img decoding=\"async\" class=\"ms-thumb\" src=\"http:\/\/www.apucarana.pr.gov.br\/site\/wp-content\/uploads\/2026\/01\/Rua-rio-dos-patos_Obras-7-1024x683-140x80.jpg\" alt=\"Rua-rio-dos-patos_Obras (7)\" \/>\n\t\t\t\t<\/div>\n\n\t\t\t<\/div>\n\t\t\t<!-- END MasterSlider Main -->\n\n\t\t\t \n\t\t<\/div>\n\t\t<!-- END MasterSlider -->\n\n\t\t<script>\n\t\t( window.MSReady = window.MSReady || [] ).push( function( $ ) {\n\n\t\t\t\"use strict\";\n\t\t\tvar masterslider_5f75 = new MasterSlider();\n\n\t\t\t\/\/ slider controls\n\t\t\tmasterslider_5f75.control('arrows'     ,{ autohide:true, overVideo:true  });\n\t\t\tmasterslider_5f75.control('thumblist'  ,{ autohide:false, overVideo:true, dir:'h', speed:17, inset:false, arrows:false, hover:false, customClass:'', align:'bottom',type:'thumbs', margin:2, width:140, height:80, space:2, fillMode:'fill'  });\n\t\t\t\/\/ slider setup\n\t\t\tmasterslider_5f75.setup(\"MS69efd43de5f75\", {\n\t\t\t\twidth           : 960,\n\t\t\t\theight          : 540,\n\t\t\t\tminHeight       : 0,\n\t\t\t\tspace           : 0,\n\t\t\t\tstart           : 1,\n\t\t\t\tgrabCursor      : true,\n\t\t\t\tswipe           : true,\n\t\t\t\tmouse           : true,\n\t\t\t\tkeyboard        : false,\n\t\t\t\tlayout          : \"fillwidth\",\n\t\t\t\twheel           : false,\n\t\t\t\tautoplay        : true,\n                instantStartLayers:false,\n\t\t\t\tmobileBGVideo:false,\n\t\t\t\tloop            : true,\n\t\t\t\tshuffle         : false,\n\t\t\t\tpreload         : 3,\n\t\t\t\theightLimit     : false,\n\t\t\t\tautoHeight      : false,\n\t\t\t\tsmoothHeight    : true,\n\t\t\t\tendPause        : false,\n\t\t\t\toverPause       : false,\n\t\t\t\tfillMode        : \"fill\",\n\t\t\t\tcenterControls  : true,\n\t\t\t\tstartOnAppear   : false,\n\t\t\t\tlayersMode      : \"center\",\n\t\t\t\tautofillTarget  : \"\",\n\t\t\t\thideLayers      : false,\n\t\t\t\tfullscreenMargin: 0,\n\t\t\t\tspeed           : 17,\n\t\t\t\tdir             : \"h\",\n\t\t\t\tresponsive      : true,\n\t\t\t\ttabletWidth     : 768,\n\t\t\t\ttabletHeight    : null,\n\t\t\t\tphoneWidth      : 480,\n\t\t\t\tphoneHeight    : null,\n\t\t\t\tsizingReference : window,\n\t\t\t\tparallaxMode    : 'swipe',\n\t\t\t\tview            : \"basic\"\n\t\t\t});\n\n\t\t\t\n\t\t\twindow.masterslider_instances = window.masterslider_instances || [];\n\t\t\twindow.masterslider_instances.push( masterslider_5f75 );\n\t\t});\n\t\t<\/script>\n\n\n<p>A Prefeitura de Apucarana informa que a Rua Rio dos Patos fica com o tr\u00e2nsito temporariamente interditado a partir desta quinta-feira (22), para o avan\u00e7o de uma nova etapa das obras de recupera\u00e7\u00e3o da via. A medida \u00e9 necess\u00e1ria para garantir a qualidade t\u00e9cnica dos servi\u00e7os e a durabilidade do pavimento.<\/p>\n<p>Nesta fase, as equipes executam as bases do novo pavimento, al\u00e9m da implanta\u00e7\u00e3o de meio-fio e bocas de lobo, estruturas essenciais para o correto escoamento das \u00e1guas pluviais e para a preven\u00e7\u00e3o de danos futuros ao asfalto. Por se tratar de uma etapa que exige precis\u00e3o e seguran\u00e7a, a interdi\u00e7\u00e3o total do trecho \u00e9 indispens\u00e1vel.<\/p>\n<p>A previs\u00e3o da Prefeitura \u00e9 de que o tr\u00e2nsito seja liberado na pr\u00f3xima segunda-feira, dia 26, ap\u00f3s a conclus\u00e3o dos servi\u00e7os programados. O cronograma foi organizado para reduzir impactos \u00e0 rotina de moradores e motoristas, assegurando o avan\u00e7o da obra dentro dos padr\u00f5es t\u00e9cnicos exigidos.<\/p>\n<p>Durante o per\u00edodo de interdi\u00e7\u00e3o, o local permanece devidamente sinalizado, garantindo orienta\u00e7\u00e3o e seguran\u00e7a a motoristas e pedestres. A administra\u00e7\u00e3o municipal orienta os condutores a utilizarem rotas alternativas e a respeitarem a sinaliza\u00e7\u00e3o instalada, refor\u00e7ando que a interven\u00e7\u00e3o integra o conjunto de a\u00e7\u00f5es voltadas \u00e0 melhoria da mobilidade urbana e da infraestrutura vi\u00e1ria, com foco em seguran\u00e7a, funcionalidade e durabilidade da via.<\/p>\n","protected":false},"excerpt":{"rendered":"<p>A Prefeitura de Apucarana informa que a Rua Rio dos Patos fica com o tr&acirc;nsito temporariamente interditado a partir desta quinta-feira (22), para o avan&ccedil;o de uma nova etapa das obras de recupera&ccedil;&atilde;o da via. A medida &eacute; necess&aacute;ria para garantir a qualidade t&eacute;cnica dos servi&ccedil;os e a durabilidade do pavimento. Nesta fase, as equipes [&hellip;]<\/p>\n","protected":false},"author":8,"featured_media":122653,"comment_status":"closed","ping_status":"closed","sticky":false,"template":"","format":"standard","meta":{"footnotes":""},"categories":[24],"tags":[],"class_list":["post-122616","post","type-post","status-publish","format-standard","has-post-thumbnail","hentry","category-noticias"],"acf":[],"_links":{"self":[{"href":"http:\/\/www.apucarana.pr.gov.br\/site\/wp-json\/wp\/v2\/posts\/122616","targetHints":{"allow":["GET"]}}],"collection":[{"href":"http:\/\/www.apucarana.pr.gov.br\/site\/wp-json\/wp\/v2\/posts"}],"about":[{"href":"http:\/\/www.apucarana.pr.gov.br\/site\/wp-json\/wp\/v2\/types\/post"}],"author":[{"embeddable":true,"href":"http:\/\/www.apucarana.pr.gov.br\/site\/wp-json\/wp\/v2\/users\/8"}],"replies":[{"embeddable":true,"href":"http:\/\/www.apucarana.pr.gov.br\/site\/wp-json\/wp\/v2\/comments?post=122616"}],"version-history":[{"count":3,"href":"http:\/\/www.apucarana.pr.gov.br\/site\/wp-json\/wp\/v2\/posts\/122616\/revisions"}],"predecessor-version":[{"id":122657,"href":"http:\/\/www.apucarana.pr.gov.br\/site\/wp-json\/wp\/v2\/posts\/122616\/revisions\/122657"}],"wp:featuredmedia":[{"embeddable":true,"href":"http:\/\/www.apucarana.pr.gov.br\/site\/wp-json\/wp\/v2\/media\/122653"}],"wp:attachment":[{"href":"http:\/\/www.apucarana.pr.gov.br\/site\/wp-json\/wp\/v2\/media?parent=122616"}],"wp:term":[{"taxonomy":"category","embeddable":true,"href":"http:\/\/www.apucarana.pr.gov.br\/site\/wp-json\/wp\/v2\/categories?post=122616"},{"taxonomy":"post_tag","embeddable":true,"href":"http:\/\/www.apucarana.pr.gov.br\/site\/wp-json\/wp\/v2\/tags?post=122616"}],"curies":[{"name":"wp","href":"https:\/\/api.w.org\/{rel}","templated":true}]}}