{"id":122615,"date":"2026-01-22T11:06:57","date_gmt":"2026-01-22T14:06:57","guid":{"rendered":"https:\/\/www.apucarana.pr.gov.br\/site\/?p=122615"},"modified":"2026-01-23T13:07:38","modified_gmt":"2026-01-23T16:07:38","slug":"apucarana-reduz-criminalidade-em-2025-e-se-torna-mais-segura-para-viver","status":"publish","type":"post","link":"http:\/\/www.apucarana.pr.gov.br\/site\/apucarana-reduz-criminalidade-em-2025-e-se-torna-mais-segura-para-viver\/","title":{"rendered":"Apucarana reduz criminalidade em 2025 e se torna mais segura para viver"},"content":{"rendered":"\n\t\t<!-- MasterSlider -->\n\t\t<div id=\"P_MS69efc2ba46c53\" class=\"master-slider-parent master-slider-gallery   ms-parent-id-0\" style=\"\" >\n\n\t\t\t\n\t\t\t<!-- MasterSlider Main -->\n\t\t\t<div id=\"MS69efc2ba46c53\" class=\"master-slider ms-skin-default\" >\n\t\t\t\t \t\t\t\t \n\t\t\t<div  class=\"ms-slide\" data-delay=\"3\"    >\n\t\t\t\t\t<img decoding=\"async\" src=\"http:\/\/www.apucarana.pr.gov.br\/site\/wp-content\/plugins\/masterslider\/public\/assets\/css\/blank.gif\" alt=\"WhatsApp-Image-2026-01-08-at-12.15.13-1024x576\" title=\"WhatsApp-Image-2026-01-08-at-12.15.13-1024x576\" data-src=\"http:\/\/www.apucarana.pr.gov.br\/site\/wp-content\/uploads\/2026\/01\/WhatsApp-Image-2026-01-08-at-12.15.13-1024x576-1.jpeg\" \/>\n\t<a href=\"http:\/\/www.apucarana.pr.gov.br\/site\/wp-content\/uploads\/2026\/01\/WhatsApp-Image-2026-01-08-at-12.15.13-1024x576-1.jpeg\" target=\"_self\"    >WhatsApp-Image-2026-01-08-at-12.15.13-1024x576<\/a>\n\n\n\t<img decoding=\"async\" class=\"ms-thumb\" src=\"http:\/\/www.apucarana.pr.gov.br\/site\/wp-content\/uploads\/2026\/01\/WhatsApp-Image-2026-01-08-at-12.15.13-1024x576-1-140x80.jpeg\" alt=\"WhatsApp-Image-2026-01-08-at-12.15.13-1024x576\" \/>\n\t\t\t\t<\/div>\n\t\t\t<div  class=\"ms-slide\" data-delay=\"3\"    >\n\t\t\t\t\t<img decoding=\"async\" src=\"http:\/\/www.apucarana.pr.gov.br\/site\/wp-content\/plugins\/masterslider\/public\/assets\/css\/blank.gif\" alt=\"GCM_treinamento_salao_nobre001\" title=\"GCM_treinamento_salao_nobre001\" data-src=\"http:\/\/www.apucarana.pr.gov.br\/site\/wp-content\/uploads\/2026\/01\/GCM_treinamento_salao_nobre001-1024x683.jpg\" \/>\n\t<a href=\"http:\/\/www.apucarana.pr.gov.br\/site\/wp-content\/uploads\/2026\/01\/GCM_treinamento_salao_nobre001-1024x683.jpg\" target=\"_self\"    >GCM_treinamento_salao_nobre001<\/a>\n\n\n\t<img decoding=\"async\" class=\"ms-thumb\" src=\"http:\/\/www.apucarana.pr.gov.br\/site\/wp-content\/uploads\/2026\/01\/GCM_treinamento_salao_nobre001-1024x683-140x80.jpg\" alt=\"GCM_treinamento_salao_nobre001\" \/>\n\t\t\t\t<\/div>\n\t\t\t<div  class=\"ms-slide\" data-delay=\"3\"    >\n\t\t\t\t\t<img decoding=\"async\" src=\"http:\/\/www.apucarana.pr.gov.br\/site\/wp-content\/plugins\/masterslider\/public\/assets\/css\/blank.gif\" alt=\"20251202_171757\" title=\"20251202_171757\" data-src=\"http:\/\/www.apucarana.pr.gov.br\/site\/wp-content\/uploads\/2026\/01\/20251202_171757-1024x577.jpg\" \/>\n\t<a href=\"http:\/\/www.apucarana.pr.gov.br\/site\/wp-content\/uploads\/2026\/01\/20251202_171757-1024x577.jpg\" target=\"_self\"    >20251202_171757<\/a>\n\n\n\t<img decoding=\"async\" class=\"ms-thumb\" src=\"http:\/\/www.apucarana.pr.gov.br\/site\/wp-content\/uploads\/2026\/01\/20251202_171757-1024x577-140x80.jpg\" alt=\"20251202_171757\" \/>\n\t\t\t\t<\/div>\n\t\t\t<div  class=\"ms-slide\" data-delay=\"3\"    >\n\t\t\t\t\t<img decoding=\"async\" src=\"http:\/\/www.apucarana.pr.gov.br\/site\/wp-content\/plugins\/masterslider\/public\/assets\/css\/blank.gif\" alt=\"20251202_172033\" title=\"20251202_172033\" data-src=\"http:\/\/www.apucarana.pr.gov.br\/site\/wp-content\/uploads\/2026\/01\/20251202_172033-1024x577.jpg\" \/>\n\t<a href=\"http:\/\/www.apucarana.pr.gov.br\/site\/wp-content\/uploads\/2026\/01\/20251202_172033-1024x577.jpg\" target=\"_self\"    >20251202_172033<\/a>\n\n\n\t<img decoding=\"async\" class=\"ms-thumb\" src=\"http:\/\/www.apucarana.pr.gov.br\/site\/wp-content\/uploads\/2026\/01\/20251202_172033-1024x577-140x80.jpg\" alt=\"20251202_172033\" \/>\n\t\t\t\t<\/div>\n\t\t\t<div  class=\"ms-slide\" data-delay=\"3\"    >\n\t\t\t\t\t<img decoding=\"async\" src=\"http:\/\/www.apucarana.pr.gov.br\/site\/wp-content\/plugins\/masterslider\/public\/assets\/css\/blank.gif\" alt=\"GCM_treinamento_salao_nobre007\" title=\"GCM_treinamento_salao_nobre007\" data-src=\"http:\/\/www.apucarana.pr.gov.br\/site\/wp-content\/uploads\/2026\/01\/GCM_treinamento_salao_nobre007-1024x683.jpg\" \/>\n\t<a href=\"http:\/\/www.apucarana.pr.gov.br\/site\/wp-content\/uploads\/2026\/01\/GCM_treinamento_salao_nobre007-1024x683.jpg\" target=\"_self\"    >GCM_treinamento_salao_nobre007<\/a>\n\n\n\t<img decoding=\"async\" class=\"ms-thumb\" src=\"http:\/\/www.apucarana.pr.gov.br\/site\/wp-content\/uploads\/2026\/01\/GCM_treinamento_salao_nobre007-1024x683-140x80.jpg\" alt=\"GCM_treinamento_salao_nobre007\" \/>\n\t\t\t\t<\/div>\n\t\t\t<div  class=\"ms-slide\" data-delay=\"3\"    >\n\t\t\t\t\t<img decoding=\"async\" src=\"http:\/\/www.apucarana.pr.gov.br\/site\/wp-content\/plugins\/masterslider\/public\/assets\/css\/blank.gif\" alt=\"GCM_treinamento_salao_nobre010\" title=\"GCM_treinamento_salao_nobre010\" data-src=\"http:\/\/www.apucarana.pr.gov.br\/site\/wp-content\/uploads\/2026\/01\/GCM_treinamento_salao_nobre010-1024x683.jpg\" \/>\n\t<a href=\"http:\/\/www.apucarana.pr.gov.br\/site\/wp-content\/uploads\/2026\/01\/GCM_treinamento_salao_nobre010-1024x683.jpg\" target=\"_self\"    >GCM_treinamento_salao_nobre010<\/a>\n\n\n\t<img decoding=\"async\" class=\"ms-thumb\" src=\"http:\/\/www.apucarana.pr.gov.br\/site\/wp-content\/uploads\/2026\/01\/GCM_treinamento_salao_nobre010-1024x683-140x80.jpg\" alt=\"GCM_treinamento_salao_nobre010\" \/>\n\t\t\t\t<\/div>\n\t\t\t<div  class=\"ms-slide\" data-delay=\"3\"    >\n\t\t\t\t\t<img decoding=\"async\" src=\"http:\/\/www.apucarana.pr.gov.br\/site\/wp-content\/plugins\/masterslider\/public\/assets\/css\/blank.gif\" alt=\"IMG_8246\" title=\"IMG_8246\" data-src=\"http:\/\/www.apucarana.pr.gov.br\/site\/wp-content\/uploads\/2026\/01\/IMG_8246-1024x683.jpg\" \/>\n\t<a href=\"http:\/\/www.apucarana.pr.gov.br\/site\/wp-content\/uploads\/2026\/01\/IMG_8246-1024x683.jpg\" target=\"_self\"    >IMG_8246<\/a>\n\n\n\t<img decoding=\"async\" class=\"ms-thumb\" src=\"http:\/\/www.apucarana.pr.gov.br\/site\/wp-content\/uploads\/2026\/01\/IMG_8246-1024x683-140x80.jpg\" alt=\"IMG_8246\" \/>\n\t\t\t\t<\/div>\n\t\t\t<div  class=\"ms-slide\" data-delay=\"3\"    >\n\t\t\t\t\t<img decoding=\"async\" src=\"http:\/\/www.apucarana.pr.gov.br\/site\/wp-content\/plugins\/masterslider\/public\/assets\/css\/blank.gif\" alt=\"IMG_8278\" title=\"IMG_8278\" data-src=\"http:\/\/www.apucarana.pr.gov.br\/site\/wp-content\/uploads\/2026\/01\/IMG_8278-1024x683.jpg\" \/>\n\t<a href=\"http:\/\/www.apucarana.pr.gov.br\/site\/wp-content\/uploads\/2026\/01\/IMG_8278-1024x683.jpg\" target=\"_self\"    >IMG_8278<\/a>\n\n\n\t<img decoding=\"async\" class=\"ms-thumb\" src=\"http:\/\/www.apucarana.pr.gov.br\/site\/wp-content\/uploads\/2026\/01\/IMG_8278-1024x683-140x80.jpg\" alt=\"IMG_8278\" \/>\n\t\t\t\t<\/div>\n\t\t\t<div  class=\"ms-slide\" data-delay=\"3\"    >\n\t\t\t\t\t<img decoding=\"async\" src=\"http:\/\/www.apucarana.pr.gov.br\/site\/wp-content\/plugins\/masterslider\/public\/assets\/css\/blank.gif\" alt=\"IMG_8432\" title=\"IMG_8432\" data-src=\"http:\/\/www.apucarana.pr.gov.br\/site\/wp-content\/uploads\/2026\/01\/IMG_8432-1024x683.jpg\" \/>\n\t<a href=\"http:\/\/www.apucarana.pr.gov.br\/site\/wp-content\/uploads\/2026\/01\/IMG_8432-1024x683.jpg\" target=\"_self\"    >IMG_8432<\/a>\n\n\n\t<img decoding=\"async\" class=\"ms-thumb\" src=\"http:\/\/www.apucarana.pr.gov.br\/site\/wp-content\/uploads\/2026\/01\/IMG_8432-1024x683-140x80.jpg\" alt=\"IMG_8432\" \/>\n\t\t\t\t<\/div>\n\t\t\t<div  class=\"ms-slide\" data-delay=\"3\"    >\n\t\t\t\t\t<img decoding=\"async\" src=\"http:\/\/www.apucarana.pr.gov.br\/site\/wp-content\/plugins\/masterslider\/public\/assets\/css\/blank.gif\" alt=\"IMG_8435\" title=\"IMG_8435\" data-src=\"http:\/\/www.apucarana.pr.gov.br\/site\/wp-content\/uploads\/2026\/01\/IMG_8435-1024x683.jpg\" \/>\n\t<a href=\"http:\/\/www.apucarana.pr.gov.br\/site\/wp-content\/uploads\/2026\/01\/IMG_8435-1024x683.jpg\" target=\"_self\"    >IMG_8435<\/a>\n\n\n\t<img decoding=\"async\" class=\"ms-thumb\" src=\"http:\/\/www.apucarana.pr.gov.br\/site\/wp-content\/uploads\/2026\/01\/IMG_8435-1024x683-140x80.jpg\" alt=\"IMG_8435\" \/>\n\t\t\t\t<\/div>\n\t\t\t<div  class=\"ms-slide\" data-delay=\"3\"    >\n\t\t\t\t\t<img decoding=\"async\" src=\"http:\/\/www.apucarana.pr.gov.br\/site\/wp-content\/plugins\/masterslider\/public\/assets\/css\/blank.gif\" alt=\"seguranca\" title=\"seguranca\" data-src=\"http:\/\/www.apucarana.pr.gov.br\/site\/wp-content\/uploads\/2026\/01\/seguranca-1024x630.jpg\" \/>\n\t<a href=\"http:\/\/www.apucarana.pr.gov.br\/site\/wp-content\/uploads\/2026\/01\/seguranca-1024x630.jpg\" target=\"_self\"    >seguranca<\/a>\n\n\n\t<img decoding=\"async\" class=\"ms-thumb\" src=\"http:\/\/www.apucarana.pr.gov.br\/site\/wp-content\/uploads\/2026\/01\/seguranca-1024x630-140x80.jpg\" alt=\"seguranca\" \/>\n\t\t\t\t<\/div>\n\t\t\t<div  class=\"ms-slide\" data-delay=\"3\"    >\n\t\t\t\t\t<img decoding=\"async\" src=\"http:\/\/www.apucarana.pr.gov.br\/site\/wp-content\/plugins\/masterslider\/public\/assets\/css\/blank.gif\" alt=\"Treinamento-GCM-5-1024x683\" title=\"Treinamento-GCM-5-1024x683\" data-src=\"http:\/\/www.apucarana.pr.gov.br\/site\/wp-content\/uploads\/2026\/01\/Treinamento-GCM-5-1024x683-1.jpg\" \/>\n\t<a href=\"http:\/\/www.apucarana.pr.gov.br\/site\/wp-content\/uploads\/2026\/01\/Treinamento-GCM-5-1024x683-1.jpg\" target=\"_self\"    >Treinamento-GCM-5-1024x683<\/a>\n\n\n\t<img decoding=\"async\" class=\"ms-thumb\" src=\"http:\/\/www.apucarana.pr.gov.br\/site\/wp-content\/uploads\/2026\/01\/Treinamento-GCM-5-1024x683-1-140x80.jpg\" alt=\"Treinamento-GCM-5-1024x683\" \/>\n\t\t\t\t<\/div>\n\t\t\t<div  class=\"ms-slide\" data-delay=\"3\"    >\n\t\t\t\t\t<img decoding=\"async\" src=\"http:\/\/www.apucarana.pr.gov.br\/site\/wp-content\/plugins\/masterslider\/public\/assets\/css\/blank.gif\" alt=\"WhatsApp-Image-2026-01-08-at-12.13.47-1024x576\" title=\"WhatsApp-Image-2026-01-08-at-12.13.47-1024x576\" data-src=\"http:\/\/www.apucarana.pr.gov.br\/site\/wp-content\/uploads\/2026\/01\/WhatsApp-Image-2026-01-08-at-12.13.47-1024x576-1.jpeg\" \/>\n\t<a href=\"http:\/\/www.apucarana.pr.gov.br\/site\/wp-content\/uploads\/2026\/01\/WhatsApp-Image-2026-01-08-at-12.13.47-1024x576-1.jpeg\" target=\"_self\"    >WhatsApp-Image-2026-01-08-at-12.13.47-1024x576<\/a>\n\n\n\t<img decoding=\"async\" class=\"ms-thumb\" src=\"http:\/\/www.apucarana.pr.gov.br\/site\/wp-content\/uploads\/2026\/01\/WhatsApp-Image-2026-01-08-at-12.13.47-1024x576-1-140x80.jpeg\" alt=\"WhatsApp-Image-2026-01-08-at-12.13.47-1024x576\" \/>\n\t\t\t\t<\/div>\n\t\t\t<div  class=\"ms-slide\" data-delay=\"3\"    >\n\t\t\t\t\t<img decoding=\"async\" src=\"http:\/\/www.apucarana.pr.gov.br\/site\/wp-content\/plugins\/masterslider\/public\/assets\/css\/blank.gif\" alt=\"WhatsApp-Image-2026-01-08-at-12.13.49-2-1024x576\" title=\"WhatsApp-Image-2026-01-08-at-12.13.49-2-1024x576\" data-src=\"http:\/\/www.apucarana.pr.gov.br\/site\/wp-content\/uploads\/2026\/01\/WhatsApp-Image-2026-01-08-at-12.13.49-2-1024x576-1.jpeg\" \/>\n\t<a href=\"http:\/\/www.apucarana.pr.gov.br\/site\/wp-content\/uploads\/2026\/01\/WhatsApp-Image-2026-01-08-at-12.13.49-2-1024x576-1.jpeg\" target=\"_self\"    >WhatsApp-Image-2026-01-08-at-12.13.49-2-1024x576<\/a>\n\n\n\t<img decoding=\"async\" class=\"ms-thumb\" src=\"http:\/\/www.apucarana.pr.gov.br\/site\/wp-content\/uploads\/2026\/01\/WhatsApp-Image-2026-01-08-at-12.13.49-2-1024x576-1-140x80.jpeg\" alt=\"WhatsApp-Image-2026-01-08-at-12.13.49-2-1024x576\" \/>\n\t\t\t\t<\/div>\n\t\t\t<div  class=\"ms-slide\" data-delay=\"3\"    >\n\t\t\t\t\t<img decoding=\"async\" src=\"http:\/\/www.apucarana.pr.gov.br\/site\/wp-content\/plugins\/masterslider\/public\/assets\/css\/blank.gif\" alt=\"DCIM102MEDIADJI_0003.JPG\" title=\"DCIM102MEDIADJI_0003.JPG\" data-src=\"http:\/\/www.apucarana.pr.gov.br\/site\/wp-content\/uploads\/2026\/01\/DJI_0003-1024x576.jpg\" \/>\n\t<a href=\"http:\/\/www.apucarana.pr.gov.br\/site\/wp-content\/uploads\/2026\/01\/DJI_0003-1024x576.jpg\" target=\"_self\"    >DCIM102MEDIADJI_0003.JPG<\/a>\n\n\n\t<img decoding=\"async\" class=\"ms-thumb\" src=\"http:\/\/www.apucarana.pr.gov.br\/site\/wp-content\/uploads\/2026\/01\/DJI_0003-1024x576-140x80.jpg\" alt=\"DCIM102MEDIADJI_0003.JPG\" \/>\n\t\t\t\t<\/div>\n\t\t\t<div  class=\"ms-slide\" data-delay=\"3\"    >\n\t\t\t\t\t<img decoding=\"async\" src=\"http:\/\/www.apucarana.pr.gov.br\/site\/wp-content\/plugins\/masterslider\/public\/assets\/css\/blank.gif\" alt=\"DCIM102MEDIADJI_0007.JPG\" title=\"DCIM102MEDIADJI_0007.JPG\" data-src=\"http:\/\/www.apucarana.pr.gov.br\/site\/wp-content\/uploads\/2026\/01\/DJI_0007-1024x576.jpg\" \/>\n\t<a href=\"http:\/\/www.apucarana.pr.gov.br\/site\/wp-content\/uploads\/2026\/01\/DJI_0007-1024x576.jpg\" target=\"_self\"    >DCIM102MEDIADJI_0007.JPG<\/a>\n\n\n\t<img decoding=\"async\" class=\"ms-thumb\" src=\"http:\/\/www.apucarana.pr.gov.br\/site\/wp-content\/uploads\/2026\/01\/DJI_0007-1024x576-140x80.jpg\" alt=\"DCIM102MEDIADJI_0007.JPG\" \/>\n\t\t\t\t<\/div>\n\t\t\t<div  class=\"ms-slide\" data-delay=\"3\"    >\n\t\t\t\t\t<img decoding=\"async\" src=\"http:\/\/www.apucarana.pr.gov.br\/site\/wp-content\/plugins\/masterslider\/public\/assets\/css\/blank.gif\" alt=\"DCIM102MEDIADJI_0019.JPG\" title=\"DCIM102MEDIADJI_0019.JPG\" data-src=\"http:\/\/www.apucarana.pr.gov.br\/site\/wp-content\/uploads\/2026\/01\/DJI_0019-1024x576.jpg\" \/>\n\t<a href=\"http:\/\/www.apucarana.pr.gov.br\/site\/wp-content\/uploads\/2026\/01\/DJI_0019-1024x576.jpg\" target=\"_self\"    >DCIM102MEDIADJI_0019.JPG<\/a>\n\n\n\t<img decoding=\"async\" class=\"ms-thumb\" src=\"http:\/\/www.apucarana.pr.gov.br\/site\/wp-content\/uploads\/2026\/01\/DJI_0019-1024x576-140x80.jpg\" alt=\"DCIM102MEDIADJI_0019.JPG\" \/>\n\t\t\t\t<\/div>\n\n\t\t\t<\/div>\n\t\t\t<!-- END MasterSlider Main -->\n\n\t\t\t \n\t\t<\/div>\n\t\t<!-- END MasterSlider -->\n\n\t\t<script>\n\t\t( window.MSReady = window.MSReady || [] ).push( function( $ ) {\n\n\t\t\t\"use strict\";\n\t\t\tvar masterslider_6c53 = new MasterSlider();\n\n\t\t\t\/\/ slider controls\n\t\t\tmasterslider_6c53.control('arrows'     ,{ autohide:true, overVideo:true  });\n\t\t\tmasterslider_6c53.control('thumblist'  ,{ autohide:false, overVideo:true, dir:'h', speed:17, inset:false, arrows:false, hover:false, customClass:'', align:'bottom',type:'thumbs', margin:2, width:140, height:80, space:2, fillMode:'fill'  });\n\t\t\t\/\/ slider setup\n\t\t\tmasterslider_6c53.setup(\"MS69efc2ba46c53\", {\n\t\t\t\twidth           : 960,\n\t\t\t\theight          : 540,\n\t\t\t\tminHeight       : 0,\n\t\t\t\tspace           : 0,\n\t\t\t\tstart           : 1,\n\t\t\t\tgrabCursor      : true,\n\t\t\t\tswipe           : true,\n\t\t\t\tmouse           : true,\n\t\t\t\tkeyboard        : false,\n\t\t\t\tlayout          : \"fillwidth\",\n\t\t\t\twheel           : false,\n\t\t\t\tautoplay        : true,\n                instantStartLayers:false,\n\t\t\t\tmobileBGVideo:false,\n\t\t\t\tloop            : true,\n\t\t\t\tshuffle         : false,\n\t\t\t\tpreload         : 3,\n\t\t\t\theightLimit     : false,\n\t\t\t\tautoHeight      : false,\n\t\t\t\tsmoothHeight    : true,\n\t\t\t\tendPause        : false,\n\t\t\t\toverPause       : false,\n\t\t\t\tfillMode        : \"fill\",\n\t\t\t\tcenterControls  : true,\n\t\t\t\tstartOnAppear   : false,\n\t\t\t\tlayersMode      : \"center\",\n\t\t\t\tautofillTarget  : \"\",\n\t\t\t\thideLayers      : false,\n\t\t\t\tfullscreenMargin: 0,\n\t\t\t\tspeed           : 17,\n\t\t\t\tdir             : \"h\",\n\t\t\t\tresponsive      : true,\n\t\t\t\ttabletWidth     : 768,\n\t\t\t\ttabletHeight    : null,\n\t\t\t\tphoneWidth      : 480,\n\t\t\t\tphoneHeight    : null,\n\t\t\t\tsizingReference : window,\n\t\t\t\tparallaxMode    : 'swipe',\n\t\t\t\tview            : \"basic\"\n\t\t\t});\n\n\t\t\t\n\t\t\twindow.masterslider_instances = window.masterslider_instances || [];\n\t\t\twindow.masterslider_instances.push( masterslider_6c53 );\n\t\t});\n\t\t<\/script>\n\n\n<p>Apucarana registrou, no per\u00edodo de um ano, avan\u00e7os significativos em praticamente todos os indicadores de seguran\u00e7a p\u00fablica. O n\u00famero de homic\u00eddios \u2014 principal term\u00f4metro da viol\u00eancia urbana \u2014 apresentou uma redu\u00e7\u00e3o de 62,96%. Em 2024, foram registrados 27 homic\u00eddios, contra 10 ocorr\u00eancias em 2025, consolidando uma das maiores quedas percentuais do Paran\u00e1.<\/p>\n<p>Os dados, compilados pelo 10\u00ba Batalh\u00e3o de Pol\u00edcia Militar, integram o Relat\u00f3rio de Gest\u00e3o de Desempenho Operacional para Apucarana, no comparativo 2024\/2025. O documento tamb\u00e9m aponta redu\u00e7\u00e3o expressiva em crimes como furtos e roubos de ve\u00edculos (43,75% e 38,46% respectivamente), amea\u00e7as (27,78%), viol\u00eancia contra a mulher (3,85%), perturba\u00e7\u00e3o do sossego (24,36%) e les\u00f5es corporais (4,98%).<\/p>\n<p>Paralelamente, houve amplia\u00e7\u00e3o das opera\u00e7\u00f5es conjuntas entre as for\u00e7as de seguran\u00e7a, o que resultou no aumento das apreens\u00f5es de drogas e contribuiu diretamente para devolver \u00e0 popula\u00e7\u00e3o a sensa\u00e7\u00e3o de seguran\u00e7a nos bairros. Houve um grande crescimento, por exemplo, nas apreens\u00f5es de maconha (2.008%), de coca\u00edna (59,64%) e de ecstasy (88,64%).<\/p>\n<p>O prefeito Rodolfo Mota destacou que os n\u00fameros refletem uma mudan\u00e7a concreta na realidade da cidade. \u201cEstamos falando de menos crimes graves, mais presen\u00e7a das for\u00e7as de seguran\u00e7a nas ruas e mais tranquilidade para as fam\u00edlias. Houve equil\u00edbrio entre preven\u00e7\u00e3o, presen\u00e7a territorial e repress\u00e3o qualificada, o que explica os avan\u00e7os consistentes na seguran\u00e7a p\u00fablica de Apucarana\u201d, afirmou.<\/p>\n<p>Segundo o prefeito, o homic\u00eddio \u00e9 o indicador mais sens\u00edvel dentro das estat\u00edsticas de seguran\u00e7a. \u201cTivemos uma redu\u00e7\u00e3o absoluta de 17 casos, o que representa uma queda pr\u00f3xima de 63%. Esse n\u00famero veio acompanhado da redu\u00e7\u00e3o de outros indicadores igualmente importantes, como de furtos e roubos. Para alcan\u00e7ar esses resultados, houve uma forte atua\u00e7\u00e3o das for\u00e7as de seguran\u00e7a que resultou no aumento das apreens\u00f5es de drogas e na pris\u00e3o de lideran\u00e7as do tr\u00e1fico\u201d, avaliou, salientando que o tr\u00e1fico de drogas desencadeia outros crimes.<\/p>\n<p>Rodolfo Mota avaliou ainda que a redu\u00e7\u00e3o da criminalidade impacta diretamente a qualidade de vida da popula\u00e7\u00e3o e o desenvolvimento do munic\u00edpio. \u201cA redu\u00e7\u00e3o dos crimes significa mais tranquilidade para as fam\u00edlias, mais confian\u00e7a nas institui\u00e7\u00f5es e melhores condi\u00e7\u00f5es para o crescimento social e econ\u00f4mico da cidade. Esse resultado n\u00e3o acontece por acaso. Ele \u00e9 fruto de planejamento, integra\u00e7\u00e3o entre for\u00e7as de seguran\u00e7a e foco permanente na preven\u00e7\u00e3o\u201d, destacou.<\/p>\n<p>O prefeito relembrou que o cen\u00e1rio encontrado no in\u00edcio da gest\u00e3o era preocupante. \u201cEm 2024, Apucarana vivia uma realidade dura, com medo presente no dia a dia das pessoas. Moradores receavam sair para a missa, para o culto ou at\u00e9 circular no pr\u00f3prio bairro. Era uma situa\u00e7\u00e3o injusta com a nossa popula\u00e7\u00e3o, que precisava ser enfrentada com seriedade e a\u00e7\u00e3o\u201d, recordou.<\/p>\n<p><strong>Estrutura\u00e7\u00e3o da pol\u00edtica municipal de seguran\u00e7a<\/strong><\/p>\n<p>Antes mesmo de assumir o mandato, Rodolfo Mota iniciou as articula\u00e7\u00f5es para enfrentar a viol\u00eancia no munic\u00edpio. \u201cAinda no per\u00edodo p\u00f3s-elei\u00e7\u00e3o, a primeira decis\u00e3o foi sentar com as for\u00e7as de seguran\u00e7a e deixar claro que a Prefeitura faria tudo o que estivesse ao seu alcance para mudar aquela realidade\u201d, afirmou.<\/p>\n<p>A principal medida no \u00e2mbito da administra\u00e7\u00e3o municipal foi a cria\u00e7\u00e3o da Secretaria Municipal de Seguran\u00e7a P\u00fablica, acompanhada da nomea\u00e7\u00e3o do major da reserva da Pol\u00edcia Militar, Vilson Laurentino da Silva, profissional com ampla experi\u00eancia no combate ao crime. Na sequ\u00eancia, a Prefeitura iniciou um processo de reestrutura\u00e7\u00e3o da Guarda Civil Municipal (GCM) e fortaleceu a integra\u00e7\u00e3o com as pol\u00edcias Civil e Militar.<\/p>\n<p>Em 2025, a Guarda Civil Municipal passou a atuar de forma armada e recebeu novos uniformes, equipamentos e ve\u00edculos. Entre os investimentos est\u00e3o viaturas mais robustas, motocicletas de alta cilindrada e a aquisi\u00e7\u00e3o de armamento moderno. \u201cEstamos estruturando a GCM para atuar com mais efici\u00eancia, presen\u00e7a ostensiva e capacidade real de enfrentamento ao crime\u201d, pontuou o prefeito.<\/p>\n<p>O secret\u00e1rio de seguran\u00e7a, major Vilson afirma que a moderniza\u00e7\u00e3o da frota tem impacto direto no trabalho preventivo. \u201cViaturas de maior porte possuem forte efeito psicol\u00f3gico e ostensivo, tanto para quem \u00e9 abordado quanto para quem observa o patrulhamento. Isso refor\u00e7a a presen\u00e7a do Estado e contribui para a preven\u00e7\u00e3o\u201d, explicou.<\/p>\n<p><strong>Treinamento, presen\u00e7a nos bairros e opera\u00e7\u00f5es integradas<\/strong><\/p>\n<p>Al\u00e9m dos investimentos em equipamentos, a GCM ampliou de forma significativa o treinamento e a capacita\u00e7\u00e3o dos agentes. Os profissionais passaram por cursos de tiro, t\u00e9cnicas de abordagem, patrulhamento com motocicletas, manuseio de armamento e simula\u00e7\u00f5es pr\u00e1ticas, inclusive com uso de simuladores de tiro. \u201cBuscamos uma forma\u00e7\u00e3o cont\u00ednua, t\u00e9cnica e integrada, com participa\u00e7\u00e3o de profissionais de diferentes \u00e1reas do sistema de Justi\u00e7a\u201d, destacou o comandante.<\/p>\n<p>A integra\u00e7\u00e3o entre Guarda Civil Municipal, Pol\u00edcia Militar e Pol\u00edcia Civil foi apontada como um dos fatores decisivos para os resultados positivos alcan\u00e7ados em 2025. \u201cMais do que a\u00e7\u00f5es pontuais, houve alinhamento estrat\u00e9gico, troca permanente de informa\u00e7\u00f5es e opera\u00e7\u00f5es conjuntas, o que permitiu respostas mais r\u00e1pidas e eficazes nos bairros com maior incid\u00eancia criminal\u201d, explicou Vilson Laurentino.<\/p>\n<p>Outro refor\u00e7o importante veio da atua\u00e7\u00e3o integrada dos agentes de tr\u00e2nsito, que passaram a colaborar diretamente nas a\u00e7\u00f5es de seguran\u00e7a p\u00fablica. \u201cA presen\u00e7a desses profissionais em opera\u00e7\u00f5es conjuntas trouxe ganhos imediatos, especialmente no controle de motocicletas e ve\u00edculos utilizados em pr\u00e1ticas criminosas\u201d, acrescentou.<\/p>\n<p><strong>Pris\u00f5es e uso da intelig\u00eancia policial<\/strong><\/p>\n<p>O secret\u00e1rio municipal de Seguran\u00e7a ressaltou ainda o papel da Pol\u00edcia Civil nas pris\u00f5es de lideran\u00e7as e integrantes estrat\u00e9gicos do tr\u00e1fico de drogas. \u201cEssas a\u00e7\u00f5es enfraqueceram estruturas criminosas que alimentavam outros delitos, como furtos, roubos e homic\u00eddios. A partir dessas pris\u00f5es, foi poss\u00edvel intensificar o trabalho ostensivo e preventivo nos bairros mais impactados\u201d, avaliou.<\/p>\n<p>O delegado-chefe da 17\u00aa Subdivis\u00e3o Policial, Marcus Felipe da Rocha Rodrigues, destacou a import\u00e2ncia do compartilhamento de informa\u00e7\u00f5es entre as for\u00e7as de seguran\u00e7a. \u201cA investiga\u00e7\u00e3o depende diretamente das informa\u00e7\u00f5es produzidas por quem est\u00e1 nas ruas, atendendo ocorr\u00eancias e realizando o policiamento ostensivo e preventivo. Muitas vezes, esses dados s\u00e3o fundamentais para a elucida\u00e7\u00e3o de crimes\u201d, concluiu.<\/p>\n<p>O comandante do 10\u00ba Batalh\u00e3o de Pol\u00edcia Militar, major Alessandro da Costa, afirma que a corpora\u00e7\u00e3o intensificou o policiamento ostensivo, com refor\u00e7o das patrulhas nos bairros e na regi\u00e3o central da cidade. \u201cAs a\u00e7\u00f5es foram concentradas em pontos sens\u00edveis e estrat\u00e9gicos, definidos a partir de levantamentos do setor de intelig\u00eancia da PM, em conjunto com a Pol\u00edcia Civil, o Minist\u00e9rio P\u00fablico e o Poder Judici\u00e1rio\u201d, assinalou.<\/p>\n<p>O major explica que as opera\u00e7\u00f5es tiveram car\u00e1ter pontual e direcionado, sendo executadas por equipes especializadas, como Patrulha Rural, Rondas Ostensivas com Aplica\u00e7\u00e3o de Motocicletas (Rocam), Rondas Ostensivas T\u00e1tico M\u00f3vel (Rotam) e Canil, ampliando a presen\u00e7a policial e a capacidade de resposta nas \u00e1reas mapeadas como priorit\u00e1rias.<\/p>\n<p><strong>\u00a0<\/strong><\/p>\n<p><strong>HOMIC\u00cdDIOS<\/strong><\/p>\n<table>\n<thead>\n<tr>\n<td><strong>Natureza<\/strong><\/td>\n<td><strong>2024<\/strong><\/td>\n<td><strong>2025<\/strong><\/td>\n<\/tr>\n<\/thead>\n<tbody>\n<tr>\n<td>Homic\u00eddio doloso<\/td>\n<td>25<\/td>\n<td>9<\/td>\n<\/tr>\n<tr>\n<td>Feminic\u00eddio<\/td>\n<td>1<\/td>\n<td>0<\/td>\n<\/tr>\n<tr>\n<td>Les\u00e3o corporal seguida de morte<\/td>\n<td>1<\/td>\n<td>1<\/td>\n<\/tr>\n<tr>\n<td><strong>Total de mortes violentas<\/strong><\/td>\n<td><strong>27<\/strong><\/td>\n<td><strong>10<\/strong><\/td>\n<\/tr>\n<\/tbody>\n<\/table>\n<p><strong>REDU\u00c7\u00c3O DE 62,96%<\/strong><\/p>\n<p><strong>\u00a0<\/strong><\/p>\n<p>REDU\u00c7\u00c3O DE OUTRAS OCORR\u00caNCIAS<\/p>\n<table>\n<tbody>\n<tr>\n<td width=\"215\"><strong>Natureza<\/strong><\/td>\n<td width=\"104\"><strong>2024<\/strong><\/td>\n<td width=\"113\"><strong>2025<\/strong><\/td>\n<td width=\"144\"><strong>redu\u00e7\u00e3o<\/strong><\/td>\n<\/tr>\n<tr>\n<td width=\"215\">Furto de ve\u00edculo<\/td>\n<td width=\"104\">224<\/td>\n<td width=\"113\">126<\/td>\n<td width=\"144\">43,75%<\/td>\n<\/tr>\n<tr>\n<td width=\"215\">Roubo de ve\u00edculo<\/td>\n<td width=\"104\">13<\/td>\n<td width=\"113\">8<\/td>\n<td width=\"144\">38,46%<\/td>\n<\/tr>\n<tr>\n<td width=\"215\">Viol\u00eancia contra a mulher<\/td>\n<td width=\"104\">1.144<\/td>\n<td width=\"113\">1.100<\/td>\n<td width=\"144\">3,85%<\/td>\n<\/tr>\n<tr>\n<td width=\"215\">Amea\u00e7a<\/td>\n<td width=\"104\">1.260<\/td>\n<td width=\"113\">910<\/td>\n<td width=\"144\">27,78%<\/td>\n<\/tr>\n<tr>\n<td width=\"215\">Perturba\u00e7\u00e3o do trabalho ou sossego<\/td>\n<td width=\"104\">509<\/td>\n<td width=\"113\">385<\/td>\n<td width=\"144\">24,36%<\/td>\n<\/tr>\n<tr>\n<td width=\"215\">Les\u00e3o corporal<\/td>\n<td width=\"104\">824<\/td>\n<td width=\"113\">783<\/td>\n<td width=\"144\">4,98%<\/td>\n<\/tr>\n<\/tbody>\n<\/table>\n<p>&nbsp;<\/p>\n<p>AUMENTO DA APREENS\u00c3O DE DROGAS<\/p>\n<table>\n<tbody>\n<tr>\n<td width=\"144\"><strong>Natureza<\/strong><\/td>\n<td width=\"144\"><strong>2024<\/strong><\/td>\n<td width=\"144\"><strong>2025<\/strong><\/td>\n<td width=\"144\"><strong>aumento<\/strong><\/td>\n<\/tr>\n<tr>\n<td width=\"144\">Coca\u00edna<\/td>\n<td width=\"144\">5,47 (Kg)<\/td>\n<td width=\"144\">8,73 (Kg)<\/td>\n<td width=\"144\">59,64%<\/td>\n<\/tr>\n<tr>\n<td width=\"144\">Crack<\/td>\n<td width=\"144\">6,56 (Kg)<\/td>\n<td width=\"144\">7,25 Kg)<\/td>\n<td width=\"144\">10,40%<\/td>\n<\/tr>\n<tr>\n<td width=\"144\">Ecstasy<\/td>\n<td width=\"144\">176 (Unidade)<\/td>\n<td width=\"144\">332 (Unidade)<\/td>\n<td width=\"144\">88,64%<\/td>\n<\/tr>\n<tr>\n<td width=\"144\">LSD<\/td>\n<td width=\"144\">&#8211;<\/td>\n<td width=\"144\">8 (Unidade)<\/td>\n<td width=\"144\"><\/td>\n<\/tr>\n<tr>\n<td width=\"144\">Maconha<\/td>\n<td width=\"144\">21,12 (Kg)<\/td>\n<td width=\"144\">445 (Kg)<\/td>\n<td width=\"144\">2.008%<\/td>\n<\/tr>\n<\/tbody>\n<\/table>\n<p>&nbsp;<\/p>\n","protected":false},"excerpt":{"rendered":"<p>Apucarana registrou, no per&iacute;odo de um ano, avan&ccedil;os significativos em praticamente todos os indicadores de seguran&ccedil;a p&uacute;blica. O n&uacute;mero de homic&iacute;dios &mdash; principal term&ocirc;metro da viol&ecirc;ncia urbana &mdash; apresentou uma redu&ccedil;&atilde;o de 62,96%. Em 2024, foram registrados 27 homic&iacute;dios, contra 10 ocorr&ecirc;ncias em 2025, consolidando uma das maiores quedas percentuais do Paran&aacute;. Os dados, compilados [&hellip;]<\/p>\n","protected":false},"author":6,"featured_media":122638,"comment_status":"closed","ping_status":"closed","sticky":false,"template":"","format":"standard","meta":{"footnotes":""},"categories":[24],"tags":[],"class_list":["post-122615","post","type-post","status-publish","format-standard","has-post-thumbnail","hentry","category-noticias"],"acf":[],"_links":{"self":[{"href":"http:\/\/www.apucarana.pr.gov.br\/site\/wp-json\/wp\/v2\/posts\/122615","targetHints":{"allow":["GET"]}}],"collection":[{"href":"http:\/\/www.apucarana.pr.gov.br\/site\/wp-json\/wp\/v2\/posts"}],"about":[{"href":"http:\/\/www.apucarana.pr.gov.br\/site\/wp-json\/wp\/v2\/types\/post"}],"author":[{"embeddable":true,"href":"http:\/\/www.apucarana.pr.gov.br\/site\/wp-json\/wp\/v2\/users\/6"}],"replies":[{"embeddable":true,"href":"http:\/\/www.apucarana.pr.gov.br\/site\/wp-json\/wp\/v2\/comments?post=122615"}],"version-history":[{"count":5,"href":"http:\/\/www.apucarana.pr.gov.br\/site\/wp-json\/wp\/v2\/posts\/122615\/revisions"}],"predecessor-version":[{"id":122677,"href":"http:\/\/www.apucarana.pr.gov.br\/site\/wp-json\/wp\/v2\/posts\/122615\/revisions\/122677"}],"wp:featuredmedia":[{"embeddable":true,"href":"http:\/\/www.apucarana.pr.gov.br\/site\/wp-json\/wp\/v2\/media\/122638"}],"wp:attachment":[{"href":"http:\/\/www.apucarana.pr.gov.br\/site\/wp-json\/wp\/v2\/media?parent=122615"}],"wp:term":[{"taxonomy":"category","embeddable":true,"href":"http:\/\/www.apucarana.pr.gov.br\/site\/wp-json\/wp\/v2\/categories?post=122615"},{"taxonomy":"post_tag","embeddable":true,"href":"http:\/\/www.apucarana.pr.gov.br\/site\/wp-json\/wp\/v2\/tags?post=122615"}],"curies":[{"name":"wp","href":"https:\/\/api.w.org\/{rel}","templated":true}]}}