{"id":122605,"date":"2026-01-21T16:36:30","date_gmt":"2026-01-21T19:36:30","guid":{"rendered":"https:\/\/www.apucarana.pr.gov.br\/site\/?p=122605"},"modified":"2026-01-21T16:36:30","modified_gmt":"2026-01-21T19:36:30","slug":"prefeitura-alerta-motoristas-sobre-alteracoes-no-transito-para-comemoracoes-do-aniversario-de-apucarana","status":"publish","type":"post","link":"http:\/\/www.apucarana.pr.gov.br\/site\/prefeitura-alerta-motoristas-sobre-alteracoes-no-transito-para-comemoracoes-do-aniversario-de-apucarana\/","title":{"rendered":"Prefeitura alerta motoristas sobre altera\u00e7\u00f5es no tr\u00e2nsito para comemora\u00e7\u00f5es do anivers\u00e1rio de Apucarana"},"content":{"rendered":"\n\t\t<!-- MasterSlider -->\n\t\t<div id=\"P_MS69efe8713093c\" class=\"master-slider-parent master-slider-gallery   ms-parent-id-0\" style=\"\" >\n\n\t\t\t\n\t\t\t<!-- MasterSlider Main -->\n\t\t\t<div id=\"MS69efe8713093c\" class=\"master-slider ms-skin-default\" >\n\t\t\t\t \t\t\t\t \n\t\t\t<div  class=\"ms-slide\" data-delay=\"3\"    >\n\t\t\t\t\t<img decoding=\"async\" src=\"http:\/\/www.apucarana.pr.gov.br\/site\/wp-content\/plugins\/masterslider\/public\/assets\/css\/blank.gif\" alt=\"INTERDI\u00c7\u00c3O\" title=\"INTERDI\u00c7\u00c3O\" data-src=\"http:\/\/www.apucarana.pr.gov.br\/site\/wp-content\/uploads\/2026\/01\/INTERDICAO-1024x576.jpg\" \/>\n\t<a href=\"http:\/\/www.apucarana.pr.gov.br\/site\/wp-content\/uploads\/2026\/01\/INTERDICAO-1024x576.jpg\" target=\"_self\"    >INTERDI\u00c7\u00c3O<\/a>\n\n\n\t<img decoding=\"async\" class=\"ms-thumb\" src=\"http:\/\/www.apucarana.pr.gov.br\/site\/wp-content\/uploads\/2026\/01\/INTERDICAO-1024x576-140x80.jpg\" alt=\"INTERDI\u00c7\u00c3O\" \/>\n\t\t\t\t<\/div>\n\t\t\t<div  class=\"ms-slide\" data-delay=\"3\"    >\n\t\t\t\t\t<img decoding=\"async\" src=\"http:\/\/www.apucarana.pr.gov.br\/site\/wp-content\/plugins\/masterslider\/public\/assets\/css\/blank.gif\" alt=\"CONGESTIONAMENTO\" title=\"CONGESTIONAMENTO\" data-src=\"http:\/\/www.apucarana.pr.gov.br\/site\/wp-content\/uploads\/2026\/01\/CONGESTIONAMENTO-1024x576.jpg\" \/>\n\t<a href=\"http:\/\/www.apucarana.pr.gov.br\/site\/wp-content\/uploads\/2026\/01\/CONGESTIONAMENTO-1024x576.jpg\" target=\"_self\"    >CONGESTIONAMENTO<\/a>\n\n\n\t<img decoding=\"async\" class=\"ms-thumb\" src=\"http:\/\/www.apucarana.pr.gov.br\/site\/wp-content\/uploads\/2026\/01\/CONGESTIONAMENTO-1024x576-140x80.jpg\" alt=\"CONGESTIONAMENTO\" \/>\n\t\t\t\t<\/div>\n\n\t\t\t<\/div>\n\t\t\t<!-- END MasterSlider Main -->\n\n\t\t\t \n\t\t<\/div>\n\t\t<!-- END MasterSlider -->\n\n\t\t<script>\n\t\t( window.MSReady = window.MSReady || [] ).push( function( $ ) {\n\n\t\t\t\"use strict\";\n\t\t\tvar masterslider_093c = new MasterSlider();\n\n\t\t\t\/\/ slider controls\n\t\t\tmasterslider_093c.control('arrows'     ,{ autohide:true, overVideo:true  });\n\t\t\tmasterslider_093c.control('thumblist'  ,{ autohide:false, overVideo:true, dir:'h', speed:17, inset:false, arrows:false, hover:false, customClass:'', align:'bottom',type:'thumbs', margin:2, width:140, height:80, space:2, fillMode:'fill'  });\n\t\t\t\/\/ slider setup\n\t\t\tmasterslider_093c.setup(\"MS69efe8713093c\", {\n\t\t\t\twidth           : 960,\n\t\t\t\theight          : 540,\n\t\t\t\tminHeight       : 0,\n\t\t\t\tspace           : 0,\n\t\t\t\tstart           : 1,\n\t\t\t\tgrabCursor      : true,\n\t\t\t\tswipe           : true,\n\t\t\t\tmouse           : true,\n\t\t\t\tkeyboard        : false,\n\t\t\t\tlayout          : \"fillwidth\",\n\t\t\t\twheel           : false,\n\t\t\t\tautoplay        : true,\n                instantStartLayers:false,\n\t\t\t\tmobileBGVideo:false,\n\t\t\t\tloop            : true,\n\t\t\t\tshuffle         : false,\n\t\t\t\tpreload         : 3,\n\t\t\t\theightLimit     : false,\n\t\t\t\tautoHeight      : false,\n\t\t\t\tsmoothHeight    : true,\n\t\t\t\tendPause        : false,\n\t\t\t\toverPause       : false,\n\t\t\t\tfillMode        : \"fill\",\n\t\t\t\tcenterControls  : true,\n\t\t\t\tstartOnAppear   : false,\n\t\t\t\tlayersMode      : \"center\",\n\t\t\t\tautofillTarget  : \"\",\n\t\t\t\thideLayers      : false,\n\t\t\t\tfullscreenMargin: 0,\n\t\t\t\tspeed           : 17,\n\t\t\t\tdir             : \"h\",\n\t\t\t\tresponsive      : true,\n\t\t\t\ttabletWidth     : 768,\n\t\t\t\ttabletHeight    : null,\n\t\t\t\tphoneWidth      : 480,\n\t\t\t\tphoneHeight    : null,\n\t\t\t\tsizingReference : window,\n\t\t\t\tparallaxMode    : 'swipe',\n\t\t\t\tview            : \"basic\"\n\t\t\t});\n\n\t\t\t\n\t\t\twindow.masterslider_instances = window.masterslider_instances || [];\n\t\t\twindow.masterslider_instances.push( masterslider_093c );\n\t\t});\n\t\t<\/script>\n\n\n<p>A Prefeitura de Apucarana informa que o fluxo do tr\u00e2nsito na regi\u00e3o da Pra\u00e7a Rui Barbosa passar\u00e1 por altera\u00e7\u00f5es a partir desta quinta-feira (22\/01) at\u00e9 dia 31 de janeiro. A medida \u00e9 necess\u00e1ria para a montagem do palco que receber\u00e1 os shows em comemora\u00e7\u00e3o aos 82 anos do munic\u00edpio.<\/p>\n<p>O secret\u00e1rio municipal de Seguran\u00e7a, Transporte, Tr\u00e2nsito, Mobilidade Urbana e Defesa Civil (Segtran), major Vilson Laurentino da Silva, explica que a estrutura ser\u00e1 instalada nas proximidades da Casas Pernambucanas, o que exigir\u00e1 o desvio do tr\u00e1fego para a Rua Rio Branco. \u201cPara isso, iremos inverter o sentido da Rua Rio Branco, permitindo que os ve\u00edculos sigam em dire\u00e7\u00e3o \u00e0 Avenida Munhoz da Rocha\u201d, afirmou.<\/p>\n<p>A Segtran ir\u00e1 instalar faixas informativas ao longo de toda a Avenida Curitiba, desde a rotat\u00f3ria pr\u00f3xima ao Supermercado Amig\u00e3o at\u00e9 a Pra\u00e7a Rui Barbosa. Agentes de tr\u00e2nsito tamb\u00e9m estar\u00e3o no local para orientar os motoristas durante o per\u00edodo de altera\u00e7\u00e3o.<\/p>\n<p>O secret\u00e1rio pede a compreens\u00e3o da popula\u00e7\u00e3o durante o per\u00edodo de mudan\u00e7as. \u201cO tr\u00e2nsito poder\u00e1 ficar um pouco mais lento neste trecho da \u00e1rea central, mas trata-se de uma altera\u00e7\u00e3o tempor\u00e1ria e necess\u00e1ria para garantir a seguran\u00e7a de todos. Os motoristas que desejarem realizar compras no com\u00e9rcio podem utilizar normalmente os estacionamentos localizados entre a Caixa Econ\u00f4mica Federal e a Casas Pernambucanas\u201d, finalizou.<\/p>\n<p>A Prefeitura refor\u00e7a a import\u00e2ncia da aten\u00e7\u00e3o \u00e0 sinaliza\u00e7\u00e3o e \u00e0s orienta\u00e7\u00f5es dos agentes de tr\u00e2nsito, contribuindo para a seguran\u00e7a e o bom andamento das comemora\u00e7\u00f5es do anivers\u00e1rio da cidade.<\/p>\n","protected":false},"excerpt":{"rendered":"<p>A Prefeitura de Apucarana informa que o fluxo do tr&acirc;nsito na regi&atilde;o da Pra&ccedil;a Rui Barbosa passar&aacute; por altera&ccedil;&otilde;es a partir desta quinta-feira (22\/01) at&eacute; dia 31 de janeiro. A medida &eacute; necess&aacute;ria para a montagem do palco que receber&aacute; os shows em comemora&ccedil;&atilde;o aos 82 anos do munic&iacute;pio. O secret&aacute;rio municipal de Seguran&ccedil;a, Transporte, [&hellip;]<\/p>\n","protected":false},"author":8,"featured_media":122604,"comment_status":"closed","ping_status":"closed","sticky":false,"template":"","format":"standard","meta":{"footnotes":""},"categories":[24],"tags":[],"class_list":["post-122605","post","type-post","status-publish","format-standard","has-post-thumbnail","hentry","category-noticias"],"acf":[],"_links":{"self":[{"href":"http:\/\/www.apucarana.pr.gov.br\/site\/wp-json\/wp\/v2\/posts\/122605","targetHints":{"allow":["GET"]}}],"collection":[{"href":"http:\/\/www.apucarana.pr.gov.br\/site\/wp-json\/wp\/v2\/posts"}],"about":[{"href":"http:\/\/www.apucarana.pr.gov.br\/site\/wp-json\/wp\/v2\/types\/post"}],"author":[{"embeddable":true,"href":"http:\/\/www.apucarana.pr.gov.br\/site\/wp-json\/wp\/v2\/users\/8"}],"replies":[{"embeddable":true,"href":"http:\/\/www.apucarana.pr.gov.br\/site\/wp-json\/wp\/v2\/comments?post=122605"}],"version-history":[{"count":1,"href":"http:\/\/www.apucarana.pr.gov.br\/site\/wp-json\/wp\/v2\/posts\/122605\/revisions"}],"predecessor-version":[{"id":122606,"href":"http:\/\/www.apucarana.pr.gov.br\/site\/wp-json\/wp\/v2\/posts\/122605\/revisions\/122606"}],"wp:featuredmedia":[{"embeddable":true,"href":"http:\/\/www.apucarana.pr.gov.br\/site\/wp-json\/wp\/v2\/media\/122604"}],"wp:attachment":[{"href":"http:\/\/www.apucarana.pr.gov.br\/site\/wp-json\/wp\/v2\/media?parent=122605"}],"wp:term":[{"taxonomy":"category","embeddable":true,"href":"http:\/\/www.apucarana.pr.gov.br\/site\/wp-json\/wp\/v2\/categories?post=122605"},{"taxonomy":"post_tag","embeddable":true,"href":"http:\/\/www.apucarana.pr.gov.br\/site\/wp-json\/wp\/v2\/tags?post=122605"}],"curies":[{"name":"wp","href":"https:\/\/api.w.org\/{rel}","templated":true}]}}