{"id":122592,"date":"2026-01-21T14:54:24","date_gmt":"2026-01-21T17:54:24","guid":{"rendered":"https:\/\/www.apucarana.pr.gov.br\/site\/?p=122592"},"modified":"2026-01-21T14:54:24","modified_gmt":"2026-01-21T17:54:24","slug":"prefeitura-de-apucarana-prepara-escolas-e-cmeis-para-garantir-seguranca-e-acolhimento-na-volta-as-aulas","status":"publish","type":"post","link":"http:\/\/www.apucarana.pr.gov.br\/site\/prefeitura-de-apucarana-prepara-escolas-e-cmeis-para-garantir-seguranca-e-acolhimento-na-volta-as-aulas\/","title":{"rendered":"Prefeitura de Apucarana prepara escolas e CMEIs para garantir seguran\u00e7a e acolhimento na volta \u00e0s aulas"},"content":{"rendered":"\n\t\t<!-- MasterSlider -->\n\t\t<div id=\"P_MS69effea6c00d9\" class=\"master-slider-parent master-slider-gallery   ms-parent-id-0\" style=\"\" >\n\n\t\t\t\n\t\t\t<!-- MasterSlider Main -->\n\t\t\t<div id=\"MS69effea6c00d9\" class=\"master-slider ms-skin-default\" >\n\t\t\t\t \t\t\t\t \n\t\t\t<div  class=\"ms-slide\" data-delay=\"3\"    >\n\t\t\t\t\t<img decoding=\"async\" src=\"http:\/\/www.apucarana.pr.gov.br\/site\/wp-content\/plugins\/masterslider\/public\/assets\/css\/blank.gif\" alt=\"20-01-2026_limpeza_escolas-4\" title=\"20-01-2026_limpeza_escolas-4\" data-src=\"http:\/\/www.apucarana.pr.gov.br\/site\/wp-content\/uploads\/2026\/01\/20-01-2026_limpeza_escolas-4-1024x683.jpg\" \/>\n\t<a href=\"http:\/\/www.apucarana.pr.gov.br\/site\/wp-content\/uploads\/2026\/01\/20-01-2026_limpeza_escolas-4-1024x683.jpg\" target=\"_self\"    >20-01-2026_limpeza_escolas-4<\/a>\n\n\n\t<img decoding=\"async\" class=\"ms-thumb\" src=\"http:\/\/www.apucarana.pr.gov.br\/site\/wp-content\/uploads\/2026\/01\/20-01-2026_limpeza_escolas-4-1024x683-140x80.jpg\" alt=\"20-01-2026_limpeza_escolas-4\" \/>\n\t\t\t\t<\/div>\n\t\t\t<div  class=\"ms-slide\" data-delay=\"3\"    >\n\t\t\t\t\t<img decoding=\"async\" src=\"http:\/\/www.apucarana.pr.gov.br\/site\/wp-content\/plugins\/masterslider\/public\/assets\/css\/blank.gif\" alt=\"20-01-2026_limpeza_escolas-8\" title=\"20-01-2026_limpeza_escolas-8\" data-src=\"http:\/\/www.apucarana.pr.gov.br\/site\/wp-content\/uploads\/2026\/01\/20-01-2026_limpeza_escolas-8-1024x683.jpg\" \/>\n\t<a href=\"http:\/\/www.apucarana.pr.gov.br\/site\/wp-content\/uploads\/2026\/01\/20-01-2026_limpeza_escolas-8-1024x683.jpg\" target=\"_self\"    >20-01-2026_limpeza_escolas-8<\/a>\n\n\n\t<img decoding=\"async\" class=\"ms-thumb\" src=\"http:\/\/www.apucarana.pr.gov.br\/site\/wp-content\/uploads\/2026\/01\/20-01-2026_limpeza_escolas-8-1024x683-140x80.jpg\" alt=\"20-01-2026_limpeza_escolas-8\" \/>\n\t\t\t\t<\/div>\n\t\t\t<div  class=\"ms-slide\" data-delay=\"3\"    >\n\t\t\t\t\t<img decoding=\"async\" src=\"http:\/\/www.apucarana.pr.gov.br\/site\/wp-content\/plugins\/masterslider\/public\/assets\/css\/blank.gif\" alt=\"20-01-2026_limpeza_escolas-15\" title=\"20-01-2026_limpeza_escolas-15\" data-src=\"http:\/\/www.apucarana.pr.gov.br\/site\/wp-content\/uploads\/2026\/01\/20-01-2026_limpeza_escolas-15-1024x683.jpg\" \/>\n\t<a href=\"http:\/\/www.apucarana.pr.gov.br\/site\/wp-content\/uploads\/2026\/01\/20-01-2026_limpeza_escolas-15-1024x683.jpg\" target=\"_self\"    >20-01-2026_limpeza_escolas-15<\/a>\n\n\n\t<img decoding=\"async\" class=\"ms-thumb\" src=\"http:\/\/www.apucarana.pr.gov.br\/site\/wp-content\/uploads\/2026\/01\/20-01-2026_limpeza_escolas-15-1024x683-140x80.jpg\" alt=\"20-01-2026_limpeza_escolas-15\" \/>\n\t\t\t\t<\/div>\n\t\t\t<div  class=\"ms-slide\" data-delay=\"3\"    >\n\t\t\t\t\t<img decoding=\"async\" src=\"http:\/\/www.apucarana.pr.gov.br\/site\/wp-content\/plugins\/masterslider\/public\/assets\/css\/blank.gif\" alt=\"20-01-2026_limpeza_escolas-23\" title=\"20-01-2026_limpeza_escolas-23\" data-src=\"http:\/\/www.apucarana.pr.gov.br\/site\/wp-content\/uploads\/2026\/01\/20-01-2026_limpeza_escolas-23-1024x683.jpg\" \/>\n\t<a href=\"http:\/\/www.apucarana.pr.gov.br\/site\/wp-content\/uploads\/2026\/01\/20-01-2026_limpeza_escolas-23-1024x683.jpg\" target=\"_self\"    >20-01-2026_limpeza_escolas-23<\/a>\n\n\n\t<img decoding=\"async\" class=\"ms-thumb\" src=\"http:\/\/www.apucarana.pr.gov.br\/site\/wp-content\/uploads\/2026\/01\/20-01-2026_limpeza_escolas-23-1024x683-140x80.jpg\" alt=\"20-01-2026_limpeza_escolas-23\" \/>\n\t\t\t\t<\/div>\n\t\t\t<div  class=\"ms-slide\" data-delay=\"3\"    >\n\t\t\t\t\t<img decoding=\"async\" src=\"http:\/\/www.apucarana.pr.gov.br\/site\/wp-content\/plugins\/masterslider\/public\/assets\/css\/blank.gif\" alt=\"20-01-2026_limpeza_escolas-24\" title=\"20-01-2026_limpeza_escolas-24\" data-src=\"http:\/\/www.apucarana.pr.gov.br\/site\/wp-content\/uploads\/2026\/01\/20-01-2026_limpeza_escolas-24-1024x683.jpg\" \/>\n\t<a href=\"http:\/\/www.apucarana.pr.gov.br\/site\/wp-content\/uploads\/2026\/01\/20-01-2026_limpeza_escolas-24-1024x683.jpg\" target=\"_self\"    >20-01-2026_limpeza_escolas-24<\/a>\n\n\n\t<img decoding=\"async\" class=\"ms-thumb\" src=\"http:\/\/www.apucarana.pr.gov.br\/site\/wp-content\/uploads\/2026\/01\/20-01-2026_limpeza_escolas-24-1024x683-140x80.jpg\" alt=\"20-01-2026_limpeza_escolas-24\" \/>\n\t\t\t\t<\/div>\n\t\t\t<div  class=\"ms-slide\" data-delay=\"3\"    >\n\t\t\t\t\t<img decoding=\"async\" src=\"http:\/\/www.apucarana.pr.gov.br\/site\/wp-content\/plugins\/masterslider\/public\/assets\/css\/blank.gif\" alt=\"20-01-2026_limpeza_escolas-26\" title=\"20-01-2026_limpeza_escolas-26\" data-src=\"http:\/\/www.apucarana.pr.gov.br\/site\/wp-content\/uploads\/2026\/01\/20-01-2026_limpeza_escolas-26-1024x683.jpg\" \/>\n\t<a href=\"http:\/\/www.apucarana.pr.gov.br\/site\/wp-content\/uploads\/2026\/01\/20-01-2026_limpeza_escolas-26-1024x683.jpg\" target=\"_self\"    >20-01-2026_limpeza_escolas-26<\/a>\n\n\n\t<img decoding=\"async\" class=\"ms-thumb\" src=\"http:\/\/www.apucarana.pr.gov.br\/site\/wp-content\/uploads\/2026\/01\/20-01-2026_limpeza_escolas-26-1024x683-140x80.jpg\" alt=\"20-01-2026_limpeza_escolas-26\" \/>\n\t\t\t\t<\/div>\n\t\t\t<div  class=\"ms-slide\" data-delay=\"3\"    >\n\t\t\t\t\t<img decoding=\"async\" src=\"http:\/\/www.apucarana.pr.gov.br\/site\/wp-content\/plugins\/masterslider\/public\/assets\/css\/blank.gif\" alt=\"20-01-2026_limpeza_escolas-31\" title=\"20-01-2026_limpeza_escolas-31\" data-src=\"http:\/\/www.apucarana.pr.gov.br\/site\/wp-content\/uploads\/2026\/01\/20-01-2026_limpeza_escolas-31-1024x683.jpg\" \/>\n\t<a href=\"http:\/\/www.apucarana.pr.gov.br\/site\/wp-content\/uploads\/2026\/01\/20-01-2026_limpeza_escolas-31-1024x683.jpg\" target=\"_self\"    >20-01-2026_limpeza_escolas-31<\/a>\n\n\n\t<img decoding=\"async\" class=\"ms-thumb\" src=\"http:\/\/www.apucarana.pr.gov.br\/site\/wp-content\/uploads\/2026\/01\/20-01-2026_limpeza_escolas-31-1024x683-140x80.jpg\" alt=\"20-01-2026_limpeza_escolas-31\" \/>\n\t\t\t\t<\/div>\n\n\t\t\t<\/div>\n\t\t\t<!-- END MasterSlider Main -->\n\n\t\t\t \n\t\t<\/div>\n\t\t<!-- END MasterSlider -->\n\n\t\t<script>\n\t\t( window.MSReady = window.MSReady || [] ).push( function( $ ) {\n\n\t\t\t\"use strict\";\n\t\t\tvar masterslider_00d9 = new MasterSlider();\n\n\t\t\t\/\/ slider controls\n\t\t\tmasterslider_00d9.control('arrows'     ,{ autohide:true, overVideo:true  });\n\t\t\tmasterslider_00d9.control('thumblist'  ,{ autohide:false, overVideo:true, dir:'h', speed:17, inset:false, arrows:false, hover:false, customClass:'', align:'bottom',type:'thumbs', margin:2, width:140, height:80, space:2, fillMode:'fill'  });\n\t\t\t\/\/ slider setup\n\t\t\tmasterslider_00d9.setup(\"MS69effea6c00d9\", {\n\t\t\t\twidth           : 960,\n\t\t\t\theight          : 540,\n\t\t\t\tminHeight       : 0,\n\t\t\t\tspace           : 0,\n\t\t\t\tstart           : 1,\n\t\t\t\tgrabCursor      : true,\n\t\t\t\tswipe           : true,\n\t\t\t\tmouse           : true,\n\t\t\t\tkeyboard        : false,\n\t\t\t\tlayout          : \"fillwidth\",\n\t\t\t\twheel           : false,\n\t\t\t\tautoplay        : true,\n                instantStartLayers:false,\n\t\t\t\tmobileBGVideo:false,\n\t\t\t\tloop            : true,\n\t\t\t\tshuffle         : false,\n\t\t\t\tpreload         : 3,\n\t\t\t\theightLimit     : false,\n\t\t\t\tautoHeight      : false,\n\t\t\t\tsmoothHeight    : true,\n\t\t\t\tendPause        : false,\n\t\t\t\toverPause       : false,\n\t\t\t\tfillMode        : \"fill\",\n\t\t\t\tcenterControls  : true,\n\t\t\t\tstartOnAppear   : false,\n\t\t\t\tlayersMode      : \"center\",\n\t\t\t\tautofillTarget  : \"\",\n\t\t\t\thideLayers      : false,\n\t\t\t\tfullscreenMargin: 0,\n\t\t\t\tspeed           : 17,\n\t\t\t\tdir             : \"h\",\n\t\t\t\tresponsive      : true,\n\t\t\t\ttabletWidth     : 768,\n\t\t\t\ttabletHeight    : null,\n\t\t\t\tphoneWidth      : 480,\n\t\t\t\tphoneHeight    : null,\n\t\t\t\tsizingReference : window,\n\t\t\t\tparallaxMode    : 'swipe',\n\t\t\t\tview            : \"basic\"\n\t\t\t});\n\n\t\t\t\n\t\t\twindow.masterslider_instances = window.masterslider_instances || [];\n\t\t\twindow.masterslider_instances.push( masterslider_00d9 );\n\t\t});\n\t\t<\/script>\n\n\n<p>As escolas e Centros Municipais de Educa\u00e7\u00e3o Infantil (CMEIs) da rede municipal de Apucarana come\u00e7aram a receber nesta semana uma s\u00e9rie de servi\u00e7os de manuten\u00e7\u00e3o e prepara\u00e7\u00e3o para o in\u00edcio do ano letivo, marcado para o dia 4 de fevereiro. A a\u00e7\u00e3o da Prefeitura tem como foco garantir ambientes seguros, organizados e acolhedores para alunos, professores e servidores no retorno \u00e0s atividades pedag\u00f3gicas.<\/p>\n<p>Ao todo, 36 escolas e 24 CMEIs passam por servi\u00e7os como dedetiza\u00e7\u00e3o, limpeza de caixas d\u2019\u00e1gua, ro\u00e7agem e revis\u00e3o geral das estruturas f\u00edsicas. A frota municipal, composta por cerca de 40 ve\u00edculos utilizados no transporte e apoio \u00e0 educa\u00e7\u00e3o, tamb\u00e9m est\u00e1 passando por manuten\u00e7\u00e3o preventiva. Neste ano, a rede municipal contar\u00e1 com aproximadamente 12 mil alunos matriculados na educa\u00e7\u00e3o infantil e no ensino fundamental I (1\u00ba ao 5\u00ba ano), em um calend\u00e1rio de 200 dias letivos, divididos em dois semestres. O ano letivo come\u00e7ar\u00e1 em fevereiro e ser\u00e1 finalizado em dezembro.<\/p>\n<p>O prefeito Rodolfo Mota ressaltou que o planejamento antecipado reflete o compromisso da gest\u00e3o com a seguran\u00e7a e o bem-estar da comunidade escolar. \u201cEstamos trabalhando com planejamento e responsabilidade para garantir que alunos, professores, servidores e fam\u00edlias encontrem ambientes seguros, organizados e acolhedores neste in\u00edcio de ano letivo. Cuidar das escolas \u00e9 cuidar das pessoas, \u00e9 investir no presente para assegurar um futuro melhor para Apucarana\u201d, afirmou.<\/p>\n<p>Antes do retorno dos alunos \u00e0s salas de aula, os profissionais da rede municipal de ensino participam de dois dias de forma\u00e7\u00e3o continuada. A secret\u00e1ria municipal de Educa\u00e7\u00e3o, Ana Paula do Carmo Donato, destaca que a programa\u00e7\u00e3o refor\u00e7a a prepara\u00e7\u00e3o pedag\u00f3gica e o acolhimento dos servidores. \u201cA expectativa para o retorno das aulas \u00e9 muito positiva. Estamos trabalhando de forma planejada para que todas as unidades estejam prontas para receber nossos alunos com seguran\u00e7a, organiza\u00e7\u00e3o e qualidade\u201d, refor\u00e7ou.<\/p>\n<p>Segundo a secret\u00e1ria, a forma\u00e7\u00e3o continuada acontece nos dias 2 e 3 de fevereiro. \u201cNo primeiro dia, as atividades ser\u00e3o realizadas nas escolas e CMEIs onde cada profissional atua. No segundo dia, teremos um grande evento de acolhida no Clube de Campo \u00c1gua Azul, com a participa\u00e7\u00e3o do prefeito Rodolfo Mota\u201d, informou.<\/p>\n<p>O superintendente pedag\u00f3gico da Autarquia Municipal de Educa\u00e7\u00e3o (AME), Pablo Costa e Silva, assinala que, nesta fase de preparativos, cada escola e CMEI est\u00e1 recebendo aten\u00e7\u00e3o especial. \u201cEstamos cuidando de todos os espa\u00e7os com limpeza geral, higieniza\u00e7\u00e3o das caixas d\u2019\u00e1gua e ro\u00e7agem, porque entendemos que um ambiente adequado contribui diretamente para o aprendizado\u201d, destacou.<\/p>\n<p>De acordo com o superintendente, o calend\u00e1rio letivo est\u00e1 organizado em quatro bimestres: o primeiro de 4 de fevereiro a 23 de abril; o segundo de 24 de abril a 7 de julho; o terceiro de 27 de julho a 5 de outubro; e o quarto de 6 de outubro a 18 de dezembro. \u201cO calend\u00e1rio contempla feriados nacionais e municipais, recesso escolar, al\u00e9m de datas comemorativas e eventos pedag\u00f3gicos ao longo do ano\u201d, explicou. O calend\u00e1rio completo est\u00e1 dispon\u00edvel no site oficial do munic\u00edpio, no endere\u00e7o:\u00a0 https:\/\/www.apucarana.pr.gov.br\/ame.<\/p>\n","protected":false},"excerpt":{"rendered":"<p>As escolas e Centros Municipais de Educa&ccedil;&atilde;o Infantil (CMEIs) da rede municipal de Apucarana come&ccedil;aram a receber nesta semana uma s&eacute;rie de servi&ccedil;os de manuten&ccedil;&atilde;o e prepara&ccedil;&atilde;o para o in&iacute;cio do ano letivo, marcado para o dia 4 de fevereiro. A a&ccedil;&atilde;o da Prefeitura tem como foco garantir ambientes seguros, organizados e acolhedores para alunos, [&hellip;]<\/p>\n","protected":false},"author":7,"featured_media":122597,"comment_status":"closed","ping_status":"closed","sticky":false,"template":"","format":"standard","meta":{"footnotes":""},"categories":[24],"tags":[],"class_list":["post-122592","post","type-post","status-publish","format-standard","has-post-thumbnail","hentry","category-noticias"],"acf":[],"_links":{"self":[{"href":"http:\/\/www.apucarana.pr.gov.br\/site\/wp-json\/wp\/v2\/posts\/122592","targetHints":{"allow":["GET"]}}],"collection":[{"href":"http:\/\/www.apucarana.pr.gov.br\/site\/wp-json\/wp\/v2\/posts"}],"about":[{"href":"http:\/\/www.apucarana.pr.gov.br\/site\/wp-json\/wp\/v2\/types\/post"}],"author":[{"embeddable":true,"href":"http:\/\/www.apucarana.pr.gov.br\/site\/wp-json\/wp\/v2\/users\/7"}],"replies":[{"embeddable":true,"href":"http:\/\/www.apucarana.pr.gov.br\/site\/wp-json\/wp\/v2\/comments?post=122592"}],"version-history":[{"count":1,"href":"http:\/\/www.apucarana.pr.gov.br\/site\/wp-json\/wp\/v2\/posts\/122592\/revisions"}],"predecessor-version":[{"id":122601,"href":"http:\/\/www.apucarana.pr.gov.br\/site\/wp-json\/wp\/v2\/posts\/122592\/revisions\/122601"}],"wp:featuredmedia":[{"embeddable":true,"href":"http:\/\/www.apucarana.pr.gov.br\/site\/wp-json\/wp\/v2\/media\/122597"}],"wp:attachment":[{"href":"http:\/\/www.apucarana.pr.gov.br\/site\/wp-json\/wp\/v2\/media?parent=122592"}],"wp:term":[{"taxonomy":"category","embeddable":true,"href":"http:\/\/www.apucarana.pr.gov.br\/site\/wp-json\/wp\/v2\/categories?post=122592"},{"taxonomy":"post_tag","embeddable":true,"href":"http:\/\/www.apucarana.pr.gov.br\/site\/wp-json\/wp\/v2\/tags?post=122592"}],"curies":[{"name":"wp","href":"https:\/\/api.w.org\/{rel}","templated":true}]}}