{"id":122590,"date":"2026-01-21T14:50:28","date_gmt":"2026-01-21T17:50:28","guid":{"rendered":"https:\/\/www.apucarana.pr.gov.br\/site\/?p=122590"},"modified":"2026-01-21T14:52:33","modified_gmt":"2026-01-21T17:52:33","slug":"polo-uab-de-apucarana-divulga-inscricoes-para-especializacao-gratuita-em-educacao-de-jovens-e-adultos-do-campo","status":"publish","type":"post","link":"http:\/\/www.apucarana.pr.gov.br\/site\/polo-uab-de-apucarana-divulga-inscricoes-para-especializacao-gratuita-em-educacao-de-jovens-e-adultos-do-campo\/","title":{"rendered":"Polo UAB de Apucarana divulga inscri\u00e7\u00f5es para especializa\u00e7\u00e3o gratuita em Educa\u00e7\u00e3o de Jovens e Adultos do Campo"},"content":{"rendered":"<p>A coordena\u00e7\u00e3o do polo apucaranense da Universidade Aberta do Brasil (Polo UAB &#8211; Apucarana) informa que est\u00e3o abertas as inscri\u00e7\u00f5es para o curso de Especializa\u00e7\u00e3o em Educa\u00e7\u00e3o de Jovens e Adultos do Campo. A forma\u00e7\u00e3o ser\u00e1 ofertada pela Universidade Federal do Paran\u00e1 (UFPR), na modalidade de Educa\u00e7\u00e3o a Dist\u00e2ncia (EaD), com encontros presenciais obrigat\u00f3rios no polo, e representa uma importante oportunidade de qualifica\u00e7\u00e3o gratuita para profissionais da educa\u00e7\u00e3o.<\/p>\n<p>Voltado \u00e0 forma\u00e7\u00e3o de educadores e educadoras que atuam em escolas p\u00fablicas, tanto no contexto rural quanto urbano, o curso tem como objetivo preparar profissionais comprometidos com os princ\u00edpios da Educa\u00e7\u00e3o do Campo e com o desenvolvimento social sustent\u00e1vel, especialmente no contexto da Educa\u00e7\u00e3o de Jovens e Adultos (EJA).<\/p>\n<p>Com carga hor\u00e1ria total de 360 horas de atividades acad\u00eamicas, acrescidas da elabora\u00e7\u00e3o e apresenta\u00e7\u00e3o do Trabalho de Conclus\u00e3o de Curso (TCC), a especializa\u00e7\u00e3o contar\u00e1 com aulas, f\u00f3runs, chats, avalia\u00e7\u00f5es e demais atividades desenvolvidas em ambiente virtual de aprendizagem. Todo o processo ser\u00e1 mediado por docentes e tutores, com o apoio de recursos did\u00e1tico-tecnol\u00f3gicos, al\u00e9m de encontros presenciais obrigat\u00f3rios no polo.<\/p>\n<p>Entre os documentos exigidos dos candidatos est\u00e3o RG, CPF, foto atual (3&#215;3 ou 4&#215;4) e uma foto externa em ambiente bem iluminado (no caso daqueles que concorrem \u00e0s vagas reservadas para pessoas negras, pretas ou pardas), diploma de gradua\u00e7\u00e3o ou declara\u00e7\u00e3o de cola\u00e7\u00e3o de grau e carta de inten\u00e7\u00e3o, conforme modelo disponibilizado pela UFPR.<\/p>\n<p>O Polo UAB Apucarana contar\u00e1 com 30 vagas. Desse total, 65% ser\u00e3o destinadas \u00e0 ampla concorr\u00eancia e 35% \u00e0 reserva de vagas, distribu\u00eddas da seguinte forma: 25% para pessoas negras, pretas ou pardas, ind\u00edgenas, quilombolas, pessoas com defici\u00eancia e pessoas transg\u00eanero e travestis; 5% para servidores da UFPR e empregados das funda\u00e7\u00f5es de apoio (FUNPAR e Funda\u00e7\u00e3o Arauc\u00e1ria); e 5% para pessoas privadas de liberdade.<\/p>\n<p>As inscri\u00e7\u00f5es s\u00e3o gratuitas e devem ser realizadas exclusivamente pela internet, at\u00e9 o dia 5 de fevereiro de 2026, por meio do formul\u00e1rio dispon\u00edvel no <a href=\"https:\/\/siga.ufpr.br\/siga\/visitante\/processoseletivo\/index.jsp?sequencial=5200\">site da UFPR<\/a>.<\/p>\n<p>Outras informa\u00e7\u00f5es sobre crit\u00e9rios, etapas do processo seletivo e cronograma completo est\u00e3o dispon\u00edveis no <a href=\"https:\/\/cipead.ufpr.br\/wp-content\/uploads\/2026\/01\/SEI_8502638_Edital_02.pdf\">Edital de Abertura<\/a> e no <a href=\"https:\/\/cipead.ufpr.br\/wp-content\/uploads\/2026\/01\/SEI_8530122_Edital_02.pdf\">Edital de Prorroga\u00e7\u00e3o das Inscri\u00e7\u00f5es<\/a>.<\/p>\n<p>&nbsp;<\/p>\n","protected":false},"excerpt":{"rendered":"<p>A coordena&ccedil;&atilde;o do polo apucaranense da Universidade Aberta do Brasil (Polo UAB &ndash; Apucarana) informa que est&atilde;o abertas as inscri&ccedil;&otilde;es para o curso de Especializa&ccedil;&atilde;o em Educa&ccedil;&atilde;o de Jovens e Adultos do Campo. A forma&ccedil;&atilde;o ser&aacute; ofertada pela Universidade Federal do Paran&aacute; (UFPR), na modalidade de Educa&ccedil;&atilde;o a Dist&acirc;ncia (EaD), com encontros presenciais obrigat&oacute;rios no [&hellip;]<\/p>\n","protected":false},"author":8,"featured_media":122591,"comment_status":"closed","ping_status":"closed","sticky":false,"template":"","format":"standard","meta":{"footnotes":""},"categories":[24],"tags":[],"class_list":["post-122590","post","type-post","status-publish","format-standard","has-post-thumbnail","hentry","category-noticias"],"acf":[],"_links":{"self":[{"href":"http:\/\/www.apucarana.pr.gov.br\/site\/wp-json\/wp\/v2\/posts\/122590","targetHints":{"allow":["GET"]}}],"collection":[{"href":"http:\/\/www.apucarana.pr.gov.br\/site\/wp-json\/wp\/v2\/posts"}],"about":[{"href":"http:\/\/www.apucarana.pr.gov.br\/site\/wp-json\/wp\/v2\/types\/post"}],"author":[{"embeddable":true,"href":"http:\/\/www.apucarana.pr.gov.br\/site\/wp-json\/wp\/v2\/users\/8"}],"replies":[{"embeddable":true,"href":"http:\/\/www.apucarana.pr.gov.br\/site\/wp-json\/wp\/v2\/comments?post=122590"}],"version-history":[{"count":1,"href":"http:\/\/www.apucarana.pr.gov.br\/site\/wp-json\/wp\/v2\/posts\/122590\/revisions"}],"predecessor-version":[{"id":122593,"href":"http:\/\/www.apucarana.pr.gov.br\/site\/wp-json\/wp\/v2\/posts\/122590\/revisions\/122593"}],"wp:featuredmedia":[{"embeddable":true,"href":"http:\/\/www.apucarana.pr.gov.br\/site\/wp-json\/wp\/v2\/media\/122591"}],"wp:attachment":[{"href":"http:\/\/www.apucarana.pr.gov.br\/site\/wp-json\/wp\/v2\/media?parent=122590"}],"wp:term":[{"taxonomy":"category","embeddable":true,"href":"http:\/\/www.apucarana.pr.gov.br\/site\/wp-json\/wp\/v2\/categories?post=122590"},{"taxonomy":"post_tag","embeddable":true,"href":"http:\/\/www.apucarana.pr.gov.br\/site\/wp-json\/wp\/v2\/tags?post=122590"}],"curies":[{"name":"wp","href":"https:\/\/api.w.org\/{rel}","templated":true}]}}