{"id":122559,"date":"2026-01-21T12:03:05","date_gmt":"2026-01-21T15:03:05","guid":{"rendered":"https:\/\/www.apucarana.pr.gov.br\/site\/?p=122559"},"modified":"2026-01-22T11:08:24","modified_gmt":"2026-01-22T14:08:24","slug":"prefeitura-de-apucarana-inicia-reconstrucao-do-patio-de-maquinas-para-garantir-condicoes-dignas-de-trabalho-aos-servidores","status":"publish","type":"post","link":"http:\/\/www.apucarana.pr.gov.br\/site\/prefeitura-de-apucarana-inicia-reconstrucao-do-patio-de-maquinas-para-garantir-condicoes-dignas-de-trabalho-aos-servidores\/","title":{"rendered":"Prefeitura de Apucarana inicia reconstru\u00e7\u00e3o do P\u00e1tio de M\u00e1quinas para garantir dignidade aos servidores e mais cuidado com a cidade"},"content":{"rendered":"\n\t\t<!-- MasterSlider -->\n\t\t<div id=\"P_MS69f040498d0ef\" class=\"master-slider-parent master-slider-gallery   ms-parent-id-0\" style=\"\" >\n\n\t\t\t\n\t\t\t<!-- MasterSlider Main -->\n\t\t\t<div id=\"MS69f040498d0ef\" class=\"master-slider ms-skin-default\" >\n\t\t\t\t \t\t\t\t \n\t\t\t<div  class=\"ms-slide\" data-delay=\"3\"    >\n\t\t\t\t\t<img decoding=\"async\" src=\"http:\/\/www.apucarana.pr.gov.br\/site\/wp-content\/plugins\/masterslider\/public\/assets\/css\/blank.gif\" alt=\"21-01-2026_obras_patio_de_maquinas-9\" title=\"21-01-2026_obras_patio_de_maquinas-9\" data-src=\"http:\/\/www.apucarana.pr.gov.br\/site\/wp-content\/uploads\/2026\/01\/21-01-2026_obras_patio_de_maquinas-9-1024x683.jpg\" \/>\n\t<a href=\"http:\/\/www.apucarana.pr.gov.br\/site\/wp-content\/uploads\/2026\/01\/21-01-2026_obras_patio_de_maquinas-9-1024x683.jpg\" target=\"_self\"    >21-01-2026_obras_patio_de_maquinas-9<\/a>\n\n\n\t<img decoding=\"async\" class=\"ms-thumb\" src=\"http:\/\/www.apucarana.pr.gov.br\/site\/wp-content\/uploads\/2026\/01\/21-01-2026_obras_patio_de_maquinas-9-1024x683-140x80.jpg\" alt=\"21-01-2026_obras_patio_de_maquinas-9\" \/>\n\t\t\t\t<\/div>\n\t\t\t<div  class=\"ms-slide\" data-delay=\"3\"    >\n\t\t\t\t\t<img decoding=\"async\" src=\"http:\/\/www.apucarana.pr.gov.br\/site\/wp-content\/plugins\/masterslider\/public\/assets\/css\/blank.gif\" alt=\"21-01-2026_obras_patio_de_maquinas-5\" title=\"21-01-2026_obras_patio_de_maquinas-5\" data-src=\"http:\/\/www.apucarana.pr.gov.br\/site\/wp-content\/uploads\/2026\/01\/21-01-2026_obras_patio_de_maquinas-5-1024x683.jpg\" \/>\n\t<a href=\"http:\/\/www.apucarana.pr.gov.br\/site\/wp-content\/uploads\/2026\/01\/21-01-2026_obras_patio_de_maquinas-5-1024x683.jpg\" target=\"_self\"    >21-01-2026_obras_patio_de_maquinas-5<\/a>\n\n\n\t<img decoding=\"async\" class=\"ms-thumb\" src=\"http:\/\/www.apucarana.pr.gov.br\/site\/wp-content\/uploads\/2026\/01\/21-01-2026_obras_patio_de_maquinas-5-1024x683-140x80.jpg\" alt=\"21-01-2026_obras_patio_de_maquinas-5\" \/>\n\t\t\t\t<\/div>\n\t\t\t<div  class=\"ms-slide\" data-delay=\"3\"    >\n\t\t\t\t\t<img decoding=\"async\" src=\"http:\/\/www.apucarana.pr.gov.br\/site\/wp-content\/plugins\/masterslider\/public\/assets\/css\/blank.gif\" alt=\"21-01-2026_obras_patio_de_maquinas-15\" title=\"21-01-2026_obras_patio_de_maquinas-15\" data-src=\"http:\/\/www.apucarana.pr.gov.br\/site\/wp-content\/uploads\/2026\/01\/21-01-2026_obras_patio_de_maquinas-15-1024x683.jpg\" \/>\n\t<a href=\"http:\/\/www.apucarana.pr.gov.br\/site\/wp-content\/uploads\/2026\/01\/21-01-2026_obras_patio_de_maquinas-15-1024x683.jpg\" target=\"_self\"    >21-01-2026_obras_patio_de_maquinas-15<\/a>\n\n\n\t<img decoding=\"async\" class=\"ms-thumb\" src=\"http:\/\/www.apucarana.pr.gov.br\/site\/wp-content\/uploads\/2026\/01\/21-01-2026_obras_patio_de_maquinas-15-1024x683-140x80.jpg\" alt=\"21-01-2026_obras_patio_de_maquinas-15\" \/>\n\t\t\t\t<\/div>\n\t\t\t<div  class=\"ms-slide\" data-delay=\"3\"    >\n\t\t\t\t\t<img decoding=\"async\" src=\"http:\/\/www.apucarana.pr.gov.br\/site\/wp-content\/plugins\/masterslider\/public\/assets\/css\/blank.gif\" alt=\"21-01-2026_obras_patio_de_maquinas-30\" title=\"21-01-2026_obras_patio_de_maquinas-30\" data-src=\"http:\/\/www.apucarana.pr.gov.br\/site\/wp-content\/uploads\/2026\/01\/21-01-2026_obras_patio_de_maquinas-30-1024x683.jpg\" \/>\n\t<a href=\"http:\/\/www.apucarana.pr.gov.br\/site\/wp-content\/uploads\/2026\/01\/21-01-2026_obras_patio_de_maquinas-30-1024x683.jpg\" target=\"_self\"    >21-01-2026_obras_patio_de_maquinas-30<\/a>\n\n\n\t<img decoding=\"async\" class=\"ms-thumb\" src=\"http:\/\/www.apucarana.pr.gov.br\/site\/wp-content\/uploads\/2026\/01\/21-01-2026_obras_patio_de_maquinas-30-1024x683-140x80.jpg\" alt=\"21-01-2026_obras_patio_de_maquinas-30\" \/>\n\t\t\t\t<\/div>\n\t\t\t<div  class=\"ms-slide\" data-delay=\"3\"    >\n\t\t\t\t\t<img decoding=\"async\" src=\"http:\/\/www.apucarana.pr.gov.br\/site\/wp-content\/plugins\/masterslider\/public\/assets\/css\/blank.gif\" alt=\"21-01-2026_obras_patio_de_maquinas-36\" title=\"21-01-2026_obras_patio_de_maquinas-36\" data-src=\"http:\/\/www.apucarana.pr.gov.br\/site\/wp-content\/uploads\/2026\/01\/21-01-2026_obras_patio_de_maquinas-36-1024x683.jpg\" \/>\n\t<a href=\"http:\/\/www.apucarana.pr.gov.br\/site\/wp-content\/uploads\/2026\/01\/21-01-2026_obras_patio_de_maquinas-36-1024x683.jpg\" target=\"_self\"    >21-01-2026_obras_patio_de_maquinas-36<\/a>\n\n\n\t<img decoding=\"async\" class=\"ms-thumb\" src=\"http:\/\/www.apucarana.pr.gov.br\/site\/wp-content\/uploads\/2026\/01\/21-01-2026_obras_patio_de_maquinas-36-1024x683-140x80.jpg\" alt=\"21-01-2026_obras_patio_de_maquinas-36\" \/>\n\t\t\t\t<\/div>\n\t\t\t<div  class=\"ms-slide\" data-delay=\"3\"    >\n\t\t\t\t\t<img decoding=\"async\" src=\"http:\/\/www.apucarana.pr.gov.br\/site\/wp-content\/plugins\/masterslider\/public\/assets\/css\/blank.gif\" alt=\"21-01-2026_obras_patio_de_maquinas-43\" title=\"21-01-2026_obras_patio_de_maquinas-43\" data-src=\"http:\/\/www.apucarana.pr.gov.br\/site\/wp-content\/uploads\/2026\/01\/21-01-2026_obras_patio_de_maquinas-43-1024x683.jpg\" \/>\n\t<a href=\"http:\/\/www.apucarana.pr.gov.br\/site\/wp-content\/uploads\/2026\/01\/21-01-2026_obras_patio_de_maquinas-43-1024x683.jpg\" target=\"_self\"    >21-01-2026_obras_patio_de_maquinas-43<\/a>\n\n\n\t<img decoding=\"async\" class=\"ms-thumb\" src=\"http:\/\/www.apucarana.pr.gov.br\/site\/wp-content\/uploads\/2026\/01\/21-01-2026_obras_patio_de_maquinas-43-1024x683-140x80.jpg\" alt=\"21-01-2026_obras_patio_de_maquinas-43\" \/>\n\t\t\t\t<\/div>\n\n\t\t\t<\/div>\n\t\t\t<!-- END MasterSlider Main -->\n\n\t\t\t \n\t\t<\/div>\n\t\t<!-- END MasterSlider -->\n\n\t\t<script>\n\t\t( window.MSReady = window.MSReady || [] ).push( function( $ ) {\n\n\t\t\t\"use strict\";\n\t\t\tvar masterslider_d0ef = new MasterSlider();\n\n\t\t\t\/\/ slider controls\n\t\t\tmasterslider_d0ef.control('arrows'     ,{ autohide:true, overVideo:true  });\n\t\t\tmasterslider_d0ef.control('thumblist'  ,{ autohide:false, overVideo:true, dir:'h', speed:17, inset:false, arrows:false, hover:false, customClass:'', align:'bottom',type:'thumbs', margin:2, width:140, height:80, space:2, fillMode:'fill'  });\n\t\t\t\/\/ slider setup\n\t\t\tmasterslider_d0ef.setup(\"MS69f040498d0ef\", {\n\t\t\t\twidth           : 960,\n\t\t\t\theight          : 540,\n\t\t\t\tminHeight       : 0,\n\t\t\t\tspace           : 0,\n\t\t\t\tstart           : 1,\n\t\t\t\tgrabCursor      : true,\n\t\t\t\tswipe           : true,\n\t\t\t\tmouse           : true,\n\t\t\t\tkeyboard        : false,\n\t\t\t\tlayout          : \"fillwidth\",\n\t\t\t\twheel           : false,\n\t\t\t\tautoplay        : true,\n                instantStartLayers:false,\n\t\t\t\tmobileBGVideo:false,\n\t\t\t\tloop            : true,\n\t\t\t\tshuffle         : false,\n\t\t\t\tpreload         : 3,\n\t\t\t\theightLimit     : false,\n\t\t\t\tautoHeight      : false,\n\t\t\t\tsmoothHeight    : true,\n\t\t\t\tendPause        : false,\n\t\t\t\toverPause       : false,\n\t\t\t\tfillMode        : \"fill\",\n\t\t\t\tcenterControls  : true,\n\t\t\t\tstartOnAppear   : false,\n\t\t\t\tlayersMode      : \"center\",\n\t\t\t\tautofillTarget  : \"\",\n\t\t\t\thideLayers      : false,\n\t\t\t\tfullscreenMargin: 0,\n\t\t\t\tspeed           : 17,\n\t\t\t\tdir             : \"h\",\n\t\t\t\tresponsive      : true,\n\t\t\t\ttabletWidth     : 768,\n\t\t\t\ttabletHeight    : null,\n\t\t\t\tphoneWidth      : 480,\n\t\t\t\tphoneHeight    : null,\n\t\t\t\tsizingReference : window,\n\t\t\t\tparallaxMode    : 'swipe',\n\t\t\t\tview            : \"basic\"\n\t\t\t});\n\n\t\t\t\n\t\t\twindow.masterslider_instances = window.masterslider_instances || [];\n\t\t\twindow.masterslider_instances.push( masterslider_d0ef );\n\t\t});\n\t\t<\/script>\n\n\n<p>A Prefeitura de Apucarana iniciou, na manh\u00e3 desta quarta-feira (21\/01), a obra de reconstru\u00e7\u00e3o do P\u00e1tio de M\u00e1quinas. O investimento \u00e9 de aproximadamente R$ 1 milh\u00e3o e tem como objetivo garantir melhores condi\u00e7\u00f5es de trabalho aos servidores da Secretaria Municipal de Servi\u00e7os P\u00fablicos, refletindo diretamente na qualidade dos servi\u00e7os prestados \u00e0 popula\u00e7\u00e3o.<\/p>\n<p>A obra ser\u00e1 executada pela Construtora Canterteze Ltda., vencedora do processo licitat\u00f3rio. O prazo estimado para a conclus\u00e3o dos trabalhos \u00e9 de oito a dez meses.<\/p>\n<p>Durante o ato que marcou o in\u00edcio da reconstru\u00e7\u00e3o, o prefeito Rodolfo Mota destacou a import\u00e2ncia da interven\u00e7\u00e3o. \u201cH\u00e1 um ano, quando assumi a prefeitura, visitei o P\u00e1tio de M\u00e1quinas e encontrei uma situa\u00e7\u00e3o muito cr\u00edtica. Algumas imagens nem puderam ser divulgadas, porque eram realmente indignas. Encontramos servidores utilizando latrina no banheiro. A Secretaria de Servi\u00e7os P\u00fablicos conta com cerca de 100 servidores, que atuam diariamente em servi\u00e7os essenciais, como tapa-buraco, ro\u00e7agem, pintura de meio-fio, poda de \u00e1rvores e manuten\u00e7\u00e3o da cidade. Ao longo do \u00faltimo ano, trabalhamos na elabora\u00e7\u00e3o do projeto e na economia de recursos. Hoje, iniciamos essa obra\u201d, afirmou.<\/p>\n<p>O secret\u00e1rio municipal de Obras, engenheiro Mateus Franciscon Fernandes, explicou que a nova estrutura foi planejada para atender \u00e0s necessidades dos trabalhadores. \u201cNo primeiro plat\u00f4, ser\u00e1 constru\u00edda a \u00e1rea do refeit\u00f3rio e da cozinha, com uma cozinha industrial para atender \u00e0 demanda de preparo de refei\u00e7\u00f5es para toda a equipe. No segundo plat\u00f4, em frente ao atual banheiro, ser\u00e1 implantada uma \u00e1rea de descanso e conviv\u00eancia para os servidores. O banheiro existente ser\u00e1 demolido e substitu\u00eddo por uma nova estrutura, com vasos sanit\u00e1rios, chuveiros e arm\u00e1rios, permitindo que os servidores se preparem para o in\u00edcio das atividades e possam tomar banho ao final do expediente\u201d, detalhou.<\/p>\n<p>O vice-prefeito Marcos da Vila Reis ressaltou o compromisso da administra\u00e7\u00e3o com as pessoas. \u201cA miss\u00e3o da administra\u00e7\u00e3o p\u00fablica \u00e9 cuidar das pessoas. Isso se concretiza quando oferecemos condi\u00e7\u00f5es adequadas e dignidade aos servidores. Todos se sentem melhor quando percebem que s\u00e3o valorizados\u201d, declarou.<\/p>\n<p>J\u00e1 o secret\u00e1rio municipal de Servi\u00e7os P\u00fablicos, Wendel Metta, destacou os benef\u00edcios diretos da obra para o dia a dia dos servidores. \u201cQualidade de vida \u00e9 fundamental. Muitas vezes, passamos mais tempo no trabalho do que em casa com a fam\u00edlia, e isso se torna dif\u00edcil quando o ambiente n\u00e3o oferece condi\u00e7\u00f5es adequadas. A situa\u00e7\u00e3o do p\u00e1tio era muito complicada. Os servidores merecem essa obra, que vai melhorar as condi\u00e7\u00f5es de trabalho\u201d, concluiu.<\/p>\n<p>Tamb\u00e9m acompanharam o in\u00edcio da reconstru\u00e7\u00e3o do P\u00e1tio de M\u00e1quinas os vereadores Mois\u00e9s Tavares, Luciano Facchiano, Gabriel Caldeira, Pablo da Seguran\u00e7a, Eliana Rocha e Sidnei da Levelimp, al\u00e9m de secret\u00e1rios municipais.<\/p>\n","protected":false},"excerpt":{"rendered":"<p>A Prefeitura de Apucarana iniciou, na manh&atilde; desta quarta-feira (21\/01), a obra de reconstru&ccedil;&atilde;o do P&aacute;tio de M&aacute;quinas. O investimento &eacute; de aproximadamente R$ 1 milh&atilde;o e tem como objetivo garantir melhores condi&ccedil;&otilde;es de trabalho aos servidores da Secretaria Municipal de Servi&ccedil;os P&uacute;blicos, refletindo diretamente na qualidade dos servi&ccedil;os prestados &agrave; popula&ccedil;&atilde;o. A obra ser&aacute; [&hellip;]<\/p>\n","protected":false},"author":8,"featured_media":122566,"comment_status":"closed","ping_status":"closed","sticky":false,"template":"","format":"standard","meta":{"footnotes":""},"categories":[24],"tags":[],"class_list":["post-122559","post","type-post","status-publish","format-standard","has-post-thumbnail","hentry","category-noticias"],"acf":[],"_links":{"self":[{"href":"http:\/\/www.apucarana.pr.gov.br\/site\/wp-json\/wp\/v2\/posts\/122559","targetHints":{"allow":["GET"]}}],"collection":[{"href":"http:\/\/www.apucarana.pr.gov.br\/site\/wp-json\/wp\/v2\/posts"}],"about":[{"href":"http:\/\/www.apucarana.pr.gov.br\/site\/wp-json\/wp\/v2\/types\/post"}],"author":[{"embeddable":true,"href":"http:\/\/www.apucarana.pr.gov.br\/site\/wp-json\/wp\/v2\/users\/8"}],"replies":[{"embeddable":true,"href":"http:\/\/www.apucarana.pr.gov.br\/site\/wp-json\/wp\/v2\/comments?post=122559"}],"version-history":[{"count":4,"href":"http:\/\/www.apucarana.pr.gov.br\/site\/wp-json\/wp\/v2\/posts\/122559\/revisions"}],"predecessor-version":[{"id":122610,"href":"http:\/\/www.apucarana.pr.gov.br\/site\/wp-json\/wp\/v2\/posts\/122559\/revisions\/122610"}],"wp:featuredmedia":[{"embeddable":true,"href":"http:\/\/www.apucarana.pr.gov.br\/site\/wp-json\/wp\/v2\/media\/122566"}],"wp:attachment":[{"href":"http:\/\/www.apucarana.pr.gov.br\/site\/wp-json\/wp\/v2\/media?parent=122559"}],"wp:term":[{"taxonomy":"category","embeddable":true,"href":"http:\/\/www.apucarana.pr.gov.br\/site\/wp-json\/wp\/v2\/categories?post=122559"},{"taxonomy":"post_tag","embeddable":true,"href":"http:\/\/www.apucarana.pr.gov.br\/site\/wp-json\/wp\/v2\/tags?post=122559"}],"curies":[{"name":"wp","href":"https:\/\/api.w.org\/{rel}","templated":true}]}}