{"id":122546,"date":"2026-01-20T20:01:40","date_gmt":"2026-01-20T23:01:40","guid":{"rendered":"https:\/\/www.apucarana.pr.gov.br\/site\/?p=122546"},"modified":"2026-01-20T20:01:40","modified_gmt":"2026-01-20T23:01:40","slug":"nota-oficial-esclarecimento-sobre-cadastro-inscricao-ou-chamamento-relacionado-a-programas-habitacionais-no-municipio","status":"publish","type":"post","link":"http:\/\/www.apucarana.pr.gov.br\/site\/nota-oficial-esclarecimento-sobre-cadastro-inscricao-ou-chamamento-relacionado-a-programas-habitacionais-no-municipio\/","title":{"rendered":"Nota Oficial \u2013 Esclarecimento sobre cadastro, inscri\u00e7\u00e3o ou chamamento relacionado a programas habitacionais no munic\u00edpio"},"content":{"rendered":"<p>A Prefeitura de Apucarana esclarece que o cadastramento realizado na data de hoje (20\/01) faz parte de um trabalho conduzido pela UMMAR \u2013 Uni\u00e3o dos Mutu\u00e1rios e Moradores de Apucarana e Regi\u00e3o, com a finalidade de pleitear unidades habitacionais por meio do Programa Minha Casa Entidades, conforme edital publicado.<\/p>\n<p>A UMMAR mant\u00e9m tratativas com o munic\u00edpio para a destina\u00e7\u00e3o de \u00e1rea e a constru\u00e7\u00e3o de moradias. No entanto, a despeito dessas tratativas, o processo ocorrido nesta ter\u00e7a-feira n\u00e3o possui qualquer rela\u00e7\u00e3o com a Prefeitura de Apucarana, tendo sido uma iniciativa exclusiva da pr\u00f3pria entidade.<\/p>\n<p>Sempre que houver a abertura de programas, a\u00e7\u00f5es ou cadastros na \u00e1rea de habita\u00e7\u00e3o de interesse social, a popula\u00e7\u00e3o ser\u00e1 comunicada exclusivamente pelos canais institucionais oficiais, com ampla divulga\u00e7\u00e3o e orienta\u00e7\u00f5es \u00e0 comunidade.<\/p>\n<p>A Prefeitura de Apucarana permanece \u00e0 disposi\u00e7\u00e3o para esclarecimentos, presencialmente no Pa\u00e7o Municipal ou pelo telefone (43) 3422-4000.<\/p>\n<p>Prefeitura Municipal de Apucarana<\/p>\n","protected":false},"excerpt":{"rendered":"<p>A Prefeitura de Apucarana esclarece que o cadastramento realizado na data de hoje (20\/01) faz parte de um trabalho conduzido pela UMMAR &ndash; Uni&atilde;o dos Mutu&aacute;rios e Moradores de Apucarana e Regi&atilde;o, com a finalidade de pleitear unidades habitacionais por meio do Programa Minha Casa Entidades, conforme edital publicado. A UMMAR mant&eacute;m tratativas com o [&hellip;]<\/p>\n","protected":false},"author":18,"featured_media":122547,"comment_status":"closed","ping_status":"closed","sticky":false,"template":"","format":"standard","meta":{"footnotes":""},"categories":[24],"tags":[],"class_list":["post-122546","post","type-post","status-publish","format-standard","has-post-thumbnail","hentry","category-noticias"],"acf":[],"_links":{"self":[{"href":"http:\/\/www.apucarana.pr.gov.br\/site\/wp-json\/wp\/v2\/posts\/122546","targetHints":{"allow":["GET"]}}],"collection":[{"href":"http:\/\/www.apucarana.pr.gov.br\/site\/wp-json\/wp\/v2\/posts"}],"about":[{"href":"http:\/\/www.apucarana.pr.gov.br\/site\/wp-json\/wp\/v2\/types\/post"}],"author":[{"embeddable":true,"href":"http:\/\/www.apucarana.pr.gov.br\/site\/wp-json\/wp\/v2\/users\/18"}],"replies":[{"embeddable":true,"href":"http:\/\/www.apucarana.pr.gov.br\/site\/wp-json\/wp\/v2\/comments?post=122546"}],"version-history":[{"count":1,"href":"http:\/\/www.apucarana.pr.gov.br\/site\/wp-json\/wp\/v2\/posts\/122546\/revisions"}],"predecessor-version":[{"id":122548,"href":"http:\/\/www.apucarana.pr.gov.br\/site\/wp-json\/wp\/v2\/posts\/122546\/revisions\/122548"}],"wp:featuredmedia":[{"embeddable":true,"href":"http:\/\/www.apucarana.pr.gov.br\/site\/wp-json\/wp\/v2\/media\/122547"}],"wp:attachment":[{"href":"http:\/\/www.apucarana.pr.gov.br\/site\/wp-json\/wp\/v2\/media?parent=122546"}],"wp:term":[{"taxonomy":"category","embeddable":true,"href":"http:\/\/www.apucarana.pr.gov.br\/site\/wp-json\/wp\/v2\/categories?post=122546"},{"taxonomy":"post_tag","embeddable":true,"href":"http:\/\/www.apucarana.pr.gov.br\/site\/wp-json\/wp\/v2\/tags?post=122546"}],"curies":[{"name":"wp","href":"https:\/\/api.w.org\/{rel}","templated":true}]}}