{"id":122531,"date":"2026-01-20T18:56:56","date_gmt":"2026-01-20T21:56:56","guid":{"rendered":"https:\/\/www.apucarana.pr.gov.br\/site\/?p=122531"},"modified":"2026-01-20T20:47:14","modified_gmt":"2026-01-20T23:47:14","slug":"apucarana-institui-politica-municipal-de-incentivo-as-corridas-de-rua","status":"publish","type":"post","link":"http:\/\/www.apucarana.pr.gov.br\/site\/apucarana-institui-politica-municipal-de-incentivo-as-corridas-de-rua\/","title":{"rendered":"Apucarana institui Pol\u00edtica Municipal de Incentivo \u00e0s Corridas de Rua e fortalece o esporte na cidade"},"content":{"rendered":"\n\t\t<!-- MasterSlider -->\n\t\t<div id=\"P_MS69f05ef09a77c\" class=\"master-slider-parent master-slider-gallery   ms-parent-id-0\" style=\"\" >\n\n\t\t\t\n\t\t\t<!-- MasterSlider Main -->\n\t\t\t<div id=\"MS69f05ef09a77c\" class=\"master-slider ms-skin-default\" >\n\t\t\t\t \t\t\t\t \n\t\t\t<div  class=\"ms-slide\" data-delay=\"3\"    >\n\t\t\t\t\t<img decoding=\"async\" src=\"http:\/\/www.apucarana.pr.gov.br\/site\/wp-content\/plugins\/masterslider\/public\/assets\/css\/blank.gif\" alt=\"Promulgacao_corrida-de-rua_001\" title=\"Promulgacao_corrida-de-rua_001\" data-src=\"http:\/\/www.apucarana.pr.gov.br\/site\/wp-content\/uploads\/2026\/01\/Promulgacao_corrida-de-rua_001-1024x683.jpg\" \/>\n\t<a href=\"http:\/\/www.apucarana.pr.gov.br\/site\/wp-content\/uploads\/2026\/01\/Promulgacao_corrida-de-rua_001-1024x683.jpg\" target=\"_self\"    >Promulgacao_corrida-de-rua_001<\/a>\n\n\n\t<img decoding=\"async\" class=\"ms-thumb\" src=\"http:\/\/www.apucarana.pr.gov.br\/site\/wp-content\/uploads\/2026\/01\/Promulgacao_corrida-de-rua_001-1024x683-140x80.jpg\" alt=\"Promulgacao_corrida-de-rua_001\" \/>\n\t\t\t\t<\/div>\n\t\t\t<div  class=\"ms-slide\" data-delay=\"3\"    >\n\t\t\t\t\t<img decoding=\"async\" src=\"http:\/\/www.apucarana.pr.gov.br\/site\/wp-content\/plugins\/masterslider\/public\/assets\/css\/blank.gif\" alt=\"Promulgacao_corrida-de-rua_002\" title=\"Promulgacao_corrida-de-rua_002\" data-src=\"http:\/\/www.apucarana.pr.gov.br\/site\/wp-content\/uploads\/2026\/01\/Promulgacao_corrida-de-rua_002-1024x683.jpg\" \/>\n\t<a href=\"http:\/\/www.apucarana.pr.gov.br\/site\/wp-content\/uploads\/2026\/01\/Promulgacao_corrida-de-rua_002-1024x683.jpg\" target=\"_self\"    >Promulgacao_corrida-de-rua_002<\/a>\n\n\n\t<img decoding=\"async\" class=\"ms-thumb\" src=\"http:\/\/www.apucarana.pr.gov.br\/site\/wp-content\/uploads\/2026\/01\/Promulgacao_corrida-de-rua_002-1024x683-140x80.jpg\" alt=\"Promulgacao_corrida-de-rua_002\" \/>\n\t\t\t\t<\/div>\n\t\t\t<div  class=\"ms-slide\" data-delay=\"3\"    >\n\t\t\t\t\t<img decoding=\"async\" src=\"http:\/\/www.apucarana.pr.gov.br\/site\/wp-content\/plugins\/masterslider\/public\/assets\/css\/blank.gif\" alt=\"Promulgacao_corrida-de-rua_005\" title=\"Promulgacao_corrida-de-rua_005\" data-src=\"http:\/\/www.apucarana.pr.gov.br\/site\/wp-content\/uploads\/2026\/01\/Promulgacao_corrida-de-rua_005-1024x683.jpg\" \/>\n\t<a href=\"http:\/\/www.apucarana.pr.gov.br\/site\/wp-content\/uploads\/2026\/01\/Promulgacao_corrida-de-rua_005-1024x683.jpg\" target=\"_self\"    >Promulgacao_corrida-de-rua_005<\/a>\n\n\n\t<img decoding=\"async\" class=\"ms-thumb\" src=\"http:\/\/www.apucarana.pr.gov.br\/site\/wp-content\/uploads\/2026\/01\/Promulgacao_corrida-de-rua_005-1024x683-140x80.jpg\" alt=\"Promulgacao_corrida-de-rua_005\" \/>\n\t\t\t\t<\/div>\n\t\t\t<div  class=\"ms-slide\" data-delay=\"3\"    >\n\t\t\t\t\t<img decoding=\"async\" src=\"http:\/\/www.apucarana.pr.gov.br\/site\/wp-content\/plugins\/masterslider\/public\/assets\/css\/blank.gif\" alt=\"Promulgacao_corrida-de-rua_006\" title=\"Promulgacao_corrida-de-rua_006\" data-src=\"http:\/\/www.apucarana.pr.gov.br\/site\/wp-content\/uploads\/2026\/01\/Promulgacao_corrida-de-rua_006-1024x683.jpg\" \/>\n\t<a href=\"http:\/\/www.apucarana.pr.gov.br\/site\/wp-content\/uploads\/2026\/01\/Promulgacao_corrida-de-rua_006-1024x683.jpg\" target=\"_self\"    >Promulgacao_corrida-de-rua_006<\/a>\n\n\n\t<img decoding=\"async\" class=\"ms-thumb\" src=\"http:\/\/www.apucarana.pr.gov.br\/site\/wp-content\/uploads\/2026\/01\/Promulgacao_corrida-de-rua_006-1024x683-140x80.jpg\" alt=\"Promulgacao_corrida-de-rua_006\" \/>\n\t\t\t\t<\/div>\n\t\t\t<div  class=\"ms-slide\" data-delay=\"3\"    >\n\t\t\t\t\t<img decoding=\"async\" src=\"http:\/\/www.apucarana.pr.gov.br\/site\/wp-content\/plugins\/masterslider\/public\/assets\/css\/blank.gif\" alt=\"Promulgacao_corrida-de-rua_007\" title=\"Promulgacao_corrida-de-rua_007\" data-src=\"http:\/\/www.apucarana.pr.gov.br\/site\/wp-content\/uploads\/2026\/01\/Promulgacao_corrida-de-rua_007-1024x683.jpg\" \/>\n\t<a href=\"http:\/\/www.apucarana.pr.gov.br\/site\/wp-content\/uploads\/2026\/01\/Promulgacao_corrida-de-rua_007-1024x683.jpg\" target=\"_self\"    >Promulgacao_corrida-de-rua_007<\/a>\n\n\n\t<img decoding=\"async\" class=\"ms-thumb\" src=\"http:\/\/www.apucarana.pr.gov.br\/site\/wp-content\/uploads\/2026\/01\/Promulgacao_corrida-de-rua_007-1024x683-140x80.jpg\" alt=\"Promulgacao_corrida-de-rua_007\" \/>\n\t\t\t\t<\/div>\n\t\t\t<div  class=\"ms-slide\" data-delay=\"3\"    >\n\t\t\t\t\t<img decoding=\"async\" src=\"http:\/\/www.apucarana.pr.gov.br\/site\/wp-content\/plugins\/masterslider\/public\/assets\/css\/blank.gif\" alt=\"Promulgacao_corrida-de-rua_008\" title=\"Promulgacao_corrida-de-rua_008\" data-src=\"http:\/\/www.apucarana.pr.gov.br\/site\/wp-content\/uploads\/2026\/01\/Promulgacao_corrida-de-rua_008-1024x683.jpg\" \/>\n\t<a href=\"http:\/\/www.apucarana.pr.gov.br\/site\/wp-content\/uploads\/2026\/01\/Promulgacao_corrida-de-rua_008-1024x683.jpg\" target=\"_self\"    >Promulgacao_corrida-de-rua_008<\/a>\n\n\n\t<img decoding=\"async\" class=\"ms-thumb\" src=\"http:\/\/www.apucarana.pr.gov.br\/site\/wp-content\/uploads\/2026\/01\/Promulgacao_corrida-de-rua_008-1024x683-140x80.jpg\" alt=\"Promulgacao_corrida-de-rua_008\" \/>\n\t\t\t\t<\/div>\n\t\t\t<div  class=\"ms-slide\" data-delay=\"3\"    >\n\t\t\t\t\t<img decoding=\"async\" src=\"http:\/\/www.apucarana.pr.gov.br\/site\/wp-content\/plugins\/masterslider\/public\/assets\/css\/blank.gif\" alt=\"Promulgacao_corrida-de-rua_009\" title=\"Promulgacao_corrida-de-rua_009\" data-src=\"http:\/\/www.apucarana.pr.gov.br\/site\/wp-content\/uploads\/2026\/01\/Promulgacao_corrida-de-rua_009-1024x683.jpg\" \/>\n\t<a href=\"http:\/\/www.apucarana.pr.gov.br\/site\/wp-content\/uploads\/2026\/01\/Promulgacao_corrida-de-rua_009-1024x683.jpg\" target=\"_self\"    >Promulgacao_corrida-de-rua_009<\/a>\n\n\n\t<img decoding=\"async\" class=\"ms-thumb\" src=\"http:\/\/www.apucarana.pr.gov.br\/site\/wp-content\/uploads\/2026\/01\/Promulgacao_corrida-de-rua_009-1024x683-140x80.jpg\" alt=\"Promulgacao_corrida-de-rua_009\" \/>\n\t\t\t\t<\/div>\n\t\t\t<div  class=\"ms-slide\" data-delay=\"3\"    >\n\t\t\t\t\t<img decoding=\"async\" src=\"http:\/\/www.apucarana.pr.gov.br\/site\/wp-content\/plugins\/masterslider\/public\/assets\/css\/blank.gif\" alt=\"Promulgacao_corrida-de-rua_010\" title=\"Promulgacao_corrida-de-rua_010\" data-src=\"http:\/\/www.apucarana.pr.gov.br\/site\/wp-content\/uploads\/2026\/01\/Promulgacao_corrida-de-rua_010-1024x683.jpg\" \/>\n\t<a href=\"http:\/\/www.apucarana.pr.gov.br\/site\/wp-content\/uploads\/2026\/01\/Promulgacao_corrida-de-rua_010-1024x683.jpg\" target=\"_self\"    >Promulgacao_corrida-de-rua_010<\/a>\n\n\n\t<img decoding=\"async\" class=\"ms-thumb\" src=\"http:\/\/www.apucarana.pr.gov.br\/site\/wp-content\/uploads\/2026\/01\/Promulgacao_corrida-de-rua_010-1024x683-140x80.jpg\" alt=\"Promulgacao_corrida-de-rua_010\" \/>\n\t\t\t\t<\/div>\n\t\t\t<div  class=\"ms-slide\" data-delay=\"3\"    >\n\t\t\t\t\t<img decoding=\"async\" src=\"http:\/\/www.apucarana.pr.gov.br\/site\/wp-content\/plugins\/masterslider\/public\/assets\/css\/blank.gif\" alt=\"Promulgacao_corrida-de-rua_014\" title=\"Promulgacao_corrida-de-rua_014\" data-src=\"http:\/\/www.apucarana.pr.gov.br\/site\/wp-content\/uploads\/2026\/01\/Promulgacao_corrida-de-rua_014-1024x683.jpg\" \/>\n\t<a href=\"http:\/\/www.apucarana.pr.gov.br\/site\/wp-content\/uploads\/2026\/01\/Promulgacao_corrida-de-rua_014-1024x683.jpg\" target=\"_self\"    >Promulgacao_corrida-de-rua_014<\/a>\n\n\n\t<img decoding=\"async\" class=\"ms-thumb\" src=\"http:\/\/www.apucarana.pr.gov.br\/site\/wp-content\/uploads\/2026\/01\/Promulgacao_corrida-de-rua_014-1024x683-140x80.jpg\" alt=\"Promulgacao_corrida-de-rua_014\" \/>\n\t\t\t\t<\/div>\n\t\t\t<div  class=\"ms-slide\" data-delay=\"3\"    >\n\t\t\t\t\t<img decoding=\"async\" src=\"http:\/\/www.apucarana.pr.gov.br\/site\/wp-content\/plugins\/masterslider\/public\/assets\/css\/blank.gif\" alt=\"Promulgacao_corrida-de-rua_016\" title=\"Promulgacao_corrida-de-rua_016\" data-src=\"http:\/\/www.apucarana.pr.gov.br\/site\/wp-content\/uploads\/2026\/01\/Promulgacao_corrida-de-rua_016-1024x683.jpg\" \/>\n\t<a href=\"http:\/\/www.apucarana.pr.gov.br\/site\/wp-content\/uploads\/2026\/01\/Promulgacao_corrida-de-rua_016-1024x683.jpg\" target=\"_self\"    >Promulgacao_corrida-de-rua_016<\/a>\n\n\n\t<img decoding=\"async\" class=\"ms-thumb\" src=\"http:\/\/www.apucarana.pr.gov.br\/site\/wp-content\/uploads\/2026\/01\/Promulgacao_corrida-de-rua_016-1024x683-140x80.jpg\" alt=\"Promulgacao_corrida-de-rua_016\" \/>\n\t\t\t\t<\/div>\n\t\t\t<div  class=\"ms-slide\" data-delay=\"3\"    >\n\t\t\t\t\t<img decoding=\"async\" src=\"http:\/\/www.apucarana.pr.gov.br\/site\/wp-content\/plugins\/masterslider\/public\/assets\/css\/blank.gif\" alt=\"Promulgacao_corrida-de-rua_017\" title=\"Promulgacao_corrida-de-rua_017\" data-src=\"http:\/\/www.apucarana.pr.gov.br\/site\/wp-content\/uploads\/2026\/01\/Promulgacao_corrida-de-rua_017-1024x683.jpg\" \/>\n\t<a href=\"http:\/\/www.apucarana.pr.gov.br\/site\/wp-content\/uploads\/2026\/01\/Promulgacao_corrida-de-rua_017-1024x683.jpg\" target=\"_self\"    >Promulgacao_corrida-de-rua_017<\/a>\n\n\n\t<img decoding=\"async\" class=\"ms-thumb\" src=\"http:\/\/www.apucarana.pr.gov.br\/site\/wp-content\/uploads\/2026\/01\/Promulgacao_corrida-de-rua_017-1024x683-140x80.jpg\" alt=\"Promulgacao_corrida-de-rua_017\" \/>\n\t\t\t\t<\/div>\n\t\t\t<div  class=\"ms-slide\" data-delay=\"3\"    >\n\t\t\t\t\t<img decoding=\"async\" src=\"http:\/\/www.apucarana.pr.gov.br\/site\/wp-content\/plugins\/masterslider\/public\/assets\/css\/blank.gif\" alt=\"Promulgacao_corrida-de-rua_018\" title=\"Promulgacao_corrida-de-rua_018\" data-src=\"http:\/\/www.apucarana.pr.gov.br\/site\/wp-content\/uploads\/2026\/01\/Promulgacao_corrida-de-rua_018-1024x683.jpg\" \/>\n\t<a href=\"http:\/\/www.apucarana.pr.gov.br\/site\/wp-content\/uploads\/2026\/01\/Promulgacao_corrida-de-rua_018-1024x683.jpg\" target=\"_self\"    >Promulgacao_corrida-de-rua_018<\/a>\n\n\n\t<img decoding=\"async\" class=\"ms-thumb\" src=\"http:\/\/www.apucarana.pr.gov.br\/site\/wp-content\/uploads\/2026\/01\/Promulgacao_corrida-de-rua_018-1024x683-140x80.jpg\" alt=\"Promulgacao_corrida-de-rua_018\" \/>\n\t\t\t\t<\/div>\n\t\t\t<div  class=\"ms-slide\" data-delay=\"3\"    >\n\t\t\t\t\t<img decoding=\"async\" src=\"http:\/\/www.apucarana.pr.gov.br\/site\/wp-content\/plugins\/masterslider\/public\/assets\/css\/blank.gif\" alt=\"Promulgacao_corrida-de-rua_019\" title=\"Promulgacao_corrida-de-rua_019\" data-src=\"http:\/\/www.apucarana.pr.gov.br\/site\/wp-content\/uploads\/2026\/01\/Promulgacao_corrida-de-rua_019-1024x683.jpg\" \/>\n\t<a href=\"http:\/\/www.apucarana.pr.gov.br\/site\/wp-content\/uploads\/2026\/01\/Promulgacao_corrida-de-rua_019-1024x683.jpg\" target=\"_self\"    >Promulgacao_corrida-de-rua_019<\/a>\n\n\n\t<img decoding=\"async\" class=\"ms-thumb\" src=\"http:\/\/www.apucarana.pr.gov.br\/site\/wp-content\/uploads\/2026\/01\/Promulgacao_corrida-de-rua_019-1024x683-140x80.jpg\" alt=\"Promulgacao_corrida-de-rua_019\" \/>\n\t\t\t\t<\/div>\n\n\t\t\t<\/div>\n\t\t\t<!-- END MasterSlider Main -->\n\n\t\t\t \n\t\t<\/div>\n\t\t<!-- END MasterSlider -->\n\n\t\t<script>\n\t\t( window.MSReady = window.MSReady || [] ).push( function( $ ) {\n\n\t\t\t\"use strict\";\n\t\t\tvar masterslider_a77c = new MasterSlider();\n\n\t\t\t\/\/ slider controls\n\t\t\tmasterslider_a77c.control('arrows'     ,{ autohide:true, overVideo:true  });\n\t\t\tmasterslider_a77c.control('thumblist'  ,{ autohide:false, overVideo:true, dir:'h', speed:17, inset:false, arrows:false, hover:false, customClass:'', align:'bottom',type:'thumbs', margin:2, width:140, height:80, space:2, fillMode:'fill'  });\n\t\t\t\/\/ slider setup\n\t\t\tmasterslider_a77c.setup(\"MS69f05ef09a77c\", {\n\t\t\t\twidth           : 960,\n\t\t\t\theight          : 540,\n\t\t\t\tminHeight       : 0,\n\t\t\t\tspace           : 0,\n\t\t\t\tstart           : 1,\n\t\t\t\tgrabCursor      : true,\n\t\t\t\tswipe           : true,\n\t\t\t\tmouse           : true,\n\t\t\t\tkeyboard        : false,\n\t\t\t\tlayout          : \"fillwidth\",\n\t\t\t\twheel           : false,\n\t\t\t\tautoplay        : true,\n                instantStartLayers:false,\n\t\t\t\tmobileBGVideo:false,\n\t\t\t\tloop            : true,\n\t\t\t\tshuffle         : false,\n\t\t\t\tpreload         : 3,\n\t\t\t\theightLimit     : false,\n\t\t\t\tautoHeight      : false,\n\t\t\t\tsmoothHeight    : true,\n\t\t\t\tendPause        : false,\n\t\t\t\toverPause       : false,\n\t\t\t\tfillMode        : \"fill\",\n\t\t\t\tcenterControls  : true,\n\t\t\t\tstartOnAppear   : false,\n\t\t\t\tlayersMode      : \"center\",\n\t\t\t\tautofillTarget  : \"\",\n\t\t\t\thideLayers      : false,\n\t\t\t\tfullscreenMargin: 0,\n\t\t\t\tspeed           : 17,\n\t\t\t\tdir             : \"h\",\n\t\t\t\tresponsive      : true,\n\t\t\t\ttabletWidth     : 768,\n\t\t\t\ttabletHeight    : null,\n\t\t\t\tphoneWidth      : 480,\n\t\t\t\tphoneHeight    : null,\n\t\t\t\tsizingReference : window,\n\t\t\t\tparallaxMode    : 'swipe',\n\t\t\t\tview            : \"basic\"\n\t\t\t});\n\n\t\t\t\n\t\t\twindow.masterslider_instances = window.masterslider_instances || [];\n\t\t\twindow.masterslider_instances.push( masterslider_a77c );\n\t\t});\n\t\t<\/script>\n\n\n<p>O prefeito Rodolfo Mota sancionou nesta ter\u00e7a-feira (20\/01) a Lei Municipal n\u00ba 149\/2026, que institui a Pol\u00edtica Municipal de Incentivo \u00e0s Corridas de Rua no munic\u00edpio. De autoria dos vereadores Mois\u00e9s Tavares, Danylo Acioli (MDB), Eliana Rocha e Odarlone Orente, a legisla\u00e7\u00e3o tem como objetivo estimular a pr\u00e1tica esportiva, promover h\u00e1bitos saud\u00e1veis e organizar o calend\u00e1rio de eventos ligados \u00e0 corrida de rua na cidade. Ao assinar a lei, Mota destacou que a iniciativa fortalece a voca\u00e7\u00e3o esportiva de Apucarana e amplia pol\u00edticas p\u00fablicas voltadas \u00e0 sa\u00fade preventiva. \u201cEstamos organizando e dando seguran\u00e7a jur\u00eddica a uma pr\u00e1tica que j\u00e1 faz parte da rotina da cidade. Corrida de rua \u00e9 sa\u00fade, integra\u00e7\u00e3o social e qualidade de vida\u201d, afirmou o prefeito.<\/p>\n<p>Entre outros pontos, a legisla\u00e7\u00e3o visa estabelecer diretrizes para difundir a corrida de rua como modalidade esportiva acess\u00edvel, tanto no \u00e2mbito amador quanto profissional, al\u00e9m de incentivar parcerias entre o poder p\u00fablico, entidades esportivas, associa\u00e7\u00f5es e a iniciativa privada. A lei tamb\u00e9m prev\u00ea a\u00e7\u00f5es educativas voltadas \u00e0 sa\u00fade, qualidade de vida e bem-estar da popula\u00e7\u00e3o. \u201cHoje n\u00f3s estamos dando o primeiro passo. A san\u00e7\u00e3o dessa lei \u00e9 o ponto de partida. Ela cria a pol\u00edtica p\u00fablica, mas, a partir de agora, vem a etapa seguinte, que \u00e9 fundamental: a regulamenta\u00e7\u00e3o. Essa etapa vai de fato definir como isso tudo vai funcionar na pr\u00e1tica. Quantas corridas teremos ao longo do ano, em quais locais, no centro, no Parque Jaboti, no Parque da Raposa, em outros bairros da cidade, enfim, vamos definir tamb\u00e9m os percursos, se ser\u00e3o provas de cinco, dez quil\u00f4metros ou outras modalidades\u201d, esclareceu Rodolfo Mota, que garantiu di\u00e1logo com os grupos de corrida da cidade.<\/p>\n<p>\u201cNada disso ser\u00e1 feito de forma isolada. A constru\u00e7\u00e3o desse regulamento vai ser dialogada. Em alguns momentos, vamos sentar com 15, 20 pessoas que representam os grupos de corrida, os organizadores, quem vive isso no dia a dia. A ideia \u00e9 ouvir, ajustar e fazer algo que seja realmente atrativo para quem corre. O trabalho come\u00e7a agora, com conversa, planejamento e responsabilidade, para que Apucarana fortale\u00e7a ainda mais o esporte, a sa\u00fade e a qualidade de vida da nossa popula\u00e7\u00e3o\u201d, disse o prefeito.<\/p>\n<p>Um dos principais instrumentos criados pela lei \u00e9 o Calend\u00e1rio Municipal de Corridas de Rua, que ser\u00e1 organizado e atualizado anualmente pela Secretaria Municipal de Esportes. O calend\u00e1rio reunir\u00e1 provas e eventos promovidos pelo munic\u00edpio ou por entidades privadas, garantindo mais organiza\u00e7\u00e3o, transpar\u00eancia e planejamento para atletas, organizadores e comunidade em geral. O vereador Mois\u00e9s Tavares destacou que Apucarana j\u00e1 \u00e9 refer\u00eancia nas corridas de rua e que a nova lei vem para organizar e fortalecer uma pr\u00e1tica consolidada no munic\u00edpio, citando como refer\u00eancia a tradicional Prova Pedestre 28 de Janeiro, que chega \u00e0 sua 63\u00aa edi\u00e7\u00e3o, \u00e9 uma marca registrada da cidade, reconhecida em n\u00edvel regional, estadual e nacional. \u201cAl\u00e9m da 28 de Janeiro, Apucarana conta com diversas provas e eventos ao longo do ano, promovidos por entidades como Unimed, Sesc, institutos, empresas privadas, assessorias esportivas e grupos de corrida. A corrida de rua deixou de ser apenas esporte. Ela movimenta a economia, ativa o com\u00e9rcio e promove qualidade de vida\u201d, afirmou.<\/p>\n<p>Tamb\u00e9m presente no ato de san\u00e7\u00e3o da lei, o presidente da C\u00e2mara Municipal de Apucarana, vereador Danylo Acioli, agradeceu ao prefeito Rodolfo Mota e falou sobre a import\u00e2ncia da legisla\u00e7\u00e3o, afirmando que o ato simboliza a uni\u00e3o entre o Legislativo e o Executivo em favor da cidade. \u201cA corrida de rua faz parte da identidade de Apucarana, ela est\u00e1 no DNA do apucaranense. A primeira grande prova nacional de corrida de rua \u00e9 a Prova 28 de Janeiro, que nasceu aqui. Isso corre nas nossas veias\u201d, afirmou.<\/p>\n<p>O vereador explicou que a lei que fixa um calend\u00e1rio traz previsibilidade, tanto para quem corre quanto para quem transita, al\u00e9m de seguran\u00e7a para empresas que desejam investir e apoiar os eventos. \u201cPlanejamento organiza o tr\u00e2nsito, fortalece o esporte, movimenta a economia e ajuda a cidade a se desenvolver\u201d, disse Acioli, lembrando que a corrida de rua vai muito al\u00e9m da competi\u00e7\u00e3o. \u201cEsporte \u00e9 sa\u00fade, \u00e9 lazer, \u00e9 divers\u00e3o, \u00e9 cuidado com as pessoas. Muitas vezes \u00e9 uma sa\u00edda para quem enfrenta depress\u00e3o e, em outros casos, pode ser o in\u00edcio de uma carreira profissional\u201d, disse, citando atletas de Apucarana que alcan\u00e7aram destaque nacional. \u201cA corrida de rua \u00e9 o esporte mais praticado do mundo e fomenta muito a economia. Essa pol\u00edtica p\u00fablica organiza o que j\u00e1 existe e prepara Apucarana para crescer ainda mais no esporte, na sa\u00fade e no desenvolvimento econ\u00f4mico\u201d, concluiu vereador.<\/p>\n<p><strong>Presen\u00e7a <\/strong>\u2013 Participaram ainda do evento o vice-prefeito Marcos da Vila Reis, o secret\u00e1rio municipal de Esportes, Bruno Machi, e os vereadores Eliana Rocha, Pablo da Seguran\u00e7a e Luciano Facchiano, al\u00e9m de representantes de grupos de corrida e membros do secretariado municipal.<\/p>\n","protected":false},"excerpt":{"rendered":"<p>O prefeito Rodolfo Mota sancionou nesta ter&ccedil;a-feira (20\/01) a Lei Municipal n&ordm; 149\/2026, que institui a Pol&iacute;tica Municipal de Incentivo &agrave;s Corridas de Rua no munic&iacute;pio. De autoria dos vereadores Mois&eacute;s Tavares, Danylo Acioli (MDB), Eliana Rocha e Odarlone Orente, a legisla&ccedil;&atilde;o tem como objetivo estimular a pr&aacute;tica esportiva, promover h&aacute;bitos saud&aacute;veis e organizar o [&hellip;]<\/p>\n","protected":false},"author":7,"featured_media":122544,"comment_status":"closed","ping_status":"closed","sticky":false,"template":"","format":"standard","meta":{"footnotes":""},"categories":[24],"tags":[],"class_list":["post-122531","post","type-post","status-publish","format-standard","has-post-thumbnail","hentry","category-noticias"],"acf":[],"_links":{"self":[{"href":"http:\/\/www.apucarana.pr.gov.br\/site\/wp-json\/wp\/v2\/posts\/122531","targetHints":{"allow":["GET"]}}],"collection":[{"href":"http:\/\/www.apucarana.pr.gov.br\/site\/wp-json\/wp\/v2\/posts"}],"about":[{"href":"http:\/\/www.apucarana.pr.gov.br\/site\/wp-json\/wp\/v2\/types\/post"}],"author":[{"embeddable":true,"href":"http:\/\/www.apucarana.pr.gov.br\/site\/wp-json\/wp\/v2\/users\/7"}],"replies":[{"embeddable":true,"href":"http:\/\/www.apucarana.pr.gov.br\/site\/wp-json\/wp\/v2\/comments?post=122531"}],"version-history":[{"count":4,"href":"http:\/\/www.apucarana.pr.gov.br\/site\/wp-json\/wp\/v2\/posts\/122531\/revisions"}],"predecessor-version":[{"id":122558,"href":"http:\/\/www.apucarana.pr.gov.br\/site\/wp-json\/wp\/v2\/posts\/122531\/revisions\/122558"}],"wp:featuredmedia":[{"embeddable":true,"href":"http:\/\/www.apucarana.pr.gov.br\/site\/wp-json\/wp\/v2\/media\/122544"}],"wp:attachment":[{"href":"http:\/\/www.apucarana.pr.gov.br\/site\/wp-json\/wp\/v2\/media?parent=122531"}],"wp:term":[{"taxonomy":"category","embeddable":true,"href":"http:\/\/www.apucarana.pr.gov.br\/site\/wp-json\/wp\/v2\/categories?post=122531"},{"taxonomy":"post_tag","embeddable":true,"href":"http:\/\/www.apucarana.pr.gov.br\/site\/wp-json\/wp\/v2\/tags?post=122531"}],"curies":[{"name":"wp","href":"https:\/\/api.w.org\/{rel}","templated":true}]}}