{"id":122513,"date":"2026-01-20T18:11:50","date_gmt":"2026-01-20T21:11:50","guid":{"rendered":"https:\/\/www.apucarana.pr.gov.br\/site\/?p=122513"},"modified":"2026-01-21T12:03:33","modified_gmt":"2026-01-21T15:03:33","slug":"prefeitura-de-apucarana-autoriza-reforma-do-centro-da-juventude-para-garantir-mais-seguranca-e-oferecer-melhor-atendimento-a-populacao","status":"publish","type":"post","link":"http:\/\/www.apucarana.pr.gov.br\/site\/prefeitura-de-apucarana-autoriza-reforma-do-centro-da-juventude-para-garantir-mais-seguranca-e-oferecer-melhor-atendimento-a-populacao\/","title":{"rendered":"Prefeitura de Apucarana autoriza reforma do Centro da Juventude para garantir mais seguran\u00e7a e conforto no atendimento \u00e0 popula\u00e7\u00e3o"},"content":{"rendered":"\n\t\t<!-- MasterSlider -->\n\t\t<div id=\"P_MS69f05ef15818b\" class=\"master-slider-parent master-slider-gallery   ms-parent-id-0\" style=\"\" >\n\n\t\t\t\n\t\t\t<!-- MasterSlider Main -->\n\t\t\t<div id=\"MS69f05ef15818b\" class=\"master-slider ms-skin-default\" >\n\t\t\t\t \t\t\t\t \n\t\t\t<div  class=\"ms-slide\" data-delay=\"3\"    >\n\t\t\t\t\t<img decoding=\"async\" src=\"http:\/\/www.apucarana.pr.gov.br\/site\/wp-content\/plugins\/masterslider\/public\/assets\/css\/blank.gif\" alt=\"20-01-2026_reforma_centro_da_juventude\" title=\"20-01-2026_reforma_centro_da_juventude\" data-src=\"http:\/\/www.apucarana.pr.gov.br\/site\/wp-content\/uploads\/2026\/01\/20-01-2026_reforma_centro_da_juventude-1024x683.jpg\" \/>\n\t<a href=\"http:\/\/www.apucarana.pr.gov.br\/site\/wp-content\/uploads\/2026\/01\/20-01-2026_reforma_centro_da_juventude-1024x683.jpg\" target=\"_self\"    >20-01-2026_reforma_centro_da_juventude<\/a>\n\n\n\t<img decoding=\"async\" class=\"ms-thumb\" src=\"http:\/\/www.apucarana.pr.gov.br\/site\/wp-content\/uploads\/2026\/01\/20-01-2026_reforma_centro_da_juventude-1024x683-140x80.jpg\" alt=\"20-01-2026_reforma_centro_da_juventude\" \/>\n\t\t\t\t<\/div>\n\t\t\t<div  class=\"ms-slide\" data-delay=\"3\"    >\n\t\t\t\t\t<img decoding=\"async\" src=\"http:\/\/www.apucarana.pr.gov.br\/site\/wp-content\/plugins\/masterslider\/public\/assets\/css\/blank.gif\" alt=\"20-01-2026_reforma_centro_da_juventude_35\" title=\"20-01-2026_reforma_centro_da_juventude_35\" data-src=\"http:\/\/www.apucarana.pr.gov.br\/site\/wp-content\/uploads\/2026\/01\/20-01-2026_reforma_centro_da_juventude_35-1024x683.jpg\" \/>\n\t<a href=\"http:\/\/www.apucarana.pr.gov.br\/site\/wp-content\/uploads\/2026\/01\/20-01-2026_reforma_centro_da_juventude_35-1024x683.jpg\" target=\"_self\"    >20-01-2026_reforma_centro_da_juventude_35<\/a>\n\n\n\t<img decoding=\"async\" class=\"ms-thumb\" src=\"http:\/\/www.apucarana.pr.gov.br\/site\/wp-content\/uploads\/2026\/01\/20-01-2026_reforma_centro_da_juventude_35-1024x683-140x80.jpg\" alt=\"20-01-2026_reforma_centro_da_juventude_35\" \/>\n\t\t\t\t<\/div>\n\t\t\t<div  class=\"ms-slide\" data-delay=\"3\"    >\n\t\t\t\t\t<img decoding=\"async\" src=\"http:\/\/www.apucarana.pr.gov.br\/site\/wp-content\/plugins\/masterslider\/public\/assets\/css\/blank.gif\" alt=\"20-01-2026_reforma_centro_da_juventude-1\" title=\"20-01-2026_reforma_centro_da_juventude-1\" data-src=\"http:\/\/www.apucarana.pr.gov.br\/site\/wp-content\/uploads\/2026\/01\/20-01-2026_reforma_centro_da_juventude-1-1024x690.jpg\" \/>\n\t<a href=\"http:\/\/www.apucarana.pr.gov.br\/site\/wp-content\/uploads\/2026\/01\/20-01-2026_reforma_centro_da_juventude-1-1024x690.jpg\" target=\"_self\"    >20-01-2026_reforma_centro_da_juventude-1<\/a>\n\n\n\t<img decoding=\"async\" class=\"ms-thumb\" src=\"http:\/\/www.apucarana.pr.gov.br\/site\/wp-content\/uploads\/2026\/01\/20-01-2026_reforma_centro_da_juventude-1-1024x690-140x80.jpg\" alt=\"20-01-2026_reforma_centro_da_juventude-1\" \/>\n\t\t\t\t<\/div>\n\t\t\t<div  class=\"ms-slide\" data-delay=\"3\"    >\n\t\t\t\t\t<img decoding=\"async\" src=\"http:\/\/www.apucarana.pr.gov.br\/site\/wp-content\/plugins\/masterslider\/public\/assets\/css\/blank.gif\" alt=\"20-01-2026_reforma_centro_da_juventude-3\" title=\"20-01-2026_reforma_centro_da_juventude-3\" data-src=\"http:\/\/www.apucarana.pr.gov.br\/site\/wp-content\/uploads\/2026\/01\/20-01-2026_reforma_centro_da_juventude-3-1024x690.jpg\" \/>\n\t<a href=\"http:\/\/www.apucarana.pr.gov.br\/site\/wp-content\/uploads\/2026\/01\/20-01-2026_reforma_centro_da_juventude-3-1024x690.jpg\" target=\"_self\"    >20-01-2026_reforma_centro_da_juventude-3<\/a>\n\n\n\t<img decoding=\"async\" class=\"ms-thumb\" src=\"http:\/\/www.apucarana.pr.gov.br\/site\/wp-content\/uploads\/2026\/01\/20-01-2026_reforma_centro_da_juventude-3-1024x690-140x80.jpg\" alt=\"20-01-2026_reforma_centro_da_juventude-3\" \/>\n\t\t\t\t<\/div>\n\t\t\t<div  class=\"ms-slide\" data-delay=\"3\"    >\n\t\t\t\t\t<img decoding=\"async\" src=\"http:\/\/www.apucarana.pr.gov.br\/site\/wp-content\/plugins\/masterslider\/public\/assets\/css\/blank.gif\" alt=\"20-01-2026_reforma_centro_da_juventude-4\" title=\"20-01-2026_reforma_centro_da_juventude-4\" data-src=\"http:\/\/www.apucarana.pr.gov.br\/site\/wp-content\/uploads\/2026\/01\/20-01-2026_reforma_centro_da_juventude-4-1024x683.jpg\" \/>\n\t<a href=\"http:\/\/www.apucarana.pr.gov.br\/site\/wp-content\/uploads\/2026\/01\/20-01-2026_reforma_centro_da_juventude-4-1024x683.jpg\" target=\"_self\"    >20-01-2026_reforma_centro_da_juventude-4<\/a>\n\n\n\t<img decoding=\"async\" class=\"ms-thumb\" src=\"http:\/\/www.apucarana.pr.gov.br\/site\/wp-content\/uploads\/2026\/01\/20-01-2026_reforma_centro_da_juventude-4-1024x683-140x80.jpg\" alt=\"20-01-2026_reforma_centro_da_juventude-4\" \/>\n\t\t\t\t<\/div>\n\t\t\t<div  class=\"ms-slide\" data-delay=\"3\"    >\n\t\t\t\t\t<img decoding=\"async\" src=\"http:\/\/www.apucarana.pr.gov.br\/site\/wp-content\/plugins\/masterslider\/public\/assets\/css\/blank.gif\" alt=\"20-01-2026_reforma_centro_da_juventude-5\" title=\"20-01-2026_reforma_centro_da_juventude-5\" data-src=\"http:\/\/www.apucarana.pr.gov.br\/site\/wp-content\/uploads\/2026\/01\/20-01-2026_reforma_centro_da_juventude-5-1024x683.jpg\" \/>\n\t<a href=\"http:\/\/www.apucarana.pr.gov.br\/site\/wp-content\/uploads\/2026\/01\/20-01-2026_reforma_centro_da_juventude-5-1024x683.jpg\" target=\"_self\"    >20-01-2026_reforma_centro_da_juventude-5<\/a>\n\n\n\t<img decoding=\"async\" class=\"ms-thumb\" src=\"http:\/\/www.apucarana.pr.gov.br\/site\/wp-content\/uploads\/2026\/01\/20-01-2026_reforma_centro_da_juventude-5-1024x683-140x80.jpg\" alt=\"20-01-2026_reforma_centro_da_juventude-5\" \/>\n\t\t\t\t<\/div>\n\t\t\t<div  class=\"ms-slide\" data-delay=\"3\"    >\n\t\t\t\t\t<img decoding=\"async\" src=\"http:\/\/www.apucarana.pr.gov.br\/site\/wp-content\/plugins\/masterslider\/public\/assets\/css\/blank.gif\" alt=\"20-01-2026_reforma_centro_da_juventude-6\" title=\"20-01-2026_reforma_centro_da_juventude-6\" data-src=\"http:\/\/www.apucarana.pr.gov.br\/site\/wp-content\/uploads\/2026\/01\/20-01-2026_reforma_centro_da_juventude-6-1024x683.jpg\" \/>\n\t<a href=\"http:\/\/www.apucarana.pr.gov.br\/site\/wp-content\/uploads\/2026\/01\/20-01-2026_reforma_centro_da_juventude-6-1024x683.jpg\" target=\"_self\"    >20-01-2026_reforma_centro_da_juventude-6<\/a>\n\n\n\t<img decoding=\"async\" class=\"ms-thumb\" src=\"http:\/\/www.apucarana.pr.gov.br\/site\/wp-content\/uploads\/2026\/01\/20-01-2026_reforma_centro_da_juventude-6-1024x683-140x80.jpg\" alt=\"20-01-2026_reforma_centro_da_juventude-6\" \/>\n\t\t\t\t<\/div>\n\t\t\t<div  class=\"ms-slide\" data-delay=\"3\"    >\n\t\t\t\t\t<img decoding=\"async\" src=\"http:\/\/www.apucarana.pr.gov.br\/site\/wp-content\/plugins\/masterslider\/public\/assets\/css\/blank.gif\" alt=\"20-01-2026_reforma_centro_da_juventude-7\" title=\"20-01-2026_reforma_centro_da_juventude-7\" data-src=\"http:\/\/www.apucarana.pr.gov.br\/site\/wp-content\/uploads\/2026\/01\/20-01-2026_reforma_centro_da_juventude-7-1024x683.jpg\" \/>\n\t<a href=\"http:\/\/www.apucarana.pr.gov.br\/site\/wp-content\/uploads\/2026\/01\/20-01-2026_reforma_centro_da_juventude-7-1024x683.jpg\" target=\"_self\"    >20-01-2026_reforma_centro_da_juventude-7<\/a>\n\n\n\t<img decoding=\"async\" class=\"ms-thumb\" src=\"http:\/\/www.apucarana.pr.gov.br\/site\/wp-content\/uploads\/2026\/01\/20-01-2026_reforma_centro_da_juventude-7-1024x683-140x80.jpg\" alt=\"20-01-2026_reforma_centro_da_juventude-7\" \/>\n\t\t\t\t<\/div>\n\t\t\t<div  class=\"ms-slide\" data-delay=\"3\"    >\n\t\t\t\t\t<img decoding=\"async\" src=\"http:\/\/www.apucarana.pr.gov.br\/site\/wp-content\/plugins\/masterslider\/public\/assets\/css\/blank.gif\" alt=\"20-01-2026_reforma_centro_da_juventude-9\" title=\"20-01-2026_reforma_centro_da_juventude-9\" data-src=\"http:\/\/www.apucarana.pr.gov.br\/site\/wp-content\/uploads\/2026\/01\/20-01-2026_reforma_centro_da_juventude-9-1024x683.jpg\" \/>\n\t<a href=\"http:\/\/www.apucarana.pr.gov.br\/site\/wp-content\/uploads\/2026\/01\/20-01-2026_reforma_centro_da_juventude-9-1024x683.jpg\" target=\"_self\"    >20-01-2026_reforma_centro_da_juventude-9<\/a>\n\n\n\t<img decoding=\"async\" class=\"ms-thumb\" src=\"http:\/\/www.apucarana.pr.gov.br\/site\/wp-content\/uploads\/2026\/01\/20-01-2026_reforma_centro_da_juventude-9-1024x683-140x80.jpg\" alt=\"20-01-2026_reforma_centro_da_juventude-9\" \/>\n\t\t\t\t<\/div>\n\t\t\t<div  class=\"ms-slide\" data-delay=\"3\"    >\n\t\t\t\t\t<img decoding=\"async\" src=\"http:\/\/www.apucarana.pr.gov.br\/site\/wp-content\/plugins\/masterslider\/public\/assets\/css\/blank.gif\" alt=\"20-01-2026_reforma_centro_da_juventude-13\" title=\"20-01-2026_reforma_centro_da_juventude-13\" data-src=\"http:\/\/www.apucarana.pr.gov.br\/site\/wp-content\/uploads\/2026\/01\/20-01-2026_reforma_centro_da_juventude-13-1024x683.jpg\" \/>\n\t<a href=\"http:\/\/www.apucarana.pr.gov.br\/site\/wp-content\/uploads\/2026\/01\/20-01-2026_reforma_centro_da_juventude-13-1024x683.jpg\" target=\"_self\"    >20-01-2026_reforma_centro_da_juventude-13<\/a>\n\n\n\t<img decoding=\"async\" class=\"ms-thumb\" src=\"http:\/\/www.apucarana.pr.gov.br\/site\/wp-content\/uploads\/2026\/01\/20-01-2026_reforma_centro_da_juventude-13-1024x683-140x80.jpg\" alt=\"20-01-2026_reforma_centro_da_juventude-13\" \/>\n\t\t\t\t<\/div>\n\t\t\t<div  class=\"ms-slide\" data-delay=\"3\"    >\n\t\t\t\t\t<img decoding=\"async\" src=\"http:\/\/www.apucarana.pr.gov.br\/site\/wp-content\/plugins\/masterslider\/public\/assets\/css\/blank.gif\" alt=\"20-01-2026_reforma_centro_da_juventude-19\" title=\"20-01-2026_reforma_centro_da_juventude-19\" data-src=\"http:\/\/www.apucarana.pr.gov.br\/site\/wp-content\/uploads\/2026\/01\/20-01-2026_reforma_centro_da_juventude-19-1024x683.jpg\" \/>\n\t<a href=\"http:\/\/www.apucarana.pr.gov.br\/site\/wp-content\/uploads\/2026\/01\/20-01-2026_reforma_centro_da_juventude-19-1024x683.jpg\" target=\"_self\"    >20-01-2026_reforma_centro_da_juventude-19<\/a>\n\n\n\t<img decoding=\"async\" class=\"ms-thumb\" src=\"http:\/\/www.apucarana.pr.gov.br\/site\/wp-content\/uploads\/2026\/01\/20-01-2026_reforma_centro_da_juventude-19-1024x683-140x80.jpg\" alt=\"20-01-2026_reforma_centro_da_juventude-19\" \/>\n\t\t\t\t<\/div>\n\t\t\t<div  class=\"ms-slide\" data-delay=\"3\"    >\n\t\t\t\t\t<img decoding=\"async\" src=\"http:\/\/www.apucarana.pr.gov.br\/site\/wp-content\/plugins\/masterslider\/public\/assets\/css\/blank.gif\" alt=\"20-01-2026_reforma_centro_da_juventude-23\" title=\"20-01-2026_reforma_centro_da_juventude-23\" data-src=\"http:\/\/www.apucarana.pr.gov.br\/site\/wp-content\/uploads\/2026\/01\/20-01-2026_reforma_centro_da_juventude-23-1024x683.jpg\" \/>\n\t<a href=\"http:\/\/www.apucarana.pr.gov.br\/site\/wp-content\/uploads\/2026\/01\/20-01-2026_reforma_centro_da_juventude-23-1024x683.jpg\" target=\"_self\"    >20-01-2026_reforma_centro_da_juventude-23<\/a>\n\n\n\t<img decoding=\"async\" class=\"ms-thumb\" src=\"http:\/\/www.apucarana.pr.gov.br\/site\/wp-content\/uploads\/2026\/01\/20-01-2026_reforma_centro_da_juventude-23-1024x683-140x80.jpg\" alt=\"20-01-2026_reforma_centro_da_juventude-23\" \/>\n\t\t\t\t<\/div>\n\t\t\t<div  class=\"ms-slide\" data-delay=\"3\"    >\n\t\t\t\t\t<img decoding=\"async\" src=\"http:\/\/www.apucarana.pr.gov.br\/site\/wp-content\/plugins\/masterslider\/public\/assets\/css\/blank.gif\" alt=\"20-01-2026_reforma_centro_da_juventude-31\" title=\"20-01-2026_reforma_centro_da_juventude-31\" data-src=\"http:\/\/www.apucarana.pr.gov.br\/site\/wp-content\/uploads\/2026\/01\/20-01-2026_reforma_centro_da_juventude-31-1024x683.jpg\" \/>\n\t<a href=\"http:\/\/www.apucarana.pr.gov.br\/site\/wp-content\/uploads\/2026\/01\/20-01-2026_reforma_centro_da_juventude-31-1024x683.jpg\" target=\"_self\"    >20-01-2026_reforma_centro_da_juventude-31<\/a>\n\n\n\t<img decoding=\"async\" class=\"ms-thumb\" src=\"http:\/\/www.apucarana.pr.gov.br\/site\/wp-content\/uploads\/2026\/01\/20-01-2026_reforma_centro_da_juventude-31-1024x683-140x80.jpg\" alt=\"20-01-2026_reforma_centro_da_juventude-31\" \/>\n\t\t\t\t<\/div>\n\n\t\t\t<\/div>\n\t\t\t<!-- END MasterSlider Main -->\n\n\t\t\t \n\t\t<\/div>\n\t\t<!-- END MasterSlider -->\n\n\t\t<script>\n\t\t( window.MSReady = window.MSReady || [] ).push( function( $ ) {\n\n\t\t\t\"use strict\";\n\t\t\tvar masterslider_818b = new MasterSlider();\n\n\t\t\t\/\/ slider controls\n\t\t\tmasterslider_818b.control('arrows'     ,{ autohide:true, overVideo:true  });\n\t\t\tmasterslider_818b.control('thumblist'  ,{ autohide:false, overVideo:true, dir:'h', speed:17, inset:false, arrows:false, hover:false, customClass:'', align:'bottom',type:'thumbs', margin:2, width:140, height:80, space:2, fillMode:'fill'  });\n\t\t\t\/\/ slider setup\n\t\t\tmasterslider_818b.setup(\"MS69f05ef15818b\", {\n\t\t\t\twidth           : 960,\n\t\t\t\theight          : 540,\n\t\t\t\tminHeight       : 0,\n\t\t\t\tspace           : 0,\n\t\t\t\tstart           : 1,\n\t\t\t\tgrabCursor      : true,\n\t\t\t\tswipe           : true,\n\t\t\t\tmouse           : true,\n\t\t\t\tkeyboard        : false,\n\t\t\t\tlayout          : \"fillwidth\",\n\t\t\t\twheel           : false,\n\t\t\t\tautoplay        : true,\n                instantStartLayers:false,\n\t\t\t\tmobileBGVideo:false,\n\t\t\t\tloop            : true,\n\t\t\t\tshuffle         : false,\n\t\t\t\tpreload         : 3,\n\t\t\t\theightLimit     : false,\n\t\t\t\tautoHeight      : false,\n\t\t\t\tsmoothHeight    : true,\n\t\t\t\tendPause        : false,\n\t\t\t\toverPause       : false,\n\t\t\t\tfillMode        : \"fill\",\n\t\t\t\tcenterControls  : true,\n\t\t\t\tstartOnAppear   : false,\n\t\t\t\tlayersMode      : \"center\",\n\t\t\t\tautofillTarget  : \"\",\n\t\t\t\thideLayers      : false,\n\t\t\t\tfullscreenMargin: 0,\n\t\t\t\tspeed           : 17,\n\t\t\t\tdir             : \"h\",\n\t\t\t\tresponsive      : true,\n\t\t\t\ttabletWidth     : 768,\n\t\t\t\ttabletHeight    : null,\n\t\t\t\tphoneWidth      : 480,\n\t\t\t\tphoneHeight    : null,\n\t\t\t\tsizingReference : window,\n\t\t\t\tparallaxMode    : 'swipe',\n\t\t\t\tview            : \"basic\"\n\t\t\t});\n\n\t\t\t\n\t\t\twindow.masterslider_instances = window.masterslider_instances || [];\n\t\t\twindow.masterslider_instances.push( masterslider_818b );\n\t\t});\n\t\t<\/script>\n\n\n<p>Com foco na seguran\u00e7a e na qualidade do atendimento a adolescentes, jovens e idosos do munic\u00edpio, o prefeito Rodolfo Mota autorizou nesta ter\u00e7a-feira (20\/01) a execu\u00e7\u00e3o da primeira etapa da reforma estrutural do Centro da Juventude Alex Mazaron (CEJA de Apucarana).<\/p>\n<p>Com investimento de R$ 264.978,10, o projeto contempla interven\u00e7\u00f5es na \u00e1rea da piscina coberta, com substitui\u00e7\u00e3o da cobertura existente, constru\u00e7\u00e3o de acesso coberto a partir do bloco administrativo, al\u00e9m de adequa\u00e7\u00f5es nos vesti\u00e1rios, piso e grelhas met\u00e1licas, garantindo mais seguran\u00e7a, conforto e melhor funcionamento do espa\u00e7o.<\/p>\n<p>O prefeito Rodolfo Mota destacou que a interven\u00e7\u00e3o reafirma o compromisso da gest\u00e3o com a popula\u00e7\u00e3o e o cuidado respons\u00e1vel com o patrim\u00f4nio p\u00fablico. \u201cTrata-se de uma obra aguardada h\u00e1 anos, que vai corrigir desgastes naturais do tempo e permitir a amplia\u00e7\u00e3o dos servi\u00e7os oferecidos no local. \u00c9 mais um presente para a cidade dentro da programa\u00e7\u00e3o comemorativa dos 82 anos de Apucarana, neste que ser\u00e1 o ano da constru\u00e7\u00e3o e da transforma\u00e7\u00e3o\u201d, afirmou o prefeito, ressaltando que a ordem de servi\u00e7o assinada marca a primeira etapa de melhorias que vai garantir mais seguran\u00e7a aos idosos que participam das aulas de hidrogin\u00e1stica e aos jovens da nata\u00e7\u00e3o.<\/p>\n<p>O secret\u00e1rio municipal de Esportes, Bruno Marchi, refor\u00e7a que a melhoria tem como prioridade a seguran\u00e7a dos usu\u00e1rios, especialmente do p\u00fablico idoso atendido no local. Segundo ele, ao assumir a secretaria, a situa\u00e7\u00e3o da piscina chamou aten\u00e7\u00e3o pelo risco existente. \u201cN\u00f3s atendemos muitos idosos aqui no Centro da Juventude e havia muita estrutura met\u00e1lica exposta, com risco real de acidentes. As grelhas enferrujadas, por exemplo, s\u00e3o um perigo ainda maior para pessoas com diabetes, que t\u00eam maior dificuldade de cicatriza\u00e7\u00e3o. Um acidente poderia causar um problema grave, e a responsabilidade \u00e9 nossa enquanto poder p\u00fablico\u201d, afirmou.<\/p>\n<p>Bruno Marchi destacou ainda que a obra vai permitir a amplia\u00e7\u00e3o das atividades oferecidas no espa\u00e7o. \u201cAl\u00e9m da seguran\u00e7a, o objetivo \u00e9 ampliar o atendimento. J\u00e1 temos projetos para forma\u00e7\u00e3o de nadadores, cria\u00e7\u00e3o de novas turmas e aumento da oferta de atividades. No in\u00edcio, v\u00edamos poucas crian\u00e7as e adolescentes aqui. Hoje esse cen\u00e1rio est\u00e1 mudando, com mais gente participando. Isso significa tirar jovens da rua e oferecer atividades de qualidade\u201d, ressaltou.<\/p>\n<p>A licita\u00e7\u00e3o foi vencida pela empresa HSM Engenharia Ltda., que ter\u00e1 prazo de quatro meses para a execu\u00e7\u00e3o da obra. A fiscaliza\u00e7\u00e3o ficar\u00e1 a cargo da Secretaria Municipal de Obras, garantindo o cumprimento do projeto t\u00e9cnico, dos prazos e da qualidade dos servi\u00e7os executados. \u201cEssa interven\u00e7\u00e3o na piscina tem car\u00e1ter preventivo e t\u00e9cnico. A cobertura sofreu oxida\u00e7\u00e3o das ferragens em raz\u00e3o do ac\u00famulo de vapor, da \u00e1gua aquecida, da a\u00e7\u00e3o do cloro e, possivelmente, da aus\u00eancia de pintura e prote\u00e7\u00e3o adequadas na estrutura met\u00e1lica. Esse conjunto de fatores acabou acelerando o processo de corros\u00e3o\u201d, explicou o engenheiro civil Mateus Franciscon Fernandes, secret\u00e1rio municipal de Obras.<\/p>\n<p>Al\u00e9m da cobertura, Mateus Franciscon Fernandes relata que o projeto contempla a reforma dos vesti\u00e1rios e melhorias no sistema hidr\u00e1ulico. \u201cVamos intervir na tubula\u00e7\u00e3o que alimenta a piscina, que hoje \u00e9 antiga e pouco eficiente. A proposta \u00e9 garantir um sistema de aquecimento mais moderno e funcional, com melhor planejamento da entrada de \u00e1gua\u201d, afirmou. Outro ponto importante da obra ser\u00e1 a constru\u00e7\u00e3o de um acesso coberto at\u00e9 a piscina. \u201cEm dias de chuva, os usu\u00e1rios n\u00e3o precisar\u00e3o mais sair do bloco administrativo ou da \u00e1rea dos escrit\u00f3rios expostos ao tempo. Esse acesso coberto garante conforto e seguran\u00e7a\u201d, acrescentou.<\/p>\n<p><strong>O que \u00e9<\/strong> \u2013 Compartilhado pelas secretarias de Esporte e de Assist\u00eancia Social, o Centro da Juventude de Apucarana \u00e9 um espa\u00e7o constru\u00eddo em parceria com o Governo do Paran\u00e1, voltado \u00e0 promo\u00e7\u00e3o da cidadania, conviv\u00eancia e forma\u00e7\u00e3o pessoal e profissional de apucaranenses com idades entre 12 e 18 anos. O espa\u00e7o tamb\u00e9m \u00e9 utilizado para aulas de hidrogin\u00e1stica para idosos.<\/p>\n<p>Com 1,7 mil metros quadrados de \u00e1rea constru\u00edda, em um terreno de 5 mil metros quadrados, o Centro da Juventude disponibiliza biblioteca, laborat\u00f3rio, sala de inform\u00e1tica, audit\u00f3rio, salas multiuso, pra\u00e7a, teatro de arena, pista de skate, gin\u00e1sio poliesportivo e piscina semiol\u00edmpica coberta e aquecida, com atua\u00e7\u00e3o de profissionais das \u00e1reas de educa\u00e7\u00e3o f\u00edsica, psicologia, pedagogia e assist\u00eancia social, entre outras.<\/p>\n<p><strong>Presen\u00e7a<\/strong> \u2013 Entre as autoridades presentes no evento estiveram a secret\u00e1ria municipal da Mulher e Assuntos da Fam\u00edlia, Karine Mota, o vice-prefeito Marcos da Vila Reis, o secret\u00e1rio municipal de Obras, engenheiro civil Mateus Franciscon Fernandes, e os vereadores Mois\u00e9s Tavares, Pablo da Seguran\u00e7a, Sidnei da Levelimp e Luciano Facchiano.<\/p>\n<p><strong>Homenagem<\/strong> \u2013 O Centro da Juventude de Apucarana recebeu o nome de Alex Mazaron, falecido em 7 de agosto de 2009, aos 38 anos, v\u00edtima do v\u00edrus H1N1. Jovem atuante em Apucarana, Mazaron era professor, bacharel em Sistemas de Informa\u00e7\u00e3o pela Faculdade de Apucarana (FAP), filho de Jos\u00e9 Mazaron Sobrinho e de J\u00falia Louren\u00e7\u00e3o Mazaron, e deixou os filhos Lucas Mazaron e Amanda Mazaron.<\/p>\n","protected":false},"excerpt":{"rendered":"<p>Com foco na seguran&ccedil;a e na qualidade do atendimento a adolescentes, jovens e idosos do munic&iacute;pio, o prefeito Rodolfo Mota autorizou nesta ter&ccedil;a-feira (20\/01) a execu&ccedil;&atilde;o da primeira etapa da reforma estrutural do Centro da Juventude Alex Mazaron (CEJA de Apucarana). Com investimento de R$ 264.978,10, o projeto contempla interven&ccedil;&otilde;es na &aacute;rea da piscina coberta, [&hellip;]<\/p>\n","protected":false},"author":7,"featured_media":122527,"comment_status":"closed","ping_status":"closed","sticky":false,"template":"","format":"standard","meta":{"footnotes":""},"categories":[24],"tags":[],"class_list":["post-122513","post","type-post","status-publish","format-standard","has-post-thumbnail","hentry","category-noticias"],"acf":[],"_links":{"self":[{"href":"http:\/\/www.apucarana.pr.gov.br\/site\/wp-json\/wp\/v2\/posts\/122513","targetHints":{"allow":["GET"]}}],"collection":[{"href":"http:\/\/www.apucarana.pr.gov.br\/site\/wp-json\/wp\/v2\/posts"}],"about":[{"href":"http:\/\/www.apucarana.pr.gov.br\/site\/wp-json\/wp\/v2\/types\/post"}],"author":[{"embeddable":true,"href":"http:\/\/www.apucarana.pr.gov.br\/site\/wp-json\/wp\/v2\/users\/7"}],"replies":[{"embeddable":true,"href":"http:\/\/www.apucarana.pr.gov.br\/site\/wp-json\/wp\/v2\/comments?post=122513"}],"version-history":[{"count":5,"href":"http:\/\/www.apucarana.pr.gov.br\/site\/wp-json\/wp\/v2\/posts\/122513\/revisions"}],"predecessor-version":[{"id":122555,"href":"http:\/\/www.apucarana.pr.gov.br\/site\/wp-json\/wp\/v2\/posts\/122513\/revisions\/122555"}],"wp:featuredmedia":[{"embeddable":true,"href":"http:\/\/www.apucarana.pr.gov.br\/site\/wp-json\/wp\/v2\/media\/122527"}],"wp:attachment":[{"href":"http:\/\/www.apucarana.pr.gov.br\/site\/wp-json\/wp\/v2\/media?parent=122513"}],"wp:term":[{"taxonomy":"category","embeddable":true,"href":"http:\/\/www.apucarana.pr.gov.br\/site\/wp-json\/wp\/v2\/categories?post=122513"},{"taxonomy":"post_tag","embeddable":true,"href":"http:\/\/www.apucarana.pr.gov.br\/site\/wp-json\/wp\/v2\/tags?post=122513"}],"curies":[{"name":"wp","href":"https:\/\/api.w.org\/{rel}","templated":true}]}}