{"id":122505,"date":"2026-01-20T17:40:05","date_gmt":"2026-01-20T20:40:05","guid":{"rendered":"https:\/\/www.apucarana.pr.gov.br\/site\/?p=122505"},"modified":"2026-01-20T18:31:48","modified_gmt":"2026-01-20T21:31:48","slug":"prefeitura-de-apucarana-define-estrategias-de-seguranca-e-transito-para-a-festa-de-82-anos-da-cidade","status":"publish","type":"post","link":"http:\/\/www.apucarana.pr.gov.br\/site\/prefeitura-de-apucarana-define-estrategias-de-seguranca-e-transito-para-a-festa-de-82-anos-da-cidade\/","title":{"rendered":"Festa de 82 anos de Apucarana ter\u00e1 forte esquema de seguran\u00e7a, com refor\u00e7o policial e reconhecimento facial para garantir tranquilidade \u00e0 popula\u00e7\u00e3o"},"content":{"rendered":"\n\t\t<!-- MasterSlider -->\n\t\t<div id=\"P_MS69f05eeb7d3c7\" class=\"master-slider-parent master-slider-gallery   ms-parent-id-0\" style=\"\" >\n\n\t\t\t\n\t\t\t<!-- MasterSlider Main -->\n\t\t\t<div id=\"MS69f05eeb7d3c7\" class=\"master-slider ms-skin-default\" >\n\t\t\t\t \t\t\t\t \n\t\t\t<div  class=\"ms-slide\" data-delay=\"3\"    >\n\t\t\t\t\t<img decoding=\"async\" src=\"http:\/\/www.apucarana.pr.gov.br\/site\/wp-content\/plugins\/masterslider\/public\/assets\/css\/blank.gif\" alt=\"WhatsApp Image 2026-01-20 at 17.21.38 (1)\" title=\"WhatsApp Image 2026-01-20 at 17.21.38 (1)\" data-src=\"http:\/\/www.apucarana.pr.gov.br\/site\/wp-content\/uploads\/2026\/01\/WhatsApp-Image-2026-01-20-at-17.21.38-1-1024x768.jpeg\" \/>\n\t<a href=\"http:\/\/www.apucarana.pr.gov.br\/site\/wp-content\/uploads\/2026\/01\/WhatsApp-Image-2026-01-20-at-17.21.38-1-1024x768.jpeg\" target=\"_self\"    >WhatsApp Image 2026-01-20 at 17.21.38 (1)<\/a>\n\n\n\t<img decoding=\"async\" class=\"ms-thumb\" src=\"http:\/\/www.apucarana.pr.gov.br\/site\/wp-content\/uploads\/2026\/01\/WhatsApp-Image-2026-01-20-at-17.21.38-1-1024x768-140x80.jpeg\" alt=\"WhatsApp Image 2026-01-20 at 17.21.38 (1)\" \/>\n\t\t\t\t<\/div>\n\t\t\t<div  class=\"ms-slide\" data-delay=\"3\"    >\n\t\t\t\t\t<img decoding=\"async\" src=\"http:\/\/www.apucarana.pr.gov.br\/site\/wp-content\/plugins\/masterslider\/public\/assets\/css\/blank.gif\" alt=\"WhatsApp Image 2026-01-20 at 17.21.39 (2)\" title=\"WhatsApp Image 2026-01-20 at 17.21.39 (2)\" data-src=\"http:\/\/www.apucarana.pr.gov.br\/site\/wp-content\/uploads\/2026\/01\/WhatsApp-Image-2026-01-20-at-17.21.39-2-1024x768.jpeg\" \/>\n\t<a href=\"http:\/\/www.apucarana.pr.gov.br\/site\/wp-content\/uploads\/2026\/01\/WhatsApp-Image-2026-01-20-at-17.21.39-2-1024x768.jpeg\" target=\"_self\"    >WhatsApp Image 2026-01-20 at 17.21.39 (2)<\/a>\n\n\n\t<img decoding=\"async\" class=\"ms-thumb\" src=\"http:\/\/www.apucarana.pr.gov.br\/site\/wp-content\/uploads\/2026\/01\/WhatsApp-Image-2026-01-20-at-17.21.39-2-1024x768-140x80.jpeg\" alt=\"WhatsApp Image 2026-01-20 at 17.21.39 (2)\" \/>\n\t\t\t\t<\/div>\n\t\t\t<div  class=\"ms-slide\" data-delay=\"3\"    >\n\t\t\t\t\t<img decoding=\"async\" src=\"http:\/\/www.apucarana.pr.gov.br\/site\/wp-content\/plugins\/masterslider\/public\/assets\/css\/blank.gif\" alt=\"WhatsApp Image 2026-01-20 at 17.21.39\" title=\"WhatsApp Image 2026-01-20 at 17.21.39\" data-src=\"http:\/\/www.apucarana.pr.gov.br\/site\/wp-content\/uploads\/2026\/01\/WhatsApp-Image-2026-01-20-at-17.21.39-1024x768.jpeg\" \/>\n\t<a href=\"http:\/\/www.apucarana.pr.gov.br\/site\/wp-content\/uploads\/2026\/01\/WhatsApp-Image-2026-01-20-at-17.21.39-1024x768.jpeg\" target=\"_self\"    >WhatsApp Image 2026-01-20 at 17.21.39<\/a>\n\n\n\t<img decoding=\"async\" class=\"ms-thumb\" src=\"http:\/\/www.apucarana.pr.gov.br\/site\/wp-content\/uploads\/2026\/01\/WhatsApp-Image-2026-01-20-at-17.21.39-1024x768-140x80.jpeg\" alt=\"WhatsApp Image 2026-01-20 at 17.21.39\" \/>\n\t\t\t\t<\/div>\n\n\t\t\t<\/div>\n\t\t\t<!-- END MasterSlider Main -->\n\n\t\t\t \n\t\t<\/div>\n\t\t<!-- END MasterSlider -->\n\n\t\t<script>\n\t\t( window.MSReady = window.MSReady || [] ).push( function( $ ) {\n\n\t\t\t\"use strict\";\n\t\t\tvar masterslider_d3c7 = new MasterSlider();\n\n\t\t\t\/\/ slider controls\n\t\t\tmasterslider_d3c7.control('arrows'     ,{ autohide:true, overVideo:true  });\n\t\t\tmasterslider_d3c7.control('thumblist'  ,{ autohide:false, overVideo:true, dir:'h', speed:17, inset:false, arrows:false, hover:false, customClass:'', align:'bottom',type:'thumbs', margin:2, width:140, height:80, space:2, fillMode:'fill'  });\n\t\t\t\/\/ slider setup\n\t\t\tmasterslider_d3c7.setup(\"MS69f05eeb7d3c7\", {\n\t\t\t\twidth           : 960,\n\t\t\t\theight          : 540,\n\t\t\t\tminHeight       : 0,\n\t\t\t\tspace           : 0,\n\t\t\t\tstart           : 1,\n\t\t\t\tgrabCursor      : true,\n\t\t\t\tswipe           : true,\n\t\t\t\tmouse           : true,\n\t\t\t\tkeyboard        : false,\n\t\t\t\tlayout          : \"fillwidth\",\n\t\t\t\twheel           : false,\n\t\t\t\tautoplay        : true,\n                instantStartLayers:false,\n\t\t\t\tmobileBGVideo:false,\n\t\t\t\tloop            : true,\n\t\t\t\tshuffle         : false,\n\t\t\t\tpreload         : 3,\n\t\t\t\theightLimit     : false,\n\t\t\t\tautoHeight      : false,\n\t\t\t\tsmoothHeight    : true,\n\t\t\t\tendPause        : false,\n\t\t\t\toverPause       : false,\n\t\t\t\tfillMode        : \"fill\",\n\t\t\t\tcenterControls  : true,\n\t\t\t\tstartOnAppear   : false,\n\t\t\t\tlayersMode      : \"center\",\n\t\t\t\tautofillTarget  : \"\",\n\t\t\t\thideLayers      : false,\n\t\t\t\tfullscreenMargin: 0,\n\t\t\t\tspeed           : 17,\n\t\t\t\tdir             : \"h\",\n\t\t\t\tresponsive      : true,\n\t\t\t\ttabletWidth     : 768,\n\t\t\t\ttabletHeight    : null,\n\t\t\t\tphoneWidth      : 480,\n\t\t\t\tphoneHeight    : null,\n\t\t\t\tsizingReference : window,\n\t\t\t\tparallaxMode    : 'swipe',\n\t\t\t\tview            : \"basic\"\n\t\t\t});\n\n\t\t\t\n\t\t\twindow.masterslider_instances = window.masterslider_instances || [];\n\t\t\twindow.masterslider_instances.push( masterslider_d3c7 );\n\t\t});\n\t\t<\/script>\n\n\n<p data-start=\"544\" data-end=\"967\">A <span class=\"hover:entity-accent entity-underline inline cursor-pointer align-baseline\"><span class=\"whitespace-normal\">Prefeitura de Apucarana<\/span><\/span> definiu um esquema especial de seguran\u00e7a, tr\u00e2nsito e mobilidade urbana para a festa de 82 anos do munic\u00edpio, que ser\u00e1 realizada entre os dias 27 e 31 de janeiro, na <span class=\"hover:entity-accent entity-underline inline cursor-pointer align-baseline\"><span class=\"whitespace-normal\">Pra\u00e7a Rui Barbosa<\/span><\/span>. As medidas incluem refor\u00e7o policial, apoio tecnol\u00f3gico e altera\u00e7\u00f5es vi\u00e1rias planejadas para garantir tranquilidade ao p\u00fablico e organiza\u00e7\u00e3o durante os dias de programa\u00e7\u00e3o.<\/p>\n<p data-start=\"969\" data-end=\"1406\">O prefeito <span class=\"hover:entity-accent entity-underline inline cursor-pointer align-baseline\"><span class=\"whitespace-normal\">Rodolfo Mota<\/span><\/span> destacou que a seguran\u00e7a foi tratada como prioridade m\u00e1xima na organiza\u00e7\u00e3o da festa. \u201cEstamos falando do anivers\u00e1rio da nossa cidade, de um evento pensado para as fam\u00edlias. A popula\u00e7\u00e3o de Apucarana e de toda a nossa regi\u00e3o pode vir tranquila. Organizamos um esquema de seguran\u00e7a refor\u00e7ado, com integra\u00e7\u00e3o das for\u00e7as e uso de tecnologia, para garantir um ambiente seguro para todos que vierem celebrar esse momento especial\u201d, afirmou.<\/p>\n<p data-start=\"1408\" data-end=\"1833\">O encontro que definiu as a\u00e7\u00f5es reuniu membros do Conselho Municipal de Turismo, representantes da Associa\u00e7\u00e3o Comercial, Industrial e de Servi\u00e7os de Apucarana (ACIA), do Sindicato do Com\u00e9rcio Varejista (SIVANA), do 10\u00ba Batalh\u00e3o da Pol\u00edcia Militar, da Guarda Civil Municipal, da Secretaria Municipal de Cultura e Turismo e da Secretaria Municipal de Seguran\u00e7a, Transporte, Tr\u00e2nsito, Mobilidade Urbana e Defesa Civil (Segtran).<\/p>\n<p data-start=\"1835\" data-end=\"2501\">A montagem das barracas gastron\u00f4micas j\u00e1 teve in\u00edcio e a estrutura do palco come\u00e7ar\u00e1 a ser instalada a partir de quinta-feira (22\/01). Em raz\u00e3o disso, haver\u00e1 altera\u00e7\u00f5es no tr\u00e2nsito. O secret\u00e1rio da Segtran, major Vilson Laurentino da Silva, explicou que a Avenida Curitiba e a Rua Os\u00f3rio Ribas de Paula ser\u00e3o interditadas nas proximidades da loja Pernambucanas. \u201cPara garantir melhor fluidez, vamos inverter o sentido da Rua Rio Branco, no trecho entre a Avenida Curitiba e a Rua Munhoz da Rocha. Tamb\u00e9m ser\u00e3o instaladas faixas informativas e agentes de tr\u00e2nsito estar\u00e3o no local para orientar os motoristas sobre rotas alternativas e poss\u00edveis lentid\u00f5es\u201d, destacou.<\/p>\n<p data-start=\"2503\" data-end=\"2880\">Outra medida anunciada \u00e9 a amplia\u00e7\u00e3o do hor\u00e1rio do transporte coletivo durante os dias de festa. \u201cTeremos um hor\u00e1rio extra de \u00f4nibus, com funcionamento at\u00e9 meia-noite e meia, para que as pessoas possam aproveitar os shows e retornar com seguran\u00e7a para suas casas\u201d, informou o major Vilson, destacando que o decreto autorizando a medida ser\u00e1 assinado pelo prefeito Rodolfo Mota.<\/p>\n<p data-start=\"2882\" data-end=\"3360\">Na sequ\u00eancia, o secret\u00e1rio da Segtran detalhou como o esquema de seguran\u00e7a ser\u00e1 executado. Segundo o major Vilson Laurentino da Silva, a opera\u00e7\u00e3o ser\u00e1 ampliada em rela\u00e7\u00e3o ao ano anterior. \u201cEstamos preparando uma grande opera\u00e7\u00e3o, com refor\u00e7o da Pol\u00edcia Militar, incluindo equipes da RONE e da ROTAM de Londrina e Arapongas, al\u00e9m do efetivo administrativo. Tamb\u00e9m vamos triplicar o n\u00famero de guardas municipais durante os hor\u00e1rios de shows e funcionamento das barracas\u201d, explicou.<\/p>\n<p data-start=\"3362\" data-end=\"3526\">O evento contar\u00e1 ainda com apoio tecnol\u00f3gico, como o sistema de reconhecimento facial, refor\u00e7ando o monitoramento e a seguran\u00e7a do p\u00fablico durante os dias de festa.<\/p>\n<p data-start=\"3528\" data-end=\"4011\">Segundo o secret\u00e1rio municipal de Cultura e Turismo, Rodrigo Li\u00e9vore (Recife), o di\u00e1logo antecipado \u00e9 fundamental para garantir uma festa bem organizada, segura e respeitosa com a popula\u00e7\u00e3o e o com\u00e9rcio local. \u201cEsse \u00e9 um momento importante, que demonstra o cuidado e o carinho com que estamos conduzindo a organiza\u00e7\u00e3o da festa de 82 anos de Apucarana. \u00c9 um evento de grande porte, que exige planejamento, di\u00e1logo e respeito, especialmente com o com\u00e9rcio da regi\u00e3o central\u201d, destacou.<\/p>\n<p data-start=\"4013\" data-end=\"4455\">Ele ressaltou que a programa\u00e7\u00e3o j\u00e1 faz parte da cultura da cidade e que as interven\u00e7\u00f5es no tr\u00e2nsito s\u00e3o necess\u00e1rias para a montagem da estrutura. \u201cA festa acontece tradicionalmente na regi\u00e3o da Catedral. Para montar o palco e as barracas, algumas interven\u00e7\u00f5es ser\u00e3o inevit\u00e1veis, mas tudo est\u00e1 sendo pensado com anteced\u00eancia, em conjunto com a Segtran e ouvindo comerciantes e entidades, para minimizar impactos e garantir seguran\u00e7a\u201d, afirmou.<\/p>\n<p data-start=\"4457\" data-end=\"4879\">A programa\u00e7\u00e3o art\u00edstica come\u00e7a no dia 27, quando os shows ter\u00e3o in\u00edcio \u00e0s 21h e \u00e0s 23h. De quarta a s\u00e1bado, os shows est\u00e3o previstos para come\u00e7ar \u00e0s 22h. As barracas gastron\u00f4micas funcionam, na ter\u00e7a, quinta e sexta-feira, a partir das 18h. Na quarta-feira e no s\u00e1bado, o atendimento come\u00e7a \u00e0s 10h da manh\u00e3, possibilitando que moradores e visitantes almocem na pra\u00e7a e aproveitem a festa desde cedo.<\/p>\n<p data-start=\"4881\" data-end=\"5258\">A festa de 82 anos de Apucarana conta com apoio da Secretaria de Turismo do Governo do Estado do Paran\u00e1 e da Itaipu Binacional. \u201c\u00c9 um momento hist\u00f3rico, de celebra\u00e7\u00e3o e de orgulho para a nossa cidade. Convidamos todas as fam\u00edlias apucaranenses para participarem desse grande evento, preparado com muito planejamento, seguran\u00e7a e carinho\u201d, concluiu o secret\u00e1rio Rodrigo Li\u00e9vore.<\/p>\n<p>&nbsp;<\/p>\n<p><strong>AGENDA DE SHOWS<\/strong><\/p>\n<p>27\/01 (ter\u00e7a-feira)<br \/>\n\u2022 Ton Carfi \u2013 21h<br \/>\n\u2022 Ramon &amp; Rafael \u2013 23h<\/p>\n<p>28\/01 (quarta-feira)<br \/>\n\u2022 Maiara &amp; Mara\u00edsa \u2013 22h<\/p>\n<p>29\/01 (quinta-feira)<br \/>\n\u2022 Paralamas do Sucesso \u2013 22h<\/p>\n<p>30\/01 (sexta-feira)<br \/>\n\u2022 Mumuzinho \u2013 22h<\/p>\n<p>31\/01 (s\u00e1bado)<br \/>\n\u2022 Edson &amp; Hudson \u2013 22h<\/p>\n<p><strong>63\u00aa CORRIDA PEDESTRE 28 DE JANEIRO<\/strong><\/p>\n<p>Local: Pra\u00e7a Rui Barbosa<br \/>\nData: 31 de janeiro<br \/>\nHor\u00e1rios das largadas:<br \/>\n\u2022 Prova Vinteoitinha \u2013 9h<br \/>\n\u2022 Prova de 5 km \u2013 19h<br \/>\n\u2022 Prova de 10 km \u2013 20h15<\/p>\n","protected":false},"excerpt":{"rendered":"<p>A Prefeitura de Apucarana definiu um esquema especial de seguran&ccedil;a, tr&acirc;nsito e mobilidade urbana para a festa de 82 anos do munic&iacute;pio, que ser&aacute; realizada entre os dias 27 e 31 de janeiro, na Pra&ccedil;a Rui Barbosa. As medidas incluem refor&ccedil;o policial, apoio tecnol&oacute;gico e altera&ccedil;&otilde;es vi&aacute;rias planejadas para garantir tranquilidade ao p&uacute;blico e organiza&ccedil;&atilde;o [&hellip;]<\/p>\n","protected":false},"author":8,"featured_media":122507,"comment_status":"closed","ping_status":"closed","sticky":false,"template":"","format":"standard","meta":{"footnotes":""},"categories":[24],"tags":[],"class_list":["post-122505","post","type-post","status-publish","format-standard","has-post-thumbnail","hentry","category-noticias"],"acf":[],"_links":{"self":[{"href":"http:\/\/www.apucarana.pr.gov.br\/site\/wp-json\/wp\/v2\/posts\/122505","targetHints":{"allow":["GET"]}}],"collection":[{"href":"http:\/\/www.apucarana.pr.gov.br\/site\/wp-json\/wp\/v2\/posts"}],"about":[{"href":"http:\/\/www.apucarana.pr.gov.br\/site\/wp-json\/wp\/v2\/types\/post"}],"author":[{"embeddable":true,"href":"http:\/\/www.apucarana.pr.gov.br\/site\/wp-json\/wp\/v2\/users\/8"}],"replies":[{"embeddable":true,"href":"http:\/\/www.apucarana.pr.gov.br\/site\/wp-json\/wp\/v2\/comments?post=122505"}],"version-history":[{"count":5,"href":"http:\/\/www.apucarana.pr.gov.br\/site\/wp-json\/wp\/v2\/posts\/122505\/revisions"}],"predecessor-version":[{"id":122530,"href":"http:\/\/www.apucarana.pr.gov.br\/site\/wp-json\/wp\/v2\/posts\/122505\/revisions\/122530"}],"wp:featuredmedia":[{"embeddable":true,"href":"http:\/\/www.apucarana.pr.gov.br\/site\/wp-json\/wp\/v2\/media\/122507"}],"wp:attachment":[{"href":"http:\/\/www.apucarana.pr.gov.br\/site\/wp-json\/wp\/v2\/media?parent=122505"}],"wp:term":[{"taxonomy":"category","embeddable":true,"href":"http:\/\/www.apucarana.pr.gov.br\/site\/wp-json\/wp\/v2\/categories?post=122505"},{"taxonomy":"post_tag","embeddable":true,"href":"http:\/\/www.apucarana.pr.gov.br\/site\/wp-json\/wp\/v2\/tags?post=122505"}],"curies":[{"name":"wp","href":"https:\/\/api.w.org\/{rel}","templated":true}]}}