{"id":122497,"date":"2026-01-20T12:45:48","date_gmt":"2026-01-20T15:45:48","guid":{"rendered":"https:\/\/www.apucarana.pr.gov.br\/site\/?p=122497"},"modified":"2026-01-20T18:12:17","modified_gmt":"2026-01-20T21:12:17","slug":"apucarana-vive-a-maior-prova-28-de-janeiro-da-historia-reunindo-5-436-atletas-e-transformando-a-cidade-em-uma-grande-festa-do-esporte","status":"publish","type":"post","link":"http:\/\/www.apucarana.pr.gov.br\/site\/apucarana-vive-a-maior-prova-28-de-janeiro-da-historia-reunindo-5-436-atletas-e-transformando-a-cidade-em-uma-grande-festa-do-esporte\/","title":{"rendered":"Apucarana vive a maior Prova 28 de Janeiro da hist\u00f3ria, reunindo 5.436 atletas e transformando a cidade em uma grande festa do esporte"},"content":{"rendered":"\n\t\t<!-- MasterSlider -->\n\t\t<div id=\"P_MS69f04d4e2d6fe\" class=\"master-slider-parent master-slider-gallery   ms-parent-id-0\" style=\"\" >\n\n\t\t\t\n\t\t\t<!-- MasterSlider Main -->\n\t\t\t<div id=\"MS69f04d4e2d6fe\" class=\"master-slider ms-skin-default\" >\n\t\t\t\t \t\t\t\t \n\t\t\t<div  class=\"ms-slide\" data-delay=\"3\"    >\n\t\t\t\t\t<img decoding=\"async\" src=\"http:\/\/www.apucarana.pr.gov.br\/site\/wp-content\/plugins\/masterslider\/public\/assets\/css\/blank.gif\" alt=\"corrida_28_de_janeiro_10km-36-\" title=\"corrida_28_de_janeiro_10km-36-\" data-src=\"http:\/\/www.apucarana.pr.gov.br\/site\/wp-content\/uploads\/2026\/01\/corrida_28_de_janeiro_10km-36--1024x683.jpg\" \/>\n\t<a href=\"http:\/\/www.apucarana.pr.gov.br\/site\/wp-content\/uploads\/2026\/01\/corrida_28_de_janeiro_10km-36--1024x683.jpg\" target=\"_self\"    >corrida_28_de_janeiro_10km-36-<\/a>\n\n\n\t<img decoding=\"async\" class=\"ms-thumb\" src=\"http:\/\/www.apucarana.pr.gov.br\/site\/wp-content\/uploads\/2026\/01\/corrida_28_de_janeiro_10km-36--1024x683-140x80.jpg\" alt=\"corrida_28_de_janeiro_10km-36-\" \/>\n\t\t\t\t<\/div>\n\t\t\t<div  class=\"ms-slide\" data-delay=\"3\"    >\n\t\t\t\t\t<img decoding=\"async\" src=\"http:\/\/www.apucarana.pr.gov.br\/site\/wp-content\/plugins\/masterslider\/public\/assets\/css\/blank.gif\" alt=\"Corrida_5km_28_janeiro161\" title=\"Corrida_5km_28_janeiro161\" data-src=\"http:\/\/www.apucarana.pr.gov.br\/site\/wp-content\/uploads\/2026\/01\/Corrida_5km_28_janeiro161-1-1024x683.jpg\" \/>\n\t<a href=\"http:\/\/www.apucarana.pr.gov.br\/site\/wp-content\/uploads\/2026\/01\/Corrida_5km_28_janeiro161-1-1024x683.jpg\" target=\"_self\"    >Corrida_5km_28_janeiro161<\/a>\n\n\n\t<img decoding=\"async\" class=\"ms-thumb\" src=\"http:\/\/www.apucarana.pr.gov.br\/site\/wp-content\/uploads\/2026\/01\/Corrida_5km_28_janeiro161-1-1024x683-140x80.jpg\" alt=\"Corrida_5km_28_janeiro161\" \/>\n\t\t\t\t<\/div>\n\t\t\t<div  class=\"ms-slide\" data-delay=\"3\"    >\n\t\t\t\t\t<img decoding=\"async\" src=\"http:\/\/www.apucarana.pr.gov.br\/site\/wp-content\/plugins\/masterslider\/public\/assets\/css\/blank.gif\" alt=\"Corrida_5km_28_janeiro230\" title=\"Corrida_5km_28_janeiro230\" data-src=\"http:\/\/www.apucarana.pr.gov.br\/site\/wp-content\/uploads\/2026\/01\/Corrida_5km_28_janeiro230-1024x683.jpg\" \/>\n\t<a href=\"http:\/\/www.apucarana.pr.gov.br\/site\/wp-content\/uploads\/2026\/01\/Corrida_5km_28_janeiro230-1024x683.jpg\" target=\"_self\"    >Corrida_5km_28_janeiro230<\/a>\n\n\n\t<img decoding=\"async\" class=\"ms-thumb\" src=\"http:\/\/www.apucarana.pr.gov.br\/site\/wp-content\/uploads\/2026\/01\/Corrida_5km_28_janeiro230-1024x683-140x80.jpg\" alt=\"Corrida_5km_28_janeiro230\" \/>\n\t\t\t\t<\/div>\n\t\t\t<div  class=\"ms-slide\" data-delay=\"3\"    >\n\t\t\t\t\t<img decoding=\"async\" src=\"http:\/\/www.apucarana.pr.gov.br\/site\/wp-content\/plugins\/masterslider\/public\/assets\/css\/blank.gif\" alt=\"Corrida_5km_28_janeiro138\" title=\"Corrida_5km_28_janeiro138\" data-src=\"http:\/\/www.apucarana.pr.gov.br\/site\/wp-content\/uploads\/2026\/01\/Corrida_5km_28_janeiro138-1024x683.jpg\" \/>\n\t<a href=\"http:\/\/www.apucarana.pr.gov.br\/site\/wp-content\/uploads\/2026\/01\/Corrida_5km_28_janeiro138-1024x683.jpg\" target=\"_self\"    >Corrida_5km_28_janeiro138<\/a>\n\n\n\t<img decoding=\"async\" class=\"ms-thumb\" src=\"http:\/\/www.apucarana.pr.gov.br\/site\/wp-content\/uploads\/2026\/01\/Corrida_5km_28_janeiro138-1024x683-140x80.jpg\" alt=\"Corrida_5km_28_janeiro138\" \/>\n\t\t\t\t<\/div>\n\t\t\t<div  class=\"ms-slide\" data-delay=\"3\"    >\n\t\t\t\t\t<img decoding=\"async\" src=\"http:\/\/www.apucarana.pr.gov.br\/site\/wp-content\/plugins\/masterslider\/public\/assets\/css\/blank.gif\" alt=\"Corrida_5km_28_janeiro227\" title=\"Corrida_5km_28_janeiro227\" data-src=\"http:\/\/www.apucarana.pr.gov.br\/site\/wp-content\/uploads\/2026\/01\/Corrida_5km_28_janeiro227-1024x683.jpg\" \/>\n\t<a href=\"http:\/\/www.apucarana.pr.gov.br\/site\/wp-content\/uploads\/2026\/01\/Corrida_5km_28_janeiro227-1024x683.jpg\" target=\"_self\"    >Corrida_5km_28_janeiro227<\/a>\n\n\n\t<img decoding=\"async\" class=\"ms-thumb\" src=\"http:\/\/www.apucarana.pr.gov.br\/site\/wp-content\/uploads\/2026\/01\/Corrida_5km_28_janeiro227-1024x683-140x80.jpg\" alt=\"Corrida_5km_28_janeiro227\" \/>\n\t\t\t\t<\/div>\n\n\t\t\t<\/div>\n\t\t\t<!-- END MasterSlider Main -->\n\n\t\t\t \n\t\t<\/div>\n\t\t<!-- END MasterSlider -->\n\n\t\t<script>\n\t\t( window.MSReady = window.MSReady || [] ).push( function( $ ) {\n\n\t\t\t\"use strict\";\n\t\t\tvar masterslider_d6fe = new MasterSlider();\n\n\t\t\t\/\/ slider controls\n\t\t\tmasterslider_d6fe.control('arrows'     ,{ autohide:true, overVideo:true  });\n\t\t\tmasterslider_d6fe.control('thumblist'  ,{ autohide:false, overVideo:true, dir:'h', speed:17, inset:false, arrows:false, hover:false, customClass:'', align:'bottom',type:'thumbs', margin:2, width:140, height:80, space:2, fillMode:'fill'  });\n\t\t\t\/\/ slider setup\n\t\t\tmasterslider_d6fe.setup(\"MS69f04d4e2d6fe\", {\n\t\t\t\twidth           : 960,\n\t\t\t\theight          : 540,\n\t\t\t\tminHeight       : 0,\n\t\t\t\tspace           : 0,\n\t\t\t\tstart           : 1,\n\t\t\t\tgrabCursor      : true,\n\t\t\t\tswipe           : true,\n\t\t\t\tmouse           : true,\n\t\t\t\tkeyboard        : false,\n\t\t\t\tlayout          : \"fillwidth\",\n\t\t\t\twheel           : false,\n\t\t\t\tautoplay        : true,\n                instantStartLayers:false,\n\t\t\t\tmobileBGVideo:false,\n\t\t\t\tloop            : true,\n\t\t\t\tshuffle         : false,\n\t\t\t\tpreload         : 3,\n\t\t\t\theightLimit     : false,\n\t\t\t\tautoHeight      : false,\n\t\t\t\tsmoothHeight    : true,\n\t\t\t\tendPause        : false,\n\t\t\t\toverPause       : false,\n\t\t\t\tfillMode        : \"fill\",\n\t\t\t\tcenterControls  : true,\n\t\t\t\tstartOnAppear   : false,\n\t\t\t\tlayersMode      : \"center\",\n\t\t\t\tautofillTarget  : \"\",\n\t\t\t\thideLayers      : false,\n\t\t\t\tfullscreenMargin: 0,\n\t\t\t\tspeed           : 17,\n\t\t\t\tdir             : \"h\",\n\t\t\t\tresponsive      : true,\n\t\t\t\ttabletWidth     : 768,\n\t\t\t\ttabletHeight    : null,\n\t\t\t\tphoneWidth      : 480,\n\t\t\t\tphoneHeight    : null,\n\t\t\t\tsizingReference : window,\n\t\t\t\tparallaxMode    : 'swipe',\n\t\t\t\tview            : \"basic\"\n\t\t\t});\n\n\t\t\t\n\t\t\twindow.masterslider_instances = window.masterslider_instances || [];\n\t\t\twindow.masterslider_instances.push( masterslider_d6fe );\n\t\t});\n\t\t<\/script>\n\n\n<p><strong>\u00a0<\/strong><\/p>\n<p>A 63\u00aa Prova Pedestre 28 de Janeiro contar\u00e1 com 5.436 atletas confirmados, consolidando a maior edi\u00e7\u00e3o da hist\u00f3ria da tradicional corrida de rua e transformando Apucarana em palco de esporte, inclus\u00e3o e celebra\u00e7\u00e3o. O dado foi divulgado nesta ter\u00e7a-feira (20\/11) pela Secretaria Municipal de Esportes, ap\u00f3s o encerramento do prazo para pagamento do boleto, procedimento obrigat\u00f3rio que garante a inscri\u00e7\u00e3o. A prova, ao lado dos shows, \u00e9 um dos pontos altos da programa\u00e7\u00e3o dos 82 anos do munic\u00edpio.<\/p>\n<p>O prefeito Rodolfo Mota destacou que o crescimento expressivo confirma a for\u00e7a do evento no calend\u00e1rio esportivo e o envolvimento da popula\u00e7\u00e3o. \u201cNo ano passado, somando pagantes e isentos, tivemos 4.188 corredores. Agora, atingimos o recorde de 5.436 participantes e, com as inova\u00e7\u00f5es implantadas, estamos colocando a prova em um novo patamar\u201d, ressaltou.<\/p>\n<p>Segundo o prefeito, a distribui\u00e7\u00e3o dos participantes refor\u00e7a a diversidade e o alcance social da prova. \u201cSer\u00e3o 3.160 atletas nos 5 quil\u00f4metros, 1.052 nos 10 quil\u00f4metros, 1.183 crian\u00e7as e adolescentes na tradicional Vinteoitinha, al\u00e9m de 41 paratletas\u201d, afirmou, acrescentando que a competi\u00e7\u00e3o contar\u00e1 novamente com o pelot\u00e3o de elite, reunindo corredores de destaque nacional e internacional.<\/p>\n<p>Rodolfo Mota afirmou ainda que o recorde de inscritos reflete a confian\u00e7a dos atletas na organiza\u00e7\u00e3o e o cuidado da gest\u00e3o com quem participa do evento. \u201cO interesse crescente demonstra o compromisso em oferecer uma experi\u00eancia segura, inclusiva e bem estruturada, tanto para quem corre quanto para as fam\u00edlias que acompanham a festa esportiva no centro da cidade\u201d, reiterou.<\/p>\n<p>O secret\u00e1rio municipal de Esportes, Bruno Marchi, explicou que a procura atingiu o limite m\u00e1ximo planejado para esta edi\u00e7\u00e3o. \u201cA prova chegou \u00e0s 6 mil inscri\u00e7\u00f5es, que \u00e9 a capacidade m\u00e1xima, mas nem todos os atletas efetuaram a quita\u00e7\u00e3o dentro do prazo, procedimento obrigat\u00f3rio para garantir a participa\u00e7\u00e3o\u201d, esclareceu.<\/p>\n<p>Marchi tamb\u00e9m ressaltou o car\u00e1ter inclusivo da Prova 28 de Janeiro. \u201cAs inscri\u00e7\u00f5es foram isentas para atletas acima de 60 anos, pessoas com defici\u00eancia e participantes da Vinteoitinha, refor\u00e7ando o compromisso do evento com a inclus\u00e3o e o incentivo ao esporte\u201d, frisou.<\/p>\n<p><strong>ENTREGA DOS KITS \u2013<\/strong> O secret\u00e1rio destacou as inova\u00e7\u00f5es desta edi\u00e7\u00e3o, como a antecipa\u00e7\u00e3o da Vinteoitinha para o per\u00edodo da manh\u00e3 e a moderniza\u00e7\u00e3o dos processos. \u201cImplantamos o pagamento via Pix, ampliamos as premia\u00e7\u00f5es e criamos b\u00f4nus para atletas de Apucarana. Al\u00e9m disso, investimos em camisetas de qualidade superior e estendemos o prazo de retirada dos kits\u201d, detalhou.<\/p>\n<p>Diferente de anos anteriores, quando a entrega se concentrava na v\u00e9spera e no dia da prova, o prazo para retirada do Kit Atleta foi ampliado. \u201cA retirada acontecer\u00e1 no Cine Teatro F\u00eanix, nos dias 27, 29 e 30 de janeiro, das 10h \u00e0s 20h, e no dia 31 de janeiro, das 8h \u00e0s 13h\u201d, informou, observando que, no dia da prova, a entrega foi programada para atender especialmente atletas de outros munic\u00edpios.<\/p>\n<p>A Prova Pedestre 28 de Janeiro ser\u00e1 realizada no dia 31 de janeiro, com largada e chegada na Pra\u00e7a Rui Barbosa. A Vinteoitinha come\u00e7a \u00e0s 9 horas, seguida pela prova de 5 quil\u00f4metros \u00e0s 19 horas e pelos 10 quil\u00f4metros \u00e0s 20h15.<\/p>\n","protected":false},"excerpt":{"rendered":"<p>&nbsp; A 63&ordf; Prova Pedestre 28 de Janeiro contar&aacute; com 5.436 atletas confirmados, consolidando a maior edi&ccedil;&atilde;o da hist&oacute;ria da tradicional corrida de rua e transformando Apucarana em palco de esporte, inclus&atilde;o e celebra&ccedil;&atilde;o. O dado foi divulgado nesta ter&ccedil;a-feira (20\/11) pela Secretaria Municipal de Esportes, ap&oacute;s o encerramento do prazo para pagamento do boleto, [&hellip;]<\/p>\n","protected":false},"author":6,"featured_media":122498,"comment_status":"closed","ping_status":"closed","sticky":false,"template":"","format":"standard","meta":{"footnotes":""},"categories":[24],"tags":[],"class_list":["post-122497","post","type-post","status-publish","format-standard","has-post-thumbnail","hentry","category-noticias"],"acf":[],"_links":{"self":[{"href":"http:\/\/www.apucarana.pr.gov.br\/site\/wp-json\/wp\/v2\/posts\/122497","targetHints":{"allow":["GET"]}}],"collection":[{"href":"http:\/\/www.apucarana.pr.gov.br\/site\/wp-json\/wp\/v2\/posts"}],"about":[{"href":"http:\/\/www.apucarana.pr.gov.br\/site\/wp-json\/wp\/v2\/types\/post"}],"author":[{"embeddable":true,"href":"http:\/\/www.apucarana.pr.gov.br\/site\/wp-json\/wp\/v2\/users\/6"}],"replies":[{"embeddable":true,"href":"http:\/\/www.apucarana.pr.gov.br\/site\/wp-json\/wp\/v2\/comments?post=122497"}],"version-history":[{"count":1,"href":"http:\/\/www.apucarana.pr.gov.br\/site\/wp-json\/wp\/v2\/posts\/122497\/revisions"}],"predecessor-version":[{"id":122503,"href":"http:\/\/www.apucarana.pr.gov.br\/site\/wp-json\/wp\/v2\/posts\/122497\/revisions\/122503"}],"wp:featuredmedia":[{"embeddable":true,"href":"http:\/\/www.apucarana.pr.gov.br\/site\/wp-json\/wp\/v2\/media\/122498"}],"wp:attachment":[{"href":"http:\/\/www.apucarana.pr.gov.br\/site\/wp-json\/wp\/v2\/media?parent=122497"}],"wp:term":[{"taxonomy":"category","embeddable":true,"href":"http:\/\/www.apucarana.pr.gov.br\/site\/wp-json\/wp\/v2\/categories?post=122497"},{"taxonomy":"post_tag","embeddable":true,"href":"http:\/\/www.apucarana.pr.gov.br\/site\/wp-json\/wp\/v2\/tags?post=122497"}],"curies":[{"name":"wp","href":"https:\/\/api.w.org\/{rel}","templated":true}]}}