{"id":122490,"date":"2026-01-20T11:22:39","date_gmt":"2026-01-20T14:22:39","guid":{"rendered":"https:\/\/www.apucarana.pr.gov.br\/site\/?p=122490"},"modified":"2026-01-20T11:33:06","modified_gmt":"2026-01-20T14:33:06","slug":"prefeitura-de-apucarana-alinha-revitalizacao-da-rua-ponta-grossa-para-fortalecer-o-comercio-e-qualificar-o-espaco-urbano","status":"publish","type":"post","link":"http:\/\/www.apucarana.pr.gov.br\/site\/prefeitura-de-apucarana-alinha-revitalizacao-da-rua-ponta-grossa-para-fortalecer-o-comercio-e-qualificar-o-espaco-urbano\/","title":{"rendered":"Prefeitura de Apucarana alinha revitaliza\u00e7\u00e3o da Rua Ponta Grossa para fortalecer o com\u00e9rcio e qualificar o espa\u00e7o urbano"},"content":{"rendered":"\n\t\t<!-- MasterSlider -->\n\t\t<div id=\"P_MS69f04d91a4924\" class=\"master-slider-parent master-slider-gallery   ms-parent-id-0\" style=\"\" >\n\n\t\t\t\n\t\t\t<!-- MasterSlider Main -->\n\t\t\t<div id=\"MS69f04d91a4924\" class=\"master-slider ms-skin-default\" >\n\t\t\t\t \t\t\t\t \n\t\t\t<div  class=\"ms-slide\" data-delay=\"3\"    >\n\t\t\t\t\t<img decoding=\"async\" src=\"http:\/\/www.apucarana.pr.gov.br\/site\/wp-content\/plugins\/masterslider\/public\/assets\/css\/blank.gif\" alt=\"SEGURANCA-EDSON_DENOBI-6-\" title=\"SEGURANCA-EDSON_DENOBI-6-\" data-src=\"http:\/\/www.apucarana.pr.gov.br\/site\/wp-content\/uploads\/2026\/01\/SEGURANCA-EDSON_DENOBI-6-.jpg\" \/>\n\t<a href=\"http:\/\/www.apucarana.pr.gov.br\/site\/wp-content\/uploads\/2026\/01\/SEGURANCA-EDSON_DENOBI-6-.jpg\" target=\"_self\"    >SEGURANCA-EDSON_DENOBI-6-<\/a>\n\n\n\t<img decoding=\"async\" class=\"ms-thumb\" src=\"http:\/\/www.apucarana.pr.gov.br\/site\/wp-content\/uploads\/2026\/01\/SEGURANCA-EDSON_DENOBI-6--140x80.jpg\" alt=\"SEGURANCA-EDSON_DENOBI-6-\" \/>\n\t\t\t\t<\/div>\n\t\t\t<div  class=\"ms-slide\" data-delay=\"3\"    >\n\t\t\t\t\t<img decoding=\"async\" src=\"http:\/\/www.apucarana.pr.gov.br\/site\/wp-content\/plugins\/masterslider\/public\/assets\/css\/blank.gif\" alt=\"20-01-2026_reuniao_rua_ponta_grossa-2\" title=\"20-01-2026_reuniao_rua_ponta_grossa-2\" data-src=\"http:\/\/www.apucarana.pr.gov.br\/site\/wp-content\/uploads\/2026\/01\/20-01-2026_reuniao_rua_ponta_grossa-2-1024x711.jpg\" \/>\n\t<a href=\"http:\/\/www.apucarana.pr.gov.br\/site\/wp-content\/uploads\/2026\/01\/20-01-2026_reuniao_rua_ponta_grossa-2-1024x711.jpg\" target=\"_self\"    >20-01-2026_reuniao_rua_ponta_grossa-2<\/a>\n\n\n\t<img decoding=\"async\" class=\"ms-thumb\" src=\"http:\/\/www.apucarana.pr.gov.br\/site\/wp-content\/uploads\/2026\/01\/20-01-2026_reuniao_rua_ponta_grossa-2-1024x711-140x80.jpg\" alt=\"20-01-2026_reuniao_rua_ponta_grossa-2\" \/>\n\t\t\t\t<\/div>\n\t\t\t<div  class=\"ms-slide\" data-delay=\"3\"    >\n\t\t\t\t\t<img decoding=\"async\" src=\"http:\/\/www.apucarana.pr.gov.br\/site\/wp-content\/plugins\/masterslider\/public\/assets\/css\/blank.gif\" alt=\"20-01-2026_reuniao_rua_ponta_grossa-4\" title=\"20-01-2026_reuniao_rua_ponta_grossa-4\" data-src=\"http:\/\/www.apucarana.pr.gov.br\/site\/wp-content\/uploads\/2026\/01\/20-01-2026_reuniao_rua_ponta_grossa-4-1024x723.jpg\" \/>\n\t<a href=\"http:\/\/www.apucarana.pr.gov.br\/site\/wp-content\/uploads\/2026\/01\/20-01-2026_reuniao_rua_ponta_grossa-4-1024x723.jpg\" target=\"_self\"    >20-01-2026_reuniao_rua_ponta_grossa-4<\/a>\n\n\n\t<img decoding=\"async\" class=\"ms-thumb\" src=\"http:\/\/www.apucarana.pr.gov.br\/site\/wp-content\/uploads\/2026\/01\/20-01-2026_reuniao_rua_ponta_grossa-4-1024x723-140x80.jpg\" alt=\"20-01-2026_reuniao_rua_ponta_grossa-4\" \/>\n\t\t\t\t<\/div>\n\n\t\t\t<\/div>\n\t\t\t<!-- END MasterSlider Main -->\n\n\t\t\t \n\t\t<\/div>\n\t\t<!-- END MasterSlider -->\n\n\t\t<script>\n\t\t( window.MSReady = window.MSReady || [] ).push( function( $ ) {\n\n\t\t\t\"use strict\";\n\t\t\tvar masterslider_4924 = new MasterSlider();\n\n\t\t\t\/\/ slider controls\n\t\t\tmasterslider_4924.control('arrows'     ,{ autohide:true, overVideo:true  });\n\t\t\tmasterslider_4924.control('thumblist'  ,{ autohide:false, overVideo:true, dir:'h', speed:17, inset:false, arrows:false, hover:false, customClass:'', align:'bottom',type:'thumbs', margin:2, width:140, height:80, space:2, fillMode:'fill'  });\n\t\t\t\/\/ slider setup\n\t\t\tmasterslider_4924.setup(\"MS69f04d91a4924\", {\n\t\t\t\twidth           : 960,\n\t\t\t\theight          : 540,\n\t\t\t\tminHeight       : 0,\n\t\t\t\tspace           : 0,\n\t\t\t\tstart           : 1,\n\t\t\t\tgrabCursor      : true,\n\t\t\t\tswipe           : true,\n\t\t\t\tmouse           : true,\n\t\t\t\tkeyboard        : false,\n\t\t\t\tlayout          : \"fillwidth\",\n\t\t\t\twheel           : false,\n\t\t\t\tautoplay        : true,\n                instantStartLayers:false,\n\t\t\t\tmobileBGVideo:false,\n\t\t\t\tloop            : true,\n\t\t\t\tshuffle         : false,\n\t\t\t\tpreload         : 3,\n\t\t\t\theightLimit     : false,\n\t\t\t\tautoHeight      : false,\n\t\t\t\tsmoothHeight    : true,\n\t\t\t\tendPause        : false,\n\t\t\t\toverPause       : false,\n\t\t\t\tfillMode        : \"fill\",\n\t\t\t\tcenterControls  : true,\n\t\t\t\tstartOnAppear   : false,\n\t\t\t\tlayersMode      : \"center\",\n\t\t\t\tautofillTarget  : \"\",\n\t\t\t\thideLayers      : false,\n\t\t\t\tfullscreenMargin: 0,\n\t\t\t\tspeed           : 17,\n\t\t\t\tdir             : \"h\",\n\t\t\t\tresponsive      : true,\n\t\t\t\ttabletWidth     : 768,\n\t\t\t\ttabletHeight    : null,\n\t\t\t\tphoneWidth      : 480,\n\t\t\t\tphoneHeight    : null,\n\t\t\t\tsizingReference : window,\n\t\t\t\tparallaxMode    : 'swipe',\n\t\t\t\tview            : \"basic\"\n\t\t\t});\n\n\t\t\t\n\t\t\twindow.masterslider_instances = window.masterslider_instances || [];\n\t\t\twindow.masterslider_instances.push( masterslider_4924 );\n\t\t});\n\t\t<\/script>\n\n\n<p>A Prefeitura de Apucarana deu in\u00edcio ao alinhamento t\u00e9cnico e institucional do projeto de revitaliza\u00e7\u00e3o da Rua Ponta Grossa, uma das principais vias comerciais do munic\u00edpio. A primeira reuni\u00e3o ocorreu na \u00faltima segunda-feira (19), nas depend\u00eancias do SENAC, e marcou o come\u00e7o das defini\u00e7\u00f5es estrat\u00e9gicas para a aplica\u00e7\u00e3o do investimento de R$ 1 milh\u00e3o destinado \u00e0 primeira etapa das obras.<\/p>\n<p>O recurso foi viabilizado pela gest\u00e3o do prefeito Rodolfo Mota, com foco na requalifica\u00e7\u00e3o urbana, no fortalecimento do com\u00e9rcio local e na melhoria da mobilidade e da experi\u00eancia de quem circula pela regi\u00e3o central. A iniciativa integra o conjunto de a\u00e7\u00f5es da administra\u00e7\u00e3o municipal voltadas ao desenvolvimento econ\u00f4mico planejado e sustent\u00e1vel.<\/p>\n<p>Segundo o prefeito Rodolfo Mota, a revitaliza\u00e7\u00e3o da Rua Ponta Grossa vai al\u00e9m de uma interven\u00e7\u00e3o urbana. \u201cEstamos falando de cuidar desta que \u00e9 uma importante \u00e1rea comercial da cidade, fortalecendo quem gera emprego, renda e movimento econ\u00f4mico. Esse investimento \u00e9 resultado de planejamento e di\u00e1logo, para garantir uma obra bem executada, que valorize o espa\u00e7o urbano e impulsione o com\u00e9rcio\u201d, destacou.<\/p>\n<p>A import\u00e2ncia da iniciativa tamb\u00e9m foi refor\u00e7ada pelos parceiros envolvidos no projeto. Para o coordenador do SEBRAE em Apucarana, Tiago Cunha, a revitaliza\u00e7\u00e3o representa um avan\u00e7o estrat\u00e9gico para o ambiente de neg\u00f3cios. \u201cAl\u00e9m de qualificar o espa\u00e7o urbano, o projeto melhora a experi\u00eancia do consumidor e cria condi\u00e7\u00f5es para que o com\u00e9rcio local se torne ainda mais competitivo e sustent\u00e1vel\u201d, avaliou. Representando a Governan\u00e7a da Rua Ponta Grossa, Fabio Boneti Vieira destacou a constru\u00e7\u00e3o conjunta com o poder p\u00fablico. \u201cEsse di\u00e1logo garante que as melhorias atendam \u00e0s necessidades reais de quem vive o dia a dia da rua, fortalecendo o com\u00e9rcio e valorizando toda a regi\u00e3o\u201d, afirmou.<\/p>\n<p>Durante o encontro, a Associa\u00e7\u00e3o da Rua Ponta Grossa apresentou sugest\u00f5es de melhorias, que foram debatidas e organizadas em consenso com o Instituto de Desenvolvimento, Pesquisa e Planejamento de Apucarana (IDEPPLAN) e a Secretaria Municipal de Ind\u00fastria, Com\u00e9rcio e Emprego (SEINC), definindo prioridades, etapas t\u00e9cnicas e diretrizes para a execu\u00e7\u00e3o do projeto.<\/p>\n<p>Para o secret\u00e1rio municipal de Ind\u00fastria, Com\u00e9rcio e Emprego, Emerson Toledo, o diferencial da proposta est\u00e1 na constru\u00e7\u00e3o coletiva. \u201cSeguindo a diretriz do prefeito Rodolfo Mota, estamos trabalhando em total sinergia com os comerciantes e as entidades. Esse recurso ser\u00e1 aplicado com responsabilidade e planejamento para transformar a Rua Ponta Grossa em um polo comercial ainda mais forte e atrativo\u201d, afirmou. A reuni\u00e3o contou ainda com a participa\u00e7\u00e3o de representantes do IDEPPLAN, do SENAC e do SESC, refor\u00e7ando o car\u00e1ter integrado da iniciativa.<\/p>\n","protected":false},"excerpt":{"rendered":"<p>A Prefeitura de Apucarana deu in&iacute;cio ao alinhamento t&eacute;cnico e institucional do projeto de revitaliza&ccedil;&atilde;o da Rua Ponta Grossa, uma das principais vias comerciais do munic&iacute;pio. A primeira reuni&atilde;o ocorreu na &uacute;ltima segunda-feira (19), nas depend&ecirc;ncias do SENAC, e marcou o come&ccedil;o das defini&ccedil;&otilde;es estrat&eacute;gicas para a aplica&ccedil;&atilde;o do investimento de R$ 1 milh&atilde;o destinado [&hellip;]<\/p>\n","protected":false},"author":8,"featured_media":122491,"comment_status":"closed","ping_status":"closed","sticky":false,"template":"","format":"standard","meta":{"footnotes":""},"categories":[24],"tags":[],"class_list":["post-122490","post","type-post","status-publish","format-standard","has-post-thumbnail","hentry","category-noticias"],"acf":[],"_links":{"self":[{"href":"http:\/\/www.apucarana.pr.gov.br\/site\/wp-json\/wp\/v2\/posts\/122490","targetHints":{"allow":["GET"]}}],"collection":[{"href":"http:\/\/www.apucarana.pr.gov.br\/site\/wp-json\/wp\/v2\/posts"}],"about":[{"href":"http:\/\/www.apucarana.pr.gov.br\/site\/wp-json\/wp\/v2\/types\/post"}],"author":[{"embeddable":true,"href":"http:\/\/www.apucarana.pr.gov.br\/site\/wp-json\/wp\/v2\/users\/8"}],"replies":[{"embeddable":true,"href":"http:\/\/www.apucarana.pr.gov.br\/site\/wp-json\/wp\/v2\/comments?post=122490"}],"version-history":[{"count":2,"href":"http:\/\/www.apucarana.pr.gov.br\/site\/wp-json\/wp\/v2\/posts\/122490\/revisions"}],"predecessor-version":[{"id":122496,"href":"http:\/\/www.apucarana.pr.gov.br\/site\/wp-json\/wp\/v2\/posts\/122490\/revisions\/122496"}],"wp:featuredmedia":[{"embeddable":true,"href":"http:\/\/www.apucarana.pr.gov.br\/site\/wp-json\/wp\/v2\/media\/122491"}],"wp:attachment":[{"href":"http:\/\/www.apucarana.pr.gov.br\/site\/wp-json\/wp\/v2\/media?parent=122490"}],"wp:term":[{"taxonomy":"category","embeddable":true,"href":"http:\/\/www.apucarana.pr.gov.br\/site\/wp-json\/wp\/v2\/categories?post=122490"},{"taxonomy":"post_tag","embeddable":true,"href":"http:\/\/www.apucarana.pr.gov.br\/site\/wp-json\/wp\/v2\/tags?post=122490"}],"curies":[{"name":"wp","href":"https:\/\/api.w.org\/{rel}","templated":true}]}}