{"id":122478,"date":"2026-01-19T17:45:40","date_gmt":"2026-01-19T20:45:40","guid":{"rendered":"https:\/\/www.apucarana.pr.gov.br\/site\/?p=122478"},"modified":"2026-01-19T17:49:32","modified_gmt":"2026-01-19T20:49:32","slug":"apucarana-sera-sede-da-etapa-pe-vermelho-do-projeto-rondon-projeto-que-integra-universidade-e-sociedade","status":"publish","type":"post","link":"http:\/\/www.apucarana.pr.gov.br\/site\/apucarana-sera-sede-da-etapa-pe-vermelho-do-projeto-rondon-projeto-que-integra-universidade-e-sociedade\/","title":{"rendered":"Apucarana ser\u00e1 sede da etapa P\u00e9-Vermelho do Projeto Rondon, que integra universidade e sociedade"},"content":{"rendered":"\n\t\t<!-- MasterSlider -->\n\t\t<div id=\"P_MS69f04d9be085e\" class=\"master-slider-parent master-slider-gallery   ms-parent-id-0\" style=\"\" >\n\n\t\t\t\n\t\t\t<!-- MasterSlider Main -->\n\t\t\t<div id=\"MS69f04d9be085e\" class=\"master-slider ms-skin-default\" >\n\t\t\t\t \t\t\t\t \n\t\t\t<div  class=\"ms-slide\" data-delay=\"3\"    >\n\t\t\t\t\t<img decoding=\"async\" src=\"http:\/\/www.apucarana.pr.gov.br\/site\/wp-content\/plugins\/masterslider\/public\/assets\/css\/blank.gif\" alt=\"WhatsApp Image 2026-01-19 at 15.58.22\" title=\"WhatsApp Image 2026-01-19 at 15.58.22\" data-src=\"http:\/\/www.apucarana.pr.gov.br\/site\/wp-content\/uploads\/2026\/01\/WhatsApp-Image-2026-01-19-at-15.58.22-1024x576.jpeg\" \/>\n\t<a href=\"http:\/\/www.apucarana.pr.gov.br\/site\/wp-content\/uploads\/2026\/01\/WhatsApp-Image-2026-01-19-at-15.58.22-1024x576.jpeg\" target=\"_self\"    >WhatsApp Image 2026-01-19 at 15.58.22<\/a>\n\n\n\t<img decoding=\"async\" class=\"ms-thumb\" src=\"http:\/\/www.apucarana.pr.gov.br\/site\/wp-content\/uploads\/2026\/01\/WhatsApp-Image-2026-01-19-at-15.58.22-1024x576-140x80.jpeg\" alt=\"WhatsApp Image 2026-01-19 at 15.58.22\" \/>\n\t\t\t\t<\/div>\n\t\t\t<div  class=\"ms-slide\" data-delay=\"3\"    >\n\t\t\t\t\t<img decoding=\"async\" src=\"http:\/\/www.apucarana.pr.gov.br\/site\/wp-content\/plugins\/masterslider\/public\/assets\/css\/blank.gif\" alt=\"WhatsApp Image 2026-01-19 at 15.58.23\" title=\"WhatsApp Image 2026-01-19 at 15.58.23\" data-src=\"http:\/\/www.apucarana.pr.gov.br\/site\/wp-content\/uploads\/2026\/01\/WhatsApp-Image-2026-01-19-at-15.58.23-1024x576.jpeg\" \/>\n\t<a href=\"http:\/\/www.apucarana.pr.gov.br\/site\/wp-content\/uploads\/2026\/01\/WhatsApp-Image-2026-01-19-at-15.58.23-1024x576.jpeg\" target=\"_self\"    >WhatsApp Image 2026-01-19 at 15.58.23<\/a>\n\n\n\t<img decoding=\"async\" class=\"ms-thumb\" src=\"http:\/\/www.apucarana.pr.gov.br\/site\/wp-content\/uploads\/2026\/01\/WhatsApp-Image-2026-01-19-at-15.58.23-1024x576-140x80.jpeg\" alt=\"WhatsApp Image 2026-01-19 at 15.58.23\" \/>\n\t\t\t\t<\/div>\n\n\t\t\t<\/div>\n\t\t\t<!-- END MasterSlider Main -->\n\n\t\t\t \n\t\t<\/div>\n\t\t<!-- END MasterSlider -->\n\n\t\t<script>\n\t\t( window.MSReady = window.MSReady || [] ).push( function( $ ) {\n\n\t\t\t\"use strict\";\n\t\t\tvar masterslider_085e = new MasterSlider();\n\n\t\t\t\/\/ slider controls\n\t\t\tmasterslider_085e.control('arrows'     ,{ autohide:true, overVideo:true  });\n\t\t\tmasterslider_085e.control('thumblist'  ,{ autohide:false, overVideo:true, dir:'h', speed:17, inset:false, arrows:false, hover:false, customClass:'', align:'bottom',type:'thumbs', margin:2, width:140, height:80, space:2, fillMode:'fill'  });\n\t\t\t\/\/ slider setup\n\t\t\tmasterslider_085e.setup(\"MS69f04d9be085e\", {\n\t\t\t\twidth           : 960,\n\t\t\t\theight          : 540,\n\t\t\t\tminHeight       : 0,\n\t\t\t\tspace           : 0,\n\t\t\t\tstart           : 1,\n\t\t\t\tgrabCursor      : true,\n\t\t\t\tswipe           : true,\n\t\t\t\tmouse           : true,\n\t\t\t\tkeyboard        : false,\n\t\t\t\tlayout          : \"fillwidth\",\n\t\t\t\twheel           : false,\n\t\t\t\tautoplay        : true,\n                instantStartLayers:false,\n\t\t\t\tmobileBGVideo:false,\n\t\t\t\tloop            : true,\n\t\t\t\tshuffle         : false,\n\t\t\t\tpreload         : 3,\n\t\t\t\theightLimit     : false,\n\t\t\t\tautoHeight      : false,\n\t\t\t\tsmoothHeight    : true,\n\t\t\t\tendPause        : false,\n\t\t\t\toverPause       : false,\n\t\t\t\tfillMode        : \"fill\",\n\t\t\t\tcenterControls  : true,\n\t\t\t\tstartOnAppear   : false,\n\t\t\t\tlayersMode      : \"center\",\n\t\t\t\tautofillTarget  : \"\",\n\t\t\t\thideLayers      : false,\n\t\t\t\tfullscreenMargin: 0,\n\t\t\t\tspeed           : 17,\n\t\t\t\tdir             : \"h\",\n\t\t\t\tresponsive      : true,\n\t\t\t\ttabletWidth     : 768,\n\t\t\t\ttabletHeight    : null,\n\t\t\t\tphoneWidth      : 480,\n\t\t\t\tphoneHeight    : null,\n\t\t\t\tsizingReference : window,\n\t\t\t\tparallaxMode    : 'swipe',\n\t\t\t\tview            : \"basic\"\n\t\t\t});\n\n\t\t\t\n\t\t\twindow.masterslider_instances = window.masterslider_instances || [];\n\t\t\twindow.masterslider_instances.push( masterslider_085e );\n\t\t});\n\t\t<\/script>\n\n\n<p>Apucarana, atrav\u00e9s do campus da Universidade Estadual do Paran\u00e1 (Unespar), ser\u00e1 anfitri\u00e3 da abertura e do encerramento do Projeto Rondon \u2013 Opera\u00e7\u00e3o P\u00e9 Vermelho, um dos mais importantes programas nacionais de extens\u00e3o universit\u00e1ria coordenados pelo Minist\u00e9rio da Defesa do Governo Federal. A solenidade de abertura, que contar\u00e1 com a participa\u00e7\u00e3o do prefeito Rodolfo Mota, acontece nesta sexta-feira (23\/01), \u00e0s 8 horas, no Audit\u00f3rio Gralha Azul.<\/p>\n<p>Com a finalidade promover a integra\u00e7\u00e3o entre universidade e sociedade, o Projeto Rondon contribui para o desenvolvimento sustent\u00e1vel e o fortalecimento da cidadania, com a\u00e7\u00f5es acontecendo nas \u00e1reas de educa\u00e7\u00e3o, sa\u00fade, cultura, meio ambiente, direitos humanos e gest\u00e3o p\u00fablica, onde estudantes e professores atuam diretamente junto \u00e0s comunidades, em di\u00e1logo com as demandas locais e com as administra\u00e7\u00f5es municipais.<\/p>\n<p>\u201cPara Apucarana \u00e9 uma grande honra ser sede desta iniciativa nacional de enorme relev\u00e2ncia, que une conhecimento acad\u00eamico, compromisso social e cidadania ativa. O Projeto Rondon leva a universidade para perto das pessoas, transforma realidades e fortalece o desenvolvimento sustent\u00e1vel, especialmente nos munic\u00edpios do interior. Apucarana est\u00e1 de portas abertas para colaborar, aprender e contribuir com esse movimento que constr\u00f3i um Brasil mais justo, integrado e solid\u00e1rio\u201d, disse o prefeito.<\/p>\n<p>Segundo a organiza\u00e7\u00e3o do evento, antes da cerim\u00f4nia oficial os rondonistas participam de capacita\u00e7\u00f5es e orienta\u00e7\u00f5es institucionais, fundamentais para o alinhamento das a\u00e7\u00f5es e para a prepara\u00e7\u00e3o \u00e9tica, t\u00e9cnica e social dos participantes. De acordo com nota divulgada pela Unespar Apucarana, \u201cas atividades refor\u00e7am o car\u00e1ter formativo do projeto e qualificam as interven\u00e7\u00f5es realizadas nos munic\u00edpios atendidos: &#8211; Araruana, Luiziana, Iretama, Barbosa Ferraz, Godoy Moreira, Jardim Alegre, Lidian\u00f3polis, Rio Branco do Iva\u00ed, Ros\u00e1rio do Iva\u00ed, Grandes Rios, Bom Sucesso, Santa F\u00e9\u201d.<\/p>\n<p>A nota da Unespar frisa ainda que \u201cpara as cidades da regi\u00e3o, a presen\u00e7a do Projeto Rondon representa uma oportunidade concreta de qualifica\u00e7\u00e3o de servidores, educadores e lideran\u00e7as comunit\u00e1rias, al\u00e9m do desenvolvimento de a\u00e7\u00f5es educativas e sociais gratuitas. O projeto tamb\u00e9m deixa um legado institucional, com materiais, orienta\u00e7\u00f5es e propostas que podem continuar sendo aplicadas ap\u00f3s o encerramento da opera\u00e7\u00e3o\u201d.<\/p>\n<p>\u201cAo sediar um projeto nacional dessa magnitude, a Unespar reafirma seu papel como refer\u00eancia em extens\u00e3o universit\u00e1ria e o munic\u00edpio de Apucarana no desenvolvimento regional, contribuindo para o fortalecendo da cidade no cen\u00e1rio estadual e nacional\u201d.<\/p>\n<p>A cerim\u00f4nia de encerramento da Opera\u00e7\u00e3o P\u00e9 Vermelho ser\u00e1 realizada no dia 6 de fevereiro de 2026, tamb\u00e9m a partir das 8 horas, reunindo rondonistas, autoridades e parceiros para a apresenta\u00e7\u00e3o dos resultados, entrega de certificados e homenagens, consolidando o impacto social e formativo do projeto na regi\u00e3o.<\/p>\n","protected":false},"excerpt":{"rendered":"<p>Apucarana, atrav&eacute;s do campus da Universidade Estadual do Paran&aacute; (Unespar), ser&aacute; anfitri&atilde; da abertura e do encerramento do Projeto Rondon &ndash; Opera&ccedil;&atilde;o P&eacute; Vermelho, um dos mais importantes programas nacionais de extens&atilde;o universit&aacute;ria coordenados pelo Minist&eacute;rio da Defesa do Governo Federal. A solenidade de abertura, que contar&aacute; com a participa&ccedil;&atilde;o do prefeito Rodolfo Mota, acontece [&hellip;]<\/p>\n","protected":false},"author":7,"featured_media":122480,"comment_status":"closed","ping_status":"closed","sticky":false,"template":"","format":"standard","meta":{"footnotes":""},"categories":[24],"tags":[],"class_list":["post-122478","post","type-post","status-publish","format-standard","has-post-thumbnail","hentry","category-noticias"],"acf":[],"_links":{"self":[{"href":"http:\/\/www.apucarana.pr.gov.br\/site\/wp-json\/wp\/v2\/posts\/122478","targetHints":{"allow":["GET"]}}],"collection":[{"href":"http:\/\/www.apucarana.pr.gov.br\/site\/wp-json\/wp\/v2\/posts"}],"about":[{"href":"http:\/\/www.apucarana.pr.gov.br\/site\/wp-json\/wp\/v2\/types\/post"}],"author":[{"embeddable":true,"href":"http:\/\/www.apucarana.pr.gov.br\/site\/wp-json\/wp\/v2\/users\/7"}],"replies":[{"embeddable":true,"href":"http:\/\/www.apucarana.pr.gov.br\/site\/wp-json\/wp\/v2\/comments?post=122478"}],"version-history":[{"count":2,"href":"http:\/\/www.apucarana.pr.gov.br\/site\/wp-json\/wp\/v2\/posts\/122478\/revisions"}],"predecessor-version":[{"id":122485,"href":"http:\/\/www.apucarana.pr.gov.br\/site\/wp-json\/wp\/v2\/posts\/122478\/revisions\/122485"}],"wp:featuredmedia":[{"embeddable":true,"href":"http:\/\/www.apucarana.pr.gov.br\/site\/wp-json\/wp\/v2\/media\/122480"}],"wp:attachment":[{"href":"http:\/\/www.apucarana.pr.gov.br\/site\/wp-json\/wp\/v2\/media?parent=122478"}],"wp:term":[{"taxonomy":"category","embeddable":true,"href":"http:\/\/www.apucarana.pr.gov.br\/site\/wp-json\/wp\/v2\/categories?post=122478"},{"taxonomy":"post_tag","embeddable":true,"href":"http:\/\/www.apucarana.pr.gov.br\/site\/wp-json\/wp\/v2\/tags?post=122478"}],"curies":[{"name":"wp","href":"https:\/\/api.w.org\/{rel}","templated":true}]}}