{"id":122396,"date":"2026-01-16T18:36:43","date_gmt":"2026-01-16T21:36:43","guid":{"rendered":"https:\/\/www.apucarana.pr.gov.br\/site\/?p=122396"},"modified":"2026-01-16T20:31:45","modified_gmt":"2026-01-16T23:31:45","slug":"apos-esgotar-6-mil-vagas-em-tempo-recorde-prova-pedestre-28-de-janeiro-reabre-inscricoes-com-lote-extra","status":"publish","type":"post","link":"http:\/\/www.apucarana.pr.gov.br\/site\/apos-esgotar-6-mil-vagas-em-tempo-recorde-prova-pedestre-28-de-janeiro-reabre-inscricoes-com-lote-extra\/","title":{"rendered":"Ap\u00f3s esgotar 6 mil vagas em tempo recorde, Prova Pedestre 28 de Janeiro reabre inscri\u00e7\u00f5es com lote extra"},"content":{"rendered":"\n\t\t<!-- MasterSlider -->\n\t\t<div id=\"P_MS69f04d92126a3\" class=\"master-slider-parent master-slider-gallery   ms-parent-id-0\" style=\"\" >\n\n\t\t\t\n\t\t\t<!-- MasterSlider Main -->\n\t\t\t<div id=\"MS69f04d92126a3\" class=\"master-slider ms-skin-default\" >\n\t\t\t\t \t\t\t\t \n\t\t\t<div  class=\"ms-slide\" data-delay=\"3\"    >\n\t\t\t\t\t<img decoding=\"async\" src=\"http:\/\/www.apucarana.pr.gov.br\/site\/wp-content\/plugins\/masterslider\/public\/assets\/css\/blank.gif\" alt=\"Corrida_5km_28_janeiro119\" title=\"Corrida_5km_28_janeiro119\" data-src=\"http:\/\/www.apucarana.pr.gov.br\/site\/wp-content\/uploads\/2026\/01\/Corrida_5km_28_janeiro119-1024x683.jpg\" \/>\n\t<a href=\"http:\/\/www.apucarana.pr.gov.br\/site\/wp-content\/uploads\/2026\/01\/Corrida_5km_28_janeiro119-1024x683.jpg\" target=\"_self\"    >Corrida_5km_28_janeiro119<\/a>\n\n\n\t<img decoding=\"async\" class=\"ms-thumb\" src=\"http:\/\/www.apucarana.pr.gov.br\/site\/wp-content\/uploads\/2026\/01\/Corrida_5km_28_janeiro119-1024x683-140x80.jpg\" alt=\"Corrida_5km_28_janeiro119\" \/>\n\t\t\t\t<\/div>\n\n\t\t\t<\/div>\n\t\t\t<!-- END MasterSlider Main -->\n\n\t\t\t \n\t\t<\/div>\n\t\t<!-- END MasterSlider -->\n\n\t\t<script>\n\t\t( window.MSReady = window.MSReady || [] ).push( function( $ ) {\n\n\t\t\t\"use strict\";\n\t\t\tvar masterslider_26a3 = new MasterSlider();\n\n\t\t\t\/\/ slider controls\n\t\t\tmasterslider_26a3.control('arrows'     ,{ autohide:true, overVideo:true  });\n\t\t\tmasterslider_26a3.control('thumblist'  ,{ autohide:false, overVideo:true, dir:'h', speed:17, inset:false, arrows:false, hover:false, customClass:'', align:'bottom',type:'thumbs', margin:2, width:140, height:80, space:2, fillMode:'fill'  });\n\t\t\t\/\/ slider setup\n\t\t\tmasterslider_26a3.setup(\"MS69f04d92126a3\", {\n\t\t\t\twidth           : 960,\n\t\t\t\theight          : 540,\n\t\t\t\tminHeight       : 0,\n\t\t\t\tspace           : 0,\n\t\t\t\tstart           : 1,\n\t\t\t\tgrabCursor      : true,\n\t\t\t\tswipe           : true,\n\t\t\t\tmouse           : true,\n\t\t\t\tkeyboard        : false,\n\t\t\t\tlayout          : \"fillwidth\",\n\t\t\t\twheel           : false,\n\t\t\t\tautoplay        : true,\n                instantStartLayers:false,\n\t\t\t\tmobileBGVideo:false,\n\t\t\t\tloop            : true,\n\t\t\t\tshuffle         : false,\n\t\t\t\tpreload         : 3,\n\t\t\t\theightLimit     : false,\n\t\t\t\tautoHeight      : false,\n\t\t\t\tsmoothHeight    : true,\n\t\t\t\tendPause        : false,\n\t\t\t\toverPause       : false,\n\t\t\t\tfillMode        : \"fill\",\n\t\t\t\tcenterControls  : true,\n\t\t\t\tstartOnAppear   : false,\n\t\t\t\tlayersMode      : \"center\",\n\t\t\t\tautofillTarget  : \"\",\n\t\t\t\thideLayers      : false,\n\t\t\t\tfullscreenMargin: 0,\n\t\t\t\tspeed           : 17,\n\t\t\t\tdir             : \"h\",\n\t\t\t\tresponsive      : true,\n\t\t\t\ttabletWidth     : 768,\n\t\t\t\ttabletHeight    : null,\n\t\t\t\tphoneWidth      : 480,\n\t\t\t\tphoneHeight    : null,\n\t\t\t\tsizingReference : window,\n\t\t\t\tparallaxMode    : 'swipe',\n\t\t\t\tview            : \"basic\"\n\t\t\t});\n\n\t\t\t\n\t\t\twindow.masterslider_instances = window.masterslider_instances || [];\n\t\t\twindow.masterslider_instances.push( masterslider_26a3 );\n\t\t});\n\t\t<\/script>\n\n\n<p data-start=\"322\" data-end=\"682\">A Prova Pedestre 28 de Janeiro atingiu o limite de 6 mil inscri\u00e7\u00f5es em tempo recorde, confirmando o alto interesse dos atletas pela principal corrida de rua do munic\u00edpio. No entanto, como nem todos os inscritos efetuaram o pagamento dentro do prazo, a Prefeitura de Apucarana vai reabrir o processo com a libera\u00e7\u00e3o de um lote extra de 600 vagas.<\/p>\n<p data-start=\"684\" data-end=\"1402\">As novas vagas estar\u00e3o dispon\u00edveis a partir das 19 horas desta sexta-feira e seguem at\u00e9 as 19 horas da pr\u00f3xima segunda-feira, dia 19, contemplando todas as categorias da prova. O valor \u00e9 de R$ 110,00, sendo a participa\u00e7\u00e3o confirmada somente ap\u00f3s o pagamento do boleto. Atletas que realizaram o cadastro nas etapas anteriores e n\u00e3o conclu\u00edram o pagamento dentro do prazo precisar\u00e3o emitir um novo boleto para confirmar a participa\u00e7\u00e3o.<br data-start=\"1137\" data-end=\"1140\" \/>As inscri\u00e7\u00f5es devem ser realizadas exclusivamente pelo site <a class=\"decorated-link\" href=\"http:\/\/www.apucarana.pr.gov.br\" target=\"_new\" rel=\"noopener\" data-start=\"1197\" data-end=\"1220\">www.apucarana.pr.gov.br<\/a>. A participa\u00e7\u00e3o segue gratuita para pessoas com 60 anos ou mais, pessoas com defici\u00eancia (PcD) e participantes da Prova Vinteoitinha, refor\u00e7ando o car\u00e1ter inclusivo do evento.<\/p>\n<p data-start=\"1404\" data-end=\"2143\">O prefeito Rodolfo Mota destacou que a r\u00e1pida ocupa\u00e7\u00e3o das vagas e a abertura do lote extra demonstram a for\u00e7a da prova. \u201cO interesse dos atletas confirma a confian\u00e7a na organiza\u00e7\u00e3o e no cuidado que temos em oferecer uma experi\u00eancia segura, bem estruturada e de qualidade, tanto para quem corre quanto para as fam\u00edlias que acompanham\u201d, afirmou.<\/p>\n<p data-start=\"1404\" data-end=\"2143\">O prefeito tamb\u00e9m ressaltou as melhorias implementadas nesta edi\u00e7\u00e3o. \u201cAntecipamos a Vinteoitinha para o per\u00edodo da manh\u00e3, ampliamos as premia\u00e7\u00f5es, implantamos o pagamento via Pix, criamos b\u00f4nus para atletas de Apucarana, estendemos o prazo para retirada dos kits e investimos em camisetas de melhor qualidade. S\u00e3o avan\u00e7os que valorizam os participantes e fortalecem a prova\u201d, completou.<\/p>\n<p data-start=\"2145\" data-end=\"2534\">O secret\u00e1rio municipal de Esportes, Bruno Marchi, explicou que o novo lote foi definido ap\u00f3s acompanhamento t\u00e9cnico do sistema.<br data-start=\"2276\" data-end=\"2279\" \/>\u201cO limite inicial de 6 mil vagas foi alcan\u00e7ado muito rapidamente, mas parte dos inscritos n\u00e3o concluiu o pagamento. Com isso, conseguimos abrir um lote complementar de 600 vagas para garantir o preenchimento total e atender mais corredores\u201d, destacou.<\/p>\n<p data-start=\"2536\" data-end=\"2790\">A Prova Pedestre 28 de Janeiro ser\u00e1 realizada no dia 31 de janeiro, com largada e chegada na Pra\u00e7a Rui Barbosa. A Vinteoitinha come\u00e7a \u00e0s 9 horas, seguida pela prova de 5 quil\u00f4metros \u00e0s 19 horas e pelos 10 quil\u00f4metros \u00e0s 20h15.<\/p>\n","protected":false},"excerpt":{"rendered":"<p>A Prova Pedestre 28 de Janeiro atingiu o limite de 6 mil inscri&ccedil;&otilde;es em tempo recorde, confirmando o alto interesse dos atletas pela principal corrida de rua do munic&iacute;pio. No entanto, como nem todos os inscritos efetuaram o pagamento dentro do prazo, a Prefeitura de Apucarana vai reabrir o processo com a libera&ccedil;&atilde;o de um [&hellip;]<\/p>\n","protected":false},"author":7,"featured_media":122397,"comment_status":"closed","ping_status":"closed","sticky":false,"template":"","format":"standard","meta":{"footnotes":""},"categories":[24],"tags":[],"class_list":["post-122396","post","type-post","status-publish","format-standard","has-post-thumbnail","hentry","category-noticias"],"acf":[],"_links":{"self":[{"href":"http:\/\/www.apucarana.pr.gov.br\/site\/wp-json\/wp\/v2\/posts\/122396","targetHints":{"allow":["GET"]}}],"collection":[{"href":"http:\/\/www.apucarana.pr.gov.br\/site\/wp-json\/wp\/v2\/posts"}],"about":[{"href":"http:\/\/www.apucarana.pr.gov.br\/site\/wp-json\/wp\/v2\/types\/post"}],"author":[{"embeddable":true,"href":"http:\/\/www.apucarana.pr.gov.br\/site\/wp-json\/wp\/v2\/users\/7"}],"replies":[{"embeddable":true,"href":"http:\/\/www.apucarana.pr.gov.br\/site\/wp-json\/wp\/v2\/comments?post=122396"}],"version-history":[{"count":5,"href":"http:\/\/www.apucarana.pr.gov.br\/site\/wp-json\/wp\/v2\/posts\/122396\/revisions"}],"predecessor-version":[{"id":122430,"href":"http:\/\/www.apucarana.pr.gov.br\/site\/wp-json\/wp\/v2\/posts\/122396\/revisions\/122430"}],"wp:featuredmedia":[{"embeddable":true,"href":"http:\/\/www.apucarana.pr.gov.br\/site\/wp-json\/wp\/v2\/media\/122397"}],"wp:attachment":[{"href":"http:\/\/www.apucarana.pr.gov.br\/site\/wp-json\/wp\/v2\/media?parent=122396"}],"wp:term":[{"taxonomy":"category","embeddable":true,"href":"http:\/\/www.apucarana.pr.gov.br\/site\/wp-json\/wp\/v2\/categories?post=122396"},{"taxonomy":"post_tag","embeddable":true,"href":"http:\/\/www.apucarana.pr.gov.br\/site\/wp-json\/wp\/v2\/tags?post=122396"}],"curies":[{"name":"wp","href":"https:\/\/api.w.org\/{rel}","templated":true}]}}