{"id":122382,"date":"2026-01-16T18:28:33","date_gmt":"2026-01-16T21:28:33","guid":{"rendered":"https:\/\/www.apucarana.pr.gov.br\/site\/?p=122382"},"modified":"2026-01-19T17:19:38","modified_gmt":"2026-01-19T20:19:38","slug":"rodoviaria-de-apucarana-tera-espaco-voltado-a-inovacao-com-recursos-de-r1-milhao-do-governo-do-parana","status":"publish","type":"post","link":"http:\/\/www.apucarana.pr.gov.br\/site\/rodoviaria-de-apucarana-tera-espaco-voltado-a-inovacao-com-recursos-de-r1-milhao-do-governo-do-parana\/","title":{"rendered":"Apucarana vai ganhar espa\u00e7o de inova\u00e7\u00e3o na rodovi\u00e1ria, ampliando oportunidades e qualifica\u00e7\u00e3o para as pessoas, com recursos de R$ 1 milh\u00e3o do Governo do Paran\u00e1"},"content":{"rendered":"\n\t\t<!-- MasterSlider -->\n\t\t<div id=\"P_MS69f04d8b99b99\" class=\"master-slider-parent master-slider-gallery   ms-parent-id-0\" style=\"\" >\n\n\t\t\t\n\t\t\t<!-- MasterSlider Main -->\n\t\t\t<div id=\"MS69f04d8b99b99\" class=\"master-slider ms-skin-default\" >\n\t\t\t\t \t\t\t\t \n\t\t\t<div  class=\"ms-slide\" data-delay=\"3\"    >\n\t\t\t\t\t<img decoding=\"async\" src=\"http:\/\/www.apucarana.pr.gov.br\/site\/wp-content\/plugins\/masterslider\/public\/assets\/css\/blank.gif\" alt=\"2026-01-16_alex-canziani_gabinete001\" title=\"2026-01-16_alex-canziani_gabinete001\" data-src=\"http:\/\/www.apucarana.pr.gov.br\/site\/wp-content\/uploads\/2026\/01\/2026-01-16_alex-canziani_gabinete001-1024x683.jpg\" \/>\n\t<a href=\"http:\/\/www.apucarana.pr.gov.br\/site\/wp-content\/uploads\/2026\/01\/2026-01-16_alex-canziani_gabinete001-1024x683.jpg\" target=\"_self\"    >2026-01-16_alex-canziani_gabinete001<\/a>\n\n\n\t<img decoding=\"async\" class=\"ms-thumb\" src=\"http:\/\/www.apucarana.pr.gov.br\/site\/wp-content\/uploads\/2026\/01\/2026-01-16_alex-canziani_gabinete001-1024x683-140x80.jpg\" alt=\"2026-01-16_alex-canziani_gabinete001\" \/>\n\t\t\t\t<\/div>\n\t\t\t<div  class=\"ms-slide\" data-delay=\"3\"    >\n\t\t\t\t\t<img decoding=\"async\" src=\"http:\/\/www.apucarana.pr.gov.br\/site\/wp-content\/plugins\/masterslider\/public\/assets\/css\/blank.gif\" alt=\"2026-01-16_alex-canziani_gabinete003\" title=\"2026-01-16_alex-canziani_gabinete003\" data-src=\"http:\/\/www.apucarana.pr.gov.br\/site\/wp-content\/uploads\/2026\/01\/2026-01-16_alex-canziani_gabinete003-1024x683.jpg\" \/>\n\t<a href=\"http:\/\/www.apucarana.pr.gov.br\/site\/wp-content\/uploads\/2026\/01\/2026-01-16_alex-canziani_gabinete003-1024x683.jpg\" target=\"_self\"    >2026-01-16_alex-canziani_gabinete003<\/a>\n\n\n\t<img decoding=\"async\" class=\"ms-thumb\" src=\"http:\/\/www.apucarana.pr.gov.br\/site\/wp-content\/uploads\/2026\/01\/2026-01-16_alex-canziani_gabinete003-1024x683-140x80.jpg\" alt=\"2026-01-16_alex-canziani_gabinete003\" \/>\n\t\t\t\t<\/div>\n\t\t\t<div  class=\"ms-slide\" data-delay=\"3\"    >\n\t\t\t\t\t<img decoding=\"async\" src=\"http:\/\/www.apucarana.pr.gov.br\/site\/wp-content\/plugins\/masterslider\/public\/assets\/css\/blank.gif\" alt=\"2026-01-16_alex-canziani_gabinete006\" title=\"2026-01-16_alex-canziani_gabinete006\" data-src=\"http:\/\/www.apucarana.pr.gov.br\/site\/wp-content\/uploads\/2026\/01\/2026-01-16_alex-canziani_gabinete006-1024x683.jpg\" \/>\n\t<a href=\"http:\/\/www.apucarana.pr.gov.br\/site\/wp-content\/uploads\/2026\/01\/2026-01-16_alex-canziani_gabinete006-1024x683.jpg\" target=\"_self\"    >2026-01-16_alex-canziani_gabinete006<\/a>\n\n\n\t<img decoding=\"async\" class=\"ms-thumb\" src=\"http:\/\/www.apucarana.pr.gov.br\/site\/wp-content\/uploads\/2026\/01\/2026-01-16_alex-canziani_gabinete006-1024x683-140x80.jpg\" alt=\"2026-01-16_alex-canziani_gabinete006\" \/>\n\t\t\t\t<\/div>\n\t\t\t<div  class=\"ms-slide\" data-delay=\"3\"    >\n\t\t\t\t\t<img decoding=\"async\" src=\"http:\/\/www.apucarana.pr.gov.br\/site\/wp-content\/plugins\/masterslider\/public\/assets\/css\/blank.gif\" alt=\"2026-01-16_alex-canziani_gabinete011\" title=\"2026-01-16_alex-canziani_gabinete011\" data-src=\"http:\/\/www.apucarana.pr.gov.br\/site\/wp-content\/uploads\/2026\/01\/2026-01-16_alex-canziani_gabinete011-1024x683.jpg\" \/>\n\t<a href=\"http:\/\/www.apucarana.pr.gov.br\/site\/wp-content\/uploads\/2026\/01\/2026-01-16_alex-canziani_gabinete011-1024x683.jpg\" target=\"_self\"    >2026-01-16_alex-canziani_gabinete011<\/a>\n\n\n\t<img decoding=\"async\" class=\"ms-thumb\" src=\"http:\/\/www.apucarana.pr.gov.br\/site\/wp-content\/uploads\/2026\/01\/2026-01-16_alex-canziani_gabinete011-1024x683-140x80.jpg\" alt=\"2026-01-16_alex-canziani_gabinete011\" \/>\n\t\t\t\t<\/div>\n\t\t\t<div  class=\"ms-slide\" data-delay=\"3\"    >\n\t\t\t\t\t<img decoding=\"async\" src=\"http:\/\/www.apucarana.pr.gov.br\/site\/wp-content\/plugins\/masterslider\/public\/assets\/css\/blank.gif\" alt=\"2026-01-16_alex-canziani_gabinete015\" title=\"2026-01-16_alex-canziani_gabinete015\" data-src=\"http:\/\/www.apucarana.pr.gov.br\/site\/wp-content\/uploads\/2026\/01\/2026-01-16_alex-canziani_gabinete015-1024x683.jpg\" \/>\n\t<a href=\"http:\/\/www.apucarana.pr.gov.br\/site\/wp-content\/uploads\/2026\/01\/2026-01-16_alex-canziani_gabinete015-1024x683.jpg\" target=\"_self\"    >2026-01-16_alex-canziani_gabinete015<\/a>\n\n\n\t<img decoding=\"async\" class=\"ms-thumb\" src=\"http:\/\/www.apucarana.pr.gov.br\/site\/wp-content\/uploads\/2026\/01\/2026-01-16_alex-canziani_gabinete015-1024x683-140x80.jpg\" alt=\"2026-01-16_alex-canziani_gabinete015\" \/>\n\t\t\t\t<\/div>\n\t\t\t<div  class=\"ms-slide\" data-delay=\"3\"    >\n\t\t\t\t\t<img decoding=\"async\" src=\"http:\/\/www.apucarana.pr.gov.br\/site\/wp-content\/plugins\/masterslider\/public\/assets\/css\/blank.gif\" alt=\"2026-01-16_alex-canziani_gabinete018\" title=\"2026-01-16_alex-canziani_gabinete018\" data-src=\"http:\/\/www.apucarana.pr.gov.br\/site\/wp-content\/uploads\/2026\/01\/2026-01-16_alex-canziani_gabinete018-1024x683.jpg\" \/>\n\t<a href=\"http:\/\/www.apucarana.pr.gov.br\/site\/wp-content\/uploads\/2026\/01\/2026-01-16_alex-canziani_gabinete018-1024x683.jpg\" target=\"_self\"    >2026-01-16_alex-canziani_gabinete018<\/a>\n\n\n\t<img decoding=\"async\" class=\"ms-thumb\" src=\"http:\/\/www.apucarana.pr.gov.br\/site\/wp-content\/uploads\/2026\/01\/2026-01-16_alex-canziani_gabinete018-1024x683-140x80.jpg\" alt=\"2026-01-16_alex-canziani_gabinete018\" \/>\n\t\t\t\t<\/div>\n\t\t\t<div  class=\"ms-slide\" data-delay=\"3\"    >\n\t\t\t\t\t<img decoding=\"async\" src=\"http:\/\/www.apucarana.pr.gov.br\/site\/wp-content\/plugins\/masterslider\/public\/assets\/css\/blank.gif\" alt=\"2026-01-16_alex-canziani_gabinete020\" title=\"2026-01-16_alex-canziani_gabinete020\" data-src=\"http:\/\/www.apucarana.pr.gov.br\/site\/wp-content\/uploads\/2026\/01\/2026-01-16_alex-canziani_gabinete020-1024x683.jpg\" \/>\n\t<a href=\"http:\/\/www.apucarana.pr.gov.br\/site\/wp-content\/uploads\/2026\/01\/2026-01-16_alex-canziani_gabinete020-1024x683.jpg\" target=\"_self\"    >2026-01-16_alex-canziani_gabinete020<\/a>\n\n\n\t<img decoding=\"async\" class=\"ms-thumb\" src=\"http:\/\/www.apucarana.pr.gov.br\/site\/wp-content\/uploads\/2026\/01\/2026-01-16_alex-canziani_gabinete020-1024x683-140x80.jpg\" alt=\"2026-01-16_alex-canziani_gabinete020\" \/>\n\t\t\t\t<\/div>\n\t\t\t<div  class=\"ms-slide\" data-delay=\"3\"    >\n\t\t\t\t\t<img decoding=\"async\" src=\"http:\/\/www.apucarana.pr.gov.br\/site\/wp-content\/plugins\/masterslider\/public\/assets\/css\/blank.gif\" alt=\"2026-01-16_alex-canziani_gabinete022\" title=\"2026-01-16_alex-canziani_gabinete022\" data-src=\"http:\/\/www.apucarana.pr.gov.br\/site\/wp-content\/uploads\/2026\/01\/2026-01-16_alex-canziani_gabinete022-1024x683.jpg\" \/>\n\t<a href=\"http:\/\/www.apucarana.pr.gov.br\/site\/wp-content\/uploads\/2026\/01\/2026-01-16_alex-canziani_gabinete022-1024x683.jpg\" target=\"_self\"    >2026-01-16_alex-canziani_gabinete022<\/a>\n\n\n\t<img decoding=\"async\" class=\"ms-thumb\" src=\"http:\/\/www.apucarana.pr.gov.br\/site\/wp-content\/uploads\/2026\/01\/2026-01-16_alex-canziani_gabinete022-1024x683-140x80.jpg\" alt=\"2026-01-16_alex-canziani_gabinete022\" \/>\n\t\t\t\t<\/div>\n\t\t\t<div  class=\"ms-slide\" data-delay=\"3\"    >\n\t\t\t\t\t<img decoding=\"async\" src=\"http:\/\/www.apucarana.pr.gov.br\/site\/wp-content\/plugins\/masterslider\/public\/assets\/css\/blank.gif\" alt=\"2026-01-16_alex-canziani_gabinete023\" title=\"2026-01-16_alex-canziani_gabinete023\" data-src=\"http:\/\/www.apucarana.pr.gov.br\/site\/wp-content\/uploads\/2026\/01\/2026-01-16_alex-canziani_gabinete023-1024x683.jpg\" \/>\n\t<a href=\"http:\/\/www.apucarana.pr.gov.br\/site\/wp-content\/uploads\/2026\/01\/2026-01-16_alex-canziani_gabinete023-1024x683.jpg\" target=\"_self\"    >2026-01-16_alex-canziani_gabinete023<\/a>\n\n\n\t<img decoding=\"async\" class=\"ms-thumb\" src=\"http:\/\/www.apucarana.pr.gov.br\/site\/wp-content\/uploads\/2026\/01\/2026-01-16_alex-canziani_gabinete023-1024x683-140x80.jpg\" alt=\"2026-01-16_alex-canziani_gabinete023\" \/>\n\t\t\t\t<\/div>\n\t\t\t<div  class=\"ms-slide\" data-delay=\"3\"    >\n\t\t\t\t\t<img decoding=\"async\" src=\"http:\/\/www.apucarana.pr.gov.br\/site\/wp-content\/plugins\/masterslider\/public\/assets\/css\/blank.gif\" alt=\"2026-01-16_alex-canziani_gabinete024\" title=\"2026-01-16_alex-canziani_gabinete024\" data-src=\"http:\/\/www.apucarana.pr.gov.br\/site\/wp-content\/uploads\/2026\/01\/2026-01-16_alex-canziani_gabinete024-1024x683.jpg\" \/>\n\t<a href=\"http:\/\/www.apucarana.pr.gov.br\/site\/wp-content\/uploads\/2026\/01\/2026-01-16_alex-canziani_gabinete024-1024x683.jpg\" target=\"_self\"    >2026-01-16_alex-canziani_gabinete024<\/a>\n\n\n\t<img decoding=\"async\" class=\"ms-thumb\" src=\"http:\/\/www.apucarana.pr.gov.br\/site\/wp-content\/uploads\/2026\/01\/2026-01-16_alex-canziani_gabinete024-1024x683-140x80.jpg\" alt=\"2026-01-16_alex-canziani_gabinete024\" \/>\n\t\t\t\t<\/div>\n\t\t\t<div  class=\"ms-slide\" data-delay=\"3\"    >\n\t\t\t\t\t<img decoding=\"async\" src=\"http:\/\/www.apucarana.pr.gov.br\/site\/wp-content\/plugins\/masterslider\/public\/assets\/css\/blank.gif\" alt=\"2026-01-16_alex-canziani_gabinete025\" title=\"2026-01-16_alex-canziani_gabinete025\" data-src=\"http:\/\/www.apucarana.pr.gov.br\/site\/wp-content\/uploads\/2026\/01\/2026-01-16_alex-canziani_gabinete025-1024x683.jpg\" \/>\n\t<a href=\"http:\/\/www.apucarana.pr.gov.br\/site\/wp-content\/uploads\/2026\/01\/2026-01-16_alex-canziani_gabinete025-1024x683.jpg\" target=\"_self\"    >2026-01-16_alex-canziani_gabinete025<\/a>\n\n\n\t<img decoding=\"async\" class=\"ms-thumb\" src=\"http:\/\/www.apucarana.pr.gov.br\/site\/wp-content\/uploads\/2026\/01\/2026-01-16_alex-canziani_gabinete025-1024x683-140x80.jpg\" alt=\"2026-01-16_alex-canziani_gabinete025\" \/>\n\t\t\t\t<\/div>\n\t\t\t<div  class=\"ms-slide\" data-delay=\"3\"    >\n\t\t\t\t\t<img decoding=\"async\" src=\"http:\/\/www.apucarana.pr.gov.br\/site\/wp-content\/plugins\/masterslider\/public\/assets\/css\/blank.gif\" alt=\"2026-01-16_alex-canziani_gabinete027\" title=\"2026-01-16_alex-canziani_gabinete027\" data-src=\"http:\/\/www.apucarana.pr.gov.br\/site\/wp-content\/uploads\/2026\/01\/2026-01-16_alex-canziani_gabinete027-1024x683.jpg\" \/>\n\t<a href=\"http:\/\/www.apucarana.pr.gov.br\/site\/wp-content\/uploads\/2026\/01\/2026-01-16_alex-canziani_gabinete027-1024x683.jpg\" target=\"_self\"    >2026-01-16_alex-canziani_gabinete027<\/a>\n\n\n\t<img decoding=\"async\" class=\"ms-thumb\" src=\"http:\/\/www.apucarana.pr.gov.br\/site\/wp-content\/uploads\/2026\/01\/2026-01-16_alex-canziani_gabinete027-1024x683-140x80.jpg\" alt=\"2026-01-16_alex-canziani_gabinete027\" \/>\n\t\t\t\t<\/div>\n\n\t\t\t<\/div>\n\t\t\t<!-- END MasterSlider Main -->\n\n\t\t\t \n\t\t<\/div>\n\t\t<!-- END MasterSlider -->\n\n\t\t<script>\n\t\t( window.MSReady = window.MSReady || [] ).push( function( $ ) {\n\n\t\t\t\"use strict\";\n\t\t\tvar masterslider_9b99 = new MasterSlider();\n\n\t\t\t\/\/ slider controls\n\t\t\tmasterslider_9b99.control('arrows'     ,{ autohide:true, overVideo:true  });\n\t\t\tmasterslider_9b99.control('thumblist'  ,{ autohide:false, overVideo:true, dir:'h', speed:17, inset:false, arrows:false, hover:false, customClass:'', align:'bottom',type:'thumbs', margin:2, width:140, height:80, space:2, fillMode:'fill'  });\n\t\t\t\/\/ slider setup\n\t\t\tmasterslider_9b99.setup(\"MS69f04d8b99b99\", {\n\t\t\t\twidth           : 960,\n\t\t\t\theight          : 540,\n\t\t\t\tminHeight       : 0,\n\t\t\t\tspace           : 0,\n\t\t\t\tstart           : 1,\n\t\t\t\tgrabCursor      : true,\n\t\t\t\tswipe           : true,\n\t\t\t\tmouse           : true,\n\t\t\t\tkeyboard        : false,\n\t\t\t\tlayout          : \"fillwidth\",\n\t\t\t\twheel           : false,\n\t\t\t\tautoplay        : true,\n                instantStartLayers:false,\n\t\t\t\tmobileBGVideo:false,\n\t\t\t\tloop            : true,\n\t\t\t\tshuffle         : false,\n\t\t\t\tpreload         : 3,\n\t\t\t\theightLimit     : false,\n\t\t\t\tautoHeight      : false,\n\t\t\t\tsmoothHeight    : true,\n\t\t\t\tendPause        : false,\n\t\t\t\toverPause       : false,\n\t\t\t\tfillMode        : \"fill\",\n\t\t\t\tcenterControls  : true,\n\t\t\t\tstartOnAppear   : false,\n\t\t\t\tlayersMode      : \"center\",\n\t\t\t\tautofillTarget  : \"\",\n\t\t\t\thideLayers      : false,\n\t\t\t\tfullscreenMargin: 0,\n\t\t\t\tspeed           : 17,\n\t\t\t\tdir             : \"h\",\n\t\t\t\tresponsive      : true,\n\t\t\t\ttabletWidth     : 768,\n\t\t\t\ttabletHeight    : null,\n\t\t\t\tphoneWidth      : 480,\n\t\t\t\tphoneHeight    : null,\n\t\t\t\tsizingReference : window,\n\t\t\t\tparallaxMode    : 'swipe',\n\t\t\t\tview            : \"basic\"\n\t\t\t});\n\n\t\t\t\n\t\t\twindow.masterslider_instances = window.masterslider_instances || [];\n\t\t\twindow.masterslider_instances.push( masterslider_9b99 );\n\t\t});\n\t\t<\/script>\n\n\n<p data-start=\"520\" data-end=\"1228\">A Prefeitura de Apucarana vai transformar a rodovi\u00e1ria em um espa\u00e7o voltado \u00e0 inova\u00e7\u00e3o, \u00e0 tecnologia e \u00e0 forma\u00e7\u00e3o de talentos, ampliando oportunidades e qualifica\u00e7\u00e3o para a popula\u00e7\u00e3o. O an\u00fancio foi feito nesta sexta-feira (16\/01), no gabinete municipal, pelo prefeito Rodolfo Mota e pelo secret\u00e1rio de Estado da Inova\u00e7\u00e3o e Intelig\u00eancia Artificial do Paran\u00e1, Alex Canziani. Batizado de Espa\u00e7o Maker da Inova\u00e7\u00e3o, o projeto ser\u00e1 implantado em uma \u00e1rea atualmente ociosa de cerca de 500 metros quadrados, com investimento de R$ 955.574,72 do Governo do Paran\u00e1, por meio do Programa Pacto pela Inova\u00e7\u00e3o, na modalidade Fundo a Fundo, j\u00e1 depositados no Fundo Municipal de Inova\u00e7\u00e3o de Apucarana.<\/p>\n<p data-start=\"1230\" data-end=\"1759\">Ambiente colaborativo de criatividade e aprendizado pr\u00e1tico, o Espa\u00e7o Maker foi projetado pelo Instituto de Desenvolvimento, Pesquisa e Planejamento da Prefeitura de Apucarana (Idepplan), em conjunto com o ecossistema de inova\u00e7\u00e3o Conecta Apucarana. O local ser\u00e1 equipado com ferramentas tecnol\u00f3gicas de \u00faltima gera\u00e7\u00e3o, como impressoras 3D, computadores, espa\u00e7o de coworking e audit\u00f3rio, possibilitando que pessoas e grupos desenvolvam ideias, criem prot\u00f3tipos e construam solu\u00e7\u00f5es aplic\u00e1veis ao mercado e \u00e0 sociedade.<\/p>\n<p data-start=\"1761\" data-end=\"2340\">Segundo o prefeito Rodolfo Mota, a escolha da rodovi\u00e1ria como endere\u00e7o do projeto integra o planejamento estrat\u00e9gico de desenvolvimento do munic\u00edpio. \u201cA cidade convive h\u00e1 mais de uma d\u00e9cada com o desafio de dar vida a um pr\u00e9dio que perdeu movimento, com\u00e9rcio e atratividade. Com esse projeto, unimos duas solu\u00e7\u00f5es em uma s\u00f3: criamos um espa\u00e7o de inova\u00e7\u00e3o, com cursos, projetos cient\u00edficos e apoio \u00e0 ind\u00fastria e ao com\u00e9rcio, e, ao mesmo tempo, requalificamos uma \u00e1rea que estava ociosa h\u00e1 mais de 20 anos, gerando oportunidades, aprendizado pr\u00e1tico e desenvolvimento\u201d, destacou.\u00a0O prefeito tamb\u00e9m agradeceu ao governador Ratinho J\u00fanior por acreditar nos munic\u00edpios e ao secret\u00e1rio Alex Canziani, a quem atribuiu um \u201colhar sens\u00edvel e estrat\u00e9gico\u201d para o fortalecimento do ecossistema de inova\u00e7\u00e3o local.<\/p>\n<p data-start=\"2570\" data-end=\"3283\">Iniciativa do Governo do Estado em parceria com o Tribunal de Contas do Estado do Paran\u00e1 (TCE-PR), o Programa Pacto pela Inova\u00e7\u00e3o descentraliza investimentos e amplia a capacidade dos munic\u00edpios de desenvolver pol\u00edticas p\u00fablicas voltadas \u00e0 tecnologia, ci\u00eancia e inova\u00e7\u00e3o.<br data-start=\"2849\" data-end=\"2852\" \/>\u201cEsse recurso para o Espa\u00e7o Maker n\u00e3o veio por acaso. Ele chega porque Apucarana fez o dever de casa: cumpriu a Lei de Inova\u00e7\u00e3o, criou o Fundo Municipal, organizou os conselhos, estruturou o projeto e abriu a conta espec\u00edfica para receber o investimento. Em muitas cidades isso n\u00e3o aconteceu. Aqui, o munic\u00edpio se organizou e, por isso, o recurso j\u00e1 est\u00e1 na conta da Prefeitura, pronto para ser executado\u201d, salientou Alex Canziani.<\/p>\n<p data-start=\"3285\" data-end=\"3731\">O secret\u00e1rio refor\u00e7ou que o investimento vai fortalecer a voca\u00e7\u00e3o do munic\u00edpio para o empreendedorismo, a inova\u00e7\u00e3o, a moderniza\u00e7\u00e3o e a transforma\u00e7\u00e3o digital.\u00a0 \u201cParabenizo o prefeito Rodolfo Mota, toda a equipe da gest\u00e3o municipal, os vereadores e os membros da governan\u00e7a do Conecta Apucarana. \u00c9 uma alegria poder trazer esse investimento para Apucarana. Ele vai gerar oportunidades reais e contribuir para melhorar a vida das pessoas\u201d, afirmou.<\/p>\n<p data-start=\"1051\" data-end=\"1337\">O presidente da Associa\u00e7\u00e3o Comercial, Industrial e de Servi\u00e7os de Apucarana (Acia), \u00c9lio Pinto, avaliou que o Espa\u00e7o Maker fortalece a integra\u00e7\u00e3o entre inova\u00e7\u00e3o e setor produtivo, ampliando oportunidades para empresas locais e estimulando o desenvolvimento econ\u00f4mico do munic\u00edpio.<\/p>\n<p data-start=\"1344\" data-end=\"1654\">Na mesma linha, o consultor do Sebrae Apucarana, Tiago Cunha, destacou que o projeto amplia o acesso \u00e0 inova\u00e7\u00e3o e ao conhecimento t\u00e9cnico, criando um ambiente favor\u00e1vel ao surgimento de novos neg\u00f3cios, ao fortalecimento do empreendedorismo e \u00e0 prepara\u00e7\u00e3o de pessoas para os desafios do mercado de trabalho.<\/p>\n<p data-start=\"1344\" data-end=\"1654\">Para o vereador Mois\u00e9s Tavares, a implanta\u00e7\u00e3o do Espa\u00e7o Maker \u00e9 resultado do funcionamento da legisla\u00e7\u00e3o de inova\u00e7\u00e3o ativa no munic\u00edpio e da articula\u00e7\u00e3o conjunta entre Executivo, Legislativo e parceiros estaduais. Segundo ele, a rodovi\u00e1ria \u00e9 um espa\u00e7o que conecta pessoas, e nada mais adequado do que abrigar, nesse local, uma iniciativa voltada \u00e0 inova\u00e7\u00e3o, ao conhecimento e \u00e0s oportunidades.<\/p>\n<p data-start=\"3733\" data-end=\"4208\">Al\u00e9m do investimento imediato, Canziani adiantou planos para a cria\u00e7\u00e3o de um Parque Tecnol\u00f3gico Regional em Apucarana, que dever\u00e1 ser instalado no Col\u00e9gio Estadual Agr\u00edcola Manoel Ribas. A proposta, articulada junto \u00e0 Secretaria de Estado da Educa\u00e7\u00e3o, visa atender n\u00e3o apenas o munic\u00edpio, mas todo o Vale do Iva\u00ed, com foco no agroneg\u00f3cio e no setor t\u00eaxtil. \u201cO an\u00fancio oficial ser\u00e1 feito nos pr\u00f3ximos dias, pessoalmente, pelo governador Ratinho J\u00fanior\u201d, revelou.<\/p>\n<p data-start=\"4210\" data-end=\"4854\">Presen\u00e7as<br data-start=\"4223\" data-end=\"4226\" \/>Participaram do an\u00fancio a primeira-dama e secret\u00e1ria municipal da Mulher e Assuntos da Fam\u00edlia, Karine Mota; o vice-prefeito Marcos da Vila Reis; o diretor-presidente do Idepplan, Nilton Fornaciari J\u00fanior; o superintendente municipal do Trabalho e Qualifica\u00e7\u00e3o, Neno Leiroz; os vereadores\u00a0 Pablo da Seguran\u00e7a, Sidnei da Levelimp, Luciano Facchiano e Gabriel Caldeira, al\u00e9m de integrantes da governan\u00e7a do Conecta Apucarana.<\/p>\n","protected":false},"excerpt":{"rendered":"<p>A Prefeitura de Apucarana vai transformar a rodovi&aacute;ria em um espa&ccedil;o voltado &agrave; inova&ccedil;&atilde;o, &agrave; tecnologia e &agrave; forma&ccedil;&atilde;o de talentos, ampliando oportunidades e qualifica&ccedil;&atilde;o para a popula&ccedil;&atilde;o. O an&uacute;ncio foi feito nesta sexta-feira (16\/01), no gabinete municipal, pelo prefeito Rodolfo Mota e pelo secret&aacute;rio de Estado da Inova&ccedil;&atilde;o e Intelig&ecirc;ncia Artificial do Paran&aacute;, Alex [&hellip;]<\/p>\n","protected":false},"author":7,"featured_media":122384,"comment_status":"closed","ping_status":"closed","sticky":false,"template":"","format":"standard","meta":{"footnotes":""},"categories":[24],"tags":[],"class_list":["post-122382","post","type-post","status-publish","format-standard","has-post-thumbnail","hentry","category-noticias"],"acf":[],"_links":{"self":[{"href":"http:\/\/www.apucarana.pr.gov.br\/site\/wp-json\/wp\/v2\/posts\/122382","targetHints":{"allow":["GET"]}}],"collection":[{"href":"http:\/\/www.apucarana.pr.gov.br\/site\/wp-json\/wp\/v2\/posts"}],"about":[{"href":"http:\/\/www.apucarana.pr.gov.br\/site\/wp-json\/wp\/v2\/types\/post"}],"author":[{"embeddable":true,"href":"http:\/\/www.apucarana.pr.gov.br\/site\/wp-json\/wp\/v2\/users\/7"}],"replies":[{"embeddable":true,"href":"http:\/\/www.apucarana.pr.gov.br\/site\/wp-json\/wp\/v2\/comments?post=122382"}],"version-history":[{"count":5,"href":"http:\/\/www.apucarana.pr.gov.br\/site\/wp-json\/wp\/v2\/posts\/122382\/revisions"}],"predecessor-version":[{"id":122429,"href":"http:\/\/www.apucarana.pr.gov.br\/site\/wp-json\/wp\/v2\/posts\/122382\/revisions\/122429"}],"wp:featuredmedia":[{"embeddable":true,"href":"http:\/\/www.apucarana.pr.gov.br\/site\/wp-json\/wp\/v2\/media\/122384"}],"wp:attachment":[{"href":"http:\/\/www.apucarana.pr.gov.br\/site\/wp-json\/wp\/v2\/media?parent=122382"}],"wp:term":[{"taxonomy":"category","embeddable":true,"href":"http:\/\/www.apucarana.pr.gov.br\/site\/wp-json\/wp\/v2\/categories?post=122382"},{"taxonomy":"post_tag","embeddable":true,"href":"http:\/\/www.apucarana.pr.gov.br\/site\/wp-json\/wp\/v2\/tags?post=122382"}],"curies":[{"name":"wp","href":"https:\/\/api.w.org\/{rel}","templated":true}]}}