{"id":122316,"date":"2026-01-15T15:24:53","date_gmt":"2026-01-15T18:24:53","guid":{"rendered":"https:\/\/www.apucarana.pr.gov.br\/site\/?p=122316"},"modified":"2026-01-16T08:11:00","modified_gmt":"2026-01-16T11:11:00","slug":"concurso-de-vitrines-natalinas-e-sorteio-de-r-30-mil-em-vales-compra-fortalecem-o-comercio-de-apucarana","status":"publish","type":"post","link":"http:\/\/www.apucarana.pr.gov.br\/site\/concurso-de-vitrines-natalinas-e-sorteio-de-r-30-mil-em-vales-compra-fortalecem-o-comercio-de-apucarana\/","title":{"rendered":"Concurso de vitrines natalinas e sorteio de R$ 30 mil em vales-compra fortalecem o com\u00e9rcio de Apucarana"},"content":{"rendered":"\n\t\t<!-- MasterSlider -->\n\t\t<div id=\"P_MS69f04d9114b55\" class=\"master-slider-parent master-slider-gallery   ms-parent-id-0\" style=\"\" >\n\n\t\t\t\n\t\t\t<!-- MasterSlider Main -->\n\t\t\t<div id=\"MS69f04d9114b55\" class=\"master-slider ms-skin-default\" >\n\t\t\t\t \t\t\t\t \n\t\t\t<div  class=\"ms-slide\" data-delay=\"3\"    >\n\t\t\t\t\t<img decoding=\"async\" src=\"http:\/\/www.apucarana.pr.gov.br\/site\/wp-content\/plugins\/masterslider\/public\/assets\/css\/blank.gif\" alt=\"premiacao (10)\" title=\"premiacao (10)\" data-src=\"http:\/\/www.apucarana.pr.gov.br\/site\/wp-content\/uploads\/2026\/01\/premiacao-10-1024x683.jpg\" \/>\n\t<a href=\"http:\/\/www.apucarana.pr.gov.br\/site\/wp-content\/uploads\/2026\/01\/premiacao-10-1024x683.jpg\" target=\"_self\"    >premiacao (10)<\/a>\n\n\n\t<img decoding=\"async\" class=\"ms-thumb\" src=\"http:\/\/www.apucarana.pr.gov.br\/site\/wp-content\/uploads\/2026\/01\/premiacao-10-1024x683-140x80.jpg\" alt=\"premiacao (10)\" \/>\n\t\t\t\t<\/div>\n\t\t\t<div  class=\"ms-slide\" data-delay=\"3\"    >\n\t\t\t\t\t<img decoding=\"async\" src=\"http:\/\/www.apucarana.pr.gov.br\/site\/wp-content\/plugins\/masterslider\/public\/assets\/css\/blank.gif\" alt=\"premiacao (13)\" title=\"premiacao (13)\" data-src=\"http:\/\/www.apucarana.pr.gov.br\/site\/wp-content\/uploads\/2026\/01\/premiacao-13-1024x576.jpg\" \/>\n\t<a href=\"http:\/\/www.apucarana.pr.gov.br\/site\/wp-content\/uploads\/2026\/01\/premiacao-13-1024x576.jpg\" target=\"_self\"    >premiacao (13)<\/a>\n\n\n\t<img decoding=\"async\" class=\"ms-thumb\" src=\"http:\/\/www.apucarana.pr.gov.br\/site\/wp-content\/uploads\/2026\/01\/premiacao-13-1024x576-140x80.jpg\" alt=\"premiacao (13)\" \/>\n\t\t\t\t<\/div>\n\t\t\t<div  class=\"ms-slide\" data-delay=\"3\"    >\n\t\t\t\t\t<img decoding=\"async\" src=\"http:\/\/www.apucarana.pr.gov.br\/site\/wp-content\/plugins\/masterslider\/public\/assets\/css\/blank.gif\" alt=\"premiacao (14)\" title=\"premiacao (14)\" data-src=\"http:\/\/www.apucarana.pr.gov.br\/site\/wp-content\/uploads\/2026\/01\/premiacao-14-1024x683.jpg\" \/>\n\t<a href=\"http:\/\/www.apucarana.pr.gov.br\/site\/wp-content\/uploads\/2026\/01\/premiacao-14-1024x683.jpg\" target=\"_self\"    >premiacao (14)<\/a>\n\n\n\t<img decoding=\"async\" class=\"ms-thumb\" src=\"http:\/\/www.apucarana.pr.gov.br\/site\/wp-content\/uploads\/2026\/01\/premiacao-14-1024x683-140x80.jpg\" alt=\"premiacao (14)\" \/>\n\t\t\t\t<\/div>\n\t\t\t<div  class=\"ms-slide\" data-delay=\"3\"    >\n\t\t\t\t\t<img decoding=\"async\" src=\"http:\/\/www.apucarana.pr.gov.br\/site\/wp-content\/plugins\/masterslider\/public\/assets\/css\/blank.gif\" alt=\"premiacao (19)\" title=\"premiacao (19)\" data-src=\"http:\/\/www.apucarana.pr.gov.br\/site\/wp-content\/uploads\/2026\/01\/premiacao-19-1024x683.jpg\" \/>\n\t<a href=\"http:\/\/www.apucarana.pr.gov.br\/site\/wp-content\/uploads\/2026\/01\/premiacao-19-1024x683.jpg\" target=\"_self\"    >premiacao (19)<\/a>\n\n\n\t<img decoding=\"async\" class=\"ms-thumb\" src=\"http:\/\/www.apucarana.pr.gov.br\/site\/wp-content\/uploads\/2026\/01\/premiacao-19-1024x683-140x80.jpg\" alt=\"premiacao (19)\" \/>\n\t\t\t\t<\/div>\n\t\t\t<div  class=\"ms-slide\" data-delay=\"3\"    >\n\t\t\t\t\t<img decoding=\"async\" src=\"http:\/\/www.apucarana.pr.gov.br\/site\/wp-content\/plugins\/masterslider\/public\/assets\/css\/blank.gif\" alt=\"premiacao (22)\" title=\"premiacao (22)\" data-src=\"http:\/\/www.apucarana.pr.gov.br\/site\/wp-content\/uploads\/2026\/01\/premiacao-22-1024x683.jpg\" \/>\n\t<a href=\"http:\/\/www.apucarana.pr.gov.br\/site\/wp-content\/uploads\/2026\/01\/premiacao-22-1024x683.jpg\" target=\"_self\"    >premiacao (22)<\/a>\n\n\n\t<img decoding=\"async\" class=\"ms-thumb\" src=\"http:\/\/www.apucarana.pr.gov.br\/site\/wp-content\/uploads\/2026\/01\/premiacao-22-1024x683-140x80.jpg\" alt=\"premiacao (22)\" \/>\n\t\t\t\t<\/div>\n\t\t\t<div  class=\"ms-slide\" data-delay=\"3\"    >\n\t\t\t\t\t<img decoding=\"async\" src=\"http:\/\/www.apucarana.pr.gov.br\/site\/wp-content\/plugins\/masterslider\/public\/assets\/css\/blank.gif\" alt=\"premiacao (26)\" title=\"premiacao (26)\" data-src=\"http:\/\/www.apucarana.pr.gov.br\/site\/wp-content\/uploads\/2026\/01\/premiacao-26-1024x683.jpg\" \/>\n\t<a href=\"http:\/\/www.apucarana.pr.gov.br\/site\/wp-content\/uploads\/2026\/01\/premiacao-26-1024x683.jpg\" target=\"_self\"    >premiacao (26)<\/a>\n\n\n\t<img decoding=\"async\" class=\"ms-thumb\" src=\"http:\/\/www.apucarana.pr.gov.br\/site\/wp-content\/uploads\/2026\/01\/premiacao-26-1024x683-140x80.jpg\" alt=\"premiacao (26)\" \/>\n\t\t\t\t<\/div>\n\t\t\t<div  class=\"ms-slide\" data-delay=\"3\"    >\n\t\t\t\t\t<img decoding=\"async\" src=\"http:\/\/www.apucarana.pr.gov.br\/site\/wp-content\/plugins\/masterslider\/public\/assets\/css\/blank.gif\" alt=\"premiacao (28)\" title=\"premiacao (28)\" data-src=\"http:\/\/www.apucarana.pr.gov.br\/site\/wp-content\/uploads\/2026\/01\/premiacao-28-1024x683.jpg\" \/>\n\t<a href=\"http:\/\/www.apucarana.pr.gov.br\/site\/wp-content\/uploads\/2026\/01\/premiacao-28-1024x683.jpg\" target=\"_self\"    >premiacao (28)<\/a>\n\n\n\t<img decoding=\"async\" class=\"ms-thumb\" src=\"http:\/\/www.apucarana.pr.gov.br\/site\/wp-content\/uploads\/2026\/01\/premiacao-28-1024x683-140x80.jpg\" alt=\"premiacao (28)\" \/>\n\t\t\t\t<\/div>\n\t\t\t<div  class=\"ms-slide\" data-delay=\"3\"    >\n\t\t\t\t\t<img decoding=\"async\" src=\"http:\/\/www.apucarana.pr.gov.br\/site\/wp-content\/plugins\/masterslider\/public\/assets\/css\/blank.gif\" alt=\"premiacao (29)\" title=\"premiacao (29)\" data-src=\"http:\/\/www.apucarana.pr.gov.br\/site\/wp-content\/uploads\/2026\/01\/premiacao-29-1024x683.jpg\" \/>\n\t<a href=\"http:\/\/www.apucarana.pr.gov.br\/site\/wp-content\/uploads\/2026\/01\/premiacao-29-1024x683.jpg\" target=\"_self\"    >premiacao (29)<\/a>\n\n\n\t<img decoding=\"async\" class=\"ms-thumb\" src=\"http:\/\/www.apucarana.pr.gov.br\/site\/wp-content\/uploads\/2026\/01\/premiacao-29-1024x683-140x80.jpg\" alt=\"premiacao (29)\" \/>\n\t\t\t\t<\/div>\n\t\t\t<div  class=\"ms-slide\" data-delay=\"3\"    >\n\t\t\t\t\t<img decoding=\"async\" src=\"http:\/\/www.apucarana.pr.gov.br\/site\/wp-content\/plugins\/masterslider\/public\/assets\/css\/blank.gif\" alt=\"premiacao (31)\" title=\"premiacao (31)\" data-src=\"http:\/\/www.apucarana.pr.gov.br\/site\/wp-content\/uploads\/2026\/01\/premiacao-31-1024x683.jpg\" \/>\n\t<a href=\"http:\/\/www.apucarana.pr.gov.br\/site\/wp-content\/uploads\/2026\/01\/premiacao-31-1024x683.jpg\" target=\"_self\"    >premiacao (31)<\/a>\n\n\n\t<img decoding=\"async\" class=\"ms-thumb\" src=\"http:\/\/www.apucarana.pr.gov.br\/site\/wp-content\/uploads\/2026\/01\/premiacao-31-1024x683-140x80.jpg\" alt=\"premiacao (31)\" \/>\n\t\t\t\t<\/div>\n\t\t\t<div  class=\"ms-slide\" data-delay=\"3\"    >\n\t\t\t\t\t<img decoding=\"async\" src=\"http:\/\/www.apucarana.pr.gov.br\/site\/wp-content\/plugins\/masterslider\/public\/assets\/css\/blank.gif\" alt=\"premiacao (36)\" title=\"premiacao (36)\" data-src=\"http:\/\/www.apucarana.pr.gov.br\/site\/wp-content\/uploads\/2026\/01\/premiacao-36-1024x683.jpg\" \/>\n\t<a href=\"http:\/\/www.apucarana.pr.gov.br\/site\/wp-content\/uploads\/2026\/01\/premiacao-36-1024x683.jpg\" target=\"_self\"    >premiacao (36)<\/a>\n\n\n\t<img decoding=\"async\" class=\"ms-thumb\" src=\"http:\/\/www.apucarana.pr.gov.br\/site\/wp-content\/uploads\/2026\/01\/premiacao-36-1024x683-140x80.jpg\" alt=\"premiacao (36)\" \/>\n\t\t\t\t<\/div>\n\n\t\t\t<\/div>\n\t\t\t<!-- END MasterSlider Main -->\n\n\t\t\t \n\t\t<\/div>\n\t\t<!-- END MasterSlider -->\n\n\t\t<script>\n\t\t( window.MSReady = window.MSReady || [] ).push( function( $ ) {\n\n\t\t\t\"use strict\";\n\t\t\tvar masterslider_4b55 = new MasterSlider();\n\n\t\t\t\/\/ slider controls\n\t\t\tmasterslider_4b55.control('arrows'     ,{ autohide:true, overVideo:true  });\n\t\t\tmasterslider_4b55.control('thumblist'  ,{ autohide:false, overVideo:true, dir:'h', speed:17, inset:false, arrows:false, hover:false, customClass:'', align:'bottom',type:'thumbs', margin:2, width:140, height:80, space:2, fillMode:'fill'  });\n\t\t\t\/\/ slider setup\n\t\t\tmasterslider_4b55.setup(\"MS69f04d9114b55\", {\n\t\t\t\twidth           : 960,\n\t\t\t\theight          : 540,\n\t\t\t\tminHeight       : 0,\n\t\t\t\tspace           : 0,\n\t\t\t\tstart           : 1,\n\t\t\t\tgrabCursor      : true,\n\t\t\t\tswipe           : true,\n\t\t\t\tmouse           : true,\n\t\t\t\tkeyboard        : false,\n\t\t\t\tlayout          : \"fillwidth\",\n\t\t\t\twheel           : false,\n\t\t\t\tautoplay        : true,\n                instantStartLayers:false,\n\t\t\t\tmobileBGVideo:false,\n\t\t\t\tloop            : true,\n\t\t\t\tshuffle         : false,\n\t\t\t\tpreload         : 3,\n\t\t\t\theightLimit     : false,\n\t\t\t\tautoHeight      : false,\n\t\t\t\tsmoothHeight    : true,\n\t\t\t\tendPause        : false,\n\t\t\t\toverPause       : false,\n\t\t\t\tfillMode        : \"fill\",\n\t\t\t\tcenterControls  : true,\n\t\t\t\tstartOnAppear   : false,\n\t\t\t\tlayersMode      : \"center\",\n\t\t\t\tautofillTarget  : \"\",\n\t\t\t\thideLayers      : false,\n\t\t\t\tfullscreenMargin: 0,\n\t\t\t\tspeed           : 17,\n\t\t\t\tdir             : \"h\",\n\t\t\t\tresponsive      : true,\n\t\t\t\ttabletWidth     : 768,\n\t\t\t\ttabletHeight    : null,\n\t\t\t\tphoneWidth      : 480,\n\t\t\t\tphoneHeight    : null,\n\t\t\t\tsizingReference : window,\n\t\t\t\tparallaxMode    : 'swipe',\n\t\t\t\tview            : \"basic\"\n\t\t\t});\n\n\t\t\t\n\t\t\twindow.masterslider_instances = window.masterslider_instances || [];\n\t\t\twindow.masterslider_instances.push( masterslider_4b55 );\n\t\t});\n\t\t<\/script>\n\n\n<p>Al\u00e9m da bela decora\u00e7\u00e3o da cidade e da programa\u00e7\u00e3o cultural qualificada, o Natal de Apucarana trouxe resultados positivos tamb\u00e9m para o com\u00e9rcio local. O momento foi celebrado nesta quinta-feira (15\/11) com a entrega de certificados e pr\u00eamios do Concurso de Vitrines Natalinas \u2014 que destinou R$ 10 mil aos vencedores \u2014 e com o sorteio de R$ 30 mil em vales-compra da campanha de Natal da Associa\u00e7\u00e3o Comercial, Industrial e de Servi\u00e7os de Apucarana (Acia).<\/p>\n<p>O prefeito Rodolfo Mota destacou que o concurso de vitrines foi uma iniciativa da Secretaria Municipal de Cultura e integrou a programa\u00e7\u00e3o do Natal da Fam\u00edlia 2025, desenvolvido pela Prefeitura. \u201cA a\u00e7\u00e3o, que uniu o poder p\u00fablico e as entidades do setor produtivo, buscou valorizar o com\u00e9rcio local, estimular a criatividade dos empreendedores e atrair visitantes\u201d, afirmou.<\/p>\n<p>Ao fazer um balan\u00e7o do Natal da Fam\u00edlia, o prefeito ressaltou os 30 dias de programa\u00e7\u00e3o cont\u00ednua, realizados entre 28 de novembro e 28 de dezembro, que mobilizaram a cidade. \u201cForam trinta dias de celebra\u00e7\u00e3o, com atividades que refor\u00e7aram o esp\u00edrito natalino e impulsionaram a economia local. Tudo foi pensado para unir as fam\u00edlias, valorizar o com\u00e9rcio e criar um ambiente acolhedor para Apucarana receber visitantes\u201d, pontuou.<\/p>\n<p>O secret\u00e1rio municipal de Cultura e Turismo, Rodrigo Lievore (Recife), explicou que o concurso nasceu no \u00e2mbito do Conselho Municipal de Turismo, formado por representantes do setor produtivo. \u201cTivemos crit\u00e9rios t\u00e9cnicos para a premia\u00e7\u00e3o e tamb\u00e9m criamos o voto popular via QR Code, que nos surpreendeu positivamente\u201d, disse, adiantando que a inten\u00e7\u00e3o \u00e9 incluir a vota\u00e7\u00e3o popular como crit\u00e9rio oficial na pr\u00f3xima edi\u00e7\u00e3o.<\/p>\n<p>No resultado final, o primeiro lugar ficou com a loja Casas Apucarana, que recebeu R$ 5 mil; o segundo lugar foi conquistado pela loja S\u00e3o Jos\u00e9, com pr\u00eamio de R$ 3 mil; e o terceiro lugar ficou com a floricultura Flor e Arte, que recebeu R$ 2 mil. \u201cTamb\u00e9m valorizamos o engajamento da loja Decortex, que recebeu cerca de 3 mil votos e foi escolhida como a vitrine mais popular\u201d, completou Recife.<\/p>\n<p>SORTEIO DA ACIA \u2013 No mesmo evento, foi realizado o sorteio de R$ 30 mil em vales-compra da campanha de Natal da Acia. O vice-presidente da entidade, Jayme Leonel, destacou que a iniciativa fortalece o v\u00ednculo entre lojistas e consumidores, estimula as vendas e atrai clientes de toda a regi\u00e3o. \u201cA a\u00e7\u00e3o contou com a distribui\u00e7\u00e3o de mais de 100 mil cupons, gerados a partir das compras no com\u00e9rcio local, resultando na premia\u00e7\u00e3o de 30 consumidores com mil reais cada\u201d, informou.<\/p>\n<p>A presidente do Sindicato do Com\u00e9rcio Varejista de Apucarana (Sivana), Aida Assun\u00e7\u00e3o, ressaltou que o concurso de vitrines resgatou uma tradi\u00e7\u00e3o aguardada h\u00e1 anos pelo setor. \u201cEssa campanha das vitrines era algo que busc\u00e1vamos resgatar h\u00e1 muito tempo. A combina\u00e7\u00e3o entre ilumina\u00e7\u00e3o, decora\u00e7\u00e3o natalina, o concurso promovido pela Prefeitura e o sorteio de vales-compra da Acia elevou a autoestima do apucaranense e fortaleceu o com\u00e9rcio\u201d, afirmou.<\/p>\n","protected":false},"excerpt":{"rendered":"<p>Al&eacute;m da bela decora&ccedil;&atilde;o da cidade e da programa&ccedil;&atilde;o cultural qualificada, o Natal de Apucarana trouxe resultados positivos tamb&eacute;m para o com&eacute;rcio local. O momento foi celebrado nesta quinta-feira (15\/11) com a entrega de certificados e pr&ecirc;mios do Concurso de Vitrines Natalinas &mdash; que destinou R$ 10 mil aos vencedores &mdash; e com o sorteio [&hellip;]<\/p>\n","protected":false},"author":7,"featured_media":122325,"comment_status":"closed","ping_status":"closed","sticky":false,"template":"","format":"standard","meta":{"footnotes":""},"categories":[24],"tags":[],"class_list":["post-122316","post","type-post","status-publish","format-standard","has-post-thumbnail","hentry","category-noticias"],"acf":[],"_links":{"self":[{"href":"http:\/\/www.apucarana.pr.gov.br\/site\/wp-json\/wp\/v2\/posts\/122316","targetHints":{"allow":["GET"]}}],"collection":[{"href":"http:\/\/www.apucarana.pr.gov.br\/site\/wp-json\/wp\/v2\/posts"}],"about":[{"href":"http:\/\/www.apucarana.pr.gov.br\/site\/wp-json\/wp\/v2\/types\/post"}],"author":[{"embeddable":true,"href":"http:\/\/www.apucarana.pr.gov.br\/site\/wp-json\/wp\/v2\/users\/7"}],"replies":[{"embeddable":true,"href":"http:\/\/www.apucarana.pr.gov.br\/site\/wp-json\/wp\/v2\/comments?post=122316"}],"version-history":[{"count":3,"href":"http:\/\/www.apucarana.pr.gov.br\/site\/wp-json\/wp\/v2\/posts\/122316\/revisions"}],"predecessor-version":[{"id":122381,"href":"http:\/\/www.apucarana.pr.gov.br\/site\/wp-json\/wp\/v2\/posts\/122316\/revisions\/122381"}],"wp:featuredmedia":[{"embeddable":true,"href":"http:\/\/www.apucarana.pr.gov.br\/site\/wp-json\/wp\/v2\/media\/122325"}],"wp:attachment":[{"href":"http:\/\/www.apucarana.pr.gov.br\/site\/wp-json\/wp\/v2\/media?parent=122316"}],"wp:term":[{"taxonomy":"category","embeddable":true,"href":"http:\/\/www.apucarana.pr.gov.br\/site\/wp-json\/wp\/v2\/categories?post=122316"},{"taxonomy":"post_tag","embeddable":true,"href":"http:\/\/www.apucarana.pr.gov.br\/site\/wp-json\/wp\/v2\/tags?post=122316"}],"curies":[{"name":"wp","href":"https:\/\/api.w.org\/{rel}","templated":true}]}}