{"id":122309,"date":"2026-01-14T17:30:30","date_gmt":"2026-01-14T20:30:30","guid":{"rendered":"https:\/\/www.apucarana.pr.gov.br\/site\/?p=122309"},"modified":"2026-01-14T17:30:30","modified_gmt":"2026-01-14T20:30:30","slug":"prefeitura-de-apucarana-estrutura-1o-censo-da-pessoa-em-situacao-de-rua-com-foco-em-dados-planejamento-e-politicas-publicas-mais-eficazes","status":"publish","type":"post","link":"http:\/\/www.apucarana.pr.gov.br\/site\/prefeitura-de-apucarana-estrutura-1o-censo-da-pessoa-em-situacao-de-rua-com-foco-em-dados-planejamento-e-politicas-publicas-mais-eficazes\/","title":{"rendered":"Prefeitura de Apucarana estrutura 1\u00ba Censo da Pessoa em Situa\u00e7\u00e3o de Rua com foco em dados, planejamento e pol\u00edticas p\u00fablicas mais eficazes"},"content":{"rendered":"\n\t\t<!-- MasterSlider -->\n\t\t<div id=\"P_MS69f03bd34c21b\" class=\"master-slider-parent master-slider-gallery   ms-parent-id-0\" style=\"\" >\n\n\t\t\t\n\t\t\t<!-- MasterSlider Main -->\n\t\t\t<div id=\"MS69f03bd34c21b\" class=\"master-slider ms-skin-default\" >\n\t\t\t\t \t\t\t\t \n\t\t\t<div  class=\"ms-slide\" data-delay=\"3\"    >\n\t\t\t\t\t<img decoding=\"async\" src=\"http:\/\/www.apucarana.pr.gov.br\/site\/wp-content\/plugins\/masterslider\/public\/assets\/css\/blank.gif\" alt=\"WhatsApp Image 2026-01-14 at 17.02.03\" title=\"WhatsApp Image 2026-01-14 at 17.02.03\" data-src=\"http:\/\/www.apucarana.pr.gov.br\/site\/wp-content\/uploads\/2026\/01\/WhatsApp-Image-2026-01-14-at-17.02.03-1024x576.jpeg\" \/>\n\t<a href=\"http:\/\/www.apucarana.pr.gov.br\/site\/wp-content\/uploads\/2026\/01\/WhatsApp-Image-2026-01-14-at-17.02.03-1024x576.jpeg\" target=\"_self\"    >WhatsApp Image 2026-01-14 at 17.02.03<\/a>\n\n\n\t<img decoding=\"async\" class=\"ms-thumb\" src=\"http:\/\/www.apucarana.pr.gov.br\/site\/wp-content\/uploads\/2026\/01\/WhatsApp-Image-2026-01-14-at-17.02.03-1024x576-140x80.jpeg\" alt=\"WhatsApp Image 2026-01-14 at 17.02.03\" \/>\n\t\t\t\t<\/div>\n\t\t\t<div  class=\"ms-slide\" data-delay=\"3\"    >\n\t\t\t\t\t<img decoding=\"async\" src=\"http:\/\/www.apucarana.pr.gov.br\/site\/wp-content\/plugins\/masterslider\/public\/assets\/css\/blank.gif\" alt=\"WhatsApp Image 2026-01-14 at 16.45.15\" title=\"WhatsApp Image 2026-01-14 at 16.45.15\" data-src=\"http:\/\/www.apucarana.pr.gov.br\/site\/wp-content\/uploads\/2026\/01\/WhatsApp-Image-2026-01-14-at-16.45.15-1024x716.jpeg\" \/>\n\t<a href=\"http:\/\/www.apucarana.pr.gov.br\/site\/wp-content\/uploads\/2026\/01\/WhatsApp-Image-2026-01-14-at-16.45.15-1024x716.jpeg\" target=\"_self\"    >WhatsApp Image 2026-01-14 at 16.45.15<\/a>\n\n\n\t<img decoding=\"async\" class=\"ms-thumb\" src=\"http:\/\/www.apucarana.pr.gov.br\/site\/wp-content\/uploads\/2026\/01\/WhatsApp-Image-2026-01-14-at-16.45.15-1024x716-140x80.jpeg\" alt=\"WhatsApp Image 2026-01-14 at 16.45.15\" \/>\n\t\t\t\t<\/div>\n\n\t\t\t<\/div>\n\t\t\t<!-- END MasterSlider Main -->\n\n\t\t\t \n\t\t<\/div>\n\t\t<!-- END MasterSlider -->\n\n\t\t<script>\n\t\t( window.MSReady = window.MSReady || [] ).push( function( $ ) {\n\n\t\t\t\"use strict\";\n\t\t\tvar masterslider_c21b = new MasterSlider();\n\n\t\t\t\/\/ slider controls\n\t\t\tmasterslider_c21b.control('arrows'     ,{ autohide:true, overVideo:true  });\n\t\t\tmasterslider_c21b.control('thumblist'  ,{ autohide:false, overVideo:true, dir:'h', speed:17, inset:false, arrows:false, hover:false, customClass:'', align:'bottom',type:'thumbs', margin:2, width:140, height:80, space:2, fillMode:'fill'  });\n\t\t\t\/\/ slider setup\n\t\t\tmasterslider_c21b.setup(\"MS69f03bd34c21b\", {\n\t\t\t\twidth           : 960,\n\t\t\t\theight          : 540,\n\t\t\t\tminHeight       : 0,\n\t\t\t\tspace           : 0,\n\t\t\t\tstart           : 1,\n\t\t\t\tgrabCursor      : true,\n\t\t\t\tswipe           : true,\n\t\t\t\tmouse           : true,\n\t\t\t\tkeyboard        : false,\n\t\t\t\tlayout          : \"fillwidth\",\n\t\t\t\twheel           : false,\n\t\t\t\tautoplay        : true,\n                instantStartLayers:false,\n\t\t\t\tmobileBGVideo:false,\n\t\t\t\tloop            : true,\n\t\t\t\tshuffle         : false,\n\t\t\t\tpreload         : 3,\n\t\t\t\theightLimit     : false,\n\t\t\t\tautoHeight      : false,\n\t\t\t\tsmoothHeight    : true,\n\t\t\t\tendPause        : false,\n\t\t\t\toverPause       : false,\n\t\t\t\tfillMode        : \"fill\",\n\t\t\t\tcenterControls  : true,\n\t\t\t\tstartOnAppear   : false,\n\t\t\t\tlayersMode      : \"center\",\n\t\t\t\tautofillTarget  : \"\",\n\t\t\t\thideLayers      : false,\n\t\t\t\tfullscreenMargin: 0,\n\t\t\t\tspeed           : 17,\n\t\t\t\tdir             : \"h\",\n\t\t\t\tresponsive      : true,\n\t\t\t\ttabletWidth     : 768,\n\t\t\t\ttabletHeight    : null,\n\t\t\t\tphoneWidth      : 480,\n\t\t\t\tphoneHeight    : null,\n\t\t\t\tsizingReference : window,\n\t\t\t\tparallaxMode    : 'swipe',\n\t\t\t\tview            : \"basic\"\n\t\t\t});\n\n\t\t\t\n\t\t\twindow.masterslider_instances = window.masterslider_instances || [];\n\t\t\twindow.masterslider_instances.push( masterslider_c21b );\n\t\t});\n\t\t<\/script>\n\n\n<p>A Prefeitura de Apucarana deu in\u00edcio \u00e0 estrutura\u00e7\u00e3o do 1\u00ba Censo Municipal da Pessoa em Situa\u00e7\u00e3o de Rua, iniciativa in\u00e9dita que marca uma nova etapa no planejamento das pol\u00edticas p\u00fablicas de assist\u00eancia social do munic\u00edpio. T\u00e9cnicos da Secretaria Municipal de Assist\u00eancia Social receberam, nesta quarta-feira (14\/01), no Centro Social Urbano do Parque Bela Vista, representantes do Governo do Estado para alinhamento institucional do censo e defini\u00e7\u00e3o de procedimentos para um mutir\u00e3o de a\u00e7\u00f5es integradas.<\/p>\n<p>O trabalho ser\u00e1 desenvolvido em parceria com o Governo do Paran\u00e1, por meio da Secretaria de Estado da Justi\u00e7a e Cidadania (Seju) e da Secretaria de Estado do Desenvolvimento Social e Fam\u00edlia (Sedef). O levantamento tem como objetivo mapear perfis, identificar demandas e produzir dados t\u00e9cnicos e confi\u00e1veis para embasar pol\u00edticas p\u00fablicas mais eficazes, humanas e integradas.<\/p>\n<p>Segundo o prefeito Rodolfo Mota, o censo representa um avan\u00e7o estrat\u00e9gico na forma como Apucarana passa a tratar a pauta social. \u201cN\u00e3o \u00e9 poss\u00edvel cuidar das pessoas sem conhecer a realidade com profundidade. O censo vai nos permitir sair do achismo e trabalhar com dados concretos, t\u00e9cnicos e confi\u00e1veis, garantindo planejamento respons\u00e1vel, uso correto dos recursos p\u00fablicos e a\u00e7\u00f5es mais eficazes. Nosso compromisso \u00e9 tratar essa pauta com seriedade, sensibilidade social e integra\u00e7\u00e3o entre munic\u00edpio e Estado, para construir solu\u00e7\u00f5es que respeitem a dignidade humana e promovam inclus\u00e3o, acolhimento e oportunidades reais de supera\u00e7\u00e3o\u201d, destacou.<\/p>\n<p>Desde o final do ano passado, a administra\u00e7\u00e3o municipal atua de forma integrada com o Estado na constru\u00e7\u00e3o das metodologias que ir\u00e3o subsidiar tanto o censo quanto o mutir\u00e3o, previstos para ocorrer entre os dias 16 e 20 de mar\u00e7o. A secret\u00e1ria municipal de Assist\u00eancia Social, Fab\u00edola Carrero, refor\u00e7a que o levantamento vai garantir um diagn\u00f3stico amplo, t\u00e9cnico e transparente sobre a popula\u00e7\u00e3o em situa\u00e7\u00e3o de rua em Apucarana. \u201cO trabalho reunir\u00e1 dados atualizados, identificando perfis, mapeando demandas e subsidiando a formula\u00e7\u00e3o de pol\u00edticas p\u00fablicas orientadas por evid\u00eancias\u201d, afirmou, informando ainda que uma \u00faltima reuni\u00e3o de planejamento ser\u00e1 realizada em Curitiba antes do in\u00edcio das a\u00e7\u00f5es em campo.<\/p>\n<p>Al\u00e9m do censo municipal, o mutir\u00e3o de a\u00e7\u00f5es prev\u00ea o mapeamento dos territ\u00f3rios com maior incid\u00eancia, abordagens integradas entre equipes de assist\u00eancia social, sa\u00fade e seguran\u00e7a p\u00fablica, oferta de servi\u00e7os de sa\u00fade diretamente em campo, escutas qualificadas, diagn\u00f3sticos individualizados, atualiza\u00e7\u00e3o dos fluxos de atendimento para respostas mais r\u00e1pidas, al\u00e9m de campanhas de orienta\u00e7\u00e3o e conscientiza\u00e7\u00e3o da popula\u00e7\u00e3o.<\/p>\n<p>Pela Seju, participaram da reuni\u00e3o de alinhamento Jean Carlo Anselmo Ribeiro, da Unidade T\u00e9cnica do Projeto Paran\u00e1 em A\u00e7\u00e3o (UTPA), e Rodrigo M\u00fcller do Valle, da Coordena\u00e7\u00e3o de Cidadania (COCID). J\u00e1 pela Sedef, estiveram presentes a assistente social Juliana Rinaldi e a psic\u00f3loga Bianca Larangeira, da Inst\u00e2ncia de Atua\u00e7\u00e3o Regional Avan\u00e7ada de Apucarana (IARA Apucarana), al\u00e9m de Bruna Pereira de Souza, chefe do N\u00facleo Regional Londrina\/IARA Apucarana\/IARA Ivaipor\u00e3.<\/p>\n","protected":false},"excerpt":{"rendered":"<p>A Prefeitura de Apucarana deu in&iacute;cio &agrave; estrutura&ccedil;&atilde;o do 1&ordm; Censo Municipal da Pessoa em Situa&ccedil;&atilde;o de Rua, iniciativa in&eacute;dita que marca uma nova etapa no planejamento das pol&iacute;ticas p&uacute;blicas de assist&ecirc;ncia social do munic&iacute;pio. T&eacute;cnicos da Secretaria Municipal de Assist&ecirc;ncia Social receberam, nesta quarta-feira (14\/01), no Centro Social Urbano do Parque Bela Vista, representantes [&hellip;]<\/p>\n","protected":false},"author":7,"featured_media":122310,"comment_status":"closed","ping_status":"closed","sticky":false,"template":"","format":"standard","meta":{"footnotes":""},"categories":[24],"tags":[],"class_list":["post-122309","post","type-post","status-publish","format-standard","has-post-thumbnail","hentry","category-noticias"],"acf":[],"_links":{"self":[{"href":"http:\/\/www.apucarana.pr.gov.br\/site\/wp-json\/wp\/v2\/posts\/122309","targetHints":{"allow":["GET"]}}],"collection":[{"href":"http:\/\/www.apucarana.pr.gov.br\/site\/wp-json\/wp\/v2\/posts"}],"about":[{"href":"http:\/\/www.apucarana.pr.gov.br\/site\/wp-json\/wp\/v2\/types\/post"}],"author":[{"embeddable":true,"href":"http:\/\/www.apucarana.pr.gov.br\/site\/wp-json\/wp\/v2\/users\/7"}],"replies":[{"embeddable":true,"href":"http:\/\/www.apucarana.pr.gov.br\/site\/wp-json\/wp\/v2\/comments?post=122309"}],"version-history":[{"count":1,"href":"http:\/\/www.apucarana.pr.gov.br\/site\/wp-json\/wp\/v2\/posts\/122309\/revisions"}],"predecessor-version":[{"id":122312,"href":"http:\/\/www.apucarana.pr.gov.br\/site\/wp-json\/wp\/v2\/posts\/122309\/revisions\/122312"}],"wp:featuredmedia":[{"embeddable":true,"href":"http:\/\/www.apucarana.pr.gov.br\/site\/wp-json\/wp\/v2\/media\/122310"}],"wp:attachment":[{"href":"http:\/\/www.apucarana.pr.gov.br\/site\/wp-json\/wp\/v2\/media?parent=122309"}],"wp:term":[{"taxonomy":"category","embeddable":true,"href":"http:\/\/www.apucarana.pr.gov.br\/site\/wp-json\/wp\/v2\/categories?post=122309"},{"taxonomy":"post_tag","embeddable":true,"href":"http:\/\/www.apucarana.pr.gov.br\/site\/wp-json\/wp\/v2\/tags?post=122309"}],"curies":[{"name":"wp","href":"https:\/\/api.w.org\/{rel}","templated":true}]}}