{"id":122266,"date":"2026-01-14T12:19:53","date_gmt":"2026-01-14T15:19:53","guid":{"rendered":"https:\/\/www.apucarana.pr.gov.br\/site\/?p=122266"},"modified":"2026-01-15T15:33:18","modified_gmt":"2026-01-15T18:33:18","slug":"prefeito-rodolfo-mota-celebrou-acordo-para-reduzir-r-800-milhoes-de-divida-historica-de-apucarana","status":"publish","type":"post","link":"http:\/\/www.apucarana.pr.gov.br\/site\/prefeito-rodolfo-mota-celebrou-acordo-para-reduzir-r-800-milhoes-de-divida-historica-de-apucarana\/","title":{"rendered":"Prefeito Rodolfo Mota celebrou acordo para reduzir R$ 800 milh\u00f5es de d\u00edvida hist\u00f3rica de Apucarana"},"content":{"rendered":"\n\t\t<!-- MasterSlider -->\n\t\t<div id=\"P_MS69f03d336dd49\" class=\"master-slider-parent master-slider-gallery   ms-parent-id-0\" style=\"\" >\n\n\t\t\t\n\t\t\t<!-- MasterSlider Main -->\n\t\t\t<div id=\"MS69f03d336dd49\" class=\"master-slider ms-skin-default\" >\n\t\t\t\t \t\t\t\t \n\t\t\t<div  class=\"ms-slide\" data-delay=\"3\"    >\n\t\t\t\t\t<img decoding=\"async\" src=\"http:\/\/www.apucarana.pr.gov.br\/site\/wp-content\/plugins\/masterslider\/public\/assets\/css\/blank.gif\" alt=\"divida_apucarana\" title=\"divida_apucarana\" data-src=\"http:\/\/www.apucarana.pr.gov.br\/site\/wp-content\/uploads\/2026\/01\/divida_apucarana-1024x683.jpg\" \/>\n\t<a href=\"http:\/\/www.apucarana.pr.gov.br\/site\/prefeito-rodolfo-mota-celebrou-acordo-para-reduzir-r-800-milhoes-de-divida-historica-de-apucarana\/divida_apucarana\/\" target=\"_self\"    >divida_apucarana<\/a>\n\n\n\t<img decoding=\"async\" class=\"ms-thumb\" src=\"http:\/\/www.apucarana.pr.gov.br\/site\/wp-content\/uploads\/2026\/01\/divida_apucarana-1024x683-140x80.jpg\" alt=\"divida_apucarana\" \/>\n\t\t\t\t<\/div>\n\t\t\t<div  class=\"ms-slide\" data-delay=\"3\"    >\n\t\t\t\t\t<img decoding=\"async\" src=\"http:\/\/www.apucarana.pr.gov.br\/site\/wp-content\/plugins\/masterslider\/public\/assets\/css\/blank.gif\" alt=\"divida_apucarana-3\" title=\"divida_apucarana-3\" data-src=\"http:\/\/www.apucarana.pr.gov.br\/site\/wp-content\/uploads\/2026\/01\/divida_apucarana-3-1024x683.jpg\" \/>\n\t<a href=\"http:\/\/www.apucarana.pr.gov.br\/site\/prefeito-rodolfo-mota-celebrou-acordo-para-reduzir-r-800-milhoes-de-divida-historica-de-apucarana\/divida_apucarana-3\/\" target=\"_self\"    >divida_apucarana-3<\/a>\n\n\n\t<img decoding=\"async\" class=\"ms-thumb\" src=\"http:\/\/www.apucarana.pr.gov.br\/site\/wp-content\/uploads\/2026\/01\/divida_apucarana-3-1024x683-140x80.jpg\" alt=\"divida_apucarana-3\" \/>\n\t\t\t\t<\/div>\n\t\t\t<div  class=\"ms-slide\" data-delay=\"3\"    >\n\t\t\t\t\t<img decoding=\"async\" src=\"http:\/\/www.apucarana.pr.gov.br\/site\/wp-content\/plugins\/masterslider\/public\/assets\/css\/blank.gif\" alt=\"divida_apucarana-4\" title=\"divida_apucarana-4\" data-src=\"http:\/\/www.apucarana.pr.gov.br\/site\/wp-content\/uploads\/2026\/01\/divida_apucarana-4-1024x683.jpg\" \/>\n\t<a href=\"http:\/\/www.apucarana.pr.gov.br\/site\/prefeito-rodolfo-mota-celebrou-acordo-para-reduzir-r-800-milhoes-de-divida-historica-de-apucarana\/divida_apucarana-4\/\" target=\"_self\"    >divida_apucarana-4<\/a>\n\n\n\t<img decoding=\"async\" class=\"ms-thumb\" src=\"http:\/\/www.apucarana.pr.gov.br\/site\/wp-content\/uploads\/2026\/01\/divida_apucarana-4-1024x683-140x80.jpg\" alt=\"divida_apucarana-4\" \/>\n\t\t\t\t<\/div>\n\t\t\t<div  class=\"ms-slide\" data-delay=\"3\"    >\n\t\t\t\t\t<img decoding=\"async\" src=\"http:\/\/www.apucarana.pr.gov.br\/site\/wp-content\/plugins\/masterslider\/public\/assets\/css\/blank.gif\" alt=\"divida_apucarana-9\" title=\"divida_apucarana-9\" data-src=\"http:\/\/www.apucarana.pr.gov.br\/site\/wp-content\/uploads\/2026\/01\/divida_apucarana-9-1024x683.jpg\" \/>\n\t<a href=\"http:\/\/www.apucarana.pr.gov.br\/site\/prefeito-rodolfo-mota-celebrou-acordo-para-reduzir-r-800-milhoes-de-divida-historica-de-apucarana\/divida_apucarana-9\/\" target=\"_self\"    >divida_apucarana-9<\/a>\n\n\n\t<img decoding=\"async\" class=\"ms-thumb\" src=\"http:\/\/www.apucarana.pr.gov.br\/site\/wp-content\/uploads\/2026\/01\/divida_apucarana-9-1024x683-140x80.jpg\" alt=\"divida_apucarana-9\" \/>\n\t\t\t\t<\/div>\n\t\t\t<div  class=\"ms-slide\" data-delay=\"3\"    >\n\t\t\t\t\t<img decoding=\"async\" src=\"http:\/\/www.apucarana.pr.gov.br\/site\/wp-content\/plugins\/masterslider\/public\/assets\/css\/blank.gif\" alt=\"divida_apucarana-11\" title=\"divida_apucarana-11\" data-src=\"http:\/\/www.apucarana.pr.gov.br\/site\/wp-content\/uploads\/2026\/01\/divida_apucarana-11-1024x683.jpg\" \/>\n\t<a href=\"http:\/\/www.apucarana.pr.gov.br\/site\/prefeito-rodolfo-mota-celebrou-acordo-para-reduzir-r-800-milhoes-de-divida-historica-de-apucarana\/divida_apucarana-11\/\" target=\"_self\"    >divida_apucarana-11<\/a>\n\n\n\t<img decoding=\"async\" class=\"ms-thumb\" src=\"http:\/\/www.apucarana.pr.gov.br\/site\/wp-content\/uploads\/2026\/01\/divida_apucarana-11-1024x683-140x80.jpg\" alt=\"divida_apucarana-11\" \/>\n\t\t\t\t<\/div>\n\t\t\t<div  class=\"ms-slide\" data-delay=\"3\"    >\n\t\t\t\t\t<img decoding=\"async\" src=\"http:\/\/www.apucarana.pr.gov.br\/site\/wp-content\/plugins\/masterslider\/public\/assets\/css\/blank.gif\" alt=\"divida_apucarana-16\" title=\"divida_apucarana-16\" data-src=\"http:\/\/www.apucarana.pr.gov.br\/site\/wp-content\/uploads\/2026\/01\/divida_apucarana-16-1024x683.jpg\" \/>\n\t<a href=\"http:\/\/www.apucarana.pr.gov.br\/site\/prefeito-rodolfo-mota-celebrou-acordo-para-reduzir-r-800-milhoes-de-divida-historica-de-apucarana\/divida_apucarana-16\/\" target=\"_self\"    >divida_apucarana-16<\/a>\n\n\n\t<img decoding=\"async\" class=\"ms-thumb\" src=\"http:\/\/www.apucarana.pr.gov.br\/site\/wp-content\/uploads\/2026\/01\/divida_apucarana-16-1024x683-140x80.jpg\" alt=\"divida_apucarana-16\" \/>\n\t\t\t\t<\/div>\n\t\t\t<div  class=\"ms-slide\" data-delay=\"3\"    >\n\t\t\t\t\t<img decoding=\"async\" src=\"http:\/\/www.apucarana.pr.gov.br\/site\/wp-content\/plugins\/masterslider\/public\/assets\/css\/blank.gif\" alt=\"divida_apucarana-17\" title=\"divida_apucarana-17\" data-src=\"http:\/\/www.apucarana.pr.gov.br\/site\/wp-content\/uploads\/2026\/01\/divida_apucarana-17-1024x683.jpg\" \/>\n\t<a href=\"http:\/\/www.apucarana.pr.gov.br\/site\/prefeito-rodolfo-mota-celebrou-acordo-para-reduzir-r-800-milhoes-de-divida-historica-de-apucarana\/divida_apucarana-17\/\" target=\"_self\"    >divida_apucarana-17<\/a>\n\n\n\t<img decoding=\"async\" class=\"ms-thumb\" src=\"http:\/\/www.apucarana.pr.gov.br\/site\/wp-content\/uploads\/2026\/01\/divida_apucarana-17-1024x683-140x80.jpg\" alt=\"divida_apucarana-17\" \/>\n\t\t\t\t<\/div>\n\t\t\t<div  class=\"ms-slide\" data-delay=\"3\"    >\n\t\t\t\t\t<img decoding=\"async\" src=\"http:\/\/www.apucarana.pr.gov.br\/site\/wp-content\/plugins\/masterslider\/public\/assets\/css\/blank.gif\" alt=\"divida_apucarana-20\" title=\"divida_apucarana-20\" data-src=\"http:\/\/www.apucarana.pr.gov.br\/site\/wp-content\/uploads\/2026\/01\/divida_apucarana-20-1024x683.jpg\" \/>\n\t<a href=\"http:\/\/www.apucarana.pr.gov.br\/site\/prefeito-rodolfo-mota-celebrou-acordo-para-reduzir-r-800-milhoes-de-divida-historica-de-apucarana\/divida_apucarana-20\/\" target=\"_self\"    >divida_apucarana-20<\/a>\n\n\n\t<img decoding=\"async\" class=\"ms-thumb\" src=\"http:\/\/www.apucarana.pr.gov.br\/site\/wp-content\/uploads\/2026\/01\/divida_apucarana-20-1024x683-140x80.jpg\" alt=\"divida_apucarana-20\" \/>\n\t\t\t\t<\/div>\n\t\t\t<div  class=\"ms-slide\" data-delay=\"3\"    >\n\t\t\t\t\t<img decoding=\"async\" src=\"http:\/\/www.apucarana.pr.gov.br\/site\/wp-content\/plugins\/masterslider\/public\/assets\/css\/blank.gif\" alt=\"divida_apucarana-22\" title=\"divida_apucarana-22\" data-src=\"http:\/\/www.apucarana.pr.gov.br\/site\/wp-content\/uploads\/2026\/01\/divida_apucarana-22-1024x683.jpg\" \/>\n\t<a href=\"http:\/\/www.apucarana.pr.gov.br\/site\/prefeito-rodolfo-mota-celebrou-acordo-para-reduzir-r-800-milhoes-de-divida-historica-de-apucarana\/divida_apucarana-22\/\" target=\"_self\"    >divida_apucarana-22<\/a>\n\n\n\t<img decoding=\"async\" class=\"ms-thumb\" src=\"http:\/\/www.apucarana.pr.gov.br\/site\/wp-content\/uploads\/2026\/01\/divida_apucarana-22-1024x683-140x80.jpg\" alt=\"divida_apucarana-22\" \/>\n\t\t\t\t<\/div>\n\t\t\t<div  class=\"ms-slide\" data-delay=\"3\"    >\n\t\t\t\t\t<img decoding=\"async\" src=\"http:\/\/www.apucarana.pr.gov.br\/site\/wp-content\/plugins\/masterslider\/public\/assets\/css\/blank.gif\" alt=\"divida_apucarana-24\" title=\"divida_apucarana-24\" data-src=\"http:\/\/www.apucarana.pr.gov.br\/site\/wp-content\/uploads\/2026\/01\/divida_apucarana-24-1024x683.jpg\" \/>\n\t<a href=\"http:\/\/www.apucarana.pr.gov.br\/site\/prefeito-rodolfo-mota-celebrou-acordo-para-reduzir-r-800-milhoes-de-divida-historica-de-apucarana\/divida_apucarana-24\/\" target=\"_self\"    >divida_apucarana-24<\/a>\n\n\n\t<img decoding=\"async\" class=\"ms-thumb\" src=\"http:\/\/www.apucarana.pr.gov.br\/site\/wp-content\/uploads\/2026\/01\/divida_apucarana-24-1024x683-140x80.jpg\" alt=\"divida_apucarana-24\" \/>\n\t\t\t\t<\/div>\n\t\t\t<div  class=\"ms-slide\" data-delay=\"3\"    >\n\t\t\t\t\t<img decoding=\"async\" src=\"http:\/\/www.apucarana.pr.gov.br\/site\/wp-content\/plugins\/masterslider\/public\/assets\/css\/blank.gif\" alt=\"divida_apucarana-26\" title=\"divida_apucarana-26\" data-src=\"http:\/\/www.apucarana.pr.gov.br\/site\/wp-content\/uploads\/2026\/01\/divida_apucarana-26-1024x683.jpg\" \/>\n\t<a href=\"http:\/\/www.apucarana.pr.gov.br\/site\/prefeito-rodolfo-mota-celebrou-acordo-para-reduzir-r-800-milhoes-de-divida-historica-de-apucarana\/divida_apucarana-26\/\" target=\"_self\"    >divida_apucarana-26<\/a>\n\n\n\t<img decoding=\"async\" class=\"ms-thumb\" src=\"http:\/\/www.apucarana.pr.gov.br\/site\/wp-content\/uploads\/2026\/01\/divida_apucarana-26-1024x683-140x80.jpg\" alt=\"divida_apucarana-26\" \/>\n\t\t\t\t<\/div>\n\t\t\t<div  class=\"ms-slide\" data-delay=\"3\"    >\n\t\t\t\t\t<img decoding=\"async\" src=\"http:\/\/www.apucarana.pr.gov.br\/site\/wp-content\/plugins\/masterslider\/public\/assets\/css\/blank.gif\" alt=\"divida_apucarana-29\" title=\"divida_apucarana-29\" data-src=\"http:\/\/www.apucarana.pr.gov.br\/site\/wp-content\/uploads\/2026\/01\/divida_apucarana-29-1024x683.jpg\" \/>\n\t<a href=\"http:\/\/www.apucarana.pr.gov.br\/site\/prefeito-rodolfo-mota-celebrou-acordo-para-reduzir-r-800-milhoes-de-divida-historica-de-apucarana\/divida_apucarana-29\/\" target=\"_self\"    >divida_apucarana-29<\/a>\n\n\n\t<img decoding=\"async\" class=\"ms-thumb\" src=\"http:\/\/www.apucarana.pr.gov.br\/site\/wp-content\/uploads\/2026\/01\/divida_apucarana-29-1024x683-140x80.jpg\" alt=\"divida_apucarana-29\" \/>\n\t\t\t\t<\/div>\n\t\t\t<div  class=\"ms-slide\" data-delay=\"3\"    >\n\t\t\t\t\t<img decoding=\"async\" src=\"http:\/\/www.apucarana.pr.gov.br\/site\/wp-content\/plugins\/masterslider\/public\/assets\/css\/blank.gif\" alt=\"divida_apucarana-30\" title=\"divida_apucarana-30\" data-src=\"http:\/\/www.apucarana.pr.gov.br\/site\/wp-content\/uploads\/2026\/01\/divida_apucarana-30-1024x683.jpg\" \/>\n\t<a href=\"http:\/\/www.apucarana.pr.gov.br\/site\/prefeito-rodolfo-mota-celebrou-acordo-para-reduzir-r-800-milhoes-de-divida-historica-de-apucarana\/divida_apucarana-30\/\" target=\"_self\"    >divida_apucarana-30<\/a>\n\n\n\t<img decoding=\"async\" class=\"ms-thumb\" src=\"http:\/\/www.apucarana.pr.gov.br\/site\/wp-content\/uploads\/2026\/01\/divida_apucarana-30-1024x683-140x80.jpg\" alt=\"divida_apucarana-30\" \/>\n\t\t\t\t<\/div>\n\t\t\t<div  class=\"ms-slide\" data-delay=\"3\"    >\n\t\t\t\t\t<img decoding=\"async\" src=\"http:\/\/www.apucarana.pr.gov.br\/site\/wp-content\/plugins\/masterslider\/public\/assets\/css\/blank.gif\" alt=\"divida_apucarana-31\" title=\"divida_apucarana-31\" data-src=\"http:\/\/www.apucarana.pr.gov.br\/site\/wp-content\/uploads\/2026\/01\/divida_apucarana-31-1024x683.jpg\" \/>\n\t<a href=\"http:\/\/www.apucarana.pr.gov.br\/site\/prefeito-rodolfo-mota-celebrou-acordo-para-reduzir-r-800-milhoes-de-divida-historica-de-apucarana\/divida_apucarana-31\/\" target=\"_self\"    >divida_apucarana-31<\/a>\n\n\n\t<img decoding=\"async\" class=\"ms-thumb\" src=\"http:\/\/www.apucarana.pr.gov.br\/site\/wp-content\/uploads\/2026\/01\/divida_apucarana-31-1024x683-140x80.jpg\" alt=\"divida_apucarana-31\" \/>\n\t\t\t\t<\/div>\n\t\t\t<div  class=\"ms-slide\" data-delay=\"3\"    >\n\t\t\t\t\t<img decoding=\"async\" src=\"http:\/\/www.apucarana.pr.gov.br\/site\/wp-content\/plugins\/masterslider\/public\/assets\/css\/blank.gif\" alt=\"divida_apucarana-32\" title=\"divida_apucarana-32\" data-src=\"http:\/\/www.apucarana.pr.gov.br\/site\/wp-content\/uploads\/2026\/01\/divida_apucarana-32-1024x683.jpg\" \/>\n\t<a href=\"http:\/\/www.apucarana.pr.gov.br\/site\/prefeito-rodolfo-mota-celebrou-acordo-para-reduzir-r-800-milhoes-de-divida-historica-de-apucarana\/divida_apucarana-32\/\" target=\"_self\"    >divida_apucarana-32<\/a>\n\n\n\t<img decoding=\"async\" class=\"ms-thumb\" src=\"http:\/\/www.apucarana.pr.gov.br\/site\/wp-content\/uploads\/2026\/01\/divida_apucarana-32-1024x683-140x80.jpg\" alt=\"divida_apucarana-32\" \/>\n\t\t\t\t<\/div>\n\t\t\t<div  class=\"ms-slide\" data-delay=\"3\"    >\n\t\t\t\t\t<img decoding=\"async\" src=\"http:\/\/www.apucarana.pr.gov.br\/site\/wp-content\/plugins\/masterslider\/public\/assets\/css\/blank.gif\" alt=\"divida_apucarana-35\" title=\"divida_apucarana-35\" data-src=\"http:\/\/www.apucarana.pr.gov.br\/site\/wp-content\/uploads\/2026\/01\/divida_apucarana-35-1024x683.jpg\" \/>\n\t<a href=\"http:\/\/www.apucarana.pr.gov.br\/site\/prefeito-rodolfo-mota-celebrou-acordo-para-reduzir-r-800-milhoes-de-divida-historica-de-apucarana\/divida_apucarana-35\/\" target=\"_self\"    >divida_apucarana-35<\/a>\n\n\n\t<img decoding=\"async\" class=\"ms-thumb\" src=\"http:\/\/www.apucarana.pr.gov.br\/site\/wp-content\/uploads\/2026\/01\/divida_apucarana-35-1024x683-140x80.jpg\" alt=\"divida_apucarana-35\" \/>\n\t\t\t\t<\/div>\n\t\t\t<div  class=\"ms-slide\" data-delay=\"3\"    >\n\t\t\t\t\t<img decoding=\"async\" src=\"http:\/\/www.apucarana.pr.gov.br\/site\/wp-content\/plugins\/masterslider\/public\/assets\/css\/blank.gif\" alt=\"divida_apucarana-36\" title=\"divida_apucarana-36\" data-src=\"http:\/\/www.apucarana.pr.gov.br\/site\/wp-content\/uploads\/2026\/01\/divida_apucarana-36-1024x683.jpg\" \/>\n\t<a href=\"http:\/\/www.apucarana.pr.gov.br\/site\/prefeito-rodolfo-mota-celebrou-acordo-para-reduzir-r-800-milhoes-de-divida-historica-de-apucarana\/divida_apucarana-36\/\" target=\"_self\"    >divida_apucarana-36<\/a>\n\n\n\t<img decoding=\"async\" class=\"ms-thumb\" src=\"http:\/\/www.apucarana.pr.gov.br\/site\/wp-content\/uploads\/2026\/01\/divida_apucarana-36-1024x683-140x80.jpg\" alt=\"divida_apucarana-36\" \/>\n\t\t\t\t<\/div>\n\t\t\t<div  class=\"ms-slide\" data-delay=\"3\"    >\n\t\t\t\t\t<img decoding=\"async\" src=\"http:\/\/www.apucarana.pr.gov.br\/site\/wp-content\/plugins\/masterslider\/public\/assets\/css\/blank.gif\" alt=\"divida_apucarana-39\" title=\"divida_apucarana-39\" data-src=\"http:\/\/www.apucarana.pr.gov.br\/site\/wp-content\/uploads\/2026\/01\/divida_apucarana-39-1024x683.jpg\" \/>\n\t<a href=\"http:\/\/www.apucarana.pr.gov.br\/site\/prefeito-rodolfo-mota-celebrou-acordo-para-reduzir-r-800-milhoes-de-divida-historica-de-apucarana\/divida_apucarana-39\/\" target=\"_self\"    >divida_apucarana-39<\/a>\n\n\n\t<img decoding=\"async\" class=\"ms-thumb\" src=\"http:\/\/www.apucarana.pr.gov.br\/site\/wp-content\/uploads\/2026\/01\/divida_apucarana-39-1024x683-140x80.jpg\" alt=\"divida_apucarana-39\" \/>\n\t\t\t\t<\/div>\n\t\t\t<div  class=\"ms-slide\" data-delay=\"3\"    >\n\t\t\t\t\t<img decoding=\"async\" src=\"http:\/\/www.apucarana.pr.gov.br\/site\/wp-content\/plugins\/masterslider\/public\/assets\/css\/blank.gif\" alt=\"divida_apucarana-41\" title=\"divida_apucarana-41\" data-src=\"http:\/\/www.apucarana.pr.gov.br\/site\/wp-content\/uploads\/2026\/01\/divida_apucarana-41-1024x683.jpg\" \/>\n\t<a href=\"http:\/\/www.apucarana.pr.gov.br\/site\/prefeito-rodolfo-mota-celebrou-acordo-para-reduzir-r-800-milhoes-de-divida-historica-de-apucarana\/divida_apucarana-41\/\" target=\"_self\"    >divida_apucarana-41<\/a>\n\n\n\t<img decoding=\"async\" class=\"ms-thumb\" src=\"http:\/\/www.apucarana.pr.gov.br\/site\/wp-content\/uploads\/2026\/01\/divida_apucarana-41-1024x683-140x80.jpg\" alt=\"divida_apucarana-41\" \/>\n\t\t\t\t<\/div>\n\t\t\t<div  class=\"ms-slide\" data-delay=\"3\"    >\n\t\t\t\t\t<img decoding=\"async\" src=\"http:\/\/www.apucarana.pr.gov.br\/site\/wp-content\/plugins\/masterslider\/public\/assets\/css\/blank.gif\" alt=\"divida_apucarana-52\" title=\"divida_apucarana-52\" data-src=\"http:\/\/www.apucarana.pr.gov.br\/site\/wp-content\/uploads\/2026\/01\/divida_apucarana-52-1024x683.jpg\" \/>\n\t<a href=\"http:\/\/www.apucarana.pr.gov.br\/site\/prefeito-rodolfo-mota-celebrou-acordo-para-reduzir-r-800-milhoes-de-divida-historica-de-apucarana\/divida_apucarana-52\/\" target=\"_self\"    >divida_apucarana-52<\/a>\n\n\n\t<img decoding=\"async\" class=\"ms-thumb\" src=\"http:\/\/www.apucarana.pr.gov.br\/site\/wp-content\/uploads\/2026\/01\/divida_apucarana-52-1024x683-140x80.jpg\" alt=\"divida_apucarana-52\" \/>\n\t\t\t\t<\/div>\n\t\t\t<div  class=\"ms-slide\" data-delay=\"3\"    >\n\t\t\t\t\t<img decoding=\"async\" src=\"http:\/\/www.apucarana.pr.gov.br\/site\/wp-content\/plugins\/masterslider\/public\/assets\/css\/blank.gif\" alt=\"divida_apucarana-53\" title=\"divida_apucarana-53\" data-src=\"http:\/\/www.apucarana.pr.gov.br\/site\/wp-content\/uploads\/2026\/01\/divida_apucarana-53-1024x683.jpg\" \/>\n\t<a href=\"http:\/\/www.apucarana.pr.gov.br\/site\/prefeito-rodolfo-mota-celebrou-acordo-para-reduzir-r-800-milhoes-de-divida-historica-de-apucarana\/divida_apucarana-53\/\" target=\"_self\"    >divida_apucarana-53<\/a>\n\n\n\t<img decoding=\"async\" class=\"ms-thumb\" src=\"http:\/\/www.apucarana.pr.gov.br\/site\/wp-content\/uploads\/2026\/01\/divida_apucarana-53-1024x683-140x80.jpg\" alt=\"divida_apucarana-53\" \/>\n\t\t\t\t<\/div>\n\t\t\t<div  class=\"ms-slide\" data-delay=\"3\"    >\n\t\t\t\t\t<img decoding=\"async\" src=\"http:\/\/www.apucarana.pr.gov.br\/site\/wp-content\/plugins\/masterslider\/public\/assets\/css\/blank.gif\" alt=\"divida_apucarana-54\" title=\"divida_apucarana-54\" data-src=\"http:\/\/www.apucarana.pr.gov.br\/site\/wp-content\/uploads\/2026\/01\/divida_apucarana-54-1024x683.jpg\" \/>\n\t<a href=\"http:\/\/www.apucarana.pr.gov.br\/site\/prefeito-rodolfo-mota-celebrou-acordo-para-reduzir-r-800-milhoes-de-divida-historica-de-apucarana\/divida_apucarana-54\/\" target=\"_self\"    >divida_apucarana-54<\/a>\n\n\n\t<img decoding=\"async\" class=\"ms-thumb\" src=\"http:\/\/www.apucarana.pr.gov.br\/site\/wp-content\/uploads\/2026\/01\/divida_apucarana-54-1024x683-140x80.jpg\" alt=\"divida_apucarana-54\" \/>\n\t\t\t\t<\/div>\n\t\t\t<div  class=\"ms-slide\" data-delay=\"3\"    >\n\t\t\t\t\t<img decoding=\"async\" src=\"http:\/\/www.apucarana.pr.gov.br\/site\/wp-content\/plugins\/masterslider\/public\/assets\/css\/blank.gif\" alt=\"divida_apucarana-55\" title=\"divida_apucarana-55\" data-src=\"http:\/\/www.apucarana.pr.gov.br\/site\/wp-content\/uploads\/2026\/01\/divida_apucarana-55-1024x683.jpg\" \/>\n\t<a href=\"http:\/\/www.apucarana.pr.gov.br\/site\/prefeito-rodolfo-mota-celebrou-acordo-para-reduzir-r-800-milhoes-de-divida-historica-de-apucarana\/divida_apucarana-55\/\" target=\"_self\"    >divida_apucarana-55<\/a>\n\n\n\t<img decoding=\"async\" class=\"ms-thumb\" src=\"http:\/\/www.apucarana.pr.gov.br\/site\/wp-content\/uploads\/2026\/01\/divida_apucarana-55-1024x683-140x80.jpg\" alt=\"divida_apucarana-55\" \/>\n\t\t\t\t<\/div>\n\n\t\t\t<\/div>\n\t\t\t<!-- END MasterSlider Main -->\n\n\t\t\t \n\t\t<\/div>\n\t\t<!-- END MasterSlider -->\n\n\t\t<script>\n\t\t( window.MSReady = window.MSReady || [] ).push( function( $ ) {\n\n\t\t\t\"use strict\";\n\t\t\tvar masterslider_dd49 = new MasterSlider();\n\n\t\t\t\/\/ slider controls\n\t\t\tmasterslider_dd49.control('arrows'     ,{ autohide:true, overVideo:true  });\n\t\t\tmasterslider_dd49.control('thumblist'  ,{ autohide:false, overVideo:true, dir:'h', speed:17, inset:false, arrows:false, hover:false, customClass:'', align:'bottom',type:'thumbs', margin:2, width:140, height:80, space:2, fillMode:'fill'  });\n\t\t\t\/\/ slider setup\n\t\t\tmasterslider_dd49.setup(\"MS69f03d336dd49\", {\n\t\t\t\twidth           : 960,\n\t\t\t\theight          : 540,\n\t\t\t\tminHeight       : 0,\n\t\t\t\tspace           : 0,\n\t\t\t\tstart           : 1,\n\t\t\t\tgrabCursor      : true,\n\t\t\t\tswipe           : true,\n\t\t\t\tmouse           : true,\n\t\t\t\tkeyboard        : false,\n\t\t\t\tlayout          : \"fillwidth\",\n\t\t\t\twheel           : false,\n\t\t\t\tautoplay        : true,\n                instantStartLayers:false,\n\t\t\t\tmobileBGVideo:false,\n\t\t\t\tloop            : true,\n\t\t\t\tshuffle         : false,\n\t\t\t\tpreload         : 3,\n\t\t\t\theightLimit     : false,\n\t\t\t\tautoHeight      : false,\n\t\t\t\tsmoothHeight    : true,\n\t\t\t\tendPause        : false,\n\t\t\t\toverPause       : false,\n\t\t\t\tfillMode        : \"fill\",\n\t\t\t\tcenterControls  : true,\n\t\t\t\tstartOnAppear   : false,\n\t\t\t\tlayersMode      : \"center\",\n\t\t\t\tautofillTarget  : \"\",\n\t\t\t\thideLayers      : false,\n\t\t\t\tfullscreenMargin: 0,\n\t\t\t\tspeed           : 17,\n\t\t\t\tdir             : \"h\",\n\t\t\t\tresponsive      : true,\n\t\t\t\ttabletWidth     : 768,\n\t\t\t\ttabletHeight    : null,\n\t\t\t\tphoneWidth      : 480,\n\t\t\t\tphoneHeight    : null,\n\t\t\t\tsizingReference : window,\n\t\t\t\tparallaxMode    : 'swipe',\n\t\t\t\tview            : \"basic\"\n\t\t\t});\n\n\t\t\t\n\t\t\twindow.masterslider_instances = window.masterslider_instances || [];\n\t\t\twindow.masterslider_instances.push( masterslider_dd49 );\n\t\t});\n\t\t<\/script>\n\n\n<p>A Prefeitura de Apucarana celebrou a formaliza\u00e7\u00e3o de um acordo hist\u00f3rico que reduz em R$ 800 milh\u00f5es o estoque da d\u00edvida do munic\u00edpio com a Uni\u00e3o. A medida, anunciada nesta quarta-feira (14\/01) pelo prefeito Rodolfo Mota, representa um marco na reorganiza\u00e7\u00e3o financeira da cidade e inaugura um novo ciclo de estabilidade fiscal.<\/p>\n<p>Com a renegocia\u00e7\u00e3o, a d\u00edvida total que assombrava o Munic\u00edpio h\u00e1 30 anos e que estava em R$ 1.254.756.203,46 em dezembro de 2025, passa para R$ 454.868.243,34, o que corresponde a uma redu\u00e7\u00e3o de 63,74%. A partir desse novo cen\u00e1rio, Apucarana deixa oficialmente a condi\u00e7\u00e3o de munic\u00edpio mais endividado do Brasil, posi\u00e7\u00e3o que ocupou por anos e que comprometeu a capacidade de investimento e a execu\u00e7\u00e3o de pol\u00edticas p\u00fablicas.<\/p>\n<p>No acordo assinado, a Uni\u00e3o figura como credora, representada pelo Banco do Brasil como agente financeiro, enquanto a Caixa Econ\u00f4mica Federal atua como deposit\u00e1ria do Fundo de Participa\u00e7\u00e3o dos Munic\u00edpios (FPM). O documento foi assinado pelo prefeito, por S\u00f4nia Maria de Paula, gerente-geral de Escrit\u00f3rio de Munic\u00edpios Paran\u00e1 Centro do Banco do Brasil, e por Murilo Ara\u00fajo Pouzato, gerente da Caixa Econ\u00f4mica Federal de Apucarana e superintendente de Habita\u00e7\u00e3o para o Norte do Paran\u00e1.<\/p>\n<p>Rodolfo Mota explicou que a d\u00edvida, que ultrapassava R$ 1,254 bilh\u00e3o, foi revisada ap\u00f3s meses de trabalho t\u00e9cnico e negocia\u00e7\u00e3o direta com o Tesouro Nacional. \u201cA iniciativa come\u00e7ou ainda antes da minha posse e exigiu articula\u00e7\u00e3o institucional, coragem administrativa e persist\u00eancia para enfrentar um tema que, por anos, foi adiado\u201d, salientou, acrescentando que este acordo foi firmado na esfera administrativa.<\/p>\n<p>Mesmo ap\u00f3s o avan\u00e7o hist\u00f3rico com a redu\u00e7\u00e3o do valor da d\u00edvida, Rodolfo Mota afirma que o trabalho ainda n\u00e3o terminou. \u201cAproximadamente 36% da d\u00edvida original permanece em aberto, o que representa cerca de R$ 454 milh\u00f5es, valor que ainda n\u00e3o \u00e9 considerado adequado para a realidade financeira do munic\u00edpio. Por isso, vamos discutir numa pr\u00f3xima etapa esse valor com a Advocacia\u00a0 Geral da Uni\u00e3o, para reduzir ainda mais o montante da d\u00edvida dentro de um processo que existe desde 2001, marcando o in\u00edcio de uma nova etapa no enfrentamento do problema\u201d, explicou.<\/p>\n<p>Somente ap\u00f3s esse novo esfor\u00e7o \u00e9 que o munic\u00edpio pretende avan\u00e7ar para a fase de parcelamento, viabilizada pela aprova\u00e7\u00e3o da antiga PEC 66, que se transformou na Emenda Constitucional n\u00ba 136\/2025 e garantiu um prazo de at\u00e9 30 anos para quita\u00e7\u00e3o do saldo final. A estrat\u00e9gia, segundo o prefeito, \u00e9 ajustar o valor \u00e0 capacidade real de pagamento do munic\u00edpio, garantindo responsabilidade fiscal sem comprometer os servi\u00e7os e investimentos para a popula\u00e7\u00e3o.<\/p>\n<p>O prefeito lembrou que Apucarana foi destaque negativo na imprensa por ter a maior d\u00edvida entre os munic\u00edpios brasileiros, superando at\u00e9 mesmo capitais como S\u00e3o Paulo e Rio de Janeiro. \u201cCom essa renegocia\u00e7\u00e3o, tiramos essa marca negativa que por anos assombrava o Munic\u00edpio. Apucarana n\u00e3o \u00e9 mais a cidade que tem a maior d\u00edvida do Brasil\u201d, comemorou.<\/p>\n<p>O prefeito lembra que no dia 10 de setembro chegou a haver o sequestro de R$ 6 milh\u00f5es do Fundo de Participa\u00e7\u00e3o dos Munic\u00edpios para o pagamento da d\u00edvida bilion\u00e1ria com a Uni\u00e3o. Na sequ\u00eancia, o Munic\u00edpio conseguiu uma liminar\u00a0 Junto\u00a0 ao Tribunal Regional Federal da 1\u00aa Regi\u00e3o, em Bras\u00edlia, suspendendo por seis meses a d\u00edvida.<\/p>\n<p>O prefeito ressaltou que o momento n\u00e3o se limita a n\u00fameros. \u201cTrata-se de um legado para o futuro, com impacto direto na capacidade de investimento do munic\u00edpio, na retomada de obras, no acesso a cr\u00e9dito e na recupera\u00e7\u00e3o da credibilidade financeira de Apucarana perante \u00f3rg\u00e3os federais e institui\u00e7\u00f5es banc\u00e1rias, o que vai melhorar a vida das pessoas\u201d, destacou.<\/p>\n<p>Rodolfo Mota destacou que o acordo \u00e9 resultado de um trabalho t\u00e9cnico, jur\u00eddico e institucional conduzido com responsabilidade e foco no interesse p\u00fablico. \u201cEstamos virando a p\u00e1gina de uma d\u00edvida que se arrastava h\u00e1 d\u00e9cadas. Essa renegocia\u00e7\u00e3o devolve previsibilidade ao munic\u00edpio e cria condi\u00e7\u00f5es reais para cuidar melhor das pessoas e construir o futuro de Apucarana\u201d, afirmou.<\/p>\n<p>A deputada federal Lu\u00edsa Canziani afirmou que o dia representa uma conquista coletiva e um privil\u00e9gio para todos que participam da vida p\u00fablica do munic\u00edpio. \u201cA conquista exigiu coragem pol\u00edtica e responsabilidade fiscal, qualidades essenciais para qualquer gestor p\u00fablico comprometido com o futuro da cidade\u201d, disse, destacando ainda o fato de Apucarana deixar de ser a cidade mais endividada do Brasil, classificando o resultado como uma \u201cvirada de p\u00e1gina\u201d na hist\u00f3ria local.<\/p>\n<p>O deputado estadual Jacov\u00f3s classificou o acordo como um registro hist\u00f3rico para Apucarana. Ele destacou que, al\u00e9m da redu\u00e7\u00e3o da d\u00edvida, o munic\u00edpio j\u00e1 assegurou mais de R$ 100 milh\u00f5es em recursos em apenas um ano. \u201cSomado com a conquista anunciada hoje, isso resulta em R$ 900 milh\u00f5es em ganhos diretos, o que fortalece a capacidade de investimento e beneficia toda a popula\u00e7\u00e3o\u201d, destacou.<\/p>\n<p>Ao longo desta renegocia\u00e7\u00e3o, o prefeito Rodolfo Mota participou de mais de 30 agendas para tratar da d\u00edvida, envolvendo liga\u00e7\u00f5es telef\u00f4nicas, reuni\u00f5es presenciais em Bras\u00edlia e no munic\u00edpio. Muitos desses contatos foram mantidos com Edward Jacomo do Couto Souza, assessor da diretoria de governo do Banco do Brasil, que participou do evento desta quarta-feira por meio de uma v\u00eddeo chamada. Edward avaliou que a solu\u00e7\u00e3o encontrada \u00e9 o melhor caminho institucional e poder\u00e1 servir de refer\u00eancia para outros munic\u00edpios brasileiros. Ele destacou tamb\u00e9m a iniciativa, a dedica\u00e7\u00e3o e a persist\u00eancia do prefeito Rodolfo Mota, afirmando que o acordo resolve um dos maiores entraves da hist\u00f3ria de Apucarana e projeta um futuro mais est\u00e1vel e promissor para a cidade.<\/p>\n<p>O an\u00fancio foi feito durante evento que ocorreu no Sal\u00e3o Nobre, seguido de uma entrevista coletiva de imprensa, com a presen\u00e7a de vereadores Danylo Acioli, Mois\u00e9s Tavares, l\u00edder do prefeito, Gabriel Caldeira, Tiago Cordeiro, Eliana Rocha, Sidnei da Levelimp, Pablo da Seguran\u00e7a, Luciano Facchiano e Guilherme Livoti que participou de forma remota, al\u00e9m de representantes de entidades da sociedade civil organizada e integrantes das for\u00e7as de seguran\u00e7a.<\/p>\n<p>Rodolfo Mota tamb\u00e9m mencionou outros deputados que, mesmo impossibilitados de estarem presentes no ato, tiveram participa\u00e7\u00e3o na constru\u00e7\u00e3o deste momento hist\u00f3rico, como o deputado estadual e secret\u00e1rio estadual do Trabalho, Do Carmo, Marco Brasil, secret\u00e1rio da Ind\u00fastria Com\u00e9rcio e Servi\u00e7os do Paran\u00e1, al\u00e9m do deputado estadual Arilson Chiorato e do deputado federal Felipe Francischini.<\/p>\n<p>Segundo a administra\u00e7\u00e3o municipal, a redu\u00e7\u00e3o expressiva do passivo financeiro fortalece a sa\u00fade fiscal do munic\u00edpio, amplia a capacidade de investimento e garante mais seguran\u00e7a para a execu\u00e7\u00e3o de projetos estruturantes. A Prefeitura ressalta que, embora o acordo represente um passo decisivo, o processo de reconstru\u00e7\u00e3o financeira segue em andamento, com transpar\u00eancia, responsabilidade e compromisso com a popula\u00e7\u00e3o.<\/p>\n<p>&nbsp;<\/p>\n","protected":false},"excerpt":{"rendered":"<p>A Prefeitura de Apucarana celebrou a formaliza&ccedil;&atilde;o de um acordo hist&oacute;rico que reduz em R$ 800 milh&otilde;es o estoque da d&iacute;vida do munic&iacute;pio com a Uni&atilde;o. A medida, anunciada nesta quarta-feira (14\/01) pelo prefeito Rodolfo Mota, representa um marco na reorganiza&ccedil;&atilde;o financeira da cidade e inaugura um novo ciclo de estabilidade fiscal. Com a renegocia&ccedil;&atilde;o, [&hellip;]<\/p>\n","protected":false},"author":6,"featured_media":122269,"comment_status":"closed","ping_status":"closed","sticky":false,"template":"","format":"standard","meta":{"footnotes":""},"categories":[24],"tags":[],"class_list":["post-122266","post","type-post","status-publish","format-standard","has-post-thumbnail","hentry","category-noticias"],"acf":[],"_links":{"self":[{"href":"http:\/\/www.apucarana.pr.gov.br\/site\/wp-json\/wp\/v2\/posts\/122266","targetHints":{"allow":["GET"]}}],"collection":[{"href":"http:\/\/www.apucarana.pr.gov.br\/site\/wp-json\/wp\/v2\/posts"}],"about":[{"href":"http:\/\/www.apucarana.pr.gov.br\/site\/wp-json\/wp\/v2\/types\/post"}],"author":[{"embeddable":true,"href":"http:\/\/www.apucarana.pr.gov.br\/site\/wp-json\/wp\/v2\/users\/6"}],"replies":[{"embeddable":true,"href":"http:\/\/www.apucarana.pr.gov.br\/site\/wp-json\/wp\/v2\/comments?post=122266"}],"version-history":[{"count":5,"href":"http:\/\/www.apucarana.pr.gov.br\/site\/wp-json\/wp\/v2\/posts\/122266\/revisions"}],"predecessor-version":[{"id":122308,"href":"http:\/\/www.apucarana.pr.gov.br\/site\/wp-json\/wp\/v2\/posts\/122266\/revisions\/122308"}],"wp:featuredmedia":[{"embeddable":true,"href":"http:\/\/www.apucarana.pr.gov.br\/site\/wp-json\/wp\/v2\/media\/122269"}],"wp:attachment":[{"href":"http:\/\/www.apucarana.pr.gov.br\/site\/wp-json\/wp\/v2\/media?parent=122266"}],"wp:term":[{"taxonomy":"category","embeddable":true,"href":"http:\/\/www.apucarana.pr.gov.br\/site\/wp-json\/wp\/v2\/categories?post=122266"},{"taxonomy":"post_tag","embeddable":true,"href":"http:\/\/www.apucarana.pr.gov.br\/site\/wp-json\/wp\/v2\/tags?post=122266"}],"curies":[{"name":"wp","href":"https:\/\/api.w.org\/{rel}","templated":true}]}}