{"id":121100,"date":"2025-12-08T18:30:02","date_gmt":"2025-12-08T21:30:02","guid":{"rendered":"https:\/\/www.apucarana.pr.gov.br\/site\/?p=121100"},"modified":"2025-12-08T18:30:02","modified_gmt":"2025-12-08T21:30:02","slug":"apucarana-filia-se-a-rede-internacional-mercocidades-para-promover-industria-textil-e-da-confeccao-na-america-latina","status":"publish","type":"post","link":"http:\/\/www.apucarana.pr.gov.br\/site\/apucarana-filia-se-a-rede-internacional-mercocidades-para-promover-industria-textil-e-da-confeccao-na-america-latina\/","title":{"rendered":"Apucarana filia-se \u00e0 Rede Internacional Mercocidades para promover ind\u00fastria t\u00eaxtil e da confec\u00e7\u00e3o na Am\u00e9rica Latina"},"content":{"rendered":"\n\t\t<!-- MasterSlider -->\n\t\t<div id=\"P_MS69efc513add48\" class=\"master-slider-parent master-slider-gallery   ms-parent-id-0\" style=\"\" >\n\n\t\t\t\n\t\t\t<!-- MasterSlider Main -->\n\t\t\t<div id=\"MS69efc513add48\" class=\"master-slider ms-skin-default\" >\n\t\t\t\t \t\t\t\t \n\t\t\t<div  class=\"ms-slide\" data-delay=\"3\"    >\n\t\t\t\t\t<img decoding=\"async\" src=\"http:\/\/www.apucarana.pr.gov.br\/site\/wp-content\/plugins\/masterslider\/public\/assets\/css\/blank.gif\" alt=\"Mercocidades (3)\" title=\"Mercocidades (3)\" data-src=\"http:\/\/www.apucarana.pr.gov.br\/site\/wp-content\/uploads\/2025\/12\/Mercocidades-3-1024x683.jpg\" \/>\n\t<a href=\"http:\/\/www.apucarana.pr.gov.br\/site\/wp-content\/uploads\/2025\/12\/Mercocidades-3-1024x683.jpg\" target=\"_self\"    >Mercocidades (3)<\/a>\n\n\n\t<img decoding=\"async\" class=\"ms-thumb\" src=\"http:\/\/www.apucarana.pr.gov.br\/site\/wp-content\/uploads\/2025\/12\/Mercocidades-3-1024x683-140x80.jpg\" alt=\"Mercocidades (3)\" \/>\n\t\t\t\t<\/div>\n\t\t\t<div  class=\"ms-slide\" data-delay=\"3\"    >\n\t\t\t\t\t<img decoding=\"async\" src=\"http:\/\/www.apucarana.pr.gov.br\/site\/wp-content\/plugins\/masterslider\/public\/assets\/css\/blank.gif\" alt=\"Mercocidades (4)\" title=\"Mercocidades (4)\" data-src=\"http:\/\/www.apucarana.pr.gov.br\/site\/wp-content\/uploads\/2025\/12\/Mercocidades-4-1024x683.jpg\" \/>\n\t<a href=\"http:\/\/www.apucarana.pr.gov.br\/site\/wp-content\/uploads\/2025\/12\/Mercocidades-4-1024x683.jpg\" target=\"_self\"    >Mercocidades (4)<\/a>\n\n\n\t<img decoding=\"async\" class=\"ms-thumb\" src=\"http:\/\/www.apucarana.pr.gov.br\/site\/wp-content\/uploads\/2025\/12\/Mercocidades-4-1024x683-140x80.jpg\" alt=\"Mercocidades (4)\" \/>\n\t\t\t\t<\/div>\n\t\t\t<div  class=\"ms-slide\" data-delay=\"3\"    >\n\t\t\t\t\t<img decoding=\"async\" src=\"http:\/\/www.apucarana.pr.gov.br\/site\/wp-content\/plugins\/masterslider\/public\/assets\/css\/blank.gif\" alt=\"Mercocidades (7)\" title=\"Mercocidades (7)\" data-src=\"http:\/\/www.apucarana.pr.gov.br\/site\/wp-content\/uploads\/2025\/12\/Mercocidades-7-1024x683.jpg\" \/>\n\t<a href=\"http:\/\/www.apucarana.pr.gov.br\/site\/wp-content\/uploads\/2025\/12\/Mercocidades-7-1024x683.jpg\" target=\"_self\"    >Mercocidades (7)<\/a>\n\n\n\t<img decoding=\"async\" class=\"ms-thumb\" src=\"http:\/\/www.apucarana.pr.gov.br\/site\/wp-content\/uploads\/2025\/12\/Mercocidades-7-1024x683-140x80.jpg\" alt=\"Mercocidades (7)\" \/>\n\t\t\t\t<\/div>\n\n\t\t\t<\/div>\n\t\t\t<!-- END MasterSlider Main -->\n\n\t\t\t \n\t\t<\/div>\n\t\t<!-- END MasterSlider -->\n\n\t\t<script>\n\t\t( window.MSReady = window.MSReady || [] ).push( function( $ ) {\n\n\t\t\t\"use strict\";\n\t\t\tvar masterslider_dd48 = new MasterSlider();\n\n\t\t\t\/\/ slider controls\n\t\t\tmasterslider_dd48.control('arrows'     ,{ autohide:true, overVideo:true  });\n\t\t\tmasterslider_dd48.control('thumblist'  ,{ autohide:false, overVideo:true, dir:'h', speed:17, inset:false, arrows:false, hover:false, customClass:'', align:'bottom',type:'thumbs', margin:2, width:140, height:80, space:2, fillMode:'fill'  });\n\t\t\t\/\/ slider setup\n\t\t\tmasterslider_dd48.setup(\"MS69efc513add48\", {\n\t\t\t\twidth           : 960,\n\t\t\t\theight          : 540,\n\t\t\t\tminHeight       : 0,\n\t\t\t\tspace           : 0,\n\t\t\t\tstart           : 1,\n\t\t\t\tgrabCursor      : true,\n\t\t\t\tswipe           : true,\n\t\t\t\tmouse           : true,\n\t\t\t\tkeyboard        : false,\n\t\t\t\tlayout          : \"fillwidth\",\n\t\t\t\twheel           : false,\n\t\t\t\tautoplay        : true,\n                instantStartLayers:false,\n\t\t\t\tmobileBGVideo:false,\n\t\t\t\tloop            : true,\n\t\t\t\tshuffle         : false,\n\t\t\t\tpreload         : 3,\n\t\t\t\theightLimit     : false,\n\t\t\t\tautoHeight      : false,\n\t\t\t\tsmoothHeight    : true,\n\t\t\t\tendPause        : false,\n\t\t\t\toverPause       : false,\n\t\t\t\tfillMode        : \"fill\",\n\t\t\t\tcenterControls  : true,\n\t\t\t\tstartOnAppear   : false,\n\t\t\t\tlayersMode      : \"center\",\n\t\t\t\tautofillTarget  : \"\",\n\t\t\t\thideLayers      : false,\n\t\t\t\tfullscreenMargin: 0,\n\t\t\t\tspeed           : 17,\n\t\t\t\tdir             : \"h\",\n\t\t\t\tresponsive      : true,\n\t\t\t\ttabletWidth     : 768,\n\t\t\t\ttabletHeight    : null,\n\t\t\t\tphoneWidth      : 480,\n\t\t\t\tphoneHeight    : null,\n\t\t\t\tsizingReference : window,\n\t\t\t\tparallaxMode    : 'swipe',\n\t\t\t\tview            : \"basic\"\n\t\t\t});\n\n\t\t\t\n\t\t\twindow.masterslider_instances = window.masterslider_instances || [];\n\t\t\twindow.masterslider_instances.push( masterslider_dd48 );\n\t\t});\n\t\t<\/script>\n\n\n<p>A Prefeitura de Apucarana \u00e9 a mais nova integrante da Rede Internacional Mercocidades, associa\u00e7\u00e3o latino-americana que conecta governos locais e promove pol\u00edticas p\u00fablicas integradas. A ades\u00e3o foi oficializada pelo prefeito Rodolfo Mota durante a XXX C\u00fapula da entidade, realizada de quarta a sexta-feira (03 a 05\/12), em Niter\u00f3i (RJ). Al\u00e9m do ingresso do munic\u00edpio na rede, o prefeito Rodolfo Mota tamb\u00e9m pleiteou ao novo presidente da Mercocidades, o prefeito de Niter\u00f3i, Rodrigo Neves, uma cadeira para Apucarana no Conselho da entidade, o que daria uma proje\u00e7\u00e3o ainda maior \u00e0s demandas da cidade, que \u00e9 a de promover o potencial da ind\u00fastria t\u00eaxtil e da confec\u00e7\u00e3o local em toda a Am\u00e9rica Latina.<\/p>\n<p>\u201cApucarana \u00e9 o maior polo do estado do Paran\u00e1, \u00e9 o maior fabricante de bon\u00e9 do Brasil. Se somos deste tamanho, por que n\u00e3o podemos vender para a Col\u00f4mbia, para a Venezuela, para a Argentina, para o Uruguai, para o Paraguai? Estar num espa\u00e7o como a rede de cidades do Mercosul \u00e9 vender Apucarana, \u00e9 ajudar de forma direta nossos empreendedores para que tenham mais mercados\u201d, justificou o prefeito Rodolfo Mota.<\/p>\n<p>O an\u00fancio da ades\u00e3o \u00e0 rede foi comunicado nesta segunda-feira (08\/12), em reuni\u00e3o no gabinete municipal com os vereadores Danylo Acioli, Guilherme Livoti, Mois\u00e9s Tavares, Pablo da Seguran\u00e7a, Eliana Rocha, Tiago Cordeiro de Lima, Luciano Facchiano e Odarlone Orente, al\u00e9m de membros do secretariado municipal. Mota afirmou que conta com a parceria dos vereadores. \u201cDesejo que a C\u00e2mara tamb\u00e9m participe deste trabalho, referendando esse termo de ades\u00e3o, somando neste momento hist\u00f3rico, que \u00e9 Apucarana ingressando numa entidade que congrega cerca de 400 cidades de toda a Am\u00e9rica Latina\u201d, disse o prefeito, comunicando que vai encaminhar \u00e0 Casa de Leis o termo de ades\u00e3o para ser chancelado pelos parlamentares. \u201c<\/p>\n<p>\u00c9 bom vender para S\u00e3o Paulo, para a 25 de mar\u00e7o, para o Nordeste? Sem d\u00favida nenhuma. Mas tamb\u00e9m podemos vender para os pa\u00edses vizinhos. A partir de agora Apucarana vai estar no Mercocidades, vendendo o seu peixe tamb\u00e9m\u201d, celebrou Rodolfo Mota, que fez um breve resumo do que foi a XXX C\u00fapula das Mercocidades, evento que participou na semana passada. \u201cForam tr\u00eas dias de debates, trocas de experi\u00eancias e coopera\u00e7\u00e3o entre mais de 500 l\u00edderes municipais do pa\u00eds e da AL, onde foi debatido o tema \u201cCaminhos para Cidades Resilientes, Pac\u00edficas e Sustent\u00e1veis\u201d. A entrada de Apucarana na Mercocidades \u00e9 um movimento estrat\u00e9gico de governan\u00e7a e planejamento. Ao integrar essa rede internacional, al\u00e9m de vender o nosso potencial como polo t\u00eaxtil e da confec\u00e7\u00e3o, passamos a ter acesso direto a experi\u00eancias consolidadas, projetos cooperados e instrumentos de gest\u00e3o que fortalecem nossa capacidade de entregar pol\u00edticas p\u00fablicas mais eficientes. Estar ao lado de mais de 400 munic\u00edpios da Am\u00e9rica Latina nos coloca em um ambiente de alto n\u00edvel\u201d, concluiu o prefeito Rodolfo Mota.<\/p>\n<p><strong>O que \u00e9 <\/strong>&#8211; A rede Mercocidades conta com 400 cidades membro de 12 pa\u00edses do continente (Argentina, Bol\u00edvia, Brasil, Chile, Col\u00f4mbia, Equador, Honduras, Mexico, Paraguai, Peru, Uruguai e Venezuela), totalizando 120 milh\u00f5es de pessoas. O atual presidente \u00e9 o prefeito de Niter\u00f3i (RJ), Rodrigo Neves.<\/p>\n","protected":false},"excerpt":{"rendered":"<p>A Prefeitura de Apucarana &eacute; a mais nova integrante da Rede Internacional Mercocidades, associa&ccedil;&atilde;o latino-americana que conecta governos locais e promove pol&iacute;ticas p&uacute;blicas integradas. A ades&atilde;o foi oficializada pelo prefeito Rodolfo Mota durante a XXX C&uacute;pula da entidade, realizada de quarta a sexta-feira (03 a 05\/12), em Niter&oacute;i (RJ). Al&eacute;m do ingresso do munic&iacute;pio na [&hellip;]<\/p>\n","protected":false},"author":7,"featured_media":121102,"comment_status":"closed","ping_status":"closed","sticky":false,"template":"","format":"standard","meta":{"footnotes":""},"categories":[24],"tags":[],"class_list":["post-121100","post","type-post","status-publish","format-standard","has-post-thumbnail","hentry","category-noticias"],"acf":[],"_links":{"self":[{"href":"http:\/\/www.apucarana.pr.gov.br\/site\/wp-json\/wp\/v2\/posts\/121100","targetHints":{"allow":["GET"]}}],"collection":[{"href":"http:\/\/www.apucarana.pr.gov.br\/site\/wp-json\/wp\/v2\/posts"}],"about":[{"href":"http:\/\/www.apucarana.pr.gov.br\/site\/wp-json\/wp\/v2\/types\/post"}],"author":[{"embeddable":true,"href":"http:\/\/www.apucarana.pr.gov.br\/site\/wp-json\/wp\/v2\/users\/7"}],"replies":[{"embeddable":true,"href":"http:\/\/www.apucarana.pr.gov.br\/site\/wp-json\/wp\/v2\/comments?post=121100"}],"version-history":[{"count":1,"href":"http:\/\/www.apucarana.pr.gov.br\/site\/wp-json\/wp\/v2\/posts\/121100\/revisions"}],"predecessor-version":[{"id":121104,"href":"http:\/\/www.apucarana.pr.gov.br\/site\/wp-json\/wp\/v2\/posts\/121100\/revisions\/121104"}],"wp:featuredmedia":[{"embeddable":true,"href":"http:\/\/www.apucarana.pr.gov.br\/site\/wp-json\/wp\/v2\/media\/121102"}],"wp:attachment":[{"href":"http:\/\/www.apucarana.pr.gov.br\/site\/wp-json\/wp\/v2\/media?parent=121100"}],"wp:term":[{"taxonomy":"category","embeddable":true,"href":"http:\/\/www.apucarana.pr.gov.br\/site\/wp-json\/wp\/v2\/categories?post=121100"},{"taxonomy":"post_tag","embeddable":true,"href":"http:\/\/www.apucarana.pr.gov.br\/site\/wp-json\/wp\/v2\/tags?post=121100"}],"curies":[{"name":"wp","href":"https:\/\/api.w.org\/{rel}","templated":true}]}}