{"id":121056,"date":"2025-12-08T10:43:55","date_gmt":"2025-12-08T13:43:55","guid":{"rendered":"https:\/\/www.apucarana.pr.gov.br\/site\/?p=121056"},"modified":"2025-12-09T08:26:40","modified_gmt":"2025-12-09T11:26:40","slug":"equipe-do-jardim-ponta-grossa-conquista-o-supercampeonato-amador-de-futebol","status":"publish","type":"post","link":"http:\/\/www.apucarana.pr.gov.br\/site\/equipe-do-jardim-ponta-grossa-conquista-o-supercampeonato-amador-de-futebol\/","title":{"rendered":"Equipe do Jardim Ponta Grossa conquista o Supercampeonato Amador de Futebol"},"content":{"rendered":"\n\t\t<!-- MasterSlider -->\n\t\t<div id=\"P_MS69efc49888605\" class=\"master-slider-parent master-slider-gallery   ms-parent-id-0\" style=\"\" >\n\n\t\t\t\n\t\t\t<!-- MasterSlider Main -->\n\t\t\t<div id=\"MS69efc49888605\" class=\"master-slider ms-skin-default\" >\n\t\t\t\t \t\t\t\t \n\t\t\t<div  class=\"ms-slide\" data-delay=\"3\"    >\n\t\t\t\t\t<img decoding=\"async\" src=\"http:\/\/www.apucarana.pr.gov.br\/site\/wp-content\/plugins\/masterslider\/public\/assets\/css\/blank.gif\" alt=\"Supercampeonato Municipal-21\" title=\"Supercampeonato Municipal-21\" data-src=\"http:\/\/www.apucarana.pr.gov.br\/site\/wp-content\/uploads\/2025\/12\/Supercampeonato-Municipal-21-1024x697.jpg\" \/>\n\t<a href=\"http:\/\/www.apucarana.pr.gov.br\/site\/wp-content\/uploads\/2025\/12\/Supercampeonato-Municipal-21-1024x697.jpg\" target=\"_self\"    >Supercampeonato Municipal-21<\/a>\n\n\n\t<img decoding=\"async\" class=\"ms-thumb\" src=\"http:\/\/www.apucarana.pr.gov.br\/site\/wp-content\/uploads\/2025\/12\/Supercampeonato-Municipal-21-1024x697-140x80.jpg\" alt=\"Supercampeonato Municipal-21\" \/>\n\t\t\t\t<\/div>\n\t\t\t<div  class=\"ms-slide\" data-delay=\"3\"    >\n\t\t\t\t\t<img decoding=\"async\" src=\"http:\/\/www.apucarana.pr.gov.br\/site\/wp-content\/plugins\/masterslider\/public\/assets\/css\/blank.gif\" alt=\"Supercampeonato Municipal-24\" title=\"Supercampeonato Municipal-24\" data-src=\"http:\/\/www.apucarana.pr.gov.br\/site\/wp-content\/uploads\/2025\/12\/Supercampeonato-Municipal-24-1024x697.jpg\" \/>\n\t<a href=\"http:\/\/www.apucarana.pr.gov.br\/site\/wp-content\/uploads\/2025\/12\/Supercampeonato-Municipal-24-1024x697.jpg\" target=\"_self\"    >Supercampeonato Municipal-24<\/a>\n\n\n\t<img decoding=\"async\" class=\"ms-thumb\" src=\"http:\/\/www.apucarana.pr.gov.br\/site\/wp-content\/uploads\/2025\/12\/Supercampeonato-Municipal-24-1024x697-140x80.jpg\" alt=\"Supercampeonato Municipal-24\" \/>\n\t\t\t\t<\/div>\n\t\t\t<div  class=\"ms-slide\" data-delay=\"3\"    >\n\t\t\t\t\t<img decoding=\"async\" src=\"http:\/\/www.apucarana.pr.gov.br\/site\/wp-content\/plugins\/masterslider\/public\/assets\/css\/blank.gif\" alt=\"WhatsApp Image 2025-12-08 at 10.12.29 (16)\" title=\"WhatsApp Image 2025-12-08 at 10.12.29 (16)\" data-src=\"http:\/\/www.apucarana.pr.gov.br\/site\/wp-content\/uploads\/2025\/12\/WhatsApp-Image-2025-12-08-at-10.12.29-16-1024x576.jpeg\" \/>\n\t<a href=\"http:\/\/www.apucarana.pr.gov.br\/site\/wp-content\/uploads\/2025\/12\/WhatsApp-Image-2025-12-08-at-10.12.29-16-1024x576.jpeg\" target=\"_self\"    >WhatsApp Image 2025-12-08 at 10.12.29 (16)<\/a>\n\n\n\t<img decoding=\"async\" class=\"ms-thumb\" src=\"http:\/\/www.apucarana.pr.gov.br\/site\/wp-content\/uploads\/2025\/12\/WhatsApp-Image-2025-12-08-at-10.12.29-16-1024x576-140x80.jpeg\" alt=\"WhatsApp Image 2025-12-08 at 10.12.29 (16)\" \/>\n\t\t\t\t<\/div>\n\t\t\t<div  class=\"ms-slide\" data-delay=\"3\"    >\n\t\t\t\t\t<img decoding=\"async\" src=\"http:\/\/www.apucarana.pr.gov.br\/site\/wp-content\/plugins\/masterslider\/public\/assets\/css\/blank.gif\" alt=\"Supercampeonato Municipal-32\" title=\"Supercampeonato Municipal-32\" data-src=\"http:\/\/www.apucarana.pr.gov.br\/site\/wp-content\/uploads\/2025\/12\/Supercampeonato-Municipal-32-1024x696.jpg\" \/>\n\t<a href=\"http:\/\/www.apucarana.pr.gov.br\/site\/wp-content\/uploads\/2025\/12\/Supercampeonato-Municipal-32-1024x696.jpg\" target=\"_self\"    >Supercampeonato Municipal-32<\/a>\n\n\n\t<img decoding=\"async\" class=\"ms-thumb\" src=\"http:\/\/www.apucarana.pr.gov.br\/site\/wp-content\/uploads\/2025\/12\/Supercampeonato-Municipal-32-1024x696-140x80.jpg\" alt=\"Supercampeonato Municipal-32\" \/>\n\t\t\t\t<\/div>\n\t\t\t<div  class=\"ms-slide\" data-delay=\"3\"    >\n\t\t\t\t\t<img decoding=\"async\" src=\"http:\/\/www.apucarana.pr.gov.br\/site\/wp-content\/plugins\/masterslider\/public\/assets\/css\/blank.gif\" alt=\"Supercampeonato Municipal-28\" title=\"Supercampeonato Municipal-28\" data-src=\"http:\/\/www.apucarana.pr.gov.br\/site\/wp-content\/uploads\/2025\/12\/Supercampeonato-Municipal-28-1024x697.jpg\" \/>\n\t<a href=\"http:\/\/www.apucarana.pr.gov.br\/site\/wp-content\/uploads\/2025\/12\/Supercampeonato-Municipal-28-1024x697.jpg\" target=\"_self\"    >Supercampeonato Municipal-28<\/a>\n\n\n\t<img decoding=\"async\" class=\"ms-thumb\" src=\"http:\/\/www.apucarana.pr.gov.br\/site\/wp-content\/uploads\/2025\/12\/Supercampeonato-Municipal-28-1024x697-140x80.jpg\" alt=\"Supercampeonato Municipal-28\" \/>\n\t\t\t\t<\/div>\n\t\t\t<div  class=\"ms-slide\" data-delay=\"3\"    >\n\t\t\t\t\t<img decoding=\"async\" src=\"http:\/\/www.apucarana.pr.gov.br\/site\/wp-content\/plugins\/masterslider\/public\/assets\/css\/blank.gif\" alt=\"Supercampeonato Municipal-27\" title=\"Supercampeonato Municipal-27\" data-src=\"http:\/\/www.apucarana.pr.gov.br\/site\/wp-content\/uploads\/2025\/12\/Supercampeonato-Municipal-27-1024x697.jpg\" \/>\n\t<a href=\"http:\/\/www.apucarana.pr.gov.br\/site\/wp-content\/uploads\/2025\/12\/Supercampeonato-Municipal-27-1024x697.jpg\" target=\"_self\"    >Supercampeonato Municipal-27<\/a>\n\n\n\t<img decoding=\"async\" class=\"ms-thumb\" src=\"http:\/\/www.apucarana.pr.gov.br\/site\/wp-content\/uploads\/2025\/12\/Supercampeonato-Municipal-27-1024x697-140x80.jpg\" alt=\"Supercampeonato Municipal-27\" \/>\n\t\t\t\t<\/div>\n\t\t\t<div  class=\"ms-slide\" data-delay=\"3\"    >\n\t\t\t\t\t<img decoding=\"async\" src=\"http:\/\/www.apucarana.pr.gov.br\/site\/wp-content\/plugins\/masterslider\/public\/assets\/css\/blank.gif\" alt=\"Supercampeonato Municipal-26\" title=\"Supercampeonato Municipal-26\" data-src=\"http:\/\/www.apucarana.pr.gov.br\/site\/wp-content\/uploads\/2025\/12\/Supercampeonato-Municipal-26-1024x697.jpg\" \/>\n\t<a href=\"http:\/\/www.apucarana.pr.gov.br\/site\/wp-content\/uploads\/2025\/12\/Supercampeonato-Municipal-26-1024x697.jpg\" target=\"_self\"    >Supercampeonato Municipal-26<\/a>\n\n\n\t<img decoding=\"async\" class=\"ms-thumb\" src=\"http:\/\/www.apucarana.pr.gov.br\/site\/wp-content\/uploads\/2025\/12\/Supercampeonato-Municipal-26-1024x697-140x80.jpg\" alt=\"Supercampeonato Municipal-26\" \/>\n\t\t\t\t<\/div>\n\t\t\t<div  class=\"ms-slide\" data-delay=\"3\"    >\n\t\t\t\t\t<img decoding=\"async\" src=\"http:\/\/www.apucarana.pr.gov.br\/site\/wp-content\/plugins\/masterslider\/public\/assets\/css\/blank.gif\" alt=\"Supercampeonato Municipal-25\" title=\"Supercampeonato Municipal-25\" data-src=\"http:\/\/www.apucarana.pr.gov.br\/site\/wp-content\/uploads\/2025\/12\/Supercampeonato-Municipal-25-1024x697.jpg\" \/>\n\t<a href=\"http:\/\/www.apucarana.pr.gov.br\/site\/wp-content\/uploads\/2025\/12\/Supercampeonato-Municipal-25-1024x697.jpg\" target=\"_self\"    >Supercampeonato Municipal-25<\/a>\n\n\n\t<img decoding=\"async\" class=\"ms-thumb\" src=\"http:\/\/www.apucarana.pr.gov.br\/site\/wp-content\/uploads\/2025\/12\/Supercampeonato-Municipal-25-1024x697-140x80.jpg\" alt=\"Supercampeonato Municipal-25\" \/>\n\t\t\t\t<\/div>\n\t\t\t<div  class=\"ms-slide\" data-delay=\"3\"    >\n\t\t\t\t\t<img decoding=\"async\" src=\"http:\/\/www.apucarana.pr.gov.br\/site\/wp-content\/plugins\/masterslider\/public\/assets\/css\/blank.gif\" alt=\"Supercampeonato Municipal-23\" title=\"Supercampeonato Municipal-23\" data-src=\"http:\/\/www.apucarana.pr.gov.br\/site\/wp-content\/uploads\/2025\/12\/Supercampeonato-Municipal-23-1024x697.jpg\" \/>\n\t<a href=\"http:\/\/www.apucarana.pr.gov.br\/site\/wp-content\/uploads\/2025\/12\/Supercampeonato-Municipal-23-1024x697.jpg\" target=\"_self\"    >Supercampeonato Municipal-23<\/a>\n\n\n\t<img decoding=\"async\" class=\"ms-thumb\" src=\"http:\/\/www.apucarana.pr.gov.br\/site\/wp-content\/uploads\/2025\/12\/Supercampeonato-Municipal-23-1024x697-140x80.jpg\" alt=\"Supercampeonato Municipal-23\" \/>\n\t\t\t\t<\/div>\n\t\t\t<div  class=\"ms-slide\" data-delay=\"3\"    >\n\t\t\t\t\t<img decoding=\"async\" src=\"http:\/\/www.apucarana.pr.gov.br\/site\/wp-content\/plugins\/masterslider\/public\/assets\/css\/blank.gif\" alt=\"Supercampeonato Municipal-22\" title=\"Supercampeonato Municipal-22\" data-src=\"http:\/\/www.apucarana.pr.gov.br\/site\/wp-content\/uploads\/2025\/12\/Supercampeonato-Municipal-22-1024x697.jpg\" \/>\n\t<a href=\"http:\/\/www.apucarana.pr.gov.br\/site\/wp-content\/uploads\/2025\/12\/Supercampeonato-Municipal-22-1024x697.jpg\" target=\"_self\"    >Supercampeonato Municipal-22<\/a>\n\n\n\t<img decoding=\"async\" class=\"ms-thumb\" src=\"http:\/\/www.apucarana.pr.gov.br\/site\/wp-content\/uploads\/2025\/12\/Supercampeonato-Municipal-22-1024x697-140x80.jpg\" alt=\"Supercampeonato Municipal-22\" \/>\n\t\t\t\t<\/div>\n\t\t\t<div  class=\"ms-slide\" data-delay=\"3\"    >\n\t\t\t\t\t<img decoding=\"async\" src=\"http:\/\/www.apucarana.pr.gov.br\/site\/wp-content\/plugins\/masterslider\/public\/assets\/css\/blank.gif\" alt=\"Supercampeonato Municipal-20\" title=\"Supercampeonato Municipal-20\" data-src=\"http:\/\/www.apucarana.pr.gov.br\/site\/wp-content\/uploads\/2025\/12\/Supercampeonato-Municipal-20-1024x697.jpg\" \/>\n\t<a href=\"http:\/\/www.apucarana.pr.gov.br\/site\/wp-content\/uploads\/2025\/12\/Supercampeonato-Municipal-20-1024x697.jpg\" target=\"_self\"    >Supercampeonato Municipal-20<\/a>\n\n\n\t<img decoding=\"async\" class=\"ms-thumb\" src=\"http:\/\/www.apucarana.pr.gov.br\/site\/wp-content\/uploads\/2025\/12\/Supercampeonato-Municipal-20-1024x697-140x80.jpg\" alt=\"Supercampeonato Municipal-20\" \/>\n\t\t\t\t<\/div>\n\t\t\t<div  class=\"ms-slide\" data-delay=\"3\"    >\n\t\t\t\t\t<img decoding=\"async\" src=\"http:\/\/www.apucarana.pr.gov.br\/site\/wp-content\/plugins\/masterslider\/public\/assets\/css\/blank.gif\" alt=\"Supercampeonato Municipal-19\" title=\"Supercampeonato Municipal-19\" data-src=\"http:\/\/www.apucarana.pr.gov.br\/site\/wp-content\/uploads\/2025\/12\/Supercampeonato-Municipal-19-1024x697.jpg\" \/>\n\t<a href=\"http:\/\/www.apucarana.pr.gov.br\/site\/wp-content\/uploads\/2025\/12\/Supercampeonato-Municipal-19-1024x697.jpg\" target=\"_self\"    >Supercampeonato Municipal-19<\/a>\n\n\n\t<img decoding=\"async\" class=\"ms-thumb\" src=\"http:\/\/www.apucarana.pr.gov.br\/site\/wp-content\/uploads\/2025\/12\/Supercampeonato-Municipal-19-1024x697-140x80.jpg\" alt=\"Supercampeonato Municipal-19\" \/>\n\t\t\t\t<\/div>\n\t\t\t<div  class=\"ms-slide\" data-delay=\"3\"    >\n\t\t\t\t\t<img decoding=\"async\" src=\"http:\/\/www.apucarana.pr.gov.br\/site\/wp-content\/plugins\/masterslider\/public\/assets\/css\/blank.gif\" alt=\"Supercampeonato Municipal-11\" title=\"Supercampeonato Municipal-11\" data-src=\"http:\/\/www.apucarana.pr.gov.br\/site\/wp-content\/uploads\/2025\/12\/Supercampeonato-Municipal-11-1024x697.jpg\" \/>\n\t<a href=\"http:\/\/www.apucarana.pr.gov.br\/site\/wp-content\/uploads\/2025\/12\/Supercampeonato-Municipal-11-1024x697.jpg\" target=\"_self\"    >Supercampeonato Municipal-11<\/a>\n\n\n\t<img decoding=\"async\" class=\"ms-thumb\" src=\"http:\/\/www.apucarana.pr.gov.br\/site\/wp-content\/uploads\/2025\/12\/Supercampeonato-Municipal-11-1024x697-140x80.jpg\" alt=\"Supercampeonato Municipal-11\" \/>\n\t\t\t\t<\/div>\n\t\t\t<div  class=\"ms-slide\" data-delay=\"3\"    >\n\t\t\t\t\t<img decoding=\"async\" src=\"http:\/\/www.apucarana.pr.gov.br\/site\/wp-content\/plugins\/masterslider\/public\/assets\/css\/blank.gif\" alt=\"Supercampeonato Municipal-9\" title=\"Supercampeonato Municipal-9\" data-src=\"http:\/\/www.apucarana.pr.gov.br\/site\/wp-content\/uploads\/2025\/12\/Supercampeonato-Municipal-9-1024x697.jpg\" \/>\n\t<a href=\"http:\/\/www.apucarana.pr.gov.br\/site\/wp-content\/uploads\/2025\/12\/Supercampeonato-Municipal-9-1024x697.jpg\" target=\"_self\"    >Supercampeonato Municipal-9<\/a>\n\n\n\t<img decoding=\"async\" class=\"ms-thumb\" src=\"http:\/\/www.apucarana.pr.gov.br\/site\/wp-content\/uploads\/2025\/12\/Supercampeonato-Municipal-9-1024x697-140x80.jpg\" alt=\"Supercampeonato Municipal-9\" \/>\n\t\t\t\t<\/div>\n\t\t\t<div  class=\"ms-slide\" data-delay=\"3\"    >\n\t\t\t\t\t<img decoding=\"async\" src=\"http:\/\/www.apucarana.pr.gov.br\/site\/wp-content\/plugins\/masterslider\/public\/assets\/css\/blank.gif\" alt=\"Supercampeonato Municipal-8\" title=\"Supercampeonato Municipal-8\" data-src=\"http:\/\/www.apucarana.pr.gov.br\/site\/wp-content\/uploads\/2025\/12\/Supercampeonato-Municipal-8-1024x768.jpg\" \/>\n\t<a href=\"http:\/\/www.apucarana.pr.gov.br\/site\/wp-content\/uploads\/2025\/12\/Supercampeonato-Municipal-8-1024x768.jpg\" target=\"_self\"    >Supercampeonato Municipal-8<\/a>\n\n\n\t<img decoding=\"async\" class=\"ms-thumb\" src=\"http:\/\/www.apucarana.pr.gov.br\/site\/wp-content\/uploads\/2025\/12\/Supercampeonato-Municipal-8-1024x768-140x80.jpg\" alt=\"Supercampeonato Municipal-8\" \/>\n\t\t\t\t<\/div>\n\t\t\t<div  class=\"ms-slide\" data-delay=\"3\"    >\n\t\t\t\t\t<img decoding=\"async\" src=\"http:\/\/www.apucarana.pr.gov.br\/site\/wp-content\/plugins\/masterslider\/public\/assets\/css\/blank.gif\" alt=\"Supercampeonato Municipal-6\" title=\"Supercampeonato Municipal-6\" data-src=\"http:\/\/www.apucarana.pr.gov.br\/site\/wp-content\/uploads\/2025\/12\/Supercampeonato-Municipal-6-1024x768.jpg\" \/>\n\t<a href=\"http:\/\/www.apucarana.pr.gov.br\/site\/wp-content\/uploads\/2025\/12\/Supercampeonato-Municipal-6-1024x768.jpg\" target=\"_self\"    >Supercampeonato Municipal-6<\/a>\n\n\n\t<img decoding=\"async\" class=\"ms-thumb\" src=\"http:\/\/www.apucarana.pr.gov.br\/site\/wp-content\/uploads\/2025\/12\/Supercampeonato-Municipal-6-1024x768-140x80.jpg\" alt=\"Supercampeonato Municipal-6\" \/>\n\t\t\t\t<\/div>\n\t\t\t<div  class=\"ms-slide\" data-delay=\"3\"    >\n\t\t\t\t\t<img decoding=\"async\" src=\"http:\/\/www.apucarana.pr.gov.br\/site\/wp-content\/plugins\/masterslider\/public\/assets\/css\/blank.gif\" alt=\"Supercampeonato Municipal-4\" title=\"Supercampeonato Municipal-4\" data-src=\"http:\/\/www.apucarana.pr.gov.br\/site\/wp-content\/uploads\/2025\/12\/Supercampeonato-Municipal-4-1024x768.jpg\" \/>\n\t<a href=\"http:\/\/www.apucarana.pr.gov.br\/site\/wp-content\/uploads\/2025\/12\/Supercampeonato-Municipal-4-1024x768.jpg\" target=\"_self\"    >Supercampeonato Municipal-4<\/a>\n\n\n\t<img decoding=\"async\" class=\"ms-thumb\" src=\"http:\/\/www.apucarana.pr.gov.br\/site\/wp-content\/uploads\/2025\/12\/Supercampeonato-Municipal-4-1024x768-140x80.jpg\" alt=\"Supercampeonato Municipal-4\" \/>\n\t\t\t\t<\/div>\n\t\t\t<div  class=\"ms-slide\" data-delay=\"3\"    >\n\t\t\t\t\t<img decoding=\"async\" src=\"http:\/\/www.apucarana.pr.gov.br\/site\/wp-content\/plugins\/masterslider\/public\/assets\/css\/blank.gif\" alt=\"Supercampeonato Municipal-3\" title=\"Supercampeonato Municipal-3\" data-src=\"http:\/\/www.apucarana.pr.gov.br\/site\/wp-content\/uploads\/2025\/12\/Supercampeonato-Municipal-3-1024x768.jpg\" \/>\n\t<a href=\"http:\/\/www.apucarana.pr.gov.br\/site\/wp-content\/uploads\/2025\/12\/Supercampeonato-Municipal-3-1024x768.jpg\" target=\"_self\"    >Supercampeonato Municipal-3<\/a>\n\n\n\t<img decoding=\"async\" class=\"ms-thumb\" src=\"http:\/\/www.apucarana.pr.gov.br\/site\/wp-content\/uploads\/2025\/12\/Supercampeonato-Municipal-3-1024x768-140x80.jpg\" alt=\"Supercampeonato Municipal-3\" \/>\n\t\t\t\t<\/div>\n\t\t\t<div  class=\"ms-slide\" data-delay=\"3\"    >\n\t\t\t\t\t<img decoding=\"async\" src=\"http:\/\/www.apucarana.pr.gov.br\/site\/wp-content\/plugins\/masterslider\/public\/assets\/css\/blank.gif\" alt=\"Supercampeonato Municipal-2\" title=\"Supercampeonato Municipal-2\" data-src=\"http:\/\/www.apucarana.pr.gov.br\/site\/wp-content\/uploads\/2025\/12\/Supercampeonato-Municipal-2-1024x768.jpg\" \/>\n\t<a href=\"http:\/\/www.apucarana.pr.gov.br\/site\/wp-content\/uploads\/2025\/12\/Supercampeonato-Municipal-2-1024x768.jpg\" target=\"_self\"    >Supercampeonato Municipal-2<\/a>\n\n\n\t<img decoding=\"async\" class=\"ms-thumb\" src=\"http:\/\/www.apucarana.pr.gov.br\/site\/wp-content\/uploads\/2025\/12\/Supercampeonato-Municipal-2-1024x768-140x80.jpg\" alt=\"Supercampeonato Municipal-2\" \/>\n\t\t\t\t<\/div>\n\t\t\t<div  class=\"ms-slide\" data-delay=\"3\"    >\n\t\t\t\t\t<img decoding=\"async\" src=\"http:\/\/www.apucarana.pr.gov.br\/site\/wp-content\/plugins\/masterslider\/public\/assets\/css\/blank.gif\" alt=\"Supercampeonato Municipal\" title=\"Supercampeonato Municipal\" data-src=\"http:\/\/www.apucarana.pr.gov.br\/site\/wp-content\/uploads\/2025\/12\/Supercampeonato-Municipal-1024x768.jpg\" \/>\n\t<a href=\"http:\/\/www.apucarana.pr.gov.br\/site\/wp-content\/uploads\/2025\/12\/Supercampeonato-Municipal-1024x768.jpg\" target=\"_self\"    >Supercampeonato Municipal<\/a>\n\n\n\t<img decoding=\"async\" class=\"ms-thumb\" src=\"http:\/\/www.apucarana.pr.gov.br\/site\/wp-content\/uploads\/2025\/12\/Supercampeonato-Municipal-1024x768-140x80.jpg\" alt=\"Supercampeonato Municipal\" \/>\n\t\t\t\t<\/div>\n\t\t\t<div  class=\"ms-slide\" data-delay=\"3\"    >\n\t\t\t\t\t<img decoding=\"async\" src=\"http:\/\/www.apucarana.pr.gov.br\/site\/wp-content\/plugins\/masterslider\/public\/assets\/css\/blank.gif\" alt=\"WhatsApp Image 2025-12-08 at 10.12.29 (5)\" title=\"WhatsApp Image 2025-12-08 at 10.12.29 (5)\" data-src=\"http:\/\/www.apucarana.pr.gov.br\/site\/wp-content\/uploads\/2025\/12\/WhatsApp-Image-2025-12-08-at-10.12.29-5-1024x683.jpeg\" \/>\n\t<a href=\"http:\/\/www.apucarana.pr.gov.br\/site\/wp-content\/uploads\/2025\/12\/WhatsApp-Image-2025-12-08-at-10.12.29-5-1024x683.jpeg\" target=\"_self\"    >WhatsApp Image 2025-12-08 at 10.12.29 (5)<\/a>\n\n\n\t<img decoding=\"async\" class=\"ms-thumb\" src=\"http:\/\/www.apucarana.pr.gov.br\/site\/wp-content\/uploads\/2025\/12\/WhatsApp-Image-2025-12-08-at-10.12.29-5-1024x683-140x80.jpeg\" alt=\"WhatsApp Image 2025-12-08 at 10.12.29 (5)\" \/>\n\t\t\t\t<\/div>\n\t\t\t<div  class=\"ms-slide\" data-delay=\"3\"    >\n\t\t\t\t\t<img decoding=\"async\" src=\"http:\/\/www.apucarana.pr.gov.br\/site\/wp-content\/plugins\/masterslider\/public\/assets\/css\/blank.gif\" alt=\"WhatsApp Image 2025-12-08 at 10.12.29 (6)\" title=\"WhatsApp Image 2025-12-08 at 10.12.29 (6)\" data-src=\"http:\/\/www.apucarana.pr.gov.br\/site\/wp-content\/uploads\/2025\/12\/WhatsApp-Image-2025-12-08-at-10.12.29-6-1024x683.jpeg\" \/>\n\t<a href=\"http:\/\/www.apucarana.pr.gov.br\/site\/wp-content\/uploads\/2025\/12\/WhatsApp-Image-2025-12-08-at-10.12.29-6-1024x683.jpeg\" target=\"_self\"    >WhatsApp Image 2025-12-08 at 10.12.29 (6)<\/a>\n\n\n\t<img decoding=\"async\" class=\"ms-thumb\" src=\"http:\/\/www.apucarana.pr.gov.br\/site\/wp-content\/uploads\/2025\/12\/WhatsApp-Image-2025-12-08-at-10.12.29-6-1024x683-140x80.jpeg\" alt=\"WhatsApp Image 2025-12-08 at 10.12.29 (6)\" \/>\n\t\t\t\t<\/div>\n\t\t\t<div  class=\"ms-slide\" data-delay=\"3\"    >\n\t\t\t\t\t<img decoding=\"async\" src=\"http:\/\/www.apucarana.pr.gov.br\/site\/wp-content\/plugins\/masterslider\/public\/assets\/css\/blank.gif\" alt=\"WhatsApp Image 2025-12-08 at 10.12.29 (7)\" title=\"WhatsApp Image 2025-12-08 at 10.12.29 (7)\" data-src=\"http:\/\/www.apucarana.pr.gov.br\/site\/wp-content\/uploads\/2025\/12\/WhatsApp-Image-2025-12-08-at-10.12.29-7-1024x683.jpeg\" \/>\n\t<a href=\"http:\/\/www.apucarana.pr.gov.br\/site\/wp-content\/uploads\/2025\/12\/WhatsApp-Image-2025-12-08-at-10.12.29-7-1024x683.jpeg\" target=\"_self\"    >WhatsApp Image 2025-12-08 at 10.12.29 (7)<\/a>\n\n\n\t<img decoding=\"async\" class=\"ms-thumb\" src=\"http:\/\/www.apucarana.pr.gov.br\/site\/wp-content\/uploads\/2025\/12\/WhatsApp-Image-2025-12-08-at-10.12.29-7-1024x683-140x80.jpeg\" alt=\"WhatsApp Image 2025-12-08 at 10.12.29 (7)\" \/>\n\t\t\t\t<\/div>\n\t\t\t<div  class=\"ms-slide\" data-delay=\"3\"    >\n\t\t\t\t\t<img decoding=\"async\" src=\"http:\/\/www.apucarana.pr.gov.br\/site\/wp-content\/plugins\/masterslider\/public\/assets\/css\/blank.gif\" alt=\"WhatsApp Image 2025-12-08 at 10.12.29 (8)\" title=\"WhatsApp Image 2025-12-08 at 10.12.29 (8)\" data-src=\"http:\/\/www.apucarana.pr.gov.br\/site\/wp-content\/uploads\/2025\/12\/WhatsApp-Image-2025-12-08-at-10.12.29-8-1024x683.jpeg\" \/>\n\t<a href=\"http:\/\/www.apucarana.pr.gov.br\/site\/wp-content\/uploads\/2025\/12\/WhatsApp-Image-2025-12-08-at-10.12.29-8-1024x683.jpeg\" target=\"_self\"    >WhatsApp Image 2025-12-08 at 10.12.29 (8)<\/a>\n\n\n\t<img decoding=\"async\" class=\"ms-thumb\" src=\"http:\/\/www.apucarana.pr.gov.br\/site\/wp-content\/uploads\/2025\/12\/WhatsApp-Image-2025-12-08-at-10.12.29-8-1024x683-140x80.jpeg\" alt=\"WhatsApp Image 2025-12-08 at 10.12.29 (8)\" \/>\n\t\t\t\t<\/div>\n\t\t\t<div  class=\"ms-slide\" data-delay=\"3\"    >\n\t\t\t\t\t<img decoding=\"async\" src=\"http:\/\/www.apucarana.pr.gov.br\/site\/wp-content\/plugins\/masterslider\/public\/assets\/css\/blank.gif\" alt=\"WhatsApp Image 2025-12-08 at 10.12.29\" title=\"WhatsApp Image 2025-12-08 at 10.12.29\" data-src=\"http:\/\/www.apucarana.pr.gov.br\/site\/wp-content\/uploads\/2025\/12\/WhatsApp-Image-2025-12-08-at-10.12.29-1024x683.jpeg\" \/>\n\t<a href=\"http:\/\/www.apucarana.pr.gov.br\/site\/wp-content\/uploads\/2025\/12\/WhatsApp-Image-2025-12-08-at-10.12.29-1024x683.jpeg\" target=\"_self\"    >WhatsApp Image 2025-12-08 at 10.12.29<\/a>\n\n\n\t<img decoding=\"async\" class=\"ms-thumb\" src=\"http:\/\/www.apucarana.pr.gov.br\/site\/wp-content\/uploads\/2025\/12\/WhatsApp-Image-2025-12-08-at-10.12.29-1024x683-140x80.jpeg\" alt=\"WhatsApp Image 2025-12-08 at 10.12.29\" \/>\n\t\t\t\t<\/div>\n\n\t\t\t<\/div>\n\t\t\t<!-- END MasterSlider Main -->\n\n\t\t\t \n\t\t<\/div>\n\t\t<!-- END MasterSlider -->\n\n\t\t<script>\n\t\t( window.MSReady = window.MSReady || [] ).push( function( $ ) {\n\n\t\t\t\"use strict\";\n\t\t\tvar masterslider_8605 = new MasterSlider();\n\n\t\t\t\/\/ slider controls\n\t\t\tmasterslider_8605.control('arrows'     ,{ autohide:true, overVideo:true  });\n\t\t\tmasterslider_8605.control('thumblist'  ,{ autohide:false, overVideo:true, dir:'h', speed:17, inset:false, arrows:false, hover:false, customClass:'', align:'bottom',type:'thumbs', margin:2, width:140, height:80, space:2, fillMode:'fill'  });\n\t\t\t\/\/ slider setup\n\t\t\tmasterslider_8605.setup(\"MS69efc49888605\", {\n\t\t\t\twidth           : 960,\n\t\t\t\theight          : 540,\n\t\t\t\tminHeight       : 0,\n\t\t\t\tspace           : 0,\n\t\t\t\tstart           : 1,\n\t\t\t\tgrabCursor      : true,\n\t\t\t\tswipe           : true,\n\t\t\t\tmouse           : true,\n\t\t\t\tkeyboard        : false,\n\t\t\t\tlayout          : \"fillwidth\",\n\t\t\t\twheel           : false,\n\t\t\t\tautoplay        : true,\n                instantStartLayers:false,\n\t\t\t\tmobileBGVideo:false,\n\t\t\t\tloop            : true,\n\t\t\t\tshuffle         : false,\n\t\t\t\tpreload         : 3,\n\t\t\t\theightLimit     : false,\n\t\t\t\tautoHeight      : false,\n\t\t\t\tsmoothHeight    : true,\n\t\t\t\tendPause        : false,\n\t\t\t\toverPause       : false,\n\t\t\t\tfillMode        : \"fill\",\n\t\t\t\tcenterControls  : true,\n\t\t\t\tstartOnAppear   : false,\n\t\t\t\tlayersMode      : \"center\",\n\t\t\t\tautofillTarget  : \"\",\n\t\t\t\thideLayers      : false,\n\t\t\t\tfullscreenMargin: 0,\n\t\t\t\tspeed           : 17,\n\t\t\t\tdir             : \"h\",\n\t\t\t\tresponsive      : true,\n\t\t\t\ttabletWidth     : 768,\n\t\t\t\ttabletHeight    : null,\n\t\t\t\tphoneWidth      : 480,\n\t\t\t\tphoneHeight    : null,\n\t\t\t\tsizingReference : window,\n\t\t\t\tparallaxMode    : 'swipe',\n\t\t\t\tview            : \"basic\"\n\t\t\t});\n\n\t\t\t\n\t\t\twindow.masterslider_instances = window.masterslider_instances || [];\n\t\t\twindow.masterslider_instances.push( masterslider_8605 );\n\t\t});\n\t\t<\/script>\n\n\n<p>A manh\u00e3 de domingo foi de decis\u00e3o do Supercampeonato Municipal Amador de Futebol de Campo, disputada no Est\u00e1dio Ol\u00edmpio Barreto. O campe\u00e3o da competi\u00e7\u00e3o foi o JPG, do Jardim Ponta Grossa, que venceu o \u00a0Pinheir\u00e3o, do Correia de Freitas, por 2 a 0. A disputa pelo terceiro lugar teve goleada do Supermercado Viana sobre o Adriano Correia por 4 a 0, fechando um campeonato marcado por inova\u00e7\u00f5es\u00a0 e\u00a0 jogos em quatro pra\u00e7as esportivas revitalizadas pela Prefeitura.<\/p>\n<p>O prefeito Rodolfo Mota, ressaltou que o supercampeonato representa a retomada do futebol amador ap\u00f3s dois anos sem competi\u00e7\u00e3o deste porte. \u201c\u00c9 muito gratificante ver as equipes participando, com disciplina e comprometimento. Foi uma competi\u00e7\u00e3o com inova\u00e7\u00f5es como, por exemplo, jogos noturnos, e para o ano que vem faremos os ajustes necess\u00e1rios. Um campeonato\u00a0 como esse depende do esfor\u00e7o conjunto entre atletas e poder p\u00fablico.\u00a0 Quando d\u00e1 certo, beneficia todos: a cidade, desportistas e quem organizou o evento\u201d, ressaltou Rodolfo Mota, que esteve acompanhado do vereador Sidnei da Levelimp.<\/p>\n<p>O secret\u00e1rio de Esportes, Bruno Marchi, avaliou o campeonato como positivo, destacando a boa aceita\u00e7\u00e3o das equipes e da torcida. \u201cMesmo com per\u00edodos de chuva, a programa\u00e7\u00e3o seguiu sem grandes contratempos, concentrando mais jogos no Est\u00e1dio Ol\u00edmpio Barreto\u201d, disse o secret\u00e1rio.<\/p>\n<p>Bruno Marchi tamb\u00e9m destacou a revitaliza\u00e7\u00e3o dos campos \u00a0&#8211; Ol\u00edmpio Barreto, Hairton Santos (Z\u00e9 Rico), Sesi e UTFP &#8211; e a possibilidade de jogos \u00e0 noite. \u201cFoi um diferencial. Muitos nunca tinham jogado \u00e0 noite com uma ilumina\u00e7\u00e3o adequada. Isso trouxe um novo dinamismo \u00e0 competi\u00e7\u00e3o\u201d, salientou.<\/p>\n<p>O coordenador do supercampeonato, \u00c2ngelo Danilo, destacou o desempenho do jogador Felipe Val\u00e9rio dos Santos, na vit\u00f3ria de 2 a 0 do JPG Ponta Grossa na decis\u00e3o. \u00a0\u201cAl\u00e9m de construir grandes jogadas e de incomodar bastante o sistema defensivo do time do Pinheir\u00e3o, ele marcou um gola\u00e7o em jogada individual iniciada no meio campo\u201d, descreveu.<\/p>\n<p>Ele destacou que o JPG teve uma campanha s\u00f3lida e foi campe\u00e3o invicto. \u00a0A premia\u00e7\u00e3o entregue foi de trof\u00e9us e medalhas para os tr\u00eas primeiros colocados. \u00a0\u201cO artilheiro da competi\u00e7\u00e3o foi Luiz Guilherme Sartori, do Pinheir\u00e3o, com 11 gols, e os goleiros menos vazados foram Wiliam e Dener Lopes, tamb\u00e9m do Pinheir\u00e3o, que sofreram apenas tr\u00eas gols\u201d, completou \u00c2ngelo Danilo.<\/p>\n<p><strong>\u00a0<\/strong><strong>Mais novidades para 2026<\/strong><\/p>\n<p>O secret\u00e1rio municipal de Esportes explicou que a volta de uma competi\u00e7\u00e3o, al\u00e9m do Torneio do Trabalhador, possibilitou um diagn\u00f3stico do futebol amador da cidade. \u201cAlgumas equipes deixaram de participar por considerarem o n\u00edvel t\u00e9cnico elevado. Por isso, a Secretaria j\u00e1 estuda implantar divis\u00f5es A e B no ano que vem para equilibrar os confrontos e ampliar a participa\u00e7\u00e3o\u201d, disse.<\/p>\n<p>Marchi adiantou que a pasta estuda inserir na competi\u00e7\u00e3o a categoria veteranos e pretende tamb\u00e9m fortalecer a forma\u00e7\u00e3o esportiva, criando uma categoria para faixa et\u00e1ria entre 7 e 12 anos. \u201cIsso seria feito em campos menores ou adaptados. Al\u00e9m disso, para 2026 a ideia \u00e9 ampliar a agenda esportiva, realizar eventos regionais e aproveitar a estrutura esportiva que foi recuperada\u201d, explicou.<\/p>\n<p>&nbsp;<\/p>\n","protected":false},"excerpt":{"rendered":"<p>A manh&atilde; de domingo foi de decis&atilde;o do Supercampeonato Municipal Amador de Futebol de Campo, disputada no Est&aacute;dio Ol&iacute;mpio Barreto. O campe&atilde;o da competi&ccedil;&atilde;o foi o JPG, do Jardim Ponta Grossa, que venceu o &nbsp;Pinheir&atilde;o, do Correia de Freitas, por 2 a 0. A disputa pelo terceiro lugar teve goleada do Supermercado Viana sobre o [&hellip;]<\/p>\n","protected":false},"author":6,"featured_media":121057,"comment_status":"closed","ping_status":"closed","sticky":false,"template":"","format":"standard","meta":{"footnotes":""},"categories":[24],"tags":[],"class_list":["post-121056","post","type-post","status-publish","format-standard","has-post-thumbnail","hentry","category-noticias"],"acf":[],"_links":{"self":[{"href":"http:\/\/www.apucarana.pr.gov.br\/site\/wp-json\/wp\/v2\/posts\/121056","targetHints":{"allow":["GET"]}}],"collection":[{"href":"http:\/\/www.apucarana.pr.gov.br\/site\/wp-json\/wp\/v2\/posts"}],"about":[{"href":"http:\/\/www.apucarana.pr.gov.br\/site\/wp-json\/wp\/v2\/types\/post"}],"author":[{"embeddable":true,"href":"http:\/\/www.apucarana.pr.gov.br\/site\/wp-json\/wp\/v2\/users\/6"}],"replies":[{"embeddable":true,"href":"http:\/\/www.apucarana.pr.gov.br\/site\/wp-json\/wp\/v2\/comments?post=121056"}],"version-history":[{"count":5,"href":"http:\/\/www.apucarana.pr.gov.br\/site\/wp-json\/wp\/v2\/posts\/121056\/revisions"}],"predecessor-version":[{"id":121134,"href":"http:\/\/www.apucarana.pr.gov.br\/site\/wp-json\/wp\/v2\/posts\/121056\/revisions\/121134"}],"wp:featuredmedia":[{"embeddable":true,"href":"http:\/\/www.apucarana.pr.gov.br\/site\/wp-json\/wp\/v2\/media\/121057"}],"wp:attachment":[{"href":"http:\/\/www.apucarana.pr.gov.br\/site\/wp-json\/wp\/v2\/media?parent=121056"}],"wp:term":[{"taxonomy":"category","embeddable":true,"href":"http:\/\/www.apucarana.pr.gov.br\/site\/wp-json\/wp\/v2\/categories?post=121056"},{"taxonomy":"post_tag","embeddable":true,"href":"http:\/\/www.apucarana.pr.gov.br\/site\/wp-json\/wp\/v2\/tags?post=121056"}],"curies":[{"name":"wp","href":"https:\/\/api.w.org\/{rel}","templated":true}]}}