{"id":121026,"date":"2025-12-05T17:28:18","date_gmt":"2025-12-05T20:28:18","guid":{"rendered":"https:\/\/www.apucarana.pr.gov.br\/site\/?p=121026"},"modified":"2025-12-05T17:52:58","modified_gmt":"2025-12-05T20:52:58","slug":"conselho-municipal-de-meio-ambiente-elege-nova-mesa-diretora-para-o-bienio-2026-2027","status":"publish","type":"post","link":"http:\/\/www.apucarana.pr.gov.br\/site\/conselho-municipal-de-meio-ambiente-elege-nova-mesa-diretora-para-o-bienio-2026-2027\/","title":{"rendered":"Conselho Municipal de Meio Ambiente elege nova mesa diretora para o bi\u00eanio 2026-2027"},"content":{"rendered":"\n\t\t<!-- MasterSlider -->\n\t\t<div id=\"P_MS69efc2fd8b587\" class=\"master-slider-parent master-slider-gallery   ms-parent-id-0\" style=\"\" >\n\n\t\t\t\n\t\t\t<!-- MasterSlider Main -->\n\t\t\t<div id=\"MS69efc2fd8b587\" class=\"master-slider ms-skin-default\" >\n\t\t\t\t \t\t\t\t \n\t\t\t<div  class=\"ms-slide\" data-delay=\"3\"    >\n\t\t\t\t\t<img decoding=\"async\" src=\"http:\/\/www.apucarana.pr.gov.br\/site\/wp-content\/plugins\/masterslider\/public\/assets\/css\/blank.gif\" alt=\"Elei\u00e7\u00e3o conselho-2\" title=\"Elei\u00e7\u00e3o conselho-2\" data-src=\"http:\/\/www.apucarana.pr.gov.br\/site\/wp-content\/uploads\/2025\/12\/Eleicao-conselho-2-1024x683.jpg\" \/>\n\t<a href=\"http:\/\/www.apucarana.pr.gov.br\/site\/wp-content\/uploads\/2025\/12\/Eleicao-conselho-2-1024x683.jpg\" target=\"_self\"    >Elei\u00e7\u00e3o conselho-2<\/a>\n\n\n\t<img decoding=\"async\" class=\"ms-thumb\" src=\"http:\/\/www.apucarana.pr.gov.br\/site\/wp-content\/uploads\/2025\/12\/Eleicao-conselho-2-1024x683-140x80.jpg\" alt=\"Elei\u00e7\u00e3o conselho-2\" \/>\n\t\t\t\t<\/div>\n\t\t\t<div  class=\"ms-slide\" data-delay=\"3\"    >\n\t\t\t\t\t<img decoding=\"async\" src=\"http:\/\/www.apucarana.pr.gov.br\/site\/wp-content\/plugins\/masterslider\/public\/assets\/css\/blank.gif\" alt=\"Elei\u00e7\u00e3o conselho-5\" title=\"Elei\u00e7\u00e3o conselho-5\" data-src=\"http:\/\/www.apucarana.pr.gov.br\/site\/wp-content\/uploads\/2025\/12\/Eleicao-conselho-5-1024x683.jpg\" \/>\n\t<a href=\"http:\/\/www.apucarana.pr.gov.br\/site\/wp-content\/uploads\/2025\/12\/Eleicao-conselho-5-1024x683.jpg\" target=\"_self\"    >Elei\u00e7\u00e3o conselho-5<\/a>\n\n\n\t<img decoding=\"async\" class=\"ms-thumb\" src=\"http:\/\/www.apucarana.pr.gov.br\/site\/wp-content\/uploads\/2025\/12\/Eleicao-conselho-5-1024x683-140x80.jpg\" alt=\"Elei\u00e7\u00e3o conselho-5\" \/>\n\t\t\t\t<\/div>\n\t\t\t<div  class=\"ms-slide\" data-delay=\"3\"    >\n\t\t\t\t\t<img decoding=\"async\" src=\"http:\/\/www.apucarana.pr.gov.br\/site\/wp-content\/plugins\/masterslider\/public\/assets\/css\/blank.gif\" alt=\"Elei\u00e7\u00e3o conselho-7\" title=\"Elei\u00e7\u00e3o conselho-7\" data-src=\"http:\/\/www.apucarana.pr.gov.br\/site\/wp-content\/uploads\/2025\/12\/Eleicao-conselho-7-1024x683.jpg\" \/>\n\t<a href=\"http:\/\/www.apucarana.pr.gov.br\/site\/wp-content\/uploads\/2025\/12\/Eleicao-conselho-7-1024x683.jpg\" target=\"_self\"    >Elei\u00e7\u00e3o conselho-7<\/a>\n\n\n\t<img decoding=\"async\" class=\"ms-thumb\" src=\"http:\/\/www.apucarana.pr.gov.br\/site\/wp-content\/uploads\/2025\/12\/Eleicao-conselho-7-1024x683-140x80.jpg\" alt=\"Elei\u00e7\u00e3o conselho-7\" \/>\n\t\t\t\t<\/div>\n\t\t\t<div  class=\"ms-slide\" data-delay=\"3\"    >\n\t\t\t\t\t<img decoding=\"async\" src=\"http:\/\/www.apucarana.pr.gov.br\/site\/wp-content\/plugins\/masterslider\/public\/assets\/css\/blank.gif\" alt=\"Elei\u00e7\u00e3o conselho-14\" title=\"Elei\u00e7\u00e3o conselho-14\" data-src=\"http:\/\/www.apucarana.pr.gov.br\/site\/wp-content\/uploads\/2025\/12\/Eleicao-conselho-14-1024x683.jpg\" \/>\n\t<a href=\"http:\/\/www.apucarana.pr.gov.br\/site\/wp-content\/uploads\/2025\/12\/Eleicao-conselho-14-1024x683.jpg\" target=\"_self\"    >Elei\u00e7\u00e3o conselho-14<\/a>\n\n\n\t<img decoding=\"async\" class=\"ms-thumb\" src=\"http:\/\/www.apucarana.pr.gov.br\/site\/wp-content\/uploads\/2025\/12\/Eleicao-conselho-14-1024x683-140x80.jpg\" alt=\"Elei\u00e7\u00e3o conselho-14\" \/>\n\t\t\t\t<\/div>\n\n\t\t\t<\/div>\n\t\t\t<!-- END MasterSlider Main -->\n\n\t\t\t \n\t\t<\/div>\n\t\t<!-- END MasterSlider -->\n\n\t\t<script>\n\t\t( window.MSReady = window.MSReady || [] ).push( function( $ ) {\n\n\t\t\t\"use strict\";\n\t\t\tvar masterslider_b587 = new MasterSlider();\n\n\t\t\t\/\/ slider controls\n\t\t\tmasterslider_b587.control('arrows'     ,{ autohide:true, overVideo:true  });\n\t\t\tmasterslider_b587.control('thumblist'  ,{ autohide:false, overVideo:true, dir:'h', speed:17, inset:false, arrows:false, hover:false, customClass:'', align:'bottom',type:'thumbs', margin:2, width:140, height:80, space:2, fillMode:'fill'  });\n\t\t\t\/\/ slider setup\n\t\t\tmasterslider_b587.setup(\"MS69efc2fd8b587\", {\n\t\t\t\twidth           : 960,\n\t\t\t\theight          : 540,\n\t\t\t\tminHeight       : 0,\n\t\t\t\tspace           : 0,\n\t\t\t\tstart           : 1,\n\t\t\t\tgrabCursor      : true,\n\t\t\t\tswipe           : true,\n\t\t\t\tmouse           : true,\n\t\t\t\tkeyboard        : false,\n\t\t\t\tlayout          : \"fillwidth\",\n\t\t\t\twheel           : false,\n\t\t\t\tautoplay        : true,\n                instantStartLayers:false,\n\t\t\t\tmobileBGVideo:false,\n\t\t\t\tloop            : true,\n\t\t\t\tshuffle         : false,\n\t\t\t\tpreload         : 3,\n\t\t\t\theightLimit     : false,\n\t\t\t\tautoHeight      : false,\n\t\t\t\tsmoothHeight    : true,\n\t\t\t\tendPause        : false,\n\t\t\t\toverPause       : false,\n\t\t\t\tfillMode        : \"fill\",\n\t\t\t\tcenterControls  : true,\n\t\t\t\tstartOnAppear   : false,\n\t\t\t\tlayersMode      : \"center\",\n\t\t\t\tautofillTarget  : \"\",\n\t\t\t\thideLayers      : false,\n\t\t\t\tfullscreenMargin: 0,\n\t\t\t\tspeed           : 17,\n\t\t\t\tdir             : \"h\",\n\t\t\t\tresponsive      : true,\n\t\t\t\ttabletWidth     : 768,\n\t\t\t\ttabletHeight    : null,\n\t\t\t\tphoneWidth      : 480,\n\t\t\t\tphoneHeight    : null,\n\t\t\t\tsizingReference : window,\n\t\t\t\tparallaxMode    : 'swipe',\n\t\t\t\tview            : \"basic\"\n\t\t\t});\n\n\t\t\t\n\t\t\twindow.masterslider_instances = window.masterslider_instances || [];\n\t\t\twindow.masterslider_instances.push( masterslider_b587 );\n\t\t});\n\t\t<\/script>\n\n\n<p>O Conselho Municipal de Meio Ambiente de Apucarana (COMMAP) elegeu, por unanimidade, na tarde desta sexta-feira (5\/12), a nova mesa diretora que conduzir\u00e1 os trabalhos no bi\u00eanio 2026-2027. Ap\u00f3s a vota\u00e7\u00e3o, ficou definido que o secret\u00e1rio municipal de Meio Ambiente, Diego Silva, assumir\u00e1 a presid\u00eancia do conselho. A vice-presid\u00eancia ficar\u00e1 a cargo de S\u00e9rgio Kowalski, representante da Associa\u00e7\u00e3o Comercial e Industrial de Apucarana (ACIA), enquanto o 1\u00ba secret\u00e1rio ser\u00e1 S\u00e9rgio Bobig, diretor da Secretaria Municipal de Meio Ambiente.<\/p>\n<p>A vota\u00e7\u00e3o ocorreu na Sala das Cerejeiras, no Centro Cultural F\u00eanix, e contou com a participa\u00e7\u00e3o dos conselheiros, representantes de diversos segmentos da sociedade civil e do vice-prefeito Marcos da Vila Reis.<\/p>\n<p>O COMMAP \u00e9 composto por 16 membros titulares e 16 suplentes, conforme estabelece a Lei Complementar n\u00ba 12\/2020. O colegiado re\u00fane representantes do poder executivo municipal e da sociedade civil, incluindo: Secretaria Municipal de Governo, Secretaria Municipal de Meio Ambiente, Vigil\u00e2ncia Sanit\u00e1ria, Secretaria Municipal de Agricultura, Instituto de Desenvolvimento, Pesquisa e Planejamento (IDEPPLAN), N\u00facleo Regional de Educa\u00e7\u00e3o (NRE), Instituto de Desenvolvimento Rural do Paran\u00e1, Companhia de Saneamento do Paran\u00e1 (Sanepar), Entidade de Defesa e Prote\u00e7\u00e3o do Meio Ambiete GAIA, Ordem dos Advogados do Brasil (OAB), Associa\u00e7\u00e3o dos Engenheiros e Arquitetos de Apucarana (AEAA), Cooperativa dos Catadores de Materiais Recicl\u00e1veis de Apucarana (COCAP), Sindicato Rural Patronal, Universidade Tecnol\u00f3gica Federal do Paran\u00e1 (UTFPR), Uni\u00e3o de Mutu\u00e1rios e Moradores de Apucarana (UMMA) e Associa\u00e7\u00e3o Comercial e Industrial de Apucarana (ACIA).<\/p>\n<p>O vice-prefeito Marcos da Vila Reis ressaltou a import\u00e2ncia do \u00f3rg\u00e3o para a gest\u00e3o ambiental do munic\u00edpio. \u201cO COMMAP desempenha um papel fundamental ao fortalecer o di\u00e1logo entre o poder p\u00fablico e a sociedade civil. \u00c9 um espa\u00e7o que garante transpar\u00eancia, participa\u00e7\u00e3o social e decis\u00f5es respons\u00e1veis em favor do meio ambiente\u201d, afirmou.<\/p>\n<p>O conselho tem a fun\u00e7\u00e3o de opinar e assessorar o poder executivo em quest\u00f5es ambientais. Entre suas atribui\u00e7\u00f5es est\u00e3o propor diretrizes para a Pol\u00edtica Municipal de Meio Ambiente, deliberar sobre a aplica\u00e7\u00e3o dos recursos do Fundo Municipal do Meio Ambiente, analisar previamente planos e programas de trabalho da Secretaria Municipal de Meio Ambiente e acompanhar atividades com potencial de impacto ambiental, garantindo que atendam \u00e0s normas e padr\u00f5es legais.<\/p>\n","protected":false},"excerpt":{"rendered":"<p>O Conselho Municipal de Meio Ambiente de Apucarana (COMMAP) elegeu, por unanimidade, na tarde desta sexta-feira (5\/12), a nova mesa diretora que conduzir&aacute; os trabalhos no bi&ecirc;nio 2026-2027. Ap&oacute;s a vota&ccedil;&atilde;o, ficou definido que o secret&aacute;rio municipal de Meio Ambiente, Diego Silva, assumir&aacute; a presid&ecirc;ncia do conselho. A vice-presid&ecirc;ncia ficar&aacute; a cargo de S&eacute;rgio Kowalski, [&hellip;]<\/p>\n","protected":false},"author":8,"featured_media":121028,"comment_status":"closed","ping_status":"closed","sticky":false,"template":"","format":"standard","meta":{"footnotes":""},"categories":[24],"tags":[],"class_list":["post-121026","post","type-post","status-publish","format-standard","has-post-thumbnail","hentry","category-noticias"],"acf":[],"_links":{"self":[{"href":"http:\/\/www.apucarana.pr.gov.br\/site\/wp-json\/wp\/v2\/posts\/121026","targetHints":{"allow":["GET"]}}],"collection":[{"href":"http:\/\/www.apucarana.pr.gov.br\/site\/wp-json\/wp\/v2\/posts"}],"about":[{"href":"http:\/\/www.apucarana.pr.gov.br\/site\/wp-json\/wp\/v2\/types\/post"}],"author":[{"embeddable":true,"href":"http:\/\/www.apucarana.pr.gov.br\/site\/wp-json\/wp\/v2\/users\/8"}],"replies":[{"embeddable":true,"href":"http:\/\/www.apucarana.pr.gov.br\/site\/wp-json\/wp\/v2\/comments?post=121026"}],"version-history":[{"count":2,"href":"http:\/\/www.apucarana.pr.gov.br\/site\/wp-json\/wp\/v2\/posts\/121026\/revisions"}],"predecessor-version":[{"id":121034,"href":"http:\/\/www.apucarana.pr.gov.br\/site\/wp-json\/wp\/v2\/posts\/121026\/revisions\/121034"}],"wp:featuredmedia":[{"embeddable":true,"href":"http:\/\/www.apucarana.pr.gov.br\/site\/wp-json\/wp\/v2\/media\/121028"}],"wp:attachment":[{"href":"http:\/\/www.apucarana.pr.gov.br\/site\/wp-json\/wp\/v2\/media?parent=121026"}],"wp:term":[{"taxonomy":"category","embeddable":true,"href":"http:\/\/www.apucarana.pr.gov.br\/site\/wp-json\/wp\/v2\/categories?post=121026"},{"taxonomy":"post_tag","embeddable":true,"href":"http:\/\/www.apucarana.pr.gov.br\/site\/wp-json\/wp\/v2\/tags?post=121026"}],"curies":[{"name":"wp","href":"https:\/\/api.w.org\/{rel}","templated":true}]}}