{"id":121021,"date":"2025-12-05T14:58:03","date_gmt":"2025-12-05T17:58:03","guid":{"rendered":"https:\/\/www.apucarana.pr.gov.br\/site\/?p=121021"},"modified":"2025-12-05T14:58:03","modified_gmt":"2025-12-05T17:58:03","slug":"natal-da-familia-tera-passeios-com-jardineira-iluminada-da-viacao-apucarana","status":"publish","type":"post","link":"http:\/\/www.apucarana.pr.gov.br\/site\/natal-da-familia-tera-passeios-com-jardineira-iluminada-da-viacao-apucarana\/","title":{"rendered":"\u201cNatal da Fam\u00edlia\u201d ter\u00e1 passeios com jardineira iluminada da Via\u00e7\u00e3o Apucarana"},"content":{"rendered":"\n\t\t<!-- MasterSlider -->\n\t\t<div id=\"P_MS69efaf87ea7a9\" class=\"master-slider-parent master-slider-gallery   ms-parent-id-0\" style=\"\" >\n\n\t\t\t\n\t\t\t<!-- MasterSlider Main -->\n\t\t\t<div id=\"MS69efaf87ea7a9\" class=\"master-slider ms-skin-default\" >\n\t\t\t\t \t\t\t\t \n\t\t\t<div  class=\"ms-slide\" data-delay=\"3\"    >\n\t\t\t\t\t<img decoding=\"async\" src=\"http:\/\/www.apucarana.pr.gov.br\/site\/wp-content\/plugins\/masterslider\/public\/assets\/css\/blank.gif\" alt=\"\u00d4nibus_-4\" title=\"\u00d4nibus_-4\" data-src=\"http:\/\/www.apucarana.pr.gov.br\/site\/wp-content\/uploads\/2025\/12\/Onibus_-4-1024x1024.jpg\" \/>\n\t<a href=\"http:\/\/www.apucarana.pr.gov.br\/site\/wp-content\/uploads\/2025\/12\/Onibus_-4-1024x1024.jpg\" target=\"_self\"    >\u00d4nibus_-4<\/a>\n\n\n\t<img decoding=\"async\" class=\"ms-thumb\" src=\"http:\/\/www.apucarana.pr.gov.br\/site\/wp-content\/uploads\/2025\/12\/Onibus_-4-1024x1024-140x80.jpg\" alt=\"\u00d4nibus_-4\" \/>\n\t\t\t\t<\/div>\n\t\t\t<div  class=\"ms-slide\" data-delay=\"3\"    >\n\t\t\t\t\t<img decoding=\"async\" src=\"http:\/\/www.apucarana.pr.gov.br\/site\/wp-content\/plugins\/masterslider\/public\/assets\/css\/blank.gif\" alt=\"\u00d4nibus_-5\" title=\"\u00d4nibus_-5\" data-src=\"http:\/\/www.apucarana.pr.gov.br\/site\/wp-content\/uploads\/2025\/12\/Onibus_-5-1024x698.jpg\" \/>\n\t<a href=\"http:\/\/www.apucarana.pr.gov.br\/site\/wp-content\/uploads\/2025\/12\/Onibus_-5-1024x698.jpg\" target=\"_self\"    >\u00d4nibus_-5<\/a>\n\n\n\t<img decoding=\"async\" class=\"ms-thumb\" src=\"http:\/\/www.apucarana.pr.gov.br\/site\/wp-content\/uploads\/2025\/12\/Onibus_-5-1024x698-140x80.jpg\" alt=\"\u00d4nibus_-5\" \/>\n\t\t\t\t<\/div>\n\t\t\t<div  class=\"ms-slide\" data-delay=\"3\"    >\n\t\t\t\t\t<img decoding=\"async\" src=\"http:\/\/www.apucarana.pr.gov.br\/site\/wp-content\/plugins\/masterslider\/public\/assets\/css\/blank.gif\" alt=\"\u00d4nibus_-6\" title=\"\u00d4nibus_-6\" data-src=\"http:\/\/www.apucarana.pr.gov.br\/site\/wp-content\/uploads\/2025\/12\/Onibus_-6-1024x683.jpg\" \/>\n\t<a href=\"http:\/\/www.apucarana.pr.gov.br\/site\/wp-content\/uploads\/2025\/12\/Onibus_-6-1024x683.jpg\" target=\"_self\"    >\u00d4nibus_-6<\/a>\n\n\n\t<img decoding=\"async\" class=\"ms-thumb\" src=\"http:\/\/www.apucarana.pr.gov.br\/site\/wp-content\/uploads\/2025\/12\/Onibus_-6-1024x683-140x80.jpg\" alt=\"\u00d4nibus_-6\" \/>\n\t\t\t\t<\/div>\n\n\t\t\t<\/div>\n\t\t\t<!-- END MasterSlider Main -->\n\n\t\t\t \n\t\t<\/div>\n\t\t<!-- END MasterSlider -->\n\n\t\t<script>\n\t\t( window.MSReady = window.MSReady || [] ).push( function( $ ) {\n\n\t\t\t\"use strict\";\n\t\t\tvar masterslider_a7a9 = new MasterSlider();\n\n\t\t\t\/\/ slider controls\n\t\t\tmasterslider_a7a9.control('arrows'     ,{ autohide:true, overVideo:true  });\n\t\t\tmasterslider_a7a9.control('thumblist'  ,{ autohide:false, overVideo:true, dir:'h', speed:17, inset:false, arrows:false, hover:false, customClass:'', align:'bottom',type:'thumbs', margin:2, width:140, height:80, space:2, fillMode:'fill'  });\n\t\t\t\/\/ slider setup\n\t\t\tmasterslider_a7a9.setup(\"MS69efaf87ea7a9\", {\n\t\t\t\twidth           : 960,\n\t\t\t\theight          : 540,\n\t\t\t\tminHeight       : 0,\n\t\t\t\tspace           : 0,\n\t\t\t\tstart           : 1,\n\t\t\t\tgrabCursor      : true,\n\t\t\t\tswipe           : true,\n\t\t\t\tmouse           : true,\n\t\t\t\tkeyboard        : false,\n\t\t\t\tlayout          : \"fillwidth\",\n\t\t\t\twheel           : false,\n\t\t\t\tautoplay        : true,\n                instantStartLayers:false,\n\t\t\t\tmobileBGVideo:false,\n\t\t\t\tloop            : true,\n\t\t\t\tshuffle         : false,\n\t\t\t\tpreload         : 3,\n\t\t\t\theightLimit     : false,\n\t\t\t\tautoHeight      : false,\n\t\t\t\tsmoothHeight    : true,\n\t\t\t\tendPause        : false,\n\t\t\t\toverPause       : false,\n\t\t\t\tfillMode        : \"fill\",\n\t\t\t\tcenterControls  : true,\n\t\t\t\tstartOnAppear   : false,\n\t\t\t\tlayersMode      : \"center\",\n\t\t\t\tautofillTarget  : \"\",\n\t\t\t\thideLayers      : false,\n\t\t\t\tfullscreenMargin: 0,\n\t\t\t\tspeed           : 17,\n\t\t\t\tdir             : \"h\",\n\t\t\t\tresponsive      : true,\n\t\t\t\ttabletWidth     : 768,\n\t\t\t\ttabletHeight    : null,\n\t\t\t\tphoneWidth      : 480,\n\t\t\t\tphoneHeight    : null,\n\t\t\t\tsizingReference : window,\n\t\t\t\tparallaxMode    : 'swipe',\n\t\t\t\tview            : \"basic\"\n\t\t\t});\n\n\t\t\t\n\t\t\twindow.masterslider_instances = window.masterslider_instances || [];\n\t\t\twindow.masterslider_instances.push( masterslider_a7a9 );\n\t\t});\n\t\t<\/script>\n\n\n<p>A partir de segunda-feira (08\/12), o Natal da Fam\u00edlia de Apucarana contar\u00e1 com mais uma grande atra\u00e7\u00e3o. A Secretaria Municipal da Cultura e Turismo confirmou que a concession\u00e1ria do transporte coletivo de passageiros \u2013 Via\u00e7\u00e3o Apucarana Ltda. (VAL) \u2013 dar\u00e1 in\u00edcio a passeios gratuitos com a jardineira iluminada da empresa.<\/p>\n<p>O trajeto ter\u00e1 como ponto de partida a Pra\u00e7a Rui Barbosa at\u00e9 o Parque Municipal Jaboti, com retorno ao centro. A atra\u00e7\u00e3o natalina, em parceria com a Prefeitura de Apucarana, contar\u00e1 com a presen\u00e7a do Papai Noel, que estar\u00e1 atendendo as crian\u00e7as e distribuindo doces em todos os dias da programa\u00e7\u00e3o. O prefeito Rodolfo Mota destaca que a jardineira iluminada j\u00e1 virou uma tradi\u00e7\u00e3o na cidade. \u201cQuero agradecer a VAL pela parceria, pela criatividade e pela disposi\u00e7\u00e3o em presentear nossas crian\u00e7as com momentos de encanto e alegria. Por isso, fa\u00e7o um convite especial \u00e0s fam\u00edlias: venham para o centro, tragam as crian\u00e7as, participem, embarquem nesse passeio m\u00e1gico. Nosso Natal \u00e9 feito para voc\u00eas, com muito amor, cuidado e organiza\u00e7\u00e3o. Vamos celebrar juntos esse tempo de uni\u00e3o, f\u00e9 e esperan\u00e7a\u201d, convida o prefeito.<\/p>\n<p>Ao solicitar a reserva de vagas para a instala\u00e7\u00e3o do ponto de embarque e desembarque defronte \u00e0 ag\u00eancia da Caixa Econ\u00f4mica Federal (CEF), a empresa informou que a previs\u00e3o \u00e9 que sejam realizados pelo menos cinco passeios por noite, de segunda a s\u00e1bado, das 19 \u00e0s 22h30, at\u00e9 o dia 23 de dezembro. O secret\u00e1rio municipal de Cultura e Turismo, Rodrigo Li\u00e9vore \u201cRecife\u201d, informa que tamb\u00e9m nesta segunda-feira (08\/12) tem in\u00edcio o atendimento do Papai Noel da prefeitura na Pra\u00e7a Rui Barbosa, coincidindo com o per\u00edodo de funcionamento do com\u00e9rcio \u00e0 noite.<\/p>\n<p>Ele frisa que uma extensa agenda art\u00edstica e cultura j\u00e1 est\u00e1 em andamento desde o final de novembro, tendo como um das protagonistas da programa\u00e7\u00e3o a Escola Municipal de Artes, com as turmas de alunos promovendo diversas apresenta\u00e7\u00f5es gratuitas (ver programa\u00e7\u00e3o completa) na m\u00fasica, dan\u00e7a e teatro. \u201cUma a\u00e7\u00e3o in\u00e9dita est\u00e1 sendo a \u201cFant\u00e1stica F\u00e1brica do Papai Noel\u201d, um\u00a0projeto cultural itinerante\u00a0que transforma um \u00f4nibus em um espa\u00e7o c\u00eanico e sensorial que fica at\u00e9 domingo na Pra\u00e7a Rui Barbosa promovendo a magia do Natal\u201d, ilustra Recife.<\/p>\n<p><strong>Servi\u00e7o<\/strong> &#8211; A s\u00e9rie de eventos culturais e apresenta\u00e7\u00f5es do \u201cNatal da Fam\u00edlia\u201d est\u00e3o dispon\u00edveis para consulta nos canais oficiais online da Prefeitura e da Secretaria de Cultura e Turismo.<\/p>\n<p><strong><u>Programa\u00e7\u00e3o completa do Natal da Fam\u00edlia<\/p>\n<p><\/u><\/strong>07\/12 (domingo) \u2013 Apresenta\u00e7\u00e3o de Ballet Adulto, com alunos da Escola Municipal de Artes (Cine Teatro, 18h)<br \/>\n08\/12 (segunda-feira) &#8211; abertura do com\u00e9rcio no per\u00edodo noturno.<br \/>\n08\/12 (segunda-feira) &#8211; in\u00edcio passeios com a jardineira iluminada da Via\u00e7\u00e3o Apucarana Ltda. (VAL)<br \/>\n08 e 09\/12 (segunda e ter\u00e7a) \u2013 Apresenta\u00e7\u00f5es de Piano, com alunos da Escola Municipal de Artes (Cine Teatro, 19h30)<br \/>\n09\/12 (ter\u00e7a-feira) \u2013 Premia\u00e7\u00e3o dos estudantes das escolas municipais que conquistaram medalhas na Olimp\u00edada Brasileira de Astronomia e Astron\u00e1utica (Lago\u00e3o)<br \/>\n10\/12 (quarta) \u2013 Concerto de Natal, com a Orquestra de Cordas da Escola Municipal de Artes (Cine Teatro, 19h30)<br \/>\n13\/12 (s\u00e1bado) \u2013 Apresenta\u00e7\u00e3o \u201cNatal Luz\u201d, espet\u00e1culo de express\u00e3o corporal dos alunos das escolas municipais de Apucarana (Lago\u00e3o)<br \/>\n14\/12 (domingo) \u2013 Chamamento de Artistas (Pra\u00e7a do 28, 16h; Plat\u00f4 da Catedral, 20h)<br \/>\n15 a 18\/12 (segunda a quinta) \u2013 Chamamento de Artistas \u2013 Plat\u00f4 da Catedral (19h30)<br \/>\n19\/12 (sexta) \u2013 Encerramento da Programa\u00e7\u00e3o de Natal (19h30)<br \/>\n\u2013 Coral da Escola Municipal de Artes<br \/>\n\u2013 Concerto da Banda Municipal<br \/>\n21\/12 (domingo) \u2013 Chamamento de Artistas (Pra\u00e7a do 28, 16h; Plat\u00f4 da Catedral, 20h)<\/p>\n","protected":false},"excerpt":{"rendered":"<p>A partir de segunda-feira (08\/12), o Natal da Fam&iacute;lia de Apucarana contar&aacute; com mais uma grande atra&ccedil;&atilde;o. A Secretaria Municipal da Cultura e Turismo confirmou que a concession&aacute;ria do transporte coletivo de passageiros &ndash; Via&ccedil;&atilde;o Apucarana Ltda. (VAL) &ndash; dar&aacute; in&iacute;cio a passeios gratuitos com a jardineira iluminada da empresa. O trajeto ter&aacute; como ponto [&hellip;]<\/p>\n","protected":false},"author":7,"featured_media":121023,"comment_status":"closed","ping_status":"closed","sticky":false,"template":"","format":"standard","meta":{"footnotes":""},"categories":[24],"tags":[],"class_list":["post-121021","post","type-post","status-publish","format-standard","has-post-thumbnail","hentry","category-noticias"],"acf":[],"_links":{"self":[{"href":"http:\/\/www.apucarana.pr.gov.br\/site\/wp-json\/wp\/v2\/posts\/121021","targetHints":{"allow":["GET"]}}],"collection":[{"href":"http:\/\/www.apucarana.pr.gov.br\/site\/wp-json\/wp\/v2\/posts"}],"about":[{"href":"http:\/\/www.apucarana.pr.gov.br\/site\/wp-json\/wp\/v2\/types\/post"}],"author":[{"embeddable":true,"href":"http:\/\/www.apucarana.pr.gov.br\/site\/wp-json\/wp\/v2\/users\/7"}],"replies":[{"embeddable":true,"href":"http:\/\/www.apucarana.pr.gov.br\/site\/wp-json\/wp\/v2\/comments?post=121021"}],"version-history":[{"count":1,"href":"http:\/\/www.apucarana.pr.gov.br\/site\/wp-json\/wp\/v2\/posts\/121021\/revisions"}],"predecessor-version":[{"id":121025,"href":"http:\/\/www.apucarana.pr.gov.br\/site\/wp-json\/wp\/v2\/posts\/121021\/revisions\/121025"}],"wp:featuredmedia":[{"embeddable":true,"href":"http:\/\/www.apucarana.pr.gov.br\/site\/wp-json\/wp\/v2\/media\/121023"}],"wp:attachment":[{"href":"http:\/\/www.apucarana.pr.gov.br\/site\/wp-json\/wp\/v2\/media?parent=121021"}],"wp:term":[{"taxonomy":"category","embeddable":true,"href":"http:\/\/www.apucarana.pr.gov.br\/site\/wp-json\/wp\/v2\/categories?post=121021"},{"taxonomy":"post_tag","embeddable":true,"href":"http:\/\/www.apucarana.pr.gov.br\/site\/wp-json\/wp\/v2\/tags?post=121021"}],"curies":[{"name":"wp","href":"https:\/\/api.w.org\/{rel}","templated":true}]}}