{"id":121003,"date":"2025-12-05T11:54:09","date_gmt":"2025-12-05T14:54:09","guid":{"rendered":"https:\/\/www.apucarana.pr.gov.br\/site\/?p=121003"},"modified":"2025-12-05T12:02:52","modified_gmt":"2025-12-05T15:02:52","slug":"ix-encontro-cientifico-marca-o-encerramento-do-ciclo-formativo-dos-programas-de-residencia-em-area-da-saude-de-apucarana","status":"publish","type":"post","link":"http:\/\/www.apucarana.pr.gov.br\/site\/ix-encontro-cientifico-marca-o-encerramento-do-ciclo-formativo-dos-programas-de-residencia-em-area-da-saude-de-apucarana\/","title":{"rendered":"IX Encontro Cient\u00edfico marca o encerramento do ciclo formativo dos Programas de Resid\u00eancia em \u00c1rea da Sa\u00fade de Apucarana"},"content":{"rendered":"\n\t\t<!-- MasterSlider -->\n\t\t<div id=\"P_MS69efaf325434e\" class=\"master-slider-parent master-slider-gallery   ms-parent-id-0\" style=\"\" >\n\n\t\t\t\n\t\t\t<!-- MasterSlider Main -->\n\t\t\t<div id=\"MS69efaf325434e\" class=\"master-slider ms-skin-default\" >\n\t\t\t\t \t\t\t\t \n\t\t\t<div  class=\"ms-slide\" data-delay=\"3\"    >\n\t\t\t\t\t<img decoding=\"async\" src=\"http:\/\/www.apucarana.pr.gov.br\/site\/wp-content\/plugins\/masterslider\/public\/assets\/css\/blank.gif\" alt=\"Palestra\" title=\"Palestra\" data-src=\"http:\/\/www.apucarana.pr.gov.br\/site\/wp-content\/uploads\/2025\/12\/Palestra-1024x683.jpg\" \/>\n\t<a href=\"http:\/\/www.apucarana.pr.gov.br\/site\/wp-content\/uploads\/2025\/12\/Palestra-1024x683.jpg\" target=\"_self\"    >Palestra<\/a>\n\n\n\t<img decoding=\"async\" class=\"ms-thumb\" src=\"http:\/\/www.apucarana.pr.gov.br\/site\/wp-content\/uploads\/2025\/12\/Palestra-1024x683-140x80.jpg\" alt=\"Palestra\" \/>\n\t\t\t\t<\/div>\n\t\t\t<div  class=\"ms-slide\" data-delay=\"3\"    >\n\t\t\t\t\t<img decoding=\"async\" src=\"http:\/\/www.apucarana.pr.gov.br\/site\/wp-content\/plugins\/masterslider\/public\/assets\/css\/blank.gif\" alt=\"Palestra-4\" title=\"Palestra-4\" data-src=\"http:\/\/www.apucarana.pr.gov.br\/site\/wp-content\/uploads\/2025\/12\/Palestra-4-1024x683.jpg\" \/>\n\t<a href=\"http:\/\/www.apucarana.pr.gov.br\/site\/wp-content\/uploads\/2025\/12\/Palestra-4-1024x683.jpg\" target=\"_self\"    >Palestra-4<\/a>\n\n\n\t<img decoding=\"async\" class=\"ms-thumb\" src=\"http:\/\/www.apucarana.pr.gov.br\/site\/wp-content\/uploads\/2025\/12\/Palestra-4-1024x683-140x80.jpg\" alt=\"Palestra-4\" \/>\n\t\t\t\t<\/div>\n\t\t\t<div  class=\"ms-slide\" data-delay=\"3\"    >\n\t\t\t\t\t<img decoding=\"async\" src=\"http:\/\/www.apucarana.pr.gov.br\/site\/wp-content\/plugins\/masterslider\/public\/assets\/css\/blank.gif\" alt=\"Palestra-15\" title=\"Palestra-15\" data-src=\"http:\/\/www.apucarana.pr.gov.br\/site\/wp-content\/uploads\/2025\/12\/Palestra-15-1024x683.jpg\" \/>\n\t<a href=\"http:\/\/www.apucarana.pr.gov.br\/site\/wp-content\/uploads\/2025\/12\/Palestra-15-1024x683.jpg\" target=\"_self\"    >Palestra-15<\/a>\n\n\n\t<img decoding=\"async\" class=\"ms-thumb\" src=\"http:\/\/www.apucarana.pr.gov.br\/site\/wp-content\/uploads\/2025\/12\/Palestra-15-1024x683-140x80.jpg\" alt=\"Palestra-15\" \/>\n\t\t\t\t<\/div>\n\t\t\t<div  class=\"ms-slide\" data-delay=\"3\"    >\n\t\t\t\t\t<img decoding=\"async\" src=\"http:\/\/www.apucarana.pr.gov.br\/site\/wp-content\/plugins\/masterslider\/public\/assets\/css\/blank.gif\" alt=\"Palestra-17\" title=\"Palestra-17\" data-src=\"http:\/\/www.apucarana.pr.gov.br\/site\/wp-content\/uploads\/2025\/12\/Palestra-17-1024x683.jpg\" \/>\n\t<a href=\"http:\/\/www.apucarana.pr.gov.br\/site\/wp-content\/uploads\/2025\/12\/Palestra-17-1024x683.jpg\" target=\"_self\"    >Palestra-17<\/a>\n\n\n\t<img decoding=\"async\" class=\"ms-thumb\" src=\"http:\/\/www.apucarana.pr.gov.br\/site\/wp-content\/uploads\/2025\/12\/Palestra-17-1024x683-140x80.jpg\" alt=\"Palestra-17\" \/>\n\t\t\t\t<\/div>\n\n\t\t\t<\/div>\n\t\t\t<!-- END MasterSlider Main -->\n\n\t\t\t \n\t\t<\/div>\n\t\t<!-- END MasterSlider -->\n\n\t\t<script>\n\t\t( window.MSReady = window.MSReady || [] ).push( function( $ ) {\n\n\t\t\t\"use strict\";\n\t\t\tvar masterslider_434e = new MasterSlider();\n\n\t\t\t\/\/ slider controls\n\t\t\tmasterslider_434e.control('arrows'     ,{ autohide:true, overVideo:true  });\n\t\t\tmasterslider_434e.control('thumblist'  ,{ autohide:false, overVideo:true, dir:'h', speed:17, inset:false, arrows:false, hover:false, customClass:'', align:'bottom',type:'thumbs', margin:2, width:140, height:80, space:2, fillMode:'fill'  });\n\t\t\t\/\/ slider setup\n\t\t\tmasterslider_434e.setup(\"MS69efaf325434e\", {\n\t\t\t\twidth           : 960,\n\t\t\t\theight          : 540,\n\t\t\t\tminHeight       : 0,\n\t\t\t\tspace           : 0,\n\t\t\t\tstart           : 1,\n\t\t\t\tgrabCursor      : true,\n\t\t\t\tswipe           : true,\n\t\t\t\tmouse           : true,\n\t\t\t\tkeyboard        : false,\n\t\t\t\tlayout          : \"fillwidth\",\n\t\t\t\twheel           : false,\n\t\t\t\tautoplay        : true,\n                instantStartLayers:false,\n\t\t\t\tmobileBGVideo:false,\n\t\t\t\tloop            : true,\n\t\t\t\tshuffle         : false,\n\t\t\t\tpreload         : 3,\n\t\t\t\theightLimit     : false,\n\t\t\t\tautoHeight      : false,\n\t\t\t\tsmoothHeight    : true,\n\t\t\t\tendPause        : false,\n\t\t\t\toverPause       : false,\n\t\t\t\tfillMode        : \"fill\",\n\t\t\t\tcenterControls  : true,\n\t\t\t\tstartOnAppear   : false,\n\t\t\t\tlayersMode      : \"center\",\n\t\t\t\tautofillTarget  : \"\",\n\t\t\t\thideLayers      : false,\n\t\t\t\tfullscreenMargin: 0,\n\t\t\t\tspeed           : 17,\n\t\t\t\tdir             : \"h\",\n\t\t\t\tresponsive      : true,\n\t\t\t\ttabletWidth     : 768,\n\t\t\t\ttabletHeight    : null,\n\t\t\t\tphoneWidth      : 480,\n\t\t\t\tphoneHeight    : null,\n\t\t\t\tsizingReference : window,\n\t\t\t\tparallaxMode    : 'swipe',\n\t\t\t\tview            : \"basic\"\n\t\t\t});\n\n\t\t\t\n\t\t\twindow.masterslider_instances = window.masterslider_instances || [];\n\t\t\twindow.masterslider_instances.push( masterslider_434e );\n\t\t});\n\t\t<\/script>\n\n\n<p>A Prefeitura de Apucarana promoveu, entre os dias 3 e 5 de dezembro, no audit\u00f3rio da subse\u00e7\u00e3o da Ordem dos Advogados do Brasil (OAB), o IX Encontro Cient\u00edfico dos Programas de Resid\u00eancia em \u00c1rea da Sa\u00fade, vinculados \u00e0 Autarquia Municipal de Sa\u00fade (AMS). Ao longo dos tr\u00eas dias, 38 profissionais apresentaram seus Trabalhos de Conclus\u00e3o de Resid\u00eancia, consolidando um ciclo formativo pautado pelo rigor metodol\u00f3gico, compromisso \u00e9tico e contribui\u00e7\u00e3o direta para o fortalecimento do Sistema \u00danico de Sa\u00fade (SUS).<\/p>\n<p>As pesquisas foram desenvolvidas sob orienta\u00e7\u00e3o dos tutores docentes dos Programas de Resid\u00eancia em Aten\u00e7\u00e3o B\u00e1sica \u00e0 Sa\u00fade da Fam\u00edlia, Sa\u00fade Mental, Enfermagem Obst\u00e9trica e Medicina de Fam\u00edlia e Comunidade, al\u00e9m de profissionais angolanas que realizam colabora\u00e7\u00e3o acad\u00eamica decorrente do Termo de Coopera\u00e7\u00e3o Brasil\u2013Angola.<\/p>\n<p>A coordenadora dos Programas de Resid\u00eancia Multiprofissional da AMS, Adriana Pal\u00fa, destacou a relev\u00e2ncia acad\u00eamica e social das apresenta\u00e7\u00f5es. \u201cAs resid\u00eancias em sa\u00fade s\u00e3o consideradas padr\u00e3o ouro na forma\u00e7\u00e3o de trabalhadores para o SUS. Nossos programas s\u00e3o financiados pelo Minist\u00e9rio da Sa\u00fade e, entre os pr\u00e9-requisitos para a conclus\u00e3o do curso, est\u00e1 a execu\u00e7\u00e3o e apresenta\u00e7\u00e3o de um projeto de pesquisa. Isso \u00e9 fundamental porque traz resultados importantes tanto para a ci\u00eancia quanto para a sociedade\u201d, afirmou.<\/p>\n<p>Segundo Adriana, o encontro representa um marco para os residentes. \u201cO IX Encontro Cient\u00edfico encerra o ciclo formativo desses profissionais de maneira significativa, pois devolve para a sociedade os resultados das suas pesquisas\u201d, acrescentou.<\/p>\n<p>Os 38 residentes que participaram do evento pertencem \u00e0s \u00e1reas de Enfermagem, Fisioterapia, Psicologia, Odontologia, Farm\u00e1cia, Educa\u00e7\u00e3o F\u00edsica e Servi\u00e7o Social, distribu\u00eddos nos programas de Enfermagem Obst\u00e9trica, Sa\u00fade Mental, Aten\u00e7\u00e3o B\u00e1sica \u00e0 Sa\u00fade da Fam\u00edlia e Medicina de Fam\u00edlia e Comunidade.<\/p>\n<p>A coordenadora Adriana Pal\u00fa acrescentou que a gest\u00e3o p\u00fablica do munic\u00edpio valoriza muito os programas de resid\u00eancia. \u201cA gest\u00e3o compreende que os programas de resid\u00eancia ampliam o acesso da popula\u00e7\u00e3o aos servi\u00e7os de sa\u00fade e qualificam os processos de trabalho. Ao ver as apresenta\u00e7\u00f5es do IX Encontro Cient\u00edfico, temos certeza de que isso se confirma na pr\u00e1tica\u201d, concluiu.<\/p>\n<p>A cerim\u00f4nia de formatura dos residentes est\u00e1 marcada para o pr\u00f3ximo dia 18 de dezembro, \u00e0s 19 horas, em solenidade no Cine Teatro.<\/p>\n","protected":false},"excerpt":{"rendered":"<p>A Prefeitura de Apucarana promoveu, entre os dias 3 e 5 de dezembro, no audit&oacute;rio da subse&ccedil;&atilde;o da Ordem dos Advogados do Brasil (OAB), o IX Encontro Cient&iacute;fico dos Programas de Resid&ecirc;ncia em &Aacute;rea da Sa&uacute;de, vinculados &agrave; Autarquia Municipal de Sa&uacute;de (AMS). Ao longo dos tr&ecirc;s dias, 38 profissionais apresentaram seus Trabalhos de Conclus&atilde;o [&hellip;]<\/p>\n","protected":false},"author":8,"featured_media":121007,"comment_status":"closed","ping_status":"closed","sticky":false,"template":"","format":"standard","meta":{"footnotes":""},"categories":[24],"tags":[],"class_list":["post-121003","post","type-post","status-publish","format-standard","has-post-thumbnail","hentry","category-noticias"],"acf":[],"_links":{"self":[{"href":"http:\/\/www.apucarana.pr.gov.br\/site\/wp-json\/wp\/v2\/posts\/121003","targetHints":{"allow":["GET"]}}],"collection":[{"href":"http:\/\/www.apucarana.pr.gov.br\/site\/wp-json\/wp\/v2\/posts"}],"about":[{"href":"http:\/\/www.apucarana.pr.gov.br\/site\/wp-json\/wp\/v2\/types\/post"}],"author":[{"embeddable":true,"href":"http:\/\/www.apucarana.pr.gov.br\/site\/wp-json\/wp\/v2\/users\/8"}],"replies":[{"embeddable":true,"href":"http:\/\/www.apucarana.pr.gov.br\/site\/wp-json\/wp\/v2\/comments?post=121003"}],"version-history":[{"count":2,"href":"http:\/\/www.apucarana.pr.gov.br\/site\/wp-json\/wp\/v2\/posts\/121003\/revisions"}],"predecessor-version":[{"id":121010,"href":"http:\/\/www.apucarana.pr.gov.br\/site\/wp-json\/wp\/v2\/posts\/121003\/revisions\/121010"}],"wp:featuredmedia":[{"embeddable":true,"href":"http:\/\/www.apucarana.pr.gov.br\/site\/wp-json\/wp\/v2\/media\/121007"}],"wp:attachment":[{"href":"http:\/\/www.apucarana.pr.gov.br\/site\/wp-json\/wp\/v2\/media?parent=121003"}],"wp:term":[{"taxonomy":"category","embeddable":true,"href":"http:\/\/www.apucarana.pr.gov.br\/site\/wp-json\/wp\/v2\/categories?post=121003"},{"taxonomy":"post_tag","embeddable":true,"href":"http:\/\/www.apucarana.pr.gov.br\/site\/wp-json\/wp\/v2\/tags?post=121003"}],"curies":[{"name":"wp","href":"https:\/\/api.w.org\/{rel}","templated":true}]}}