{"id":120988,"date":"2025-12-04T17:51:20","date_gmt":"2025-12-04T20:51:20","guid":{"rendered":"https:\/\/www.apucarana.pr.gov.br\/site\/?p=120988"},"modified":"2025-12-05T12:06:34","modified_gmt":"2025-12-05T15:06:34","slug":"secretaria-de-transito-de-apucarana-revisa-tempo-semaforico-e-proibe-conversao-a-esquerda-em-trecho-da-avenida-curitiba-na-barra-funda","status":"publish","type":"post","link":"http:\/\/www.apucarana.pr.gov.br\/site\/secretaria-de-transito-de-apucarana-revisa-tempo-semaforico-e-proibe-conversao-a-esquerda-em-trecho-da-avenida-curitiba-na-barra-funda\/","title":{"rendered":"Secretaria de Tr\u00e2nsito de Apucarana revisa tempo semaf\u00f3rico e pro\u00edbe convers\u00e3o \u00e0 esquerda em trecho da Avenida Curitiba na Barra Funda"},"content":{"rendered":"\n\t\t<!-- MasterSlider -->\n\t\t<div id=\"P_MS69efaf7093fa2\" class=\"master-slider-parent master-slider-gallery   ms-parent-id-0\" style=\"\" >\n\n\t\t\t\n\t\t\t<!-- MasterSlider Main -->\n\t\t\t<div id=\"MS69efaf7093fa2\" class=\"master-slider ms-skin-default\" >\n\t\t\t\t \t\t\t\t \n\t\t\t<div  class=\"ms-slide\" data-delay=\"3\"    >\n\t\t\t\t\t<img decoding=\"async\" src=\"http:\/\/www.apucarana.pr.gov.br\/site\/wp-content\/plugins\/masterslider\/public\/assets\/css\/blank.gif\" alt=\"Sem\u00e1foro(1)\" title=\"Sem\u00e1foro(1)\" data-src=\"http:\/\/www.apucarana.pr.gov.br\/site\/wp-content\/uploads\/2025\/12\/Semaforo1-1024x683.jpg\" \/>\n\t<a href=\"http:\/\/www.apucarana.pr.gov.br\/site\/wp-content\/uploads\/2025\/12\/Semaforo1-1024x683.jpg\" target=\"_self\"    >Sem\u00e1foro(1)<\/a>\n\n\n\t<img decoding=\"async\" class=\"ms-thumb\" src=\"http:\/\/www.apucarana.pr.gov.br\/site\/wp-content\/uploads\/2025\/12\/Semaforo1-1024x683-140x80.jpg\" alt=\"Sem\u00e1foro(1)\" \/>\n\t\t\t\t<\/div>\n\t\t\t<div  class=\"ms-slide\" data-delay=\"3\"    >\n\t\t\t\t\t<img decoding=\"async\" src=\"http:\/\/www.apucarana.pr.gov.br\/site\/wp-content\/plugins\/masterslider\/public\/assets\/css\/blank.gif\" alt=\"Sem\u00e1foro(2)\" title=\"Sem\u00e1foro(2)\" data-src=\"http:\/\/www.apucarana.pr.gov.br\/site\/wp-content\/uploads\/2025\/12\/Semaforo2-1024x683.jpg\" \/>\n\t<a href=\"http:\/\/www.apucarana.pr.gov.br\/site\/wp-content\/uploads\/2025\/12\/Semaforo2-1024x683.jpg\" target=\"_self\"    >Sem\u00e1foro(2)<\/a>\n\n\n\t<img decoding=\"async\" class=\"ms-thumb\" src=\"http:\/\/www.apucarana.pr.gov.br\/site\/wp-content\/uploads\/2025\/12\/Semaforo2-1024x683-140x80.jpg\" alt=\"Sem\u00e1foro(2)\" \/>\n\t\t\t\t<\/div>\n\t\t\t<div  class=\"ms-slide\" data-delay=\"3\"    >\n\t\t\t\t\t<img decoding=\"async\" src=\"http:\/\/www.apucarana.pr.gov.br\/site\/wp-content\/plugins\/masterslider\/public\/assets\/css\/blank.gif\" alt=\"Sem\u00e1foro(3)\" title=\"Sem\u00e1foro(3)\" data-src=\"http:\/\/www.apucarana.pr.gov.br\/site\/wp-content\/uploads\/2025\/12\/Semaforo3-1024x683.jpg\" \/>\n\t<a href=\"http:\/\/www.apucarana.pr.gov.br\/site\/wp-content\/uploads\/2025\/12\/Semaforo3-1024x683.jpg\" target=\"_self\"    >Sem\u00e1foro(3)<\/a>\n\n\n\t<img decoding=\"async\" class=\"ms-thumb\" src=\"http:\/\/www.apucarana.pr.gov.br\/site\/wp-content\/uploads\/2025\/12\/Semaforo3-1024x683-140x80.jpg\" alt=\"Sem\u00e1foro(3)\" \/>\n\t\t\t\t<\/div>\n\t\t\t<div  class=\"ms-slide\" data-delay=\"3\"    >\n\t\t\t\t\t<img decoding=\"async\" src=\"http:\/\/www.apucarana.pr.gov.br\/site\/wp-content\/plugins\/masterslider\/public\/assets\/css\/blank.gif\" alt=\"Sem\u00e1foro(5)\" title=\"Sem\u00e1foro(5)\" data-src=\"http:\/\/www.apucarana.pr.gov.br\/site\/wp-content\/uploads\/2025\/12\/Semaforo5-1024x683.jpg\" \/>\n\t<a href=\"http:\/\/www.apucarana.pr.gov.br\/site\/wp-content\/uploads\/2025\/12\/Semaforo5-1024x683.jpg\" target=\"_self\"    >Sem\u00e1foro(5)<\/a>\n\n\n\t<img decoding=\"async\" class=\"ms-thumb\" src=\"http:\/\/www.apucarana.pr.gov.br\/site\/wp-content\/uploads\/2025\/12\/Semaforo5-1024x683-140x80.jpg\" alt=\"Sem\u00e1foro(5)\" \/>\n\t\t\t\t<\/div>\n\t\t\t<div  class=\"ms-slide\" data-delay=\"3\"    >\n\t\t\t\t\t<img decoding=\"async\" src=\"http:\/\/www.apucarana.pr.gov.br\/site\/wp-content\/plugins\/masterslider\/public\/assets\/css\/blank.gif\" alt=\"Sem\u00e1foro(6)\" title=\"Sem\u00e1foro(6)\" data-src=\"http:\/\/www.apucarana.pr.gov.br\/site\/wp-content\/uploads\/2025\/12\/Semaforo6-1024x683.jpg\" \/>\n\t<a href=\"http:\/\/www.apucarana.pr.gov.br\/site\/wp-content\/uploads\/2025\/12\/Semaforo6-1024x683.jpg\" target=\"_self\"    >Sem\u00e1foro(6)<\/a>\n\n\n\t<img decoding=\"async\" class=\"ms-thumb\" src=\"http:\/\/www.apucarana.pr.gov.br\/site\/wp-content\/uploads\/2025\/12\/Semaforo6-1024x683-140x80.jpg\" alt=\"Sem\u00e1foro(6)\" \/>\n\t\t\t\t<\/div>\n\t\t\t<div  class=\"ms-slide\" data-delay=\"3\"    >\n\t\t\t\t\t<img decoding=\"async\" src=\"http:\/\/www.apucarana.pr.gov.br\/site\/wp-content\/plugins\/masterslider\/public\/assets\/css\/blank.gif\" alt=\"Sem\u00e1foro(12)\" title=\"Sem\u00e1foro(12)\" data-src=\"http:\/\/www.apucarana.pr.gov.br\/site\/wp-content\/uploads\/2025\/12\/Semaforo12-1024x683.jpg\" \/>\n\t<a href=\"http:\/\/www.apucarana.pr.gov.br\/site\/wp-content\/uploads\/2025\/12\/Semaforo12-1024x683.jpg\" target=\"_self\"    >Sem\u00e1foro(12)<\/a>\n\n\n\t<img decoding=\"async\" class=\"ms-thumb\" src=\"http:\/\/www.apucarana.pr.gov.br\/site\/wp-content\/uploads\/2025\/12\/Semaforo12-1024x683-140x80.jpg\" alt=\"Sem\u00e1foro(12)\" \/>\n\t\t\t\t<\/div>\n\t\t\t<div  class=\"ms-slide\" data-delay=\"3\"    >\n\t\t\t\t\t<img decoding=\"async\" src=\"http:\/\/www.apucarana.pr.gov.br\/site\/wp-content\/plugins\/masterslider\/public\/assets\/css\/blank.gif\" alt=\"Sem\u00e1foro (8)\" title=\"Sem\u00e1foro (8)\" data-src=\"http:\/\/www.apucarana.pr.gov.br\/site\/wp-content\/uploads\/2025\/12\/Semaforo-8-1024x682.jpg\" \/>\n\t<a href=\"http:\/\/www.apucarana.pr.gov.br\/site\/wp-content\/uploads\/2025\/12\/Semaforo-8-1024x682.jpg\" target=\"_self\"    >Sem\u00e1foro (8)<\/a>\n\n\n\t<img decoding=\"async\" class=\"ms-thumb\" src=\"http:\/\/www.apucarana.pr.gov.br\/site\/wp-content\/uploads\/2025\/12\/Semaforo-8-1024x682-140x80.jpg\" alt=\"Sem\u00e1foro (8)\" \/>\n\t\t\t\t<\/div>\n\n\t\t\t<\/div>\n\t\t\t<!-- END MasterSlider Main -->\n\n\t\t\t \n\t\t<\/div>\n\t\t<!-- END MasterSlider -->\n\n\t\t<script>\n\t\t( window.MSReady = window.MSReady || [] ).push( function( $ ) {\n\n\t\t\t\"use strict\";\n\t\t\tvar masterslider_3fa2 = new MasterSlider();\n\n\t\t\t\/\/ slider controls\n\t\t\tmasterslider_3fa2.control('arrows'     ,{ autohide:true, overVideo:true  });\n\t\t\tmasterslider_3fa2.control('thumblist'  ,{ autohide:false, overVideo:true, dir:'h', speed:17, inset:false, arrows:false, hover:false, customClass:'', align:'bottom',type:'thumbs', margin:2, width:140, height:80, space:2, fillMode:'fill'  });\n\t\t\t\/\/ slider setup\n\t\t\tmasterslider_3fa2.setup(\"MS69efaf7093fa2\", {\n\t\t\t\twidth           : 960,\n\t\t\t\theight          : 540,\n\t\t\t\tminHeight       : 0,\n\t\t\t\tspace           : 0,\n\t\t\t\tstart           : 1,\n\t\t\t\tgrabCursor      : true,\n\t\t\t\tswipe           : true,\n\t\t\t\tmouse           : true,\n\t\t\t\tkeyboard        : false,\n\t\t\t\tlayout          : \"fillwidth\",\n\t\t\t\twheel           : false,\n\t\t\t\tautoplay        : true,\n                instantStartLayers:false,\n\t\t\t\tmobileBGVideo:false,\n\t\t\t\tloop            : true,\n\t\t\t\tshuffle         : false,\n\t\t\t\tpreload         : 3,\n\t\t\t\theightLimit     : false,\n\t\t\t\tautoHeight      : false,\n\t\t\t\tsmoothHeight    : true,\n\t\t\t\tendPause        : false,\n\t\t\t\toverPause       : false,\n\t\t\t\tfillMode        : \"fill\",\n\t\t\t\tcenterControls  : true,\n\t\t\t\tstartOnAppear   : false,\n\t\t\t\tlayersMode      : \"center\",\n\t\t\t\tautofillTarget  : \"\",\n\t\t\t\thideLayers      : false,\n\t\t\t\tfullscreenMargin: 0,\n\t\t\t\tspeed           : 17,\n\t\t\t\tdir             : \"h\",\n\t\t\t\tresponsive      : true,\n\t\t\t\ttabletWidth     : 768,\n\t\t\t\ttabletHeight    : null,\n\t\t\t\tphoneWidth      : 480,\n\t\t\t\tphoneHeight    : null,\n\t\t\t\tsizingReference : window,\n\t\t\t\tparallaxMode    : 'swipe',\n\t\t\t\tview            : \"basic\"\n\t\t\t});\n\n\t\t\t\n\t\t\twindow.masterslider_instances = window.masterslider_instances || [];\n\t\t\twindow.masterslider_instances.push( masterslider_3fa2 );\n\t\t});\n\t\t<\/script>\n\n\n<p>A Secretaria de Seguran\u00e7a P\u00fablica e Tr\u00e2nsito de Apucarana (Segtran) anunciou nesta quinta-feira (04\/12) a proibi\u00e7\u00e3o de convers\u00e3o \u00e0 esquerda no cruzamento da Avenida Curitiba com a Rua Ant\u00f4nio Jos\u00e9 de Oliveira, na Barra Funda. A medida faz parte do estudo t\u00e9cnico de moderniza\u00e7\u00e3o do sistema semaf\u00f3rico, cujo objetivo \u00e9 aumentar a fluidez no eixo central da cidade e refor\u00e7ar a seguran\u00e7a vi\u00e1ria. \u00a0Segundo explica o secret\u00e1rio municipal major Vilson Laurentino da Silva, a conflu\u00eancia \u00e9 um ponto cr\u00edtico do tr\u00e2nsito na regi\u00e3o, tendo recebido um sistema semaf\u00f3rico h\u00e1 pouco mais de um ano.<\/p>\n<p>\u201cN\u00f3s fizemos um estudo t\u00e9cnico completo neste cruzamento, com contagem de fluxo ao longo de v\u00e1rios per\u00edodos do dia. Identificamos que a convers\u00e3o \u00e0 esquerda, tanto para quem desce quanto para quem sobe a Avenida Curitiba, era muito pouco utilizada. No hor\u00e1rio de maior movimento registramos cerca de 250 ve\u00edculos seguindo pelo fluxo principal, enquanto somente 25 faziam essa convers\u00e3o. Ou seja, era um tempo inteiro do sem\u00e1foro dedicado a uma demanda muito baixa\u201d, justifica o secret\u00e1rio.<\/p>\n<p>De acordo com a an\u00e1lise t\u00e9cnica da Segtran, a situa\u00e7\u00e3o gerava dois problemas. \u201cAumentava a demora justamente no sentido de maior movimento &#8211; centro\u2013bairro e bairro\u2013centro &#8211; e criava um tempo ocioso no sem\u00e1foro, especialmente \u00e0 noite, quando praticamente n\u00e3o existe fluxo para a esquerda. Muitos motoristas chegavam a parar na Avenida Curitiba sozinhos, sem necessidade, o que tamb\u00e9m representa um risco \u00e0 seguran\u00e7a\u201d, relata major Vilson.<\/p>\n<p><span style=\"font-size: 1rem\">A proibi\u00e7\u00e3o de convers\u00e3o \u00e0 esquerda no cruzamento n\u00e3o vai prejudicar os condutores, afirma a Segtran. \u201cQuem precisa acessar a rua Ant\u00f4nio Jos\u00e9 de Oliveira tem op\u00e7\u00f5es de convers\u00e3o antes ou depois, como no entorno da Pra\u00e7a Mau\u00e1 ou no posto de combust\u00edvel. Por isso retiramos esse tempo do sem\u00e1foro, dando mais fluidez para o tr\u00e2nsito no eixo principal e tamb\u00e9m para quem cruza a Avenida Curitiba naquele ponto. \u00c9 uma melhoria que aumenta mobilidade e seguran\u00e7a\u201d, refor\u00e7a o major.<\/span><\/p>\n<p><strong>Orienta\u00e7\u00e3o<\/strong> \u2013 A partir desta sexta-feira (05\/12), agentes municipais de tr\u00e2nsito estar\u00e3o no local com cones, orientando os condutores durante o per\u00edodo de adapta\u00e7\u00e3o. \u201cVamos ter um per\u00edodo que estamos chamando de etapa educativa para, ent\u00e3o, passar a cobrar normalmente a proibi\u00e7\u00e3o de convers\u00e3o \u00e0 esquerda, conforme determina o C\u00f3digo de Tr\u00e2nsito Brasileiro (CTB)\u201d, esclarece o secret\u00e1rio.<\/p>\n<p><span style=\"font-size: 1rem\">A convers\u00e3o \u00e0 esquerda em locais proibidos pela sinaliza\u00e7\u00e3o\u00a0\u00e9 uma infra\u00e7\u00e3o grave prevista no Art. 207 do CTB, resultando em multa de R$ 195,23 e cinco pontos na Carteira Nacional de Habilita\u00e7\u00e3o (CNH). \u201c<\/span><span style=\"font-size: 1rem\">Temos outros pontos da cidade que tamb\u00e9m v\u00e3o passar por estudos semelhantes, <\/span><span style=\"font-size: 1rem\">estamos moderniza<\/span><span style=\"font-size: 1rem\">ndo todo o sistema semaf\u00f3rico, sempre buscando efici\u00eancia, fluxo e seguran\u00e7a para todos\u201d, finaliza major Vilson.<\/span><\/p>\n","protected":false},"excerpt":{"rendered":"<p>A Secretaria de Seguran&ccedil;a P&uacute;blica e Tr&acirc;nsito de Apucarana (Segtran) anunciou nesta quinta-feira (04\/12) a proibi&ccedil;&atilde;o de convers&atilde;o &agrave; esquerda no cruzamento da Avenida Curitiba com a Rua Ant&ocirc;nio Jos&eacute; de Oliveira, na Barra Funda. A medida faz parte do estudo t&eacute;cnico de moderniza&ccedil;&atilde;o do sistema semaf&oacute;rico, cujo objetivo &eacute; aumentar a fluidez no eixo [&hellip;]<\/p>\n","protected":false},"author":7,"featured_media":120995,"comment_status":"closed","ping_status":"closed","sticky":false,"template":"","format":"standard","meta":{"footnotes":""},"categories":[24],"tags":[],"class_list":["post-120988","post","type-post","status-publish","format-standard","has-post-thumbnail","hentry","category-noticias"],"acf":[],"_links":{"self":[{"href":"http:\/\/www.apucarana.pr.gov.br\/site\/wp-json\/wp\/v2\/posts\/120988","targetHints":{"allow":["GET"]}}],"collection":[{"href":"http:\/\/www.apucarana.pr.gov.br\/site\/wp-json\/wp\/v2\/posts"}],"about":[{"href":"http:\/\/www.apucarana.pr.gov.br\/site\/wp-json\/wp\/v2\/types\/post"}],"author":[{"embeddable":true,"href":"http:\/\/www.apucarana.pr.gov.br\/site\/wp-json\/wp\/v2\/users\/7"}],"replies":[{"embeddable":true,"href":"http:\/\/www.apucarana.pr.gov.br\/site\/wp-json\/wp\/v2\/comments?post=120988"}],"version-history":[{"count":2,"href":"http:\/\/www.apucarana.pr.gov.br\/site\/wp-json\/wp\/v2\/posts\/120988\/revisions"}],"predecessor-version":[{"id":120997,"href":"http:\/\/www.apucarana.pr.gov.br\/site\/wp-json\/wp\/v2\/posts\/120988\/revisions\/120997"}],"wp:featuredmedia":[{"embeddable":true,"href":"http:\/\/www.apucarana.pr.gov.br\/site\/wp-json\/wp\/v2\/media\/120995"}],"wp:attachment":[{"href":"http:\/\/www.apucarana.pr.gov.br\/site\/wp-json\/wp\/v2\/media?parent=120988"}],"wp:term":[{"taxonomy":"category","embeddable":true,"href":"http:\/\/www.apucarana.pr.gov.br\/site\/wp-json\/wp\/v2\/categories?post=120988"},{"taxonomy":"post_tag","embeddable":true,"href":"http:\/\/www.apucarana.pr.gov.br\/site\/wp-json\/wp\/v2\/tags?post=120988"}],"curies":[{"name":"wp","href":"https:\/\/api.w.org\/{rel}","templated":true}]}}